{"id":83867,"date":"2021-12-24T08:53:14","date_gmt":"2021-12-24T14:53:14","guid":{"rendered":"https:\/\/lospoliticosveracruz.com.mx\/?p=83867"},"modified":"2021-12-24T08:53:19","modified_gmt":"2021-12-24T14:53:19","slug":"municipios-quebrados","status":"publish","type":"post","link":"https:\/\/lospoliticosveracruz.com\/?p=83867","title":{"rendered":"Municipios quebrados"},"content":{"rendered":"\n<p><strong>Ignacio Alvarez<br><\/strong><em>Pluma Negra<\/em><\/p>\n\n\n\n<p>Los 210 alcaldes que entrar\u00e1n en funciones en ocho d\u00edas, el 1 de enero, aparte de la responsabilidad por la que protestar\u00e1n cumplir y hacer cumplir la ley, se llevar\u00e1n grandes sorpresas, pues en la gran mayor\u00eda de las administraciones salientes, existen graves problemas financieros derivados de los malos manejos de los que se van.<\/p>\n\n\n\n<p>Hasta ahora, se han anulado dos elecciones, la de Chiconamel y Jes\u00fas Carranza, por lo tanto, ser\u00e1n 2010 ediles los que entrar\u00e1n en funciones junto con sus cabildos y que tendr\u00e1n la facultad y deber legal de denunciar las irregularidades de sus antecesores.<\/p>\n\n\n\n<p>Los problemas m\u00e1s comunes, son que buena parte de los alcaldes salientes tienen deudas con proveedores, no pagaron las prestaciones de fin de a\u00f1o, de manera deliberada dejan expedientes laborales y otros engrosan las listas de personal sindicalizado con nuevas plazas y dejan endeudado al municipio.<\/p>\n\n\n\n<p>Por si fuera poco, por ley, los alcaldes salientes debieron entregar su plan de obras desde octubre, es decir, dejan programado buena parte de los recursos del primer a\u00f1o de la nueva administraci\u00f3n.<\/p>\n\n\n\n<p>En el \u00faltimo reporte de la Cuenta P\u00fablica 2020, todos los alcaldes salientes salieron con observaciones y m\u00e1s de la mitad, tampoco han solventado su Cuenta P\u00fablica 2018 y 2019, y todav\u00eda les falta la 2021.<\/p>\n\n\n\n<p>Ahora, los nuevos ediles se encontrar\u00e1n con las arcas vac\u00edas, deudas y conflictos legales en sus primeros d\u00edas de gobierno, algunos que no tienen experiencias, caer\u00e1n en errores involuntarios que podr\u00edan traerles consecuencias legales, sin deberla ni temerla.<\/p>\n\n\n\n<p>Sin importar colores, en esa circunstancia se encuentran los 19 alcaldes del PAN, los 27 del PRI, 15 del PRD, 31 del PVEM, 16 del PT, 17 de MC, 57 de MORENA, cuatro de Todos por Veracruz, seis de Podemos, uno Cardenista, 5 de Unidad Ciudadana, dos del PES, seis de RSP y seis de Fuerza por M\u00e9xico, sin los dos anulados.<\/p>\n\n\n\n<p><strong>Miden fuerzas<\/strong><\/p>\n\n\n\n<p>Con el respaldo pol\u00edtico del Presidente, el gobernador de Veracruz, recibe un aliento tras la andanada de los senadores, Ricardo Monreal y Dante Delgado que de manera p\u00fablica descalificaron la detenci\u00f3n de Jos\u00e9 Manuel del R\u00edo Virgen, el pasado mi\u00e9rcoles, lo mismo hizo la senadora, Olga S\u00e1nchez Cordero, as\u00ed como del pri\u00edsta, Miguel Angel Osorio Chong, \u00e9stos \u00faltimos en sus cuentas de twitter pidieron tambi\u00e9n trato justo al secretario t\u00e9cnico de la Junta de Coordinaci\u00f3n Pol\u00edtica del Senado de la Rep\u00fablica, adem\u00e1s del Presidente de la C\u00e1mara de Diputados, el morenista, Sergio Guti\u00e9rrez Luna.<\/p>\n\n\n\n<p>En su ma\u00f1anera de este jueves, el Presidente dijo confiar en que el Gobernador Cuitl\u00e1huac Garc\u00eda ser\u00eda incapaz de cometer una injusticia, sin embargo, desde el Senado se anunci\u00f3 la creaci\u00f3n de una Comisi\u00f3n Especial Plural para que se investiguen los presunto abusos de autoridad en el gobierno de Veracruz.<\/p>\n\n\n\n<p>Pese a la postura del Presidente respecto al caso de Veracruz, es una realidad que el conflicto legal y pol\u00edtico de la detenci\u00f3n de un funcionario del Senado de la Rep\u00fablica, por el presunto delito de homicidio doloso, se tendr\u00e1 que resolver con estricto apego a la ley y en caso de ser culpable, se le aplicar\u00e1 todo el peso de la ley, de lo contrario, la Fiscal\u00eda General del Estado de Veracruz, estar\u00e1 obligada a ofrecer una disculpa p\u00fablica.<\/p>\n\n\n\n<p>Y mientras se procede en lo legal, el conflicto se mantendr\u00e1 en lo p\u00fablico desde los medios de comunicaci\u00f3n, que difunden con inter\u00e9s los posicionamientos de ambos bandos de pol\u00edticos que militan en el mismo partido y que se encuentran encumbrados en el poder en distintas esferas.<\/p>\n","protected":false},"excerpt":{"rendered":"<p>Ignacio AlvarezPluma Negra Los 210 alcaldes que entrar\u00e1n en funciones en ocho d\u00edas, el 1 de enero, aparte de la responsabilidad por la que protestar\u00e1n cumplir y hacer cumplir la ley, se llevar\u00e1n grandes sorpresas, pues en la gran mayor\u00eda de las administraciones salientes, existen graves problemas financieros derivados de los malos manejos de los [&hellip;]<\/p>\n","protected":false},"author":2,"featured_media":0,"comment_status":"closed","ping_status":"closed","sticky":false,"template":"","format":"standard","meta":{"tdm_status":"","tdm_grid_status":"","footnotes":""},"categories":[70],"tags":[26350,1563,1006,28674,7909,1026,2944,195],"class_list":{"0":"post-83867","1":"post","2":"type-post","3":"status-publish","4":"format-standard","6":"category-de-opinion","7":"tag-cuenta-publica-2020","8":"tag-cuitlahuac-garcia-jimenez","9":"tag-dante-delgado-rannauro","10":"tag-ignacio-alvarez","11":"tag-jose-manuel-del-rio-virgen","12":"tag-morena","13":"tag-ricardo-monreal-avila","14":"tag-veracruz"},"yoast_head":"<!-- This site is optimized with the Yoast SEO plugin v27.4 - https:\/\/yoast.com\/product\/yoast-seo-wordpress\/ -->\n<title>Municipios quebrados - Los pol\u00edticos Veracruz<\/title>\n<meta name=\"robots\" content=\"index, follow, max-snippet:-1, max-image-preview:large, max-video-preview:-1\" \/>\n<link rel=\"canonical\" href=\"https:\/\/lospoliticosveracruz.com\/?p=83867\" \/>\n<meta property=\"og:locale\" content=\"es_ES\" \/>\n<meta property=\"og:type\" content=\"article\" \/>\n<meta property=\"og:title\" content=\"Municipios quebrados - Los pol\u00edticos Veracruz\" \/>\n<meta property=\"og:description\" content=\"Ignacio AlvarezPluma Negra Los 210 alcaldes que entrar\u00e1n en funciones en ocho d\u00edas, el 1 de enero, aparte de la responsabilidad por la que protestar\u00e1n cumplir y hacer cumplir la ley, se llevar\u00e1n grandes sorpresas, pues en la gran mayor\u00eda de las administraciones salientes, existen graves problemas financieros derivados de los malos manejos de los [&hellip;]\" \/>\n<meta property=\"og:url\" content=\"https:\/\/lospoliticosveracruz.com\/?p=83867\" \/>\n<meta property=\"og:site_name\" content=\"Los pol\u00edticos Veracruz\" \/>\n<meta property=\"article:publisher\" content=\"https:\/\/www.facebook.com\/people\/Notimemes-de-los-Polticos\/61565672886568\/\" \/>\n<meta property=\"article:published_time\" content=\"2021-12-24T14:53:14+00:00\" \/>\n<meta property=\"article:modified_time\" content=\"2021-12-24T14:53:19+00:00\" \/>\n<meta property=\"og:image\" content=\"https:\/\/lospoliticosveracruz.com\/wp-content\/uploads\/2016\/07\/Logo-Dor.jpg\" \/>\n\t<meta property=\"og:image:width\" content=\"200\" \/>\n\t<meta property=\"og:image:height\" content=\"200\" \/>\n\t<meta property=\"og:image:type\" content=\"image\/jpeg\" \/>\n<meta name=\"author\" content=\"Lo viste en Los Pol\u00edticos\" \/>\n<meta name=\"twitter:card\" content=\"summary_large_image\" \/>\n<meta name=\"twitter:creator\" content=\"@LosPoliticosVer\" \/>\n<meta name=\"twitter:site\" content=\"@LosPoliticosVer\" \/>\n<meta name=\"twitter:label1\" content=\"Escrito por\" \/>\n\t<meta name=\"twitter:data1\" content=\"Lo viste en Los Pol\u00edticos\" \/>\n\t<meta name=\"twitter:label2\" content=\"Tiempo de lectura\" \/>\n\t<meta name=\"twitter:data2\" content=\"3 minutos\" \/>\n<script type=\"application\/ld+json\" class=\"yoast-schema-graph\">{\"@context\":\"https:\\\/\\\/schema.org\",\"@graph\":[{\"@type\":\"Article\",\"@id\":\"https:\\\/\\\/lospoliticosveracruz.com\\\/?p=83867#article\",\"isPartOf\":{\"@id\":\"https:\\\/\\\/lospoliticosveracruz.com\\\/?p=83867\"},\"author\":{\"name\":\"Lo viste en Los Pol\u00edticos\",\"@id\":\"https:\\\/\\\/lospoliticosveracruz.com\\\/#\\\/schema\\\/person\\\/b8702bb0e538456e6efd07080bf2a4a2\"},\"headline\":\"Municipios quebrados\",\"datePublished\":\"2021-12-24T14:53:14+00:00\",\"dateModified\":\"2021-12-24T14:53:19+00:00\",\"mainEntityOfPage\":{\"@id\":\"https:\\\/\\\/lospoliticosveracruz.com\\\/?p=83867\"},\"wordCount\":630,\"publisher\":{\"@id\":\"https:\\\/\\\/lospoliticosveracruz.com\\\/#organization\"},\"keywords\":[\"cuenta p\u00fablica 2020\",\"Cuitl\u00e1huac Garc\u00eda Jim\u00e9nez\",\"Dante Delgado Rannauro\",\"Ignacio Alvarez\",\"Jos\u00e9 Manuel del R\u00edo Virgen\",\"Morena\",\"Ricardo Monreal \u00c1vila\",\"Veracruz\"],\"articleSection\":[\"De Opini\u00f3n\"],\"inLanguage\":\"es\"},{\"@type\":\"WebPage\",\"@id\":\"https:\\\/\\\/lospoliticosveracruz.com\\\/?p=83867\",\"url\":\"https:\\\/\\\/lospoliticosveracruz.com\\\/?p=83867\",\"name\":\"Municipios quebrados - Los pol\u00edticos Veracruz\",\"isPartOf\":{\"@id\":\"https:\\\/\\\/lospoliticosveracruz.com\\\/#website\"},\"datePublished\":\"2021-12-24T14:53:14+00:00\",\"dateModified\":\"2021-12-24T14:53:19+00:00\",\"breadcrumb\":{\"@id\":\"https:\\\/\\\/lospoliticosveracruz.com\\\/?p=83867#breadcrumb\"},\"inLanguage\":\"es\",\"potentialAction\":[{\"@type\":\"ReadAction\",\"target\":[\"https:\\\/\\\/lospoliticosveracruz.com\\\/?p=83867\"]}]},{\"@type\":\"BreadcrumbList\",\"@id\":\"https:\\\/\\\/lospoliticosveracruz.com\\\/?p=83867#breadcrumb\",\"itemListElement\":[{\"@type\":\"ListItem\",\"position\":1,\"name\":\"Portada\",\"item\":\"https:\\\/\\\/lospoliticosveracruz.com\\\/\"},{\"@type\":\"ListItem\",\"position\":2,\"name\":\"Municipios quebrados\"}]},{\"@type\":\"WebSite\",\"@id\":\"https:\\\/\\\/lospoliticosveracruz.com\\\/#website\",\"url\":\"https:\\\/\\\/lospoliticosveracruz.com\\\/\",\"name\":\"Los pol\u00edticos Veracruz\",\"description\":\"\",\"publisher\":{\"@id\":\"https:\\\/\\\/lospoliticosveracruz.com\\\/#organization\"},\"potentialAction\":[{\"@type\":\"SearchAction\",\"target\":{\"@type\":\"EntryPoint\",\"urlTemplate\":\"https:\\\/\\\/lospoliticosveracruz.com\\\/?s={search_term_string}\"},\"query-input\":{\"@type\":\"PropertyValueSpecification\",\"valueRequired\":true,\"valueName\":\"search_term_string\"}}],\"inLanguage\":\"es\"},{\"@type\":\"Organization\",\"@id\":\"https:\\\/\\\/lospoliticosveracruz.com\\\/#organization\",\"name\":\"Los pol\u00edticos Veracruz\",\"url\":\"https:\\\/\\\/lospoliticosveracruz.com\\\/\",\"logo\":{\"@type\":\"ImageObject\",\"inLanguage\":\"es\",\"@id\":\"https:\\\/\\\/lospoliticosveracruz.com\\\/#\\\/schema\\\/logo\\\/image\\\/\",\"url\":\"https:\\\/\\\/lospoliticosveracruz.com\\\/wp-content\\\/uploads\\\/2025\\\/12\\\/Logo-Nuevo-LOS-POLITICOS-1.jpg\",\"contentUrl\":\"https:\\\/\\\/lospoliticosveracruz.com\\\/wp-content\\\/uploads\\\/2025\\\/12\\\/Logo-Nuevo-LOS-POLITICOS-1.jpg\",\"width\":260,\"height\":70,\"caption\":\"Los pol\u00edticos Veracruz\"},\"image\":{\"@id\":\"https:\\\/\\\/lospoliticosveracruz.com\\\/#\\\/schema\\\/logo\\\/image\\\/\"},\"sameAs\":[\"https:\\\/\\\/www.facebook.com\\\/people\\\/Notimemes-de-los-Polticos\\\/61565672886568\\\/\",\"https:\\\/\\\/x.com\\\/LosPoliticosVer\"]},{\"@type\":\"Person\",\"@id\":\"https:\\\/\\\/lospoliticosveracruz.com\\\/#\\\/schema\\\/person\\\/b8702bb0e538456e6efd07080bf2a4a2\",\"name\":\"Lo viste en Los Pol\u00edticos\",\"image\":{\"@type\":\"ImageObject\",\"inLanguage\":\"es\",\"@id\":\"https:\\\/\\\/secure.gravatar.com\\\/avatar\\\/3a8de04a2656d44082be478bd6c086daa447c4651605818287b9532d3d0bd435?s=96&d=mm&r=g\",\"url\":\"https:\\\/\\\/secure.gravatar.com\\\/avatar\\\/3a8de04a2656d44082be478bd6c086daa447c4651605818287b9532d3d0bd435?s=96&d=mm&r=g\",\"contentUrl\":\"https:\\\/\\\/secure.gravatar.com\\\/avatar\\\/3a8de04a2656d44082be478bd6c086daa447c4651605818287b9532d3d0bd435?s=96&d=mm&r=g\",\"caption\":\"Lo viste en Los Pol\u00edticos\"},\"url\":\"https:\\\/\\\/lospoliticosveracruz.com\\\/?author=2\"}]}<\/script>\n<!-- \/ Yoast SEO plugin. -->","yoast_head_json":{"title":"Municipios quebrados - Los pol\u00edticos Veracruz","robots":{"index":"index","follow":"follow","max-snippet":"max-snippet:-1","max-image-preview":"max-image-preview:large","max-video-preview":"max-video-preview:-1"},"canonical":"https:\/\/lospoliticosveracruz.com\/?p=83867","og_locale":"es_ES","og_type":"article","og_title":"Municipios quebrados - Los pol\u00edticos Veracruz","og_description":"Ignacio AlvarezPluma Negra Los 210 alcaldes que entrar\u00e1n en funciones en ocho d\u00edas, el 1 de enero, aparte de la responsabilidad por la que protestar\u00e1n cumplir y hacer cumplir la ley, se llevar\u00e1n grandes sorpresas, pues en la gran mayor\u00eda de las administraciones salientes, existen graves problemas financieros derivados de los malos manejos de los [&hellip;]","og_url":"https:\/\/lospoliticosveracruz.com\/?p=83867","og_site_name":"Los pol\u00edticos Veracruz","article_publisher":"https:\/\/www.facebook.com\/people\/Notimemes-de-los-Polticos\/61565672886568\/","article_published_time":"2021-12-24T14:53:14+00:00","article_modified_time":"2021-12-24T14:53:19+00:00","og_image":[{"width":200,"height":200,"url":"https:\/\/lospoliticosveracruz.com\/wp-content\/uploads\/2016\/07\/Logo-Dor.jpg","type":"image\/jpeg"}],"author":"Lo viste en Los Pol\u00edticos","twitter_card":"summary_large_image","twitter_creator":"@LosPoliticosVer","twitter_site":"@LosPoliticosVer","twitter_misc":{"Escrito por":"Lo viste en Los Pol\u00edticos","Tiempo de lectura":"3 minutos"},"schema":{"@context":"https:\/\/schema.org","@graph":[{"@type":"Article","@id":"https:\/\/lospoliticosveracruz.com\/?p=83867#article","isPartOf":{"@id":"https:\/\/lospoliticosveracruz.com\/?p=83867"},"author":{"name":"Lo viste en Los Pol\u00edticos","@id":"https:\/\/lospoliticosveracruz.com\/#\/schema\/person\/b8702bb0e538456e6efd07080bf2a4a2"},"headline":"Municipios quebrados","datePublished":"2021-12-24T14:53:14+00:00","dateModified":"2021-12-24T14:53:19+00:00","mainEntityOfPage":{"@id":"https:\/\/lospoliticosveracruz.com\/?p=83867"},"wordCount":630,"publisher":{"@id":"https:\/\/lospoliticosveracruz.com\/#organization"},"keywords":["cuenta p\u00fablica 2020","Cuitl\u00e1huac Garc\u00eda Jim\u00e9nez","Dante Delgado Rannauro","Ignacio Alvarez","Jos\u00e9 Manuel del R\u00edo Virgen","Morena","Ricardo Monreal \u00c1vila","Veracruz"],"articleSection":["De Opini\u00f3n"],"inLanguage":"es"},{"@type":"WebPage","@id":"https:\/\/lospoliticosveracruz.com\/?p=83867","url":"https:\/\/lospoliticosveracruz.com\/?p=83867","name":"Municipios quebrados - Los pol\u00edticos Veracruz","isPartOf":{"@id":"https:\/\/lospoliticosveracruz.com\/#website"},"datePublished":"2021-12-24T14:53:14+00:00","dateModified":"2021-12-24T14:53:19+00:00","breadcrumb":{"@id":"https:\/\/lospoliticosveracruz.com\/?p=83867#breadcrumb"},"inLanguage":"es","potentialAction":[{"@type":"ReadAction","target":["https:\/\/lospoliticosveracruz.com\/?p=83867"]}]},{"@type":"BreadcrumbList","@id":"https:\/\/lospoliticosveracruz.com\/?p=83867#breadcrumb","itemListElement":[{"@type":"ListItem","position":1,"name":"Portada","item":"https:\/\/lospoliticosveracruz.com\/"},{"@type":"ListItem","position":2,"name":"Municipios quebrados"}]},{"@type":"WebSite","@id":"https:\/\/lospoliticosveracruz.com\/#website","url":"https:\/\/lospoliticosveracruz.com\/","name":"Los pol\u00edticos Veracruz","description":"","publisher":{"@id":"https:\/\/lospoliticosveracruz.com\/#organization"},"potentialAction":[{"@type":"SearchAction","target":{"@type":"EntryPoint","urlTemplate":"https:\/\/lospoliticosveracruz.com\/?s={search_term_string}"},"query-input":{"@type":"PropertyValueSpecification","valueRequired":true,"valueName":"search_term_string"}}],"inLanguage":"es"},{"@type":"Organization","@id":"https:\/\/lospoliticosveracruz.com\/#organization","name":"Los pol\u00edticos Veracruz","url":"https:\/\/lospoliticosveracruz.com\/","logo":{"@type":"ImageObject","inLanguage":"es","@id":"https:\/\/lospoliticosveracruz.com\/#\/schema\/logo\/image\/","url":"https:\/\/lospoliticosveracruz.com\/wp-content\/uploads\/2025\/12\/Logo-Nuevo-LOS-POLITICOS-1.jpg","contentUrl":"https:\/\/lospoliticosveracruz.com\/wp-content\/uploads\/2025\/12\/Logo-Nuevo-LOS-POLITICOS-1.jpg","width":260,"height":70,"caption":"Los pol\u00edticos Veracruz"},"image":{"@id":"https:\/\/lospoliticosveracruz.com\/#\/schema\/logo\/image\/"},"sameAs":["https:\/\/www.facebook.com\/people\/Notimemes-de-los-Polticos\/61565672886568\/","https:\/\/x.com\/LosPoliticosVer"]},{"@type":"Person","@id":"https:\/\/lospoliticosveracruz.com\/#\/schema\/person\/b8702bb0e538456e6efd07080bf2a4a2","name":"Lo viste en Los Pol\u00edticos","image":{"@type":"ImageObject","inLanguage":"es","@id":"https:\/\/secure.gravatar.com\/avatar\/3a8de04a2656d44082be478bd6c086daa447c4651605818287b9532d3d0bd435?s=96&d=mm&r=g","url":"https:\/\/secure.gravatar.com\/avatar\/3a8de04a2656d44082be478bd6c086daa447c4651605818287b9532d3d0bd435?s=96&d=mm&r=g","contentUrl":"https:\/\/secure.gravatar.com\/avatar\/3a8de04a2656d44082be478bd6c086daa447c4651605818287b9532d3d0bd435?s=96&d=mm&r=g","caption":"Lo viste en Los Pol\u00edticos"},"url":"https:\/\/lospoliticosveracruz.com\/?author=2"}]}},"_links":{"self":[{"href":"https:\/\/lospoliticosveracruz.com\/index.php?rest_route=\/wp\/v2\/posts\/83867","targetHints":{"allow":["GET"]}}],"collection":[{"href":"https:\/\/lospoliticosveracruz.com\/index.php?rest_route=\/wp\/v2\/posts"}],"about":[{"href":"https:\/\/lospoliticosveracruz.com\/index.php?rest_route=\/wp\/v2\/types\/post"}],"author":[{"embeddable":true,"href":"https:\/\/lospoliticosveracruz.com\/index.php?rest_route=\/wp\/v2\/users\/2"}],"replies":[{"embeddable":true,"href":"https:\/\/lospoliticosveracruz.com\/index.php?rest_route=%2Fwp%2Fv2%2Fcomments&post=83867"}],"version-history":[{"count":1,"href":"https:\/\/lospoliticosveracruz.com\/index.php?rest_route=\/wp\/v2\/posts\/83867\/revisions"}],"predecessor-version":[{"id":83868,"href":"https:\/\/lospoliticosveracruz.com\/index.php?rest_route=\/wp\/v2\/posts\/83867\/revisions\/83868"}],"wp:attachment":[{"href":"https:\/\/lospoliticosveracruz.com\/index.php?rest_route=%2Fwp%2Fv2%2Fmedia&parent=83867"}],"wp:term":[{"taxonomy":"category","embeddable":true,"href":"https:\/\/lospoliticosveracruz.com\/index.php?rest_route=%2Fwp%2Fv2%2Fcategories&post=83867"},{"taxonomy":"post_tag","embeddable":true,"href":"https:\/\/lospoliticosveracruz.com\/index.php?rest_route=%2Fwp%2Fv2%2Ftags&post=83867"}],"curies":[{"name":"wp","href":"https:\/\/api.w.org\/{rel}","templated":true}]}}