{"id":83922,"date":"2021-12-28T10:35:09","date_gmt":"2021-12-28T16:35:09","guid":{"rendered":"https:\/\/lospoliticosveracruz.com.mx\/?p=83922"},"modified":"2021-12-28T10:35:16","modified_gmt":"2021-12-28T16:35:16","slug":"no-hay-logros-sin-trabajo-y-esfuerzo","status":"publish","type":"post","link":"https:\/\/lospoliticosveracruz.com\/?p=83922","title":{"rendered":"No hay logros sin trabajo y esfuerzo"},"content":{"rendered":"\n<p><strong>Yair Ademar Dom\u00ednguez<br><\/strong><em>Punto y Coma<\/em><\/p>\n\n\n\n<p>Las fiestas decembrinas nos sumergen en una burbuja de gozo y alegr\u00eda. Hay razones reales, no s\u00f3lo por el festejo de quien, para los cristianos, representa el salvador del mundo, tambi\u00e9n porque son momentos de encuentro, de convivencia, de familia, de un optimismo desbordado, que se exalta por la abundancia de comida, az\u00facares y bebidas espirituosos, que elevan nuestros sentidos.<\/p>\n\n\n\n<p>Ebrios de felicidad, por unos d\u00edas, al empezar el nuevo a\u00f1o se nos viene encima la acuciante realidad: el pago del predial, de la renta, del agua, de la luz, de la despensa y una larga lista de pendientes que acent\u00faan la resaca del fin de a\u00f1o. Si no supimos organizarnos, esa burbuja de felicidad se convierte en una pesada carga que desplaza de sopet\u00f3n la alegr\u00eda que nos inundaba.<\/p>\n\n\n\n<p>El gobierno del presidente Andr\u00e9s Manuel L\u00f3pez Obrador ha tra\u00eddo esperanza a miles de familias de M\u00e9xico y de Veracruz, que durante un a\u00f1o m\u00e1s vieron llegar a sus casas apoyos, becas, programas sociales, etc\u00e9tera. Esta motivaci\u00f3n, estos incentivos econ\u00f3micos, estas oportunidades, no pueden quedarse ah\u00ed, en la algarab\u00eda y el festejo. No, como en las fiestas decembrinas, el gozo se debe transformar en acci\u00f3n para ir m\u00e1s adelante.<\/p>\n\n\n\n<p>Estos resultados son los que permitieron tambi\u00e9n el que la consulta por la revocaci\u00f3n de su mandato alcanzar\u00e1 los 10 millones de firmas en todo el pa\u00eds. As\u00ed lo expres\u00f3 el presidente en su conferencia de este lunes: \u201cTengo informaci\u00f3n y agradezco mucho porque a pesar de esos obst\u00e1culos y de la pol\u00e9mica, ya se reunieron 10 millones de firmas, se sobrepas\u00f3 lo que exige la ley, ahora le va a corresponder a los del INE, revisar que sean firmas aut\u00e9nticas, separarlas, desecharlas, esto que significa que la gente quiere participar\u201d, indic\u00f3.<\/p>\n\n\n\n<p>Remarc\u00f3 que en caso de que la participaci\u00f3n no llegue al 40 por ciento m\u00ednimo para que la consulta pueda ser vinculatoria, \u00e9l respetar\u00e1 la decisi\u00f3n de la gente y tomar\u00e1 las acciones correspondientes. Veracruz fue uno de los estados que m\u00e1s firmas aportaron en esta consulta.<\/p>\n\n\n\n<p>\u201cEn mi caso, aunque no se llegue, y hay que modificar eso, si la gente dice que me vaya, me voy\u201d, indic\u00f3 este lunes el mandatario mexicano, de manera firme y contundente. Tambi\u00e9n hizo un llamado para que la gente salga a votar el 10 de abril del 2022 y as\u00ed se cierre el c\u00edrculo que marca la ley para la revocaci\u00f3n de mandato, un ejercicio in\u00e9dito en la vida pol\u00edtica de nuestro pa\u00eds.<\/p>\n\n\n\n<p>Como ya lo hemos apuntado aqu\u00ed, de acuerdo con la ley federal de revocaci\u00f3n de mandato, la consulta se llevar\u00e1 a cabo si se re\u00fanen las r\u00fabricas de al menos el 3 por ciento de los ciudadanos inscritos en la Lista Nominal de Electores, lo que equivale a 2 millones 758 mil 227. El proceso de captaci\u00f3n comprendi\u00f3 el periodo del 1 de noviembre al 25 de diciembre de este a\u00f1o.<\/p>\n\n\n\n<p><strong><em>Que nadie se confunda<\/em><\/strong><\/p>\n\n\n\n<p>Y en este proyecto de transformaci\u00f3n, de cambio de mentalidad, que nadie se confunda, porque hay algunos que, aunque navegan con nuestra bandera, pretenden proteger a delincuentes y se lanzan en contra de quienes buscan restablecer el orden y la paz en Veracruz. Aqu\u00ed no se trata de que a los amigos \u201cjusticia y gracia\u201d y a los enemigos \u201cla ley a secas\u201d. No, en la Cuarta Transformaci\u00f3n todos somos iguales ante la ley.<\/p>\n\n\n\n<p>Ser\u00e1n las autoridades encargadas de procuraci\u00f3n de justicia en Veracruz, quienes determinen el caso de Jos\u00e9 Manuel \u201cN\u201d. Intentar politizar la justicia no ayuda en nada. Esos tiempos de la \u201caplanadora\u201d, para hacer lo que se viniera en gana con la ley, se acabaron. Ahora se investiga, se analiza, se act\u00faa y se castiga.<\/p>\n\n\n\n<p>Que nadie se confunda o como dec\u00eda el cl\u00e1sico, \u201cno se hagan bolas\u201d. Y esto lo sabe muy bien el presidente Andr\u00e9s Manuel L\u00f3pez Obrador, quien al referirse al caso, dio su respaldo absoluto al gobernador Cuitl\u00e1huac Garc\u00eda Jim\u00e9nez y a las instancias de procuraci\u00f3n de justicia. Todo lo dem\u00e1s es show medi\u00e1tico e intereses personales.<\/p>\n\n\n\n<p>Amigas y amigos. P\u00e1senla bonito, disfruten de su familia, festejen en grande con alegr\u00eda, para que recargados, sigamos luchando por nuestro estado y nuestro pa\u00eds que tanto nos necesitan.<\/p>\n\n\n\n<p>Comentarios: Facebook Yair Ademar Dom\u00ednguez Twitter @YairAdemar<\/p>\n","protected":false},"excerpt":{"rendered":"<p>Yair Ademar Dom\u00ednguezPunto y Coma Las fiestas decembrinas nos sumergen en una burbuja de gozo y alegr\u00eda. Hay razones reales, no s\u00f3lo por el festejo de quien, para los cristianos, representa el salvador del mundo, tambi\u00e9n porque son momentos de encuentro, de convivencia, de familia, de un optimismo desbordado, que se exalta por la abundancia [&hellip;]<\/p>\n","protected":false},"author":2,"featured_media":0,"comment_status":"closed","ping_status":"closed","sticky":false,"template":"","format":"standard","meta":{"tdm_status":"","tdm_grid_status":"","footnotes":""},"categories":[70],"tags":[618,554,1026,10353,195,20652],"class_list":{"0":"post-83922","1":"post","2":"type-post","3":"status-publish","4":"format-standard","6":"category-de-opinion","7":"tag-andres-manuel-lopez-obrador","8":"tag-ine","9":"tag-morena","10":"tag-ricardo-monreal","11":"tag-veracruz","12":"tag-yair-ademar-dominguez"},"yoast_head":"<!-- This site is optimized with the Yoast SEO plugin v27.4 - https:\/\/yoast.com\/product\/yoast-seo-wordpress\/ -->\n<title>No hay logros sin trabajo y esfuerzo - Los pol\u00edticos Veracruz<\/title>\n<meta name=\"robots\" content=\"index, follow, max-snippet:-1, max-image-preview:large, max-video-preview:-1\" \/>\n<link rel=\"canonical\" href=\"https:\/\/lospoliticosveracruz.com\/?p=83922\" \/>\n<meta property=\"og:locale\" content=\"es_ES\" \/>\n<meta property=\"og:type\" content=\"article\" \/>\n<meta property=\"og:title\" content=\"No hay logros sin trabajo y esfuerzo - Los pol\u00edticos Veracruz\" \/>\n<meta property=\"og:description\" content=\"Yair Ademar Dom\u00ednguezPunto y Coma Las fiestas decembrinas nos sumergen en una burbuja de gozo y alegr\u00eda. Hay razones reales, no s\u00f3lo por el festejo de quien, para los cristianos, representa el salvador del mundo, tambi\u00e9n porque son momentos de encuentro, de convivencia, de familia, de un optimismo desbordado, que se exalta por la abundancia [&hellip;]\" \/>\n<meta property=\"og:url\" content=\"https:\/\/lospoliticosveracruz.com\/?p=83922\" \/>\n<meta property=\"og:site_name\" content=\"Los pol\u00edticos Veracruz\" \/>\n<meta property=\"article:publisher\" content=\"https:\/\/www.facebook.com\/people\/Notimemes-de-los-Polticos\/61565672886568\/\" \/>\n<meta property=\"article:published_time\" content=\"2021-12-28T16:35:09+00:00\" \/>\n<meta property=\"article:modified_time\" content=\"2021-12-28T16:35:16+00:00\" \/>\n<meta property=\"og:image\" content=\"https:\/\/lospoliticosveracruz.com\/wp-content\/uploads\/2016\/07\/Logo-Dor.jpg\" \/>\n\t<meta property=\"og:image:width\" content=\"200\" \/>\n\t<meta property=\"og:image:height\" content=\"200\" \/>\n\t<meta property=\"og:image:type\" content=\"image\/jpeg\" \/>\n<meta name=\"author\" content=\"Lo viste en Los Pol\u00edticos\" \/>\n<meta name=\"twitter:card\" content=\"summary_large_image\" \/>\n<meta name=\"twitter:creator\" content=\"@LosPoliticosVer\" \/>\n<meta name=\"twitter:site\" content=\"@LosPoliticosVer\" \/>\n<meta name=\"twitter:label1\" content=\"Escrito por\" \/>\n\t<meta name=\"twitter:data1\" content=\"Lo viste en Los Pol\u00edticos\" \/>\n\t<meta name=\"twitter:label2\" content=\"Tiempo de lectura\" \/>\n\t<meta name=\"twitter:data2\" content=\"4 minutos\" \/>\n<script type=\"application\/ld+json\" class=\"yoast-schema-graph\">{\"@context\":\"https:\\\/\\\/schema.org\",\"@graph\":[{\"@type\":\"Article\",\"@id\":\"https:\\\/\\\/lospoliticosveracruz.com\\\/?p=83922#article\",\"isPartOf\":{\"@id\":\"https:\\\/\\\/lospoliticosveracruz.com\\\/?p=83922\"},\"author\":{\"name\":\"Lo viste en Los Pol\u00edticos\",\"@id\":\"https:\\\/\\\/lospoliticosveracruz.com\\\/#\\\/schema\\\/person\\\/b8702bb0e538456e6efd07080bf2a4a2\"},\"headline\":\"No hay logros sin trabajo y esfuerzo\",\"datePublished\":\"2021-12-28T16:35:09+00:00\",\"dateModified\":\"2021-12-28T16:35:16+00:00\",\"mainEntityOfPage\":{\"@id\":\"https:\\\/\\\/lospoliticosveracruz.com\\\/?p=83922\"},\"wordCount\":773,\"publisher\":{\"@id\":\"https:\\\/\\\/lospoliticosveracruz.com\\\/#organization\"},\"keywords\":[\"Andr\u00e9s Manuel L\u00f3pez Obrador\",\"INE\",\"Morena\",\"Ricardo Monreal\",\"Veracruz\",\"Yair Ademar Dom\u00ednguez\"],\"articleSection\":[\"De Opini\u00f3n\"],\"inLanguage\":\"es\"},{\"@type\":\"WebPage\",\"@id\":\"https:\\\/\\\/lospoliticosveracruz.com\\\/?p=83922\",\"url\":\"https:\\\/\\\/lospoliticosveracruz.com\\\/?p=83922\",\"name\":\"No hay logros sin trabajo y esfuerzo - Los pol\u00edticos Veracruz\",\"isPartOf\":{\"@id\":\"https:\\\/\\\/lospoliticosveracruz.com\\\/#website\"},\"datePublished\":\"2021-12-28T16:35:09+00:00\",\"dateModified\":\"2021-12-28T16:35:16+00:00\",\"breadcrumb\":{\"@id\":\"https:\\\/\\\/lospoliticosveracruz.com\\\/?p=83922#breadcrumb\"},\"inLanguage\":\"es\",\"potentialAction\":[{\"@type\":\"ReadAction\",\"target\":[\"https:\\\/\\\/lospoliticosveracruz.com\\\/?p=83922\"]}]},{\"@type\":\"BreadcrumbList\",\"@id\":\"https:\\\/\\\/lospoliticosveracruz.com\\\/?p=83922#breadcrumb\",\"itemListElement\":[{\"@type\":\"ListItem\",\"position\":1,\"name\":\"Portada\",\"item\":\"https:\\\/\\\/lospoliticosveracruz.com\\\/\"},{\"@type\":\"ListItem\",\"position\":2,\"name\":\"No hay logros sin trabajo y esfuerzo\"}]},{\"@type\":\"WebSite\",\"@id\":\"https:\\\/\\\/lospoliticosveracruz.com\\\/#website\",\"url\":\"https:\\\/\\\/lospoliticosveracruz.com\\\/\",\"name\":\"Los pol\u00edticos Veracruz\",\"description\":\"\",\"publisher\":{\"@id\":\"https:\\\/\\\/lospoliticosveracruz.com\\\/#organization\"},\"potentialAction\":[{\"@type\":\"SearchAction\",\"target\":{\"@type\":\"EntryPoint\",\"urlTemplate\":\"https:\\\/\\\/lospoliticosveracruz.com\\\/?s={search_term_string}\"},\"query-input\":{\"@type\":\"PropertyValueSpecification\",\"valueRequired\":true,\"valueName\":\"search_term_string\"}}],\"inLanguage\":\"es\"},{\"@type\":\"Organization\",\"@id\":\"https:\\\/\\\/lospoliticosveracruz.com\\\/#organization\",\"name\":\"Los pol\u00edticos Veracruz\",\"url\":\"https:\\\/\\\/lospoliticosveracruz.com\\\/\",\"logo\":{\"@type\":\"ImageObject\",\"inLanguage\":\"es\",\"@id\":\"https:\\\/\\\/lospoliticosveracruz.com\\\/#\\\/schema\\\/logo\\\/image\\\/\",\"url\":\"https:\\\/\\\/lospoliticosveracruz.com\\\/wp-content\\\/uploads\\\/2025\\\/12\\\/Logo-Nuevo-LOS-POLITICOS-1.jpg\",\"contentUrl\":\"https:\\\/\\\/lospoliticosveracruz.com\\\/wp-content\\\/uploads\\\/2025\\\/12\\\/Logo-Nuevo-LOS-POLITICOS-1.jpg\",\"width\":260,\"height\":70,\"caption\":\"Los pol\u00edticos Veracruz\"},\"image\":{\"@id\":\"https:\\\/\\\/lospoliticosveracruz.com\\\/#\\\/schema\\\/logo\\\/image\\\/\"},\"sameAs\":[\"https:\\\/\\\/www.facebook.com\\\/people\\\/Notimemes-de-los-Polticos\\\/61565672886568\\\/\",\"https:\\\/\\\/x.com\\\/LosPoliticosVer\"]},{\"@type\":\"Person\",\"@id\":\"https:\\\/\\\/lospoliticosveracruz.com\\\/#\\\/schema\\\/person\\\/b8702bb0e538456e6efd07080bf2a4a2\",\"name\":\"Lo viste en Los Pol\u00edticos\",\"image\":{\"@type\":\"ImageObject\",\"inLanguage\":\"es\",\"@id\":\"https:\\\/\\\/secure.gravatar.com\\\/avatar\\\/3a8de04a2656d44082be478bd6c086daa447c4651605818287b9532d3d0bd435?s=96&d=mm&r=g\",\"url\":\"https:\\\/\\\/secure.gravatar.com\\\/avatar\\\/3a8de04a2656d44082be478bd6c086daa447c4651605818287b9532d3d0bd435?s=96&d=mm&r=g\",\"contentUrl\":\"https:\\\/\\\/secure.gravatar.com\\\/avatar\\\/3a8de04a2656d44082be478bd6c086daa447c4651605818287b9532d3d0bd435?s=96&d=mm&r=g\",\"caption\":\"Lo viste en Los Pol\u00edticos\"},\"url\":\"https:\\\/\\\/lospoliticosveracruz.com\\\/?author=2\"}]}<\/script>\n<!-- \/ Yoast SEO plugin. -->","yoast_head_json":{"title":"No hay logros sin trabajo y esfuerzo - Los pol\u00edticos Veracruz","robots":{"index":"index","follow":"follow","max-snippet":"max-snippet:-1","max-image-preview":"max-image-preview:large","max-video-preview":"max-video-preview:-1"},"canonical":"https:\/\/lospoliticosveracruz.com\/?p=83922","og_locale":"es_ES","og_type":"article","og_title":"No hay logros sin trabajo y esfuerzo - Los pol\u00edticos Veracruz","og_description":"Yair Ademar Dom\u00ednguezPunto y Coma Las fiestas decembrinas nos sumergen en una burbuja de gozo y alegr\u00eda. Hay razones reales, no s\u00f3lo por el festejo de quien, para los cristianos, representa el salvador del mundo, tambi\u00e9n porque son momentos de encuentro, de convivencia, de familia, de un optimismo desbordado, que se exalta por la abundancia [&hellip;]","og_url":"https:\/\/lospoliticosveracruz.com\/?p=83922","og_site_name":"Los pol\u00edticos Veracruz","article_publisher":"https:\/\/www.facebook.com\/people\/Notimemes-de-los-Polticos\/61565672886568\/","article_published_time":"2021-12-28T16:35:09+00:00","article_modified_time":"2021-12-28T16:35:16+00:00","og_image":[{"width":200,"height":200,"url":"https:\/\/lospoliticosveracruz.com\/wp-content\/uploads\/2016\/07\/Logo-Dor.jpg","type":"image\/jpeg"}],"author":"Lo viste en Los Pol\u00edticos","twitter_card":"summary_large_image","twitter_creator":"@LosPoliticosVer","twitter_site":"@LosPoliticosVer","twitter_misc":{"Escrito por":"Lo viste en Los Pol\u00edticos","Tiempo de lectura":"4 minutos"},"schema":{"@context":"https:\/\/schema.org","@graph":[{"@type":"Article","@id":"https:\/\/lospoliticosveracruz.com\/?p=83922#article","isPartOf":{"@id":"https:\/\/lospoliticosveracruz.com\/?p=83922"},"author":{"name":"Lo viste en Los Pol\u00edticos","@id":"https:\/\/lospoliticosveracruz.com\/#\/schema\/person\/b8702bb0e538456e6efd07080bf2a4a2"},"headline":"No hay logros sin trabajo y esfuerzo","datePublished":"2021-12-28T16:35:09+00:00","dateModified":"2021-12-28T16:35:16+00:00","mainEntityOfPage":{"@id":"https:\/\/lospoliticosveracruz.com\/?p=83922"},"wordCount":773,"publisher":{"@id":"https:\/\/lospoliticosveracruz.com\/#organization"},"keywords":["Andr\u00e9s Manuel L\u00f3pez Obrador","INE","Morena","Ricardo Monreal","Veracruz","Yair Ademar Dom\u00ednguez"],"articleSection":["De Opini\u00f3n"],"inLanguage":"es"},{"@type":"WebPage","@id":"https:\/\/lospoliticosveracruz.com\/?p=83922","url":"https:\/\/lospoliticosveracruz.com\/?p=83922","name":"No hay logros sin trabajo y esfuerzo - Los pol\u00edticos Veracruz","isPartOf":{"@id":"https:\/\/lospoliticosveracruz.com\/#website"},"datePublished":"2021-12-28T16:35:09+00:00","dateModified":"2021-12-28T16:35:16+00:00","breadcrumb":{"@id":"https:\/\/lospoliticosveracruz.com\/?p=83922#breadcrumb"},"inLanguage":"es","potentialAction":[{"@type":"ReadAction","target":["https:\/\/lospoliticosveracruz.com\/?p=83922"]}]},{"@type":"BreadcrumbList","@id":"https:\/\/lospoliticosveracruz.com\/?p=83922#breadcrumb","itemListElement":[{"@type":"ListItem","position":1,"name":"Portada","item":"https:\/\/lospoliticosveracruz.com\/"},{"@type":"ListItem","position":2,"name":"No hay logros sin trabajo y esfuerzo"}]},{"@type":"WebSite","@id":"https:\/\/lospoliticosveracruz.com\/#website","url":"https:\/\/lospoliticosveracruz.com\/","name":"Los pol\u00edticos Veracruz","description":"","publisher":{"@id":"https:\/\/lospoliticosveracruz.com\/#organization"},"potentialAction":[{"@type":"SearchAction","target":{"@type":"EntryPoint","urlTemplate":"https:\/\/lospoliticosveracruz.com\/?s={search_term_string}"},"query-input":{"@type":"PropertyValueSpecification","valueRequired":true,"valueName":"search_term_string"}}],"inLanguage":"es"},{"@type":"Organization","@id":"https:\/\/lospoliticosveracruz.com\/#organization","name":"Los pol\u00edticos Veracruz","url":"https:\/\/lospoliticosveracruz.com\/","logo":{"@type":"ImageObject","inLanguage":"es","@id":"https:\/\/lospoliticosveracruz.com\/#\/schema\/logo\/image\/","url":"https:\/\/lospoliticosveracruz.com\/wp-content\/uploads\/2025\/12\/Logo-Nuevo-LOS-POLITICOS-1.jpg","contentUrl":"https:\/\/lospoliticosveracruz.com\/wp-content\/uploads\/2025\/12\/Logo-Nuevo-LOS-POLITICOS-1.jpg","width":260,"height":70,"caption":"Los pol\u00edticos Veracruz"},"image":{"@id":"https:\/\/lospoliticosveracruz.com\/#\/schema\/logo\/image\/"},"sameAs":["https:\/\/www.facebook.com\/people\/Notimemes-de-los-Polticos\/61565672886568\/","https:\/\/x.com\/LosPoliticosVer"]},{"@type":"Person","@id":"https:\/\/lospoliticosveracruz.com\/#\/schema\/person\/b8702bb0e538456e6efd07080bf2a4a2","name":"Lo viste en Los Pol\u00edticos","image":{"@type":"ImageObject","inLanguage":"es","@id":"https:\/\/secure.gravatar.com\/avatar\/3a8de04a2656d44082be478bd6c086daa447c4651605818287b9532d3d0bd435?s=96&d=mm&r=g","url":"https:\/\/secure.gravatar.com\/avatar\/3a8de04a2656d44082be478bd6c086daa447c4651605818287b9532d3d0bd435?s=96&d=mm&r=g","contentUrl":"https:\/\/secure.gravatar.com\/avatar\/3a8de04a2656d44082be478bd6c086daa447c4651605818287b9532d3d0bd435?s=96&d=mm&r=g","caption":"Lo viste en Los Pol\u00edticos"},"url":"https:\/\/lospoliticosveracruz.com\/?author=2"}]}},"_links":{"self":[{"href":"https:\/\/lospoliticosveracruz.com\/index.php?rest_route=\/wp\/v2\/posts\/83922","targetHints":{"allow":["GET"]}}],"collection":[{"href":"https:\/\/lospoliticosveracruz.com\/index.php?rest_route=\/wp\/v2\/posts"}],"about":[{"href":"https:\/\/lospoliticosveracruz.com\/index.php?rest_route=\/wp\/v2\/types\/post"}],"author":[{"embeddable":true,"href":"https:\/\/lospoliticosveracruz.com\/index.php?rest_route=\/wp\/v2\/users\/2"}],"replies":[{"embeddable":true,"href":"https:\/\/lospoliticosveracruz.com\/index.php?rest_route=%2Fwp%2Fv2%2Fcomments&post=83922"}],"version-history":[{"count":1,"href":"https:\/\/lospoliticosveracruz.com\/index.php?rest_route=\/wp\/v2\/posts\/83922\/revisions"}],"predecessor-version":[{"id":83924,"href":"https:\/\/lospoliticosveracruz.com\/index.php?rest_route=\/wp\/v2\/posts\/83922\/revisions\/83924"}],"wp:attachment":[{"href":"https:\/\/lospoliticosveracruz.com\/index.php?rest_route=%2Fwp%2Fv2%2Fmedia&parent=83922"}],"wp:term":[{"taxonomy":"category","embeddable":true,"href":"https:\/\/lospoliticosveracruz.com\/index.php?rest_route=%2Fwp%2Fv2%2Fcategories&post=83922"},{"taxonomy":"post_tag","embeddable":true,"href":"https:\/\/lospoliticosveracruz.com\/index.php?rest_route=%2Fwp%2Fv2%2Ftags&post=83922"}],"curies":[{"name":"wp","href":"https:\/\/api.w.org\/{rel}","templated":true}]}}