{"id":83925,"date":"2021-12-28T20:01:11","date_gmt":"2021-12-29T02:01:11","guid":{"rendered":"https:\/\/lospoliticosveracruz.com.mx\/?p=83925"},"modified":"2021-12-28T20:01:18","modified_gmt":"2021-12-29T02:01:18","slug":"urge-un-presupuesto-que-atienda-las-demandas-de-veracruz","status":"publish","type":"post","link":"https:\/\/lospoliticosveracruz.com\/?p=83925","title":{"rendered":"Urge un presupuesto que atienda las demandas de Veracruz!"},"content":{"rendered":"\n<p><\/p>\n\n\n\n<p><strong>Xalapa<\/strong><\/p>\n\n\n\n<p><br>Durante la discusi\u00f3n del Presupuesto 2022 para el Estado de Veracruz, la coordinadora del Grupo Legislativo del PRI, Anil\u00fa Ingram Vallines realiz\u00f3 diversas observaciones y reservas al proyecto a fin de que los recursos sean utilizados con eficiencia y transparencia en pro de las familias veracruzanas y, con especial \u00e9nfasis, en las mujeres.<br>Por lo anterior, la Diputada Local solicit\u00f3 que el Instituto Veracruzano de las Mujeres (IVM), pueda contar con por lo menos 40 millones de pesos de presupuesto anual, para que los 17 millones de pesos extras que se le pueden aprobar, est\u00e9n destinados a la evaluaci\u00f3n de los programas, de las alertas de g\u00e9nero y tambi\u00e9n de acciones que coadyuven a la erradicaci\u00f3n de la violencia de g\u00e9nero en el estado.<br>En ese sentido se\u00f1al\u00f3 que existen 2,900 millones de pesos que no han sido asignados, derivado de la sobreestimaci\u00f3n de las participaciones federales aprobadas por la C\u00e1mara de Diputados para el 2022, es decir, existe la posibilidad de otorgarle m\u00e1s recurso a las instituciones encargadas de las pol\u00edticas con perspectiva de g\u00e9nero en el estado.<br>As\u00ed tambi\u00e9n Ingram Vallines pidi\u00f3 que se le asignen 22 millones de pesos m\u00e1s al Centro de Justicia para las Mujeres, con el fin de que se puedan atender correctamente las necesidades de los 11 municipios con alerta de violencia de g\u00e9nero (2 millones por municipio) para implementar las recomendaciones y prevenir en verdad los feminicidios en estos lugares.<br>\u201cTambi\u00e9n podr\u00edamos reforzar el sistema que vela por nuestra seguridad con la creaci\u00f3n de una nueva unidad de femicidios en la Fiscal\u00eda, que podr\u00eda ser creada con 10 millones de pesos anuales; por lo que presentamos la reserva en lo particular de los art\u00edculos 12 y 21, con el fin de cumplir lo anteriormente expuesto. De ser aprobada estas reservas, estar\u00edamos hablando de 82 millones de pesos que se podr\u00edan estar aplicando en pol\u00edticas p\u00fablicas que ofrezcan una oportunidad real a las m\u00e1s de 4 millones de mujeres que vivimos, trabajamos y estudiamos en nuestro querido estado Veracruz\u201d, abund\u00f3.<br>Quienes integramos el Grupo Legislativo del PRI -prosigui\u00f3-, no vamos a votar un presupuesto por instrucci\u00f3n, sino que sirva para ayudar a resolver las necesidades de fondo del estado, que nos permita atender los estragos econ\u00f3micos y sociales generado por la pandemia del COVID19 y que, tal parece, a\u00fan seguiremos sorteando en 2022.<br>As\u00ed tambi\u00e9n, Ingram Vallines resalt\u00f3 que despu\u00e9s de un an\u00e1lisis minucioso del anteproyecto presentado por el ejecutivo estatal encontraron puntos importantes a corregir en el presupuesto de Ingresos, pues m\u00e1s de la mitad de los 135 mil 763 millones de pesos que se pretenden aprobar el d\u00eda de hoy, NO son evaluables, es decir, los programas presupuestarios contemplados en el Presupuesto basado en Resultados, solo abarcan un 41 por ciento; lo que deja en el aire y a discrecionalidad, m\u00e1s de 95 mil millones de pesos.<br>Pese a la crisis sanitaria -prosigui\u00f3-, el Sector Salud tiene un presupuesto de un poco m\u00e1s de 16 mil millones de pesos, de los cuales s\u00f3lo pueden ser evaluados cerca de 6,500 millones de pesos. \u00bfY el resto?<br>\u201cLa Fiscal\u00eda General del Estado, cuenta con un aumento irrisorio que no equivale ni siquiera a la inflaci\u00f3n; esta instituci\u00f3n debe reforzarse, sobre todo tomando en cuenta que somos el estado con el segundo lugar de feminicidios y que est\u00e1 evaluada como una de las m\u00e1s deficientes del pa\u00eds. Recordemos que la Organizaci\u00f3n \u201cImpunidad Cero\u201d, en su \u00cdndice Estatal de Desempe\u00f1o de Fiscal\u00edas y Procuradur\u00edas 2021 ubica a Veracruz en el lugar 30 de 32\u201d, abund\u00f3.<br>Y al campo, refiri\u00f3, se le deja de lado: de 405 millones de pesos que ten\u00eda la SEDARPA en el 2019, hoy nos est\u00e1n proponiendo solo 96 millones de pesos, repito de nuevo, 96 MILLONES DE PESOS, es decir, 75 por ciento menos que al inicio de la administraci\u00f3n y la SIOP, con 300 millones de pesos menos para el 2022, lo que ya acumula 33% menos desde el 2019. Es menos del 1 por ciento del presupuesto total de egresos. Urge replantear este presupuesto a por lo menos el 5 por ciento del presupuesto total, para hablar de un desarrollo equitativo en el estado.<br>\u201cEl Presupuesto de Egresos 2022 es completamente perfectible, es la oportunidad que tenemos para que el d\u00eda a d\u00eda de las y los veracruzanos sea mejor; de tal forma que cuenten con pol\u00edticas p\u00fablicas, programas y acciones que nazcan de una problem\u00e1tica real, para contar con soluciones factibles. Lo presentado nada tiene que ver con lo que el estado requiere, por eso estamos en contra\u201d, finaliz\u00f3.<\/p>\n","protected":false},"excerpt":{"rendered":"<p>Xalapa Durante la discusi\u00f3n del Presupuesto 2022 para el Estado de Veracruz, la coordinadora del Grupo Legislativo del PRI, Anil\u00fa Ingram Vallines realiz\u00f3 diversas observaciones y reservas al proyecto a fin de que los recursos sean utilizados con eficiencia y transparencia en pro de las familias veracruzanas y, con especial \u00e9nfasis, en las mujeres.Por lo [&hellip;]<\/p>\n","protected":false},"author":2,"featured_media":0,"comment_status":"closed","ping_status":"closed","sticky":false,"template":"","format":"standard","meta":{"tdm_status":"","tdm_grid_status":"","footnotes":""},"categories":[73],"tags":[1872,826,13464,6587,251,342,195],"class_list":{"0":"post-83925","1":"post","2":"type-post","3":"status-publish","4":"format-standard","6":"category-de-boleto","7":"tag-anilu-ingram-vallines","8":"tag-feminicidios","9":"tag-grupo-legislativo-del-pri","10":"tag-instituto-veracruzano-de-las-mujeres","11":"tag-pri","12":"tag-siop","13":"tag-veracruz"},"yoast_head":"<!-- This site is optimized with the Yoast SEO plugin v27.4 - https:\/\/yoast.com\/product\/yoast-seo-wordpress\/ -->\n<title>Urge un presupuesto que atienda las demandas de Veracruz! - Los pol\u00edticos Veracruz<\/title>\n<meta name=\"robots\" content=\"index, follow, max-snippet:-1, max-image-preview:large, max-video-preview:-1\" \/>\n<link rel=\"canonical\" href=\"https:\/\/lospoliticosveracruz.com\/?p=83925\" \/>\n<meta property=\"og:locale\" content=\"es_ES\" \/>\n<meta property=\"og:type\" content=\"article\" \/>\n<meta property=\"og:title\" content=\"Urge un presupuesto que atienda las demandas de Veracruz! - Los pol\u00edticos Veracruz\" \/>\n<meta property=\"og:description\" content=\"Xalapa Durante la discusi\u00f3n del Presupuesto 2022 para el Estado de Veracruz, la coordinadora del Grupo Legislativo del PRI, Anil\u00fa Ingram Vallines realiz\u00f3 diversas observaciones y reservas al proyecto a fin de que los recursos sean utilizados con eficiencia y transparencia en pro de las familias veracruzanas y, con especial \u00e9nfasis, en las mujeres.Por lo [&hellip;]\" \/>\n<meta property=\"og:url\" content=\"https:\/\/lospoliticosveracruz.com\/?p=83925\" \/>\n<meta property=\"og:site_name\" content=\"Los pol\u00edticos Veracruz\" \/>\n<meta property=\"article:publisher\" content=\"https:\/\/www.facebook.com\/people\/Notimemes-de-los-Polticos\/61565672886568\/\" \/>\n<meta property=\"article:published_time\" content=\"2021-12-29T02:01:11+00:00\" \/>\n<meta property=\"article:modified_time\" content=\"2021-12-29T02:01:18+00:00\" \/>\n<meta property=\"og:image\" content=\"https:\/\/lospoliticosveracruz.com\/wp-content\/uploads\/2016\/07\/Logo-Dor.jpg\" \/>\n\t<meta property=\"og:image:width\" content=\"200\" \/>\n\t<meta property=\"og:image:height\" content=\"200\" \/>\n\t<meta property=\"og:image:type\" content=\"image\/jpeg\" \/>\n<meta name=\"author\" content=\"Lo viste en Los Pol\u00edticos\" \/>\n<meta name=\"twitter:card\" content=\"summary_large_image\" \/>\n<meta name=\"twitter:creator\" content=\"@LosPoliticosVer\" \/>\n<meta name=\"twitter:site\" content=\"@LosPoliticosVer\" \/>\n<meta name=\"twitter:label1\" content=\"Escrito por\" \/>\n\t<meta name=\"twitter:data1\" content=\"Lo viste en Los Pol\u00edticos\" \/>\n\t<meta name=\"twitter:label2\" content=\"Tiempo de lectura\" \/>\n\t<meta name=\"twitter:data2\" content=\"4 minutos\" \/>\n<script type=\"application\/ld+json\" class=\"yoast-schema-graph\">{\"@context\":\"https:\\\/\\\/schema.org\",\"@graph\":[{\"@type\":\"Article\",\"@id\":\"https:\\\/\\\/lospoliticosveracruz.com\\\/?p=83925#article\",\"isPartOf\":{\"@id\":\"https:\\\/\\\/lospoliticosveracruz.com\\\/?p=83925\"},\"author\":{\"name\":\"Lo viste en Los Pol\u00edticos\",\"@id\":\"https:\\\/\\\/lospoliticosveracruz.com\\\/#\\\/schema\\\/person\\\/b8702bb0e538456e6efd07080bf2a4a2\"},\"headline\":\"Urge un presupuesto que atienda las demandas de Veracruz!\",\"datePublished\":\"2021-12-29T02:01:11+00:00\",\"dateModified\":\"2021-12-29T02:01:18+00:00\",\"mainEntityOfPage\":{\"@id\":\"https:\\\/\\\/lospoliticosveracruz.com\\\/?p=83925\"},\"wordCount\":793,\"publisher\":{\"@id\":\"https:\\\/\\\/lospoliticosveracruz.com\\\/#organization\"},\"keywords\":[\"Anil\u00fa Ingram Vallines\",\"feminicidios\",\"Grupo Legislativo del PRI\",\"Instituto Veracruzano de las Mujeres\",\"PRI\",\"SIOP\",\"Veracruz\"],\"articleSection\":[\"De Boleto\"],\"inLanguage\":\"es\"},{\"@type\":\"WebPage\",\"@id\":\"https:\\\/\\\/lospoliticosveracruz.com\\\/?p=83925\",\"url\":\"https:\\\/\\\/lospoliticosveracruz.com\\\/?p=83925\",\"name\":\"Urge un presupuesto que atienda las demandas de Veracruz! - Los pol\u00edticos Veracruz\",\"isPartOf\":{\"@id\":\"https:\\\/\\\/lospoliticosveracruz.com\\\/#website\"},\"datePublished\":\"2021-12-29T02:01:11+00:00\",\"dateModified\":\"2021-12-29T02:01:18+00:00\",\"breadcrumb\":{\"@id\":\"https:\\\/\\\/lospoliticosveracruz.com\\\/?p=83925#breadcrumb\"},\"inLanguage\":\"es\",\"potentialAction\":[{\"@type\":\"ReadAction\",\"target\":[\"https:\\\/\\\/lospoliticosveracruz.com\\\/?p=83925\"]}]},{\"@type\":\"BreadcrumbList\",\"@id\":\"https:\\\/\\\/lospoliticosveracruz.com\\\/?p=83925#breadcrumb\",\"itemListElement\":[{\"@type\":\"ListItem\",\"position\":1,\"name\":\"Portada\",\"item\":\"https:\\\/\\\/lospoliticosveracruz.com\\\/\"},{\"@type\":\"ListItem\",\"position\":2,\"name\":\"Urge un presupuesto que atienda las demandas de Veracruz!\"}]},{\"@type\":\"WebSite\",\"@id\":\"https:\\\/\\\/lospoliticosveracruz.com\\\/#website\",\"url\":\"https:\\\/\\\/lospoliticosveracruz.com\\\/\",\"name\":\"Los pol\u00edticos Veracruz\",\"description\":\"\",\"publisher\":{\"@id\":\"https:\\\/\\\/lospoliticosveracruz.com\\\/#organization\"},\"potentialAction\":[{\"@type\":\"SearchAction\",\"target\":{\"@type\":\"EntryPoint\",\"urlTemplate\":\"https:\\\/\\\/lospoliticosveracruz.com\\\/?s={search_term_string}\"},\"query-input\":{\"@type\":\"PropertyValueSpecification\",\"valueRequired\":true,\"valueName\":\"search_term_string\"}}],\"inLanguage\":\"es\"},{\"@type\":\"Organization\",\"@id\":\"https:\\\/\\\/lospoliticosveracruz.com\\\/#organization\",\"name\":\"Los pol\u00edticos Veracruz\",\"url\":\"https:\\\/\\\/lospoliticosveracruz.com\\\/\",\"logo\":{\"@type\":\"ImageObject\",\"inLanguage\":\"es\",\"@id\":\"https:\\\/\\\/lospoliticosveracruz.com\\\/#\\\/schema\\\/logo\\\/image\\\/\",\"url\":\"https:\\\/\\\/lospoliticosveracruz.com\\\/wp-content\\\/uploads\\\/2025\\\/12\\\/Logo-Nuevo-LOS-POLITICOS-1.jpg\",\"contentUrl\":\"https:\\\/\\\/lospoliticosveracruz.com\\\/wp-content\\\/uploads\\\/2025\\\/12\\\/Logo-Nuevo-LOS-POLITICOS-1.jpg\",\"width\":260,\"height\":70,\"caption\":\"Los pol\u00edticos Veracruz\"},\"image\":{\"@id\":\"https:\\\/\\\/lospoliticosveracruz.com\\\/#\\\/schema\\\/logo\\\/image\\\/\"},\"sameAs\":[\"https:\\\/\\\/www.facebook.com\\\/people\\\/Notimemes-de-los-Polticos\\\/61565672886568\\\/\",\"https:\\\/\\\/x.com\\\/LosPoliticosVer\"]},{\"@type\":\"Person\",\"@id\":\"https:\\\/\\\/lospoliticosveracruz.com\\\/#\\\/schema\\\/person\\\/b8702bb0e538456e6efd07080bf2a4a2\",\"name\":\"Lo viste en Los Pol\u00edticos\",\"image\":{\"@type\":\"ImageObject\",\"inLanguage\":\"es\",\"@id\":\"https:\\\/\\\/secure.gravatar.com\\\/avatar\\\/3a8de04a2656d44082be478bd6c086daa447c4651605818287b9532d3d0bd435?s=96&d=mm&r=g\",\"url\":\"https:\\\/\\\/secure.gravatar.com\\\/avatar\\\/3a8de04a2656d44082be478bd6c086daa447c4651605818287b9532d3d0bd435?s=96&d=mm&r=g\",\"contentUrl\":\"https:\\\/\\\/secure.gravatar.com\\\/avatar\\\/3a8de04a2656d44082be478bd6c086daa447c4651605818287b9532d3d0bd435?s=96&d=mm&r=g\",\"caption\":\"Lo viste en Los Pol\u00edticos\"},\"url\":\"https:\\\/\\\/lospoliticosveracruz.com\\\/?author=2\"}]}<\/script>\n<!-- \/ Yoast SEO plugin. -->","yoast_head_json":{"title":"Urge un presupuesto que atienda las demandas de Veracruz! - Los pol\u00edticos Veracruz","robots":{"index":"index","follow":"follow","max-snippet":"max-snippet:-1","max-image-preview":"max-image-preview:large","max-video-preview":"max-video-preview:-1"},"canonical":"https:\/\/lospoliticosveracruz.com\/?p=83925","og_locale":"es_ES","og_type":"article","og_title":"Urge un presupuesto que atienda las demandas de Veracruz! - Los pol\u00edticos Veracruz","og_description":"Xalapa Durante la discusi\u00f3n del Presupuesto 2022 para el Estado de Veracruz, la coordinadora del Grupo Legislativo del PRI, Anil\u00fa Ingram Vallines realiz\u00f3 diversas observaciones y reservas al proyecto a fin de que los recursos sean utilizados con eficiencia y transparencia en pro de las familias veracruzanas y, con especial \u00e9nfasis, en las mujeres.Por lo [&hellip;]","og_url":"https:\/\/lospoliticosveracruz.com\/?p=83925","og_site_name":"Los pol\u00edticos Veracruz","article_publisher":"https:\/\/www.facebook.com\/people\/Notimemes-de-los-Polticos\/61565672886568\/","article_published_time":"2021-12-29T02:01:11+00:00","article_modified_time":"2021-12-29T02:01:18+00:00","og_image":[{"width":200,"height":200,"url":"https:\/\/lospoliticosveracruz.com\/wp-content\/uploads\/2016\/07\/Logo-Dor.jpg","type":"image\/jpeg"}],"author":"Lo viste en Los Pol\u00edticos","twitter_card":"summary_large_image","twitter_creator":"@LosPoliticosVer","twitter_site":"@LosPoliticosVer","twitter_misc":{"Escrito por":"Lo viste en Los Pol\u00edticos","Tiempo de lectura":"4 minutos"},"schema":{"@context":"https:\/\/schema.org","@graph":[{"@type":"Article","@id":"https:\/\/lospoliticosveracruz.com\/?p=83925#article","isPartOf":{"@id":"https:\/\/lospoliticosveracruz.com\/?p=83925"},"author":{"name":"Lo viste en Los Pol\u00edticos","@id":"https:\/\/lospoliticosveracruz.com\/#\/schema\/person\/b8702bb0e538456e6efd07080bf2a4a2"},"headline":"Urge un presupuesto que atienda las demandas de Veracruz!","datePublished":"2021-12-29T02:01:11+00:00","dateModified":"2021-12-29T02:01:18+00:00","mainEntityOfPage":{"@id":"https:\/\/lospoliticosveracruz.com\/?p=83925"},"wordCount":793,"publisher":{"@id":"https:\/\/lospoliticosveracruz.com\/#organization"},"keywords":["Anil\u00fa Ingram Vallines","feminicidios","Grupo Legislativo del PRI","Instituto Veracruzano de las Mujeres","PRI","SIOP","Veracruz"],"articleSection":["De Boleto"],"inLanguage":"es"},{"@type":"WebPage","@id":"https:\/\/lospoliticosveracruz.com\/?p=83925","url":"https:\/\/lospoliticosveracruz.com\/?p=83925","name":"Urge un presupuesto que atienda las demandas de Veracruz! - Los pol\u00edticos Veracruz","isPartOf":{"@id":"https:\/\/lospoliticosveracruz.com\/#website"},"datePublished":"2021-12-29T02:01:11+00:00","dateModified":"2021-12-29T02:01:18+00:00","breadcrumb":{"@id":"https:\/\/lospoliticosveracruz.com\/?p=83925#breadcrumb"},"inLanguage":"es","potentialAction":[{"@type":"ReadAction","target":["https:\/\/lospoliticosveracruz.com\/?p=83925"]}]},{"@type":"BreadcrumbList","@id":"https:\/\/lospoliticosveracruz.com\/?p=83925#breadcrumb","itemListElement":[{"@type":"ListItem","position":1,"name":"Portada","item":"https:\/\/lospoliticosveracruz.com\/"},{"@type":"ListItem","position":2,"name":"Urge un presupuesto que atienda las demandas de Veracruz!"}]},{"@type":"WebSite","@id":"https:\/\/lospoliticosveracruz.com\/#website","url":"https:\/\/lospoliticosveracruz.com\/","name":"Los pol\u00edticos Veracruz","description":"","publisher":{"@id":"https:\/\/lospoliticosveracruz.com\/#organization"},"potentialAction":[{"@type":"SearchAction","target":{"@type":"EntryPoint","urlTemplate":"https:\/\/lospoliticosveracruz.com\/?s={search_term_string}"},"query-input":{"@type":"PropertyValueSpecification","valueRequired":true,"valueName":"search_term_string"}}],"inLanguage":"es"},{"@type":"Organization","@id":"https:\/\/lospoliticosveracruz.com\/#organization","name":"Los pol\u00edticos Veracruz","url":"https:\/\/lospoliticosveracruz.com\/","logo":{"@type":"ImageObject","inLanguage":"es","@id":"https:\/\/lospoliticosveracruz.com\/#\/schema\/logo\/image\/","url":"https:\/\/lospoliticosveracruz.com\/wp-content\/uploads\/2025\/12\/Logo-Nuevo-LOS-POLITICOS-1.jpg","contentUrl":"https:\/\/lospoliticosveracruz.com\/wp-content\/uploads\/2025\/12\/Logo-Nuevo-LOS-POLITICOS-1.jpg","width":260,"height":70,"caption":"Los pol\u00edticos Veracruz"},"image":{"@id":"https:\/\/lospoliticosveracruz.com\/#\/schema\/logo\/image\/"},"sameAs":["https:\/\/www.facebook.com\/people\/Notimemes-de-los-Polticos\/61565672886568\/","https:\/\/x.com\/LosPoliticosVer"]},{"@type":"Person","@id":"https:\/\/lospoliticosveracruz.com\/#\/schema\/person\/b8702bb0e538456e6efd07080bf2a4a2","name":"Lo viste en Los Pol\u00edticos","image":{"@type":"ImageObject","inLanguage":"es","@id":"https:\/\/secure.gravatar.com\/avatar\/3a8de04a2656d44082be478bd6c086daa447c4651605818287b9532d3d0bd435?s=96&d=mm&r=g","url":"https:\/\/secure.gravatar.com\/avatar\/3a8de04a2656d44082be478bd6c086daa447c4651605818287b9532d3d0bd435?s=96&d=mm&r=g","contentUrl":"https:\/\/secure.gravatar.com\/avatar\/3a8de04a2656d44082be478bd6c086daa447c4651605818287b9532d3d0bd435?s=96&d=mm&r=g","caption":"Lo viste en Los Pol\u00edticos"},"url":"https:\/\/lospoliticosveracruz.com\/?author=2"}]}},"_links":{"self":[{"href":"https:\/\/lospoliticosveracruz.com\/index.php?rest_route=\/wp\/v2\/posts\/83925","targetHints":{"allow":["GET"]}}],"collection":[{"href":"https:\/\/lospoliticosveracruz.com\/index.php?rest_route=\/wp\/v2\/posts"}],"about":[{"href":"https:\/\/lospoliticosveracruz.com\/index.php?rest_route=\/wp\/v2\/types\/post"}],"author":[{"embeddable":true,"href":"https:\/\/lospoliticosveracruz.com\/index.php?rest_route=\/wp\/v2\/users\/2"}],"replies":[{"embeddable":true,"href":"https:\/\/lospoliticosveracruz.com\/index.php?rest_route=%2Fwp%2Fv2%2Fcomments&post=83925"}],"version-history":[{"count":1,"href":"https:\/\/lospoliticosveracruz.com\/index.php?rest_route=\/wp\/v2\/posts\/83925\/revisions"}],"predecessor-version":[{"id":83927,"href":"https:\/\/lospoliticosveracruz.com\/index.php?rest_route=\/wp\/v2\/posts\/83925\/revisions\/83927"}],"wp:attachment":[{"href":"https:\/\/lospoliticosveracruz.com\/index.php?rest_route=%2Fwp%2Fv2%2Fmedia&parent=83925"}],"wp:term":[{"taxonomy":"category","embeddable":true,"href":"https:\/\/lospoliticosveracruz.com\/index.php?rest_route=%2Fwp%2Fv2%2Fcategories&post=83925"},{"taxonomy":"post_tag","embeddable":true,"href":"https:\/\/lospoliticosveracruz.com\/index.php?rest_route=%2Fwp%2Fv2%2Ftags&post=83925"}],"curies":[{"name":"wp","href":"https:\/\/api.w.org\/{rel}","templated":true}]}}