{"id":83995,"date":"2021-12-30T13:51:34","date_gmt":"2021-12-30T19:51:34","guid":{"rendered":"https:\/\/lospoliticosveracruz.com.mx\/?p=83995"},"modified":"2021-12-30T13:51:40","modified_gmt":"2021-12-30T19:51:40","slug":"el-equipo-de-paty","status":"publish","type":"post","link":"https:\/\/lospoliticosveracruz.com\/?p=83995","title":{"rendered":"El equipo de Paty!"},"content":{"rendered":"\n<p><strong>Veracruz<\/strong><\/p>\n\n\n\n<p><br>La alcaldesa electa del Puerto de Veracruz, Patricia Lobeira de Yunes, realiz\u00f3 la presentaci\u00f3n del equipo de mujeres y hombres que la acompa\u00f1ar\u00e1n en su gran labor y que conformar\u00e1n su Gabinete de Gobierno en el Ayuntamiento porte\u00f1o.<\/p>\n\n\n\n<p>Destac\u00f3 que son personas que gracias a su profesionalismo y amor a Veracruz han demostrado estar a la altura de las expectativas de los ciudadanos y de lo que se demanda a la pro\u0301xima administracio\u0301n.<\/p>\n\n\n\n<p>\u201cTodas y todos son personas preparadas y con la experiencia profesional en las distintas a\u0301reas que conforman el gobierno municipal, cuentan con los conocimientos que se requiere para desempen\u0303ar su encargo y cumplen con los requisitos legales y constitucionales para hacerlo y se\u0301 que lo hara\u0301n de la mejor manera\u201d, manifest\u00f3.<\/p>\n\n\n\n<p>La Alcaldesa electa enfatiz\u00f3 que su gobierno sera\u0301 cercano y sensible a las necesidades de las personas e inquietudes de toda la poblacio\u0301n, sin distingo de color ni de partido.<\/p>\n\n\n\n<p>Subray\u00f3 que no tolerara\u0301 el mi\u0301nimo acto de corrupcio\u0301n, e instruy\u00f3 a los miembros de su gabinete a dirigirse con total transparencia, priorizando en todo momento el bienestar de las y los veracruzanos, trabajando siempre con amor, respeto y honestidad.<\/p>\n\n\n\n<p>Dijo que entre los nombramientos que hoy da a conocer, integra algunas propuestas que por Ley debera\u0301n someterse y ser aprobadas en Sesio\u0301n del Cabildo, como son los cargos de la Secretari\u0301a del Ayuntamiento, Tesoreri\u0301a, Contralori\u0301a, Unidad de Transparencia y de la Comandancia de la Polici\u0301a Municipal.<\/p>\n\n\n\n<p>De igual forma los nombramientos del Instituto Municipal de las Mujeres y del Instituto Municipal de la Vivienda.<\/p>\n\n\n\n<p>Los funcionarios p\u00fablicos que formar\u00e1n parte de su administracio\u0301n son:<\/p>\n\n\n\n<ol class=\"wp-block-list\"><li><strong>Juan Carlos Saldan\u0303a Mora\u0301n, Secretario del Ayuntamiento.<\/strong><\/li><li><strong>Fernando Marti\u0301nez Villican\u0303a, Direccio\u0301n de Administracio\u0301n.<\/strong><\/li><li><strong>Pedro Moreno y Bastia\u0301n, Direccio\u0301n de Educacio\u0301n.<\/strong><\/li><li><strong>Jesu\u0301s Sanz Barradas, Director de Comercio<\/strong><\/li><li><strong>Carlos de Jesu\u0301s Sosa Ahumada, Director de Fomento Agropecuario y Desarrollo Rural.<\/strong><\/li><li><strong>Eli\u0301as Assad Danini, Coordinador de Comunicacio\u0301n Social.<\/strong><\/li><li><strong>Jorge Miguel Rodri\u0301guez Rami\u0301rez, Comandante de la Polici\u0301a Municipal.<\/strong><\/li><li><strong>Gerardo Loya Romero, Director de Desarrollo Social y Humano.<\/strong><\/li><li><strong>Ricardo Alberto Toache Abreu, Director del Registro Civil.<\/strong><\/li><li><strong>Juan Carlos Torres Sa\u0301nchez, Director de Limpia Pu\u0301blica<\/strong><\/li><li><strong>Alfonso Garci\u0301a Cardona, Director de Proteccio\u0301n Civil.<\/strong><\/li><li><strong>Sebastia\u0301n Silva Sa\u0301nchez, Director de Modernizacio\u0301n, Innovacio\u0301n y Gobierno Abierto.<\/strong><\/li><li><strong>Jose\u0301 Antoni Salazar Ri\u0301os, Director de Mantenimiento Urbano.<\/strong><\/li><li><strong>Gerardo Manuel Zamora Garrido, Director del Instituto Municipal de la Vivienda.<\/strong><\/li><li><strong>Sonia Guevara Morales, Secretaria Ejecutiva del Sistema de Proteccio\u0301n Integral de Nin\u0303as, Nin\u0303os y Adolescentes del Municipio de Veracruz.<\/strong><\/li><li><strong>Juan Carlos Bobadilla Carpi, Director de Gobernacio\u0301n.<\/strong><\/li><li><strong>Carlos Bustos y Garci\u0301a, Asuntos Religiosos.<\/strong><\/li><li><strong>Virginia Utrera Celis, Unidad de Transparencia.<\/strong><\/li><li><strong>Enrique Gerardo Haaz Ulibarri, Coordinador de Desarrollo Portuario y Zona Federal.<\/strong><\/li><li><strong>Brenda Patricia Pereyra Lezama, Directora de Egresos.<\/strong><\/li><li><strong>Sergio Armando Cortina Ceballos, Coordinador de Programa de Gobierno y Mejora Regulatoria.<\/strong><\/li><li><strong>Naivi Nicte-Ha Rami\u0301rez Tejeda, Directora de Planeacio\u0301n Catastral.<\/strong><\/li><li><strong>Mario Alfredo Argu\u0308elles Jua\u0301rez, Director de Contabilidad Gubernamental.<\/strong><\/li><li><strong>Ernesto Sergei Irigoyen Garci\u0301a, Director de Juventud y Emprendimiento.<\/strong><\/li><li><strong>Taurino Caaman\u0303o Quitano, Contralor.<\/strong><\/li><li><strong>Arturo Pe\u0301rez Domi\u0301nguez, Director de Ingresos.<\/strong><\/li><li><strong>Luis Roma\u0301n Campa Pe\u0301rez, Director de Obras Pu\u0301blicas y Desarrollo Urbano.<\/strong><\/li><li><strong>Rosario Rui\u0301z Lagunes, Tesorera.<\/strong><\/li><li><strong>Jose\u0301 Antonio Salvatori Arjona, Director del Deporte.<\/strong><\/li><li><strong>Gabriela Zamora Loyo, Directora de Cultura y Recreacio\u0301n.<\/strong><\/li><li><strong>Mario Gerardo Delfi\u0301n Va\u0301zquez, Director de Desarrollo Econo\u0301mico y Turismo.<\/strong><\/li><li><strong>Andre\u0301s de la Parra Trujillo, Procurador de la Defensa de los Consumidores del Agua.<\/strong><\/li><li><strong>Martha Gabriela Marti\u0301nez Cisneros, Directora de Asuntos Legales.<\/strong><\/li><li><strong>Ricardo Go\u0301mez Valdivia, Director de Parques y Jardines.<\/strong><\/li><li><strong>Ricardo Colorado Alfonso, Director del Medio Ambiente y Proteccio\u0301n Animal.<\/strong><\/li><li><strong>Alma Roci\u0301o de la Miyar Andreu, Directora de Alumbrado Pu\u0301blico.<\/strong><\/li><li><strong>He\u0301ctor Miguel Castillo Andrade, Coordinador de Gestio\u0301n Gubernamental.<\/strong><\/li><li><strong>Manuel Alfredo Spinola Reyes, Director de Servicios Generales.<\/strong><\/li><li><strong>Manuel Rivera Polanco, Si\u0301ndico Electo.<\/strong><\/li><li><strong>Jorge Eduardo Gonza\u0301lez Jime\u0301nez, Jefe de Presidencia.<\/strong><\/li><li><strong>Ileana Liseth Leo\u0301n Huesca, Participacio\u0301n Ciudadana.<\/strong><\/li><li><strong>Natalia Guadalupe Calleja Marti\u0301nez, Direccio\u0301n de Atencio\u0301n Ciudadana.<\/strong><\/li><li><strong>Salvador Mendoza Sa\u0301nchez, Director de Inclusio\u0301n Social.<\/strong><\/li><li><strong>Roberto Eugenio Bueno Campos, Programa \u201cOrquestando Armoni\u0301a\u201d.<\/strong><\/li><li><strong>Xo\u0301chitl Nathalie Arzaba Herna\u0301ndez, Directora del DIF.<\/strong><\/li><li><strong>Blanca Lucrecia Aquino Santiago, Instituto Municipal de las Mujeres Veracruzanas.<\/strong><\/li><\/ol>\n\n\n\n<p>Por \u00faltimo, Patricia Lobeira de Yunes sostuvo que este d\u00eda es muy especial para ella porque no solamente est\u00e1 a unos di\u0301as de iniciar su gobierno, sino porque se logro\u0301 hacer justicia a la voluntad de las y los veracruzanos.<\/p>\n\n\n\n<p>\u201cEstoy segura que vendra\u0301n nuevos desafi\u0301os, pero tengan la seguridad de que tenemos la capacidad, el compromiso y la determinacio\u0301n para enfrentar cada uno de ellos\u201d, expres\u00f3 la Alcaldesa electa, deseando a los miembros de su gabinete el mayor de los e\u0301xitos en su gestio\u0301n.<\/p>\n","protected":false},"excerpt":{"rendered":"<p>Veracruz La alcaldesa electa del Puerto de Veracruz, Patricia Lobeira de Yunes, realiz\u00f3 la presentaci\u00f3n del equipo de mujeres y hombres que la acompa\u00f1ar\u00e1n en su gran labor y que conformar\u00e1n su Gabinete de Gobierno en el Ayuntamiento porte\u00f1o. Destac\u00f3 que son personas que gracias a su profesionalismo y amor a Veracruz han demostrado estar [&hellip;]<\/p>\n","protected":false},"author":2,"featured_media":0,"comment_status":"closed","ping_status":"closed","sticky":false,"template":"","format":"standard","meta":{"tdm_status":"","tdm_grid_status":"","footnotes":""},"categories":[73],"tags":[31751,31749,31750,266,28179,31752,107,251,195],"class_list":{"0":"post-83995","1":"post","2":"type-post","3":"status-publish","4":"format-standard","6":"category-de-boleto","7":"tag-fernando-martinez-villicana","8":"tag-gabinete-de-gobierno","9":"tag-juan-carlos-saldana-moran","10":"tag-pan","11":"tag-patricia-lobeira-rodriguez","12":"tag-pedro-moreno-y-bastian","13":"tag-prd","14":"tag-pri","15":"tag-veracruz"},"yoast_head":"<!-- This site is optimized with the Yoast SEO plugin v27.4 - https:\/\/yoast.com\/product\/yoast-seo-wordpress\/ -->\n<title>El equipo de Paty! - Los pol\u00edticos Veracruz<\/title>\n<meta name=\"robots\" content=\"index, follow, max-snippet:-1, max-image-preview:large, max-video-preview:-1\" \/>\n<link rel=\"canonical\" href=\"https:\/\/lospoliticosveracruz.com\/?p=83995\" \/>\n<meta property=\"og:locale\" content=\"es_ES\" \/>\n<meta property=\"og:type\" content=\"article\" \/>\n<meta property=\"og:title\" content=\"El equipo de Paty! - Los pol\u00edticos Veracruz\" \/>\n<meta property=\"og:description\" content=\"Veracruz La alcaldesa electa del Puerto de Veracruz, Patricia Lobeira de Yunes, realiz\u00f3 la presentaci\u00f3n del equipo de mujeres y hombres que la acompa\u00f1ar\u00e1n en su gran labor y que conformar\u00e1n su Gabinete de Gobierno en el Ayuntamiento porte\u00f1o. Destac\u00f3 que son personas que gracias a su profesionalismo y amor a Veracruz han demostrado estar [&hellip;]\" \/>\n<meta property=\"og:url\" content=\"https:\/\/lospoliticosveracruz.com\/?p=83995\" \/>\n<meta property=\"og:site_name\" content=\"Los pol\u00edticos Veracruz\" \/>\n<meta property=\"article:publisher\" content=\"https:\/\/www.facebook.com\/people\/Notimemes-de-los-Polticos\/61565672886568\/\" \/>\n<meta property=\"article:published_time\" content=\"2021-12-30T19:51:34+00:00\" \/>\n<meta property=\"article:modified_time\" content=\"2021-12-30T19:51:40+00:00\" \/>\n<meta property=\"og:image\" content=\"https:\/\/lospoliticosveracruz.com\/wp-content\/uploads\/2016\/07\/Logo-Dor.jpg\" \/>\n\t<meta property=\"og:image:width\" content=\"200\" \/>\n\t<meta property=\"og:image:height\" content=\"200\" \/>\n\t<meta property=\"og:image:type\" content=\"image\/jpeg\" \/>\n<meta name=\"author\" content=\"Lo viste en Los Pol\u00edticos\" \/>\n<meta name=\"twitter:card\" content=\"summary_large_image\" \/>\n<meta name=\"twitter:creator\" content=\"@LosPoliticosVer\" \/>\n<meta name=\"twitter:site\" content=\"@LosPoliticosVer\" \/>\n<meta name=\"twitter:label1\" content=\"Escrito por\" \/>\n\t<meta name=\"twitter:data1\" content=\"Lo viste en Los Pol\u00edticos\" \/>\n\t<meta name=\"twitter:label2\" content=\"Tiempo de lectura\" \/>\n\t<meta name=\"twitter:data2\" content=\"4 minutos\" \/>\n<script type=\"application\/ld+json\" class=\"yoast-schema-graph\">{\"@context\":\"https:\\\/\\\/schema.org\",\"@graph\":[{\"@type\":\"Article\",\"@id\":\"https:\\\/\\\/lospoliticosveracruz.com\\\/?p=83995#article\",\"isPartOf\":{\"@id\":\"https:\\\/\\\/lospoliticosveracruz.com\\\/?p=83995\"},\"author\":{\"name\":\"Lo viste en Los Pol\u00edticos\",\"@id\":\"https:\\\/\\\/lospoliticosveracruz.com\\\/#\\\/schema\\\/person\\\/b8702bb0e538456e6efd07080bf2a4a2\"},\"headline\":\"El equipo de Paty!\",\"datePublished\":\"2021-12-30T19:51:34+00:00\",\"dateModified\":\"2021-12-30T19:51:40+00:00\",\"mainEntityOfPage\":{\"@id\":\"https:\\\/\\\/lospoliticosveracruz.com\\\/?p=83995\"},\"wordCount\":836,\"publisher\":{\"@id\":\"https:\\\/\\\/lospoliticosveracruz.com\\\/#organization\"},\"keywords\":[\"Fernando Marti\u0301nez Villican\u0303a\",\"Gabinete de Gobierno\",\"Juan Carlos Saldan\u0303a Mora\u0301n\",\"PAN\",\"Patricia Lobeira Rodr\u00edguez\",\"Pedro Moreno y Bastia\u0301n\",\"PRD\",\"PRI\",\"Veracruz\"],\"articleSection\":[\"De Boleto\"],\"inLanguage\":\"es\"},{\"@type\":\"WebPage\",\"@id\":\"https:\\\/\\\/lospoliticosveracruz.com\\\/?p=83995\",\"url\":\"https:\\\/\\\/lospoliticosveracruz.com\\\/?p=83995\",\"name\":\"El equipo de Paty! - Los pol\u00edticos Veracruz\",\"isPartOf\":{\"@id\":\"https:\\\/\\\/lospoliticosveracruz.com\\\/#website\"},\"datePublished\":\"2021-12-30T19:51:34+00:00\",\"dateModified\":\"2021-12-30T19:51:40+00:00\",\"breadcrumb\":{\"@id\":\"https:\\\/\\\/lospoliticosveracruz.com\\\/?p=83995#breadcrumb\"},\"inLanguage\":\"es\",\"potentialAction\":[{\"@type\":\"ReadAction\",\"target\":[\"https:\\\/\\\/lospoliticosveracruz.com\\\/?p=83995\"]}]},{\"@type\":\"BreadcrumbList\",\"@id\":\"https:\\\/\\\/lospoliticosveracruz.com\\\/?p=83995#breadcrumb\",\"itemListElement\":[{\"@type\":\"ListItem\",\"position\":1,\"name\":\"Portada\",\"item\":\"https:\\\/\\\/lospoliticosveracruz.com\\\/\"},{\"@type\":\"ListItem\",\"position\":2,\"name\":\"El equipo de Paty!\"}]},{\"@type\":\"WebSite\",\"@id\":\"https:\\\/\\\/lospoliticosveracruz.com\\\/#website\",\"url\":\"https:\\\/\\\/lospoliticosveracruz.com\\\/\",\"name\":\"Los pol\u00edticos Veracruz\",\"description\":\"\",\"publisher\":{\"@id\":\"https:\\\/\\\/lospoliticosveracruz.com\\\/#organization\"},\"potentialAction\":[{\"@type\":\"SearchAction\",\"target\":{\"@type\":\"EntryPoint\",\"urlTemplate\":\"https:\\\/\\\/lospoliticosveracruz.com\\\/?s={search_term_string}\"},\"query-input\":{\"@type\":\"PropertyValueSpecification\",\"valueRequired\":true,\"valueName\":\"search_term_string\"}}],\"inLanguage\":\"es\"},{\"@type\":\"Organization\",\"@id\":\"https:\\\/\\\/lospoliticosveracruz.com\\\/#organization\",\"name\":\"Los pol\u00edticos Veracruz\",\"url\":\"https:\\\/\\\/lospoliticosveracruz.com\\\/\",\"logo\":{\"@type\":\"ImageObject\",\"inLanguage\":\"es\",\"@id\":\"https:\\\/\\\/lospoliticosveracruz.com\\\/#\\\/schema\\\/logo\\\/image\\\/\",\"url\":\"https:\\\/\\\/lospoliticosveracruz.com\\\/wp-content\\\/uploads\\\/2025\\\/12\\\/Logo-Nuevo-LOS-POLITICOS-1.jpg\",\"contentUrl\":\"https:\\\/\\\/lospoliticosveracruz.com\\\/wp-content\\\/uploads\\\/2025\\\/12\\\/Logo-Nuevo-LOS-POLITICOS-1.jpg\",\"width\":260,\"height\":70,\"caption\":\"Los pol\u00edticos Veracruz\"},\"image\":{\"@id\":\"https:\\\/\\\/lospoliticosveracruz.com\\\/#\\\/schema\\\/logo\\\/image\\\/\"},\"sameAs\":[\"https:\\\/\\\/www.facebook.com\\\/people\\\/Notimemes-de-los-Polticos\\\/61565672886568\\\/\",\"https:\\\/\\\/x.com\\\/LosPoliticosVer\"]},{\"@type\":\"Person\",\"@id\":\"https:\\\/\\\/lospoliticosveracruz.com\\\/#\\\/schema\\\/person\\\/b8702bb0e538456e6efd07080bf2a4a2\",\"name\":\"Lo viste en Los Pol\u00edticos\",\"image\":{\"@type\":\"ImageObject\",\"inLanguage\":\"es\",\"@id\":\"https:\\\/\\\/secure.gravatar.com\\\/avatar\\\/3a8de04a2656d44082be478bd6c086daa447c4651605818287b9532d3d0bd435?s=96&d=mm&r=g\",\"url\":\"https:\\\/\\\/secure.gravatar.com\\\/avatar\\\/3a8de04a2656d44082be478bd6c086daa447c4651605818287b9532d3d0bd435?s=96&d=mm&r=g\",\"contentUrl\":\"https:\\\/\\\/secure.gravatar.com\\\/avatar\\\/3a8de04a2656d44082be478bd6c086daa447c4651605818287b9532d3d0bd435?s=96&d=mm&r=g\",\"caption\":\"Lo viste en Los Pol\u00edticos\"},\"url\":\"https:\\\/\\\/lospoliticosveracruz.com\\\/?author=2\"}]}<\/script>\n<!-- \/ Yoast SEO plugin. -->","yoast_head_json":{"title":"El equipo de Paty! - Los pol\u00edticos Veracruz","robots":{"index":"index","follow":"follow","max-snippet":"max-snippet:-1","max-image-preview":"max-image-preview:large","max-video-preview":"max-video-preview:-1"},"canonical":"https:\/\/lospoliticosveracruz.com\/?p=83995","og_locale":"es_ES","og_type":"article","og_title":"El equipo de Paty! - Los pol\u00edticos Veracruz","og_description":"Veracruz La alcaldesa electa del Puerto de Veracruz, Patricia Lobeira de Yunes, realiz\u00f3 la presentaci\u00f3n del equipo de mujeres y hombres que la acompa\u00f1ar\u00e1n en su gran labor y que conformar\u00e1n su Gabinete de Gobierno en el Ayuntamiento porte\u00f1o. Destac\u00f3 que son personas que gracias a su profesionalismo y amor a Veracruz han demostrado estar [&hellip;]","og_url":"https:\/\/lospoliticosveracruz.com\/?p=83995","og_site_name":"Los pol\u00edticos Veracruz","article_publisher":"https:\/\/www.facebook.com\/people\/Notimemes-de-los-Polticos\/61565672886568\/","article_published_time":"2021-12-30T19:51:34+00:00","article_modified_time":"2021-12-30T19:51:40+00:00","og_image":[{"width":200,"height":200,"url":"https:\/\/lospoliticosveracruz.com\/wp-content\/uploads\/2016\/07\/Logo-Dor.jpg","type":"image\/jpeg"}],"author":"Lo viste en Los Pol\u00edticos","twitter_card":"summary_large_image","twitter_creator":"@LosPoliticosVer","twitter_site":"@LosPoliticosVer","twitter_misc":{"Escrito por":"Lo viste en Los Pol\u00edticos","Tiempo de lectura":"4 minutos"},"schema":{"@context":"https:\/\/schema.org","@graph":[{"@type":"Article","@id":"https:\/\/lospoliticosveracruz.com\/?p=83995#article","isPartOf":{"@id":"https:\/\/lospoliticosveracruz.com\/?p=83995"},"author":{"name":"Lo viste en Los Pol\u00edticos","@id":"https:\/\/lospoliticosveracruz.com\/#\/schema\/person\/b8702bb0e538456e6efd07080bf2a4a2"},"headline":"El equipo de Paty!","datePublished":"2021-12-30T19:51:34+00:00","dateModified":"2021-12-30T19:51:40+00:00","mainEntityOfPage":{"@id":"https:\/\/lospoliticosveracruz.com\/?p=83995"},"wordCount":836,"publisher":{"@id":"https:\/\/lospoliticosveracruz.com\/#organization"},"keywords":["Fernando Marti\u0301nez Villican\u0303a","Gabinete de Gobierno","Juan Carlos Saldan\u0303a Mora\u0301n","PAN","Patricia Lobeira Rodr\u00edguez","Pedro Moreno y Bastia\u0301n","PRD","PRI","Veracruz"],"articleSection":["De Boleto"],"inLanguage":"es"},{"@type":"WebPage","@id":"https:\/\/lospoliticosveracruz.com\/?p=83995","url":"https:\/\/lospoliticosveracruz.com\/?p=83995","name":"El equipo de Paty! - Los pol\u00edticos Veracruz","isPartOf":{"@id":"https:\/\/lospoliticosveracruz.com\/#website"},"datePublished":"2021-12-30T19:51:34+00:00","dateModified":"2021-12-30T19:51:40+00:00","breadcrumb":{"@id":"https:\/\/lospoliticosveracruz.com\/?p=83995#breadcrumb"},"inLanguage":"es","potentialAction":[{"@type":"ReadAction","target":["https:\/\/lospoliticosveracruz.com\/?p=83995"]}]},{"@type":"BreadcrumbList","@id":"https:\/\/lospoliticosveracruz.com\/?p=83995#breadcrumb","itemListElement":[{"@type":"ListItem","position":1,"name":"Portada","item":"https:\/\/lospoliticosveracruz.com\/"},{"@type":"ListItem","position":2,"name":"El equipo de Paty!"}]},{"@type":"WebSite","@id":"https:\/\/lospoliticosveracruz.com\/#website","url":"https:\/\/lospoliticosveracruz.com\/","name":"Los pol\u00edticos Veracruz","description":"","publisher":{"@id":"https:\/\/lospoliticosveracruz.com\/#organization"},"potentialAction":[{"@type":"SearchAction","target":{"@type":"EntryPoint","urlTemplate":"https:\/\/lospoliticosveracruz.com\/?s={search_term_string}"},"query-input":{"@type":"PropertyValueSpecification","valueRequired":true,"valueName":"search_term_string"}}],"inLanguage":"es"},{"@type":"Organization","@id":"https:\/\/lospoliticosveracruz.com\/#organization","name":"Los pol\u00edticos Veracruz","url":"https:\/\/lospoliticosveracruz.com\/","logo":{"@type":"ImageObject","inLanguage":"es","@id":"https:\/\/lospoliticosveracruz.com\/#\/schema\/logo\/image\/","url":"https:\/\/lospoliticosveracruz.com\/wp-content\/uploads\/2025\/12\/Logo-Nuevo-LOS-POLITICOS-1.jpg","contentUrl":"https:\/\/lospoliticosveracruz.com\/wp-content\/uploads\/2025\/12\/Logo-Nuevo-LOS-POLITICOS-1.jpg","width":260,"height":70,"caption":"Los pol\u00edticos Veracruz"},"image":{"@id":"https:\/\/lospoliticosveracruz.com\/#\/schema\/logo\/image\/"},"sameAs":["https:\/\/www.facebook.com\/people\/Notimemes-de-los-Polticos\/61565672886568\/","https:\/\/x.com\/LosPoliticosVer"]},{"@type":"Person","@id":"https:\/\/lospoliticosveracruz.com\/#\/schema\/person\/b8702bb0e538456e6efd07080bf2a4a2","name":"Lo viste en Los Pol\u00edticos","image":{"@type":"ImageObject","inLanguage":"es","@id":"https:\/\/secure.gravatar.com\/avatar\/3a8de04a2656d44082be478bd6c086daa447c4651605818287b9532d3d0bd435?s=96&d=mm&r=g","url":"https:\/\/secure.gravatar.com\/avatar\/3a8de04a2656d44082be478bd6c086daa447c4651605818287b9532d3d0bd435?s=96&d=mm&r=g","contentUrl":"https:\/\/secure.gravatar.com\/avatar\/3a8de04a2656d44082be478bd6c086daa447c4651605818287b9532d3d0bd435?s=96&d=mm&r=g","caption":"Lo viste en Los Pol\u00edticos"},"url":"https:\/\/lospoliticosveracruz.com\/?author=2"}]}},"_links":{"self":[{"href":"https:\/\/lospoliticosveracruz.com\/index.php?rest_route=\/wp\/v2\/posts\/83995","targetHints":{"allow":["GET"]}}],"collection":[{"href":"https:\/\/lospoliticosveracruz.com\/index.php?rest_route=\/wp\/v2\/posts"}],"about":[{"href":"https:\/\/lospoliticosveracruz.com\/index.php?rest_route=\/wp\/v2\/types\/post"}],"author":[{"embeddable":true,"href":"https:\/\/lospoliticosveracruz.com\/index.php?rest_route=\/wp\/v2\/users\/2"}],"replies":[{"embeddable":true,"href":"https:\/\/lospoliticosveracruz.com\/index.php?rest_route=%2Fwp%2Fv2%2Fcomments&post=83995"}],"version-history":[{"count":1,"href":"https:\/\/lospoliticosveracruz.com\/index.php?rest_route=\/wp\/v2\/posts\/83995\/revisions"}],"predecessor-version":[{"id":83997,"href":"https:\/\/lospoliticosveracruz.com\/index.php?rest_route=\/wp\/v2\/posts\/83995\/revisions\/83997"}],"wp:attachment":[{"href":"https:\/\/lospoliticosveracruz.com\/index.php?rest_route=%2Fwp%2Fv2%2Fmedia&parent=83995"}],"wp:term":[{"taxonomy":"category","embeddable":true,"href":"https:\/\/lospoliticosveracruz.com\/index.php?rest_route=%2Fwp%2Fv2%2Fcategories&post=83995"},{"taxonomy":"post_tag","embeddable":true,"href":"https:\/\/lospoliticosveracruz.com\/index.php?rest_route=%2Fwp%2Fv2%2Ftags&post=83995"}],"curies":[{"name":"wp","href":"https:\/\/api.w.org\/{rel}","templated":true}]}}