{"id":84279,"date":"2022-01-06T03:15:00","date_gmt":"2022-01-06T09:15:00","guid":{"rendered":"https:\/\/lospoliticosveracruz.com.mx\/?p=84279"},"modified":"2022-01-05T22:23:06","modified_gmt":"2022-01-06T04:23:06","slug":"la-desgracia-del-jarocho","status":"publish","type":"post","link":"https:\/\/lospoliticosveracruz.com\/?p=84279","title":{"rendered":"La desgracia del Jarocho"},"content":{"rendered":"\n<p><strong>Salvador Mu\u00f1oz<br><\/strong><em>Los Pol\u00edticos<\/em><\/p>\n\n\n\n<p>\u00bfQu\u00e9 es ser jarocho?<br>Para los del Altiplano o cualquier otro punto del pa\u00eds, el Jarocho es aqu\u00e9l que naci\u00f3 en el estado de Veracruz\u2026 no le importa si eres cuenque\u00f1o, huasteco, sure\u00f1o o de cualquier punto de alguna de sus sierras\u2026 eres de Tuxpan, Veracruz: \u00a1Jarocho! Eres de Maltrata, Veracruz: \u00a1Jarocho! Eres de Acayucan o de Catemaco y adem\u00e1s tienes un acento peculiar: \u00a1Jarocho! Peor tantito: eres prieto, moreno, negro, con excepci\u00f3n de Bola 8 que es de Baja California: \u00a1Eres Jarocho!<\/p>\n\n\n\n<div class=\"wp-block-image\"><figure class=\"alignleft size-large is-resized\"><a href=\"https:\/\/lospoliticosveracruz.com.mx\/wp-content\/uploads\/2021\/10\/WhatsApp-Image-2021-10-02-at-15.20.25.jpeg\"><img loading=\"lazy\" decoding=\"async\" src=\"https:\/\/lospoliticosveracruz.com.mx\/wp-content\/uploads\/2021\/10\/WhatsApp-Image-2021-10-02-at-15.20.25-724x1024.jpeg\" alt=\"\" class=\"wp-image-80177\" width=\"250\" height=\"350\"\/><\/a><\/figure><\/div>\n\n\n\n<p><br>El veredicto externo es contundente como in\u00fatil es tratar de explicar al chilango, al regio, al yucateco o a quien usted quiera, que ese gentilicio, Jarocho, s\u00f3lo es aplicado a los nacidos en la regi\u00f3n del Sotavento del estado de Veracruz.<br>Pero el Ser Jarocho no implica s\u00f3lo un punto geogr\u00e1fico en la vasta regi\u00f3n veracruzana\u2026 sin temor a prolong\u00e1rmela, estoy seguro que tanto fuera de la entidad as\u00ed como del pa\u00eds, a los Jarochos nos ve\u00edan como a un ser especial lleno de alegr\u00eda, de baile, de ingenio, de picard\u00eda y a la vez de sabidur\u00eda; una forma de filosof\u00eda con voz de canto; un estado de \u00e1nimo que a\u00fan dentro de la tristeza, hay una chispa de frescura; con esa generosidad para el hermano, para el primo, \u00a1para el cu\u00f1ao! \u00a1el pariente! \u00a1el t\u00edo! porque un jarocho te hace parte de su familia\u2026<br>Un jarocho era poeta que en el aire las compon\u00eda, fuera con arpa, con guitarra, con jarana o a capella\u2026 ten\u00eda el don de que le dabas una palabra \u00a1y te la rimaba!<br>Bailaba zapateado, bailaba huapango, bailaba fandango, bailaba danz\u00f3n y si te descuidabas, te llevaba al baile\u2026<br>\u00a1Vamos! Ser jarocho era un pinche privilegio por cualquier lado que se le viera\u2026 inteligente, p\u00edcaro, dicharachero, cantador, so\u00f1ador, culto y sabio, pero sobre todo alegre\u2026<br>S\u00ed, les digo que as\u00ed era el Ser Jarocho hasta que tres sucesos en este siglo vinieron a darnos en toda la madre!<br>El primer suceso fue Javier Duarte de Ochoa\u2026 este gobernador veracruzano era conocido en el altiplano como \u201cel Rata\u201d\u2026 el taxista, el pariente de la Ciudad de M\u00e9xico, el conocido, estaba \u201cmaravillado\u201d de c\u00f3mo este veracruzano \u201cse ching\u00f3\u201d tanta lana y a tanto mundo\u2026 \u00a1pinche pena ajena!<br>El segundo suceso fue la sucesi\u00f3n gubernamental donde hab\u00eda varios precandidatos con el apellido Yunes, y si no, senadores, y si no, diputados, y si no, presidentes municipales\u2026 la pregunta recurrente era si no hab\u00eda otra familia en Veracruz que no fuera Yunes\u2026 dicho sea de paso, quiz\u00e1s entra este suceso m\u00e1s para el anecdotario que para la desgracia.<br>El tercer suceso es el m\u00e1s reciente y creo que es el m\u00e1s doloroso\u2026 \u00a1haga la prueba con alguno de sus amigos de la Ciudad de M\u00e9xico, del Estado de M\u00e9xico, del Baj\u00edo, del Norte! Con Cuitl\u00e1huac Garc\u00eda, hoy, fuera del estado de Veracruz, se hacen esta pregunta: \u00bfQu\u00e9 son tan pendejos los veracruzanos para haber votado por este sujeto?<br>(En un \u00e1nimo por defender el orgullo de ser veracruzano o jarocho \u2013les digo que a nuestros amigos de otros puntos del pa\u00eds les vale un sorbete y a todos nos dicen \u201cJarochos\u201d\u2013 sostengo que Veracruz simplemente paga el precio de la democracia)<br>Lo terrible es la generalizaci\u00f3n que se hace de algo tan sagrado como es el ser Jarocho \u2013el ser veracruzano\u2013 luego de que un sujeto esboza una sonrisa, una carcajadita que exhibe y expone su ignorancia supina de lo que es la pol\u00edtica, de lo que son las leyes, de lo que son los poderes, de lo que es gobernar, \u00a1el arte de gobernar!<br>Ojal\u00e1 alg\u00fan d\u00eda, volvamos a ser vistos en el escenario nacional como ese personaje inteligente, p\u00edcaro, dicharachero, cantador, so\u00f1ador, culto y sabio, pero sobre todo alegre que hac\u00eda que el ser Jarocho fuera un pinche privilegio que pocos mexicanos pod\u00edan sentir por haber nacido con la luna de plata y con alma de pirata\u2026<\/p>\n\n\n\n<p>smcainito@gmail.com<\/p>\n","protected":false},"excerpt":{"rendered":"<p>Salvador Mu\u00f1ozLos Pol\u00edticos \u00bfQu\u00e9 es ser jarocho?Para los del Altiplano o cualquier otro punto del pa\u00eds, el Jarocho es aqu\u00e9l que naci\u00f3 en el estado de Veracruz\u2026 no le importa si eres cuenque\u00f1o, huasteco, sure\u00f1o o de cualquier punto de alguna de sus sierras\u2026 eres de Tuxpan, Veracruz: \u00a1Jarocho! Eres de Maltrata, Veracruz: \u00a1Jarocho! Eres [&hellip;]<\/p>\n","protected":false},"author":2,"featured_media":0,"comment_status":"closed","ping_status":"closed","sticky":false,"template":"","format":"standard","meta":{"tdm_status":"","tdm_grid_status":"","footnotes":""},"categories":[70],"tags":[1563,260,1026,2646,195],"class_list":{"0":"post-84279","1":"post","2":"type-post","3":"status-publish","4":"format-standard","6":"category-de-opinion","7":"tag-cuitlahuac-garcia-jimenez","8":"tag-javier-duarte-de-ochoa","9":"tag-morena","10":"tag-salvador-munoz","11":"tag-veracruz"},"yoast_head":"<!-- This site is optimized with the Yoast SEO plugin v27.4 - https:\/\/yoast.com\/product\/yoast-seo-wordpress\/ -->\n<title>La desgracia del Jarocho - Los pol\u00edticos Veracruz<\/title>\n<meta name=\"robots\" content=\"index, follow, max-snippet:-1, max-image-preview:large, max-video-preview:-1\" \/>\n<link rel=\"canonical\" href=\"https:\/\/lospoliticosveracruz.com\/?p=84279\" \/>\n<meta property=\"og:locale\" content=\"es_ES\" \/>\n<meta property=\"og:type\" content=\"article\" \/>\n<meta property=\"og:title\" content=\"La desgracia del Jarocho - Los pol\u00edticos Veracruz\" \/>\n<meta property=\"og:description\" content=\"Salvador Mu\u00f1ozLos Pol\u00edticos \u00bfQu\u00e9 es ser jarocho?Para los del Altiplano o cualquier otro punto del pa\u00eds, el Jarocho es aqu\u00e9l que naci\u00f3 en el estado de Veracruz\u2026 no le importa si eres cuenque\u00f1o, huasteco, sure\u00f1o o de cualquier punto de alguna de sus sierras\u2026 eres de Tuxpan, Veracruz: \u00a1Jarocho! Eres de Maltrata, Veracruz: \u00a1Jarocho! Eres [&hellip;]\" \/>\n<meta property=\"og:url\" content=\"https:\/\/lospoliticosveracruz.com\/?p=84279\" \/>\n<meta property=\"og:site_name\" content=\"Los pol\u00edticos Veracruz\" \/>\n<meta property=\"article:publisher\" content=\"https:\/\/www.facebook.com\/people\/Notimemes-de-los-Polticos\/61565672886568\/\" \/>\n<meta property=\"article:published_time\" content=\"2022-01-06T09:15:00+00:00\" \/>\n<meta property=\"og:image\" content=\"https:\/\/lospoliticosveracruz.com.mx\/wp-content\/uploads\/2021\/10\/WhatsApp-Image-2021-10-02-at-15.20.25-724x1024.jpeg\" \/>\n<meta name=\"author\" content=\"Lo viste en Los Pol\u00edticos\" \/>\n<meta name=\"twitter:card\" content=\"summary_large_image\" \/>\n<meta name=\"twitter:creator\" content=\"@LosPoliticosVer\" \/>\n<meta name=\"twitter:site\" content=\"@LosPoliticosVer\" \/>\n<meta name=\"twitter:label1\" content=\"Escrito por\" \/>\n\t<meta name=\"twitter:data1\" content=\"Lo viste en Los Pol\u00edticos\" \/>\n\t<meta name=\"twitter:label2\" content=\"Tiempo de lectura\" \/>\n\t<meta name=\"twitter:data2\" content=\"4 minutos\" \/>\n<script type=\"application\/ld+json\" class=\"yoast-schema-graph\">{\"@context\":\"https:\\\/\\\/schema.org\",\"@graph\":[{\"@type\":\"Article\",\"@id\":\"https:\\\/\\\/lospoliticosveracruz.com\\\/?p=84279#article\",\"isPartOf\":{\"@id\":\"https:\\\/\\\/lospoliticosveracruz.com\\\/?p=84279\"},\"author\":{\"name\":\"Lo viste en Los Pol\u00edticos\",\"@id\":\"https:\\\/\\\/lospoliticosveracruz.com\\\/#\\\/schema\\\/person\\\/b8702bb0e538456e6efd07080bf2a4a2\"},\"headline\":\"La desgracia del Jarocho\",\"datePublished\":\"2022-01-06T09:15:00+00:00\",\"mainEntityOfPage\":{\"@id\":\"https:\\\/\\\/lospoliticosveracruz.com\\\/?p=84279\"},\"wordCount\":715,\"publisher\":{\"@id\":\"https:\\\/\\\/lospoliticosveracruz.com\\\/#organization\"},\"image\":{\"@id\":\"https:\\\/\\\/lospoliticosveracruz.com\\\/?p=84279#primaryimage\"},\"thumbnailUrl\":\"https:\\\/\\\/lospoliticosveracruz.com.mx\\\/wp-content\\\/uploads\\\/2021\\\/10\\\/WhatsApp-Image-2021-10-02-at-15.20.25-724x1024.jpeg\",\"keywords\":[\"Cuitl\u00e1huac Garc\u00eda Jim\u00e9nez\",\"Javier Duarte de Ochoa\",\"Morena\",\"Salvador Mu\u00f1oz\",\"Veracruz\"],\"articleSection\":[\"De Opini\u00f3n\"],\"inLanguage\":\"es\"},{\"@type\":\"WebPage\",\"@id\":\"https:\\\/\\\/lospoliticosveracruz.com\\\/?p=84279\",\"url\":\"https:\\\/\\\/lospoliticosveracruz.com\\\/?p=84279\",\"name\":\"La desgracia del Jarocho - Los pol\u00edticos Veracruz\",\"isPartOf\":{\"@id\":\"https:\\\/\\\/lospoliticosveracruz.com\\\/#website\"},\"primaryImageOfPage\":{\"@id\":\"https:\\\/\\\/lospoliticosveracruz.com\\\/?p=84279#primaryimage\"},\"image\":{\"@id\":\"https:\\\/\\\/lospoliticosveracruz.com\\\/?p=84279#primaryimage\"},\"thumbnailUrl\":\"https:\\\/\\\/lospoliticosveracruz.com.mx\\\/wp-content\\\/uploads\\\/2021\\\/10\\\/WhatsApp-Image-2021-10-02-at-15.20.25-724x1024.jpeg\",\"datePublished\":\"2022-01-06T09:15:00+00:00\",\"breadcrumb\":{\"@id\":\"https:\\\/\\\/lospoliticosveracruz.com\\\/?p=84279#breadcrumb\"},\"inLanguage\":\"es\",\"potentialAction\":[{\"@type\":\"ReadAction\",\"target\":[\"https:\\\/\\\/lospoliticosveracruz.com\\\/?p=84279\"]}]},{\"@type\":\"ImageObject\",\"inLanguage\":\"es\",\"@id\":\"https:\\\/\\\/lospoliticosveracruz.com\\\/?p=84279#primaryimage\",\"url\":\"https:\\\/\\\/lospoliticosveracruz.com.mx\\\/wp-content\\\/uploads\\\/2021\\\/10\\\/WhatsApp-Image-2021-10-02-at-15.20.25-724x1024.jpeg\",\"contentUrl\":\"https:\\\/\\\/lospoliticosveracruz.com.mx\\\/wp-content\\\/uploads\\\/2021\\\/10\\\/WhatsApp-Image-2021-10-02-at-15.20.25-724x1024.jpeg\"},{\"@type\":\"BreadcrumbList\",\"@id\":\"https:\\\/\\\/lospoliticosveracruz.com\\\/?p=84279#breadcrumb\",\"itemListElement\":[{\"@type\":\"ListItem\",\"position\":1,\"name\":\"Portada\",\"item\":\"https:\\\/\\\/lospoliticosveracruz.com\\\/\"},{\"@type\":\"ListItem\",\"position\":2,\"name\":\"La desgracia del Jarocho\"}]},{\"@type\":\"WebSite\",\"@id\":\"https:\\\/\\\/lospoliticosveracruz.com\\\/#website\",\"url\":\"https:\\\/\\\/lospoliticosveracruz.com\\\/\",\"name\":\"Los pol\u00edticos Veracruz\",\"description\":\"\",\"publisher\":{\"@id\":\"https:\\\/\\\/lospoliticosveracruz.com\\\/#organization\"},\"potentialAction\":[{\"@type\":\"SearchAction\",\"target\":{\"@type\":\"EntryPoint\",\"urlTemplate\":\"https:\\\/\\\/lospoliticosveracruz.com\\\/?s={search_term_string}\"},\"query-input\":{\"@type\":\"PropertyValueSpecification\",\"valueRequired\":true,\"valueName\":\"search_term_string\"}}],\"inLanguage\":\"es\"},{\"@type\":\"Organization\",\"@id\":\"https:\\\/\\\/lospoliticosveracruz.com\\\/#organization\",\"name\":\"Los pol\u00edticos Veracruz\",\"url\":\"https:\\\/\\\/lospoliticosveracruz.com\\\/\",\"logo\":{\"@type\":\"ImageObject\",\"inLanguage\":\"es\",\"@id\":\"https:\\\/\\\/lospoliticosveracruz.com\\\/#\\\/schema\\\/logo\\\/image\\\/\",\"url\":\"https:\\\/\\\/lospoliticosveracruz.com\\\/wp-content\\\/uploads\\\/2025\\\/12\\\/Logo-Nuevo-LOS-POLITICOS-1.jpg\",\"contentUrl\":\"https:\\\/\\\/lospoliticosveracruz.com\\\/wp-content\\\/uploads\\\/2025\\\/12\\\/Logo-Nuevo-LOS-POLITICOS-1.jpg\",\"width\":260,\"height\":70,\"caption\":\"Los pol\u00edticos Veracruz\"},\"image\":{\"@id\":\"https:\\\/\\\/lospoliticosveracruz.com\\\/#\\\/schema\\\/logo\\\/image\\\/\"},\"sameAs\":[\"https:\\\/\\\/www.facebook.com\\\/people\\\/Notimemes-de-los-Polticos\\\/61565672886568\\\/\",\"https:\\\/\\\/x.com\\\/LosPoliticosVer\"]},{\"@type\":\"Person\",\"@id\":\"https:\\\/\\\/lospoliticosveracruz.com\\\/#\\\/schema\\\/person\\\/b8702bb0e538456e6efd07080bf2a4a2\",\"name\":\"Lo viste en Los Pol\u00edticos\",\"image\":{\"@type\":\"ImageObject\",\"inLanguage\":\"es\",\"@id\":\"https:\\\/\\\/secure.gravatar.com\\\/avatar\\\/3a8de04a2656d44082be478bd6c086daa447c4651605818287b9532d3d0bd435?s=96&d=mm&r=g\",\"url\":\"https:\\\/\\\/secure.gravatar.com\\\/avatar\\\/3a8de04a2656d44082be478bd6c086daa447c4651605818287b9532d3d0bd435?s=96&d=mm&r=g\",\"contentUrl\":\"https:\\\/\\\/secure.gravatar.com\\\/avatar\\\/3a8de04a2656d44082be478bd6c086daa447c4651605818287b9532d3d0bd435?s=96&d=mm&r=g\",\"caption\":\"Lo viste en Los Pol\u00edticos\"},\"url\":\"https:\\\/\\\/lospoliticosveracruz.com\\\/?author=2\"}]}<\/script>\n<!-- \/ Yoast SEO plugin. -->","yoast_head_json":{"title":"La desgracia del Jarocho - Los pol\u00edticos Veracruz","robots":{"index":"index","follow":"follow","max-snippet":"max-snippet:-1","max-image-preview":"max-image-preview:large","max-video-preview":"max-video-preview:-1"},"canonical":"https:\/\/lospoliticosveracruz.com\/?p=84279","og_locale":"es_ES","og_type":"article","og_title":"La desgracia del Jarocho - Los pol\u00edticos Veracruz","og_description":"Salvador Mu\u00f1ozLos Pol\u00edticos \u00bfQu\u00e9 es ser jarocho?Para los del Altiplano o cualquier otro punto del pa\u00eds, el Jarocho es aqu\u00e9l que naci\u00f3 en el estado de Veracruz\u2026 no le importa si eres cuenque\u00f1o, huasteco, sure\u00f1o o de cualquier punto de alguna de sus sierras\u2026 eres de Tuxpan, Veracruz: \u00a1Jarocho! Eres de Maltrata, Veracruz: \u00a1Jarocho! Eres [&hellip;]","og_url":"https:\/\/lospoliticosveracruz.com\/?p=84279","og_site_name":"Los pol\u00edticos Veracruz","article_publisher":"https:\/\/www.facebook.com\/people\/Notimemes-de-los-Polticos\/61565672886568\/","article_published_time":"2022-01-06T09:15:00+00:00","og_image":[{"url":"https:\/\/lospoliticosveracruz.com.mx\/wp-content\/uploads\/2021\/10\/WhatsApp-Image-2021-10-02-at-15.20.25-724x1024.jpeg","type":"","width":"","height":""}],"author":"Lo viste en Los Pol\u00edticos","twitter_card":"summary_large_image","twitter_creator":"@LosPoliticosVer","twitter_site":"@LosPoliticosVer","twitter_misc":{"Escrito por":"Lo viste en Los Pol\u00edticos","Tiempo de lectura":"4 minutos"},"schema":{"@context":"https:\/\/schema.org","@graph":[{"@type":"Article","@id":"https:\/\/lospoliticosveracruz.com\/?p=84279#article","isPartOf":{"@id":"https:\/\/lospoliticosveracruz.com\/?p=84279"},"author":{"name":"Lo viste en Los Pol\u00edticos","@id":"https:\/\/lospoliticosveracruz.com\/#\/schema\/person\/b8702bb0e538456e6efd07080bf2a4a2"},"headline":"La desgracia del Jarocho","datePublished":"2022-01-06T09:15:00+00:00","mainEntityOfPage":{"@id":"https:\/\/lospoliticosveracruz.com\/?p=84279"},"wordCount":715,"publisher":{"@id":"https:\/\/lospoliticosveracruz.com\/#organization"},"image":{"@id":"https:\/\/lospoliticosveracruz.com\/?p=84279#primaryimage"},"thumbnailUrl":"https:\/\/lospoliticosveracruz.com.mx\/wp-content\/uploads\/2021\/10\/WhatsApp-Image-2021-10-02-at-15.20.25-724x1024.jpeg","keywords":["Cuitl\u00e1huac Garc\u00eda Jim\u00e9nez","Javier Duarte de Ochoa","Morena","Salvador Mu\u00f1oz","Veracruz"],"articleSection":["De Opini\u00f3n"],"inLanguage":"es"},{"@type":"WebPage","@id":"https:\/\/lospoliticosveracruz.com\/?p=84279","url":"https:\/\/lospoliticosveracruz.com\/?p=84279","name":"La desgracia del Jarocho - Los pol\u00edticos Veracruz","isPartOf":{"@id":"https:\/\/lospoliticosveracruz.com\/#website"},"primaryImageOfPage":{"@id":"https:\/\/lospoliticosveracruz.com\/?p=84279#primaryimage"},"image":{"@id":"https:\/\/lospoliticosveracruz.com\/?p=84279#primaryimage"},"thumbnailUrl":"https:\/\/lospoliticosveracruz.com.mx\/wp-content\/uploads\/2021\/10\/WhatsApp-Image-2021-10-02-at-15.20.25-724x1024.jpeg","datePublished":"2022-01-06T09:15:00+00:00","breadcrumb":{"@id":"https:\/\/lospoliticosveracruz.com\/?p=84279#breadcrumb"},"inLanguage":"es","potentialAction":[{"@type":"ReadAction","target":["https:\/\/lospoliticosveracruz.com\/?p=84279"]}]},{"@type":"ImageObject","inLanguage":"es","@id":"https:\/\/lospoliticosveracruz.com\/?p=84279#primaryimage","url":"https:\/\/lospoliticosveracruz.com.mx\/wp-content\/uploads\/2021\/10\/WhatsApp-Image-2021-10-02-at-15.20.25-724x1024.jpeg","contentUrl":"https:\/\/lospoliticosveracruz.com.mx\/wp-content\/uploads\/2021\/10\/WhatsApp-Image-2021-10-02-at-15.20.25-724x1024.jpeg"},{"@type":"BreadcrumbList","@id":"https:\/\/lospoliticosveracruz.com\/?p=84279#breadcrumb","itemListElement":[{"@type":"ListItem","position":1,"name":"Portada","item":"https:\/\/lospoliticosveracruz.com\/"},{"@type":"ListItem","position":2,"name":"La desgracia del Jarocho"}]},{"@type":"WebSite","@id":"https:\/\/lospoliticosveracruz.com\/#website","url":"https:\/\/lospoliticosveracruz.com\/","name":"Los pol\u00edticos Veracruz","description":"","publisher":{"@id":"https:\/\/lospoliticosveracruz.com\/#organization"},"potentialAction":[{"@type":"SearchAction","target":{"@type":"EntryPoint","urlTemplate":"https:\/\/lospoliticosveracruz.com\/?s={search_term_string}"},"query-input":{"@type":"PropertyValueSpecification","valueRequired":true,"valueName":"search_term_string"}}],"inLanguage":"es"},{"@type":"Organization","@id":"https:\/\/lospoliticosveracruz.com\/#organization","name":"Los pol\u00edticos Veracruz","url":"https:\/\/lospoliticosveracruz.com\/","logo":{"@type":"ImageObject","inLanguage":"es","@id":"https:\/\/lospoliticosveracruz.com\/#\/schema\/logo\/image\/","url":"https:\/\/lospoliticosveracruz.com\/wp-content\/uploads\/2025\/12\/Logo-Nuevo-LOS-POLITICOS-1.jpg","contentUrl":"https:\/\/lospoliticosveracruz.com\/wp-content\/uploads\/2025\/12\/Logo-Nuevo-LOS-POLITICOS-1.jpg","width":260,"height":70,"caption":"Los pol\u00edticos Veracruz"},"image":{"@id":"https:\/\/lospoliticosveracruz.com\/#\/schema\/logo\/image\/"},"sameAs":["https:\/\/www.facebook.com\/people\/Notimemes-de-los-Polticos\/61565672886568\/","https:\/\/x.com\/LosPoliticosVer"]},{"@type":"Person","@id":"https:\/\/lospoliticosveracruz.com\/#\/schema\/person\/b8702bb0e538456e6efd07080bf2a4a2","name":"Lo viste en Los Pol\u00edticos","image":{"@type":"ImageObject","inLanguage":"es","@id":"https:\/\/secure.gravatar.com\/avatar\/3a8de04a2656d44082be478bd6c086daa447c4651605818287b9532d3d0bd435?s=96&d=mm&r=g","url":"https:\/\/secure.gravatar.com\/avatar\/3a8de04a2656d44082be478bd6c086daa447c4651605818287b9532d3d0bd435?s=96&d=mm&r=g","contentUrl":"https:\/\/secure.gravatar.com\/avatar\/3a8de04a2656d44082be478bd6c086daa447c4651605818287b9532d3d0bd435?s=96&d=mm&r=g","caption":"Lo viste en Los Pol\u00edticos"},"url":"https:\/\/lospoliticosveracruz.com\/?author=2"}]}},"_links":{"self":[{"href":"https:\/\/lospoliticosveracruz.com\/index.php?rest_route=\/wp\/v2\/posts\/84279","targetHints":{"allow":["GET"]}}],"collection":[{"href":"https:\/\/lospoliticosveracruz.com\/index.php?rest_route=\/wp\/v2\/posts"}],"about":[{"href":"https:\/\/lospoliticosveracruz.com\/index.php?rest_route=\/wp\/v2\/types\/post"}],"author":[{"embeddable":true,"href":"https:\/\/lospoliticosveracruz.com\/index.php?rest_route=\/wp\/v2\/users\/2"}],"replies":[{"embeddable":true,"href":"https:\/\/lospoliticosveracruz.com\/index.php?rest_route=%2Fwp%2Fv2%2Fcomments&post=84279"}],"version-history":[{"count":1,"href":"https:\/\/lospoliticosveracruz.com\/index.php?rest_route=\/wp\/v2\/posts\/84279\/revisions"}],"predecessor-version":[{"id":84281,"href":"https:\/\/lospoliticosveracruz.com\/index.php?rest_route=\/wp\/v2\/posts\/84279\/revisions\/84281"}],"wp:attachment":[{"href":"https:\/\/lospoliticosveracruz.com\/index.php?rest_route=%2Fwp%2Fv2%2Fmedia&parent=84279"}],"wp:term":[{"taxonomy":"category","embeddable":true,"href":"https:\/\/lospoliticosveracruz.com\/index.php?rest_route=%2Fwp%2Fv2%2Fcategories&post=84279"},{"taxonomy":"post_tag","embeddable":true,"href":"https:\/\/lospoliticosveracruz.com\/index.php?rest_route=%2Fwp%2Fv2%2Ftags&post=84279"}],"curies":[{"name":"wp","href":"https:\/\/api.w.org\/{rel}","templated":true}]}}