{"id":84303,"date":"2022-01-06T11:01:46","date_gmt":"2022-01-06T17:01:46","guid":{"rendered":"https:\/\/lospoliticosveracruz.com.mx\/?p=84303"},"modified":"2022-01-06T11:29:15","modified_gmt":"2022-01-06T17:29:15","slug":"lino-se-llevo-todo","status":"publish","type":"post","link":"https:\/\/lospoliticosveracruz.com\/?p=84303","title":{"rendered":"Lino se llev\u00f3 todo!"},"content":{"rendered":"\n<p><strong>Enrique Yasser Pompeyo<br><\/strong><em>Xalapa<\/em><\/p>\n\n\n\n<p>El alcalde de Las Vigas, Jos\u00e9 de Jes\u00fas Landa Hern\u00e1ndez denunci\u00f3 presuntas irregularidades de la administraci\u00f3n anterior, por lo que interpondr\u00e1 las denuncias correspondientes.<\/p>\n\n\n\n<p>\u00abLa administraci\u00f3n de Lino Cruz Romero y cabildo, probablemente incurri\u00f3 en una discriminaci\u00f3n (sic) al haber omitido deliberadamente pagar la segunda quincena y bono navide\u00f1o por m\u00e1s de un mill\u00f3n 240 mil pesos, castigando a los empleados municipales y dej\u00e1ndolos sin fiestas navide\u00f1as\u00bb, dijo.<\/p>\n\n\n\n<p>Asimismo, se\u00f1al\u00f3 que privilegi\u00f3 cubrir a acreedores de \u00abforma tendenciosa y negligente, observ\u00e1ndose no s\u00f3lo negligencia sino un abuso de autoridad\u00bb.<\/p>\n\n\n\n<p>El alcalde precis\u00f3 que la indicaci\u00f3n de la Secretar\u00eda de Finanzas era que si hab\u00eda cheques en tr\u00e1nsito deber\u00edan ser cancelados, pero no se hizo.<\/p>\n\n\n\n<p>\u00abHaciendo una revisi\u00f3n r\u00e1pida hemos encontrado que tenemos ese tipo de anomal\u00edas\u00bb, agreg\u00f3.<\/p>\n\n\n\n<p>Por ello acus\u00f3 a sus antecesores de ser desleales con el pueblo vigue\u00f1o al realizar una administraci\u00f3n deficiente y tambi\u00e9n hicieron desv\u00edos federales en perjuicio de la hacienda p\u00fablica al no haber enterado del impuesto del ISR por un total de 219 mil 232 pesos, m\u00e1s recargos.<\/p>\n\n\n\n<p>\u00abFueron irresponsables al no haber pagado desde 2019 el impuesto del 3 por ciento a la nomina, generando posibles cr\u00e9ditos injustificados en perjuicio del Ayuntamiento, vislumbrando una ineptitud como servidores p\u00fablicos y deslealtad\u00bb.<\/p>\n\n\n\n<p>Por lo anterior, coment\u00f3 que se observa tambi\u00e9n una serie de acciones de posible naturaleza ilegal, \u00abes evidente que nunca les import\u00f3 el bien de Las Vigas y su gente, sino \u00fanicamente enriquecerse\u00bb.<\/p>\n\n\n\n<p>Adem\u00e1s, indic\u00f3 que el parque vehicular se encuentra en mal estado, \u00abnos dejaron veh\u00edculos chatarra, nos referimos al \u00e1rea de seguridad p\u00fablica, son cuatro motos, no sirven, s\u00f3lo est\u00e1n ah\u00ed los cascarones, solo contamos con una patrulla no en buenas condiciones\u00bb.<\/p>\n\n\n\n<p>Tampoco entregaron inventarios, papeler\u00eda ni mobiliario, \u00ablas instalaciones no son funcionales y no aparecen computadoras\u00bb.<\/p>\n\n\n\n<p>Tambi\u00e9n denunci\u00f3 que el ex alcalde Lino Cruz Romero aument\u00f3 el impuesto predial sin un an\u00e1lisis adecuado.<\/p>\n\n\n\n<p>Aunado a ello, dej\u00f3 las bodegas vac\u00edas, sin cobijas, despensas, ni colchones para apoyar a la poblaci\u00f3n vulnerable.<\/p>\n","protected":false},"excerpt":{"rendered":"<p>Enrique Yasser PompeyoXalapa El alcalde de Las Vigas, Jos\u00e9 de Jes\u00fas Landa Hern\u00e1ndez denunci\u00f3 presuntas irregularidades de la administraci\u00f3n anterior, por lo que interpondr\u00e1 las denuncias correspondientes. \u00abLa administraci\u00f3n de Lino Cruz Romero y cabildo, probablemente incurri\u00f3 en una discriminaci\u00f3n (sic) al haber omitido deliberadamente pagar la segunda quincena y bono navide\u00f1o por m\u00e1s de [&hellip;]<\/p>\n","protected":false},"author":2,"featured_media":0,"comment_status":"closed","ping_status":"closed","sticky":false,"template":"","format":"standard","meta":{"tdm_status":"","tdm_grid_status":"","footnotes":""},"categories":[6446],"tags":[15477,31695,4146,31822],"class_list":{"0":"post-84303","1":"post","2":"type-post","3":"status-publish","4":"format-standard","6":"category-la-nota","7":"tag-enrique-yasser-pompeyo","8":"tag-jose-de-jesus-landa-hernandez","9":"tag-las-vigas","10":"tag-lino-cruz-romero"},"yoast_head":"<!-- This site is optimized with the Yoast SEO plugin v27.4 - https:\/\/yoast.com\/product\/yoast-seo-wordpress\/ -->\n<title>Lino se llev\u00f3 todo! - Los pol\u00edticos Veracruz<\/title>\n<meta name=\"robots\" content=\"index, follow, max-snippet:-1, max-image-preview:large, max-video-preview:-1\" \/>\n<link rel=\"canonical\" href=\"https:\/\/lospoliticosveracruz.com\/?p=84303\" \/>\n<meta property=\"og:locale\" content=\"es_ES\" \/>\n<meta property=\"og:type\" content=\"article\" \/>\n<meta property=\"og:title\" content=\"Lino se llev\u00f3 todo! - Los pol\u00edticos Veracruz\" \/>\n<meta property=\"og:description\" content=\"Enrique Yasser PompeyoXalapa El alcalde de Las Vigas, Jos\u00e9 de Jes\u00fas Landa Hern\u00e1ndez denunci\u00f3 presuntas irregularidades de la administraci\u00f3n anterior, por lo que interpondr\u00e1 las denuncias correspondientes. \u00abLa administraci\u00f3n de Lino Cruz Romero y cabildo, probablemente incurri\u00f3 en una discriminaci\u00f3n (sic) al haber omitido deliberadamente pagar la segunda quincena y bono navide\u00f1o por m\u00e1s de [&hellip;]\" \/>\n<meta property=\"og:url\" content=\"https:\/\/lospoliticosveracruz.com\/?p=84303\" \/>\n<meta property=\"og:site_name\" content=\"Los pol\u00edticos Veracruz\" \/>\n<meta property=\"article:publisher\" content=\"https:\/\/www.facebook.com\/people\/Notimemes-de-los-Polticos\/61565672886568\/\" \/>\n<meta property=\"article:published_time\" content=\"2022-01-06T17:01:46+00:00\" \/>\n<meta property=\"article:modified_time\" content=\"2022-01-06T17:29:15+00:00\" \/>\n<meta property=\"og:image\" content=\"https:\/\/lospoliticosveracruz.com\/wp-content\/uploads\/2016\/07\/Logo-Dor.jpg\" \/>\n\t<meta property=\"og:image:width\" content=\"200\" \/>\n\t<meta property=\"og:image:height\" content=\"200\" \/>\n\t<meta property=\"og:image:type\" content=\"image\/jpeg\" \/>\n<meta name=\"author\" content=\"Lo viste en Los Pol\u00edticos\" \/>\n<meta name=\"twitter:card\" content=\"summary_large_image\" \/>\n<meta name=\"twitter:creator\" content=\"@LosPoliticosVer\" \/>\n<meta name=\"twitter:site\" content=\"@LosPoliticosVer\" \/>\n<meta name=\"twitter:label1\" content=\"Escrito por\" \/>\n\t<meta name=\"twitter:data1\" content=\"Lo viste en Los Pol\u00edticos\" \/>\n\t<meta name=\"twitter:label2\" content=\"Tiempo de lectura\" \/>\n\t<meta name=\"twitter:data2\" content=\"2 minutos\" \/>\n<script type=\"application\/ld+json\" class=\"yoast-schema-graph\">{\"@context\":\"https:\\\/\\\/schema.org\",\"@graph\":[{\"@type\":\"Article\",\"@id\":\"https:\\\/\\\/lospoliticosveracruz.com\\\/?p=84303#article\",\"isPartOf\":{\"@id\":\"https:\\\/\\\/lospoliticosveracruz.com\\\/?p=84303\"},\"author\":{\"name\":\"Lo viste en Los Pol\u00edticos\",\"@id\":\"https:\\\/\\\/lospoliticosveracruz.com\\\/#\\\/schema\\\/person\\\/b8702bb0e538456e6efd07080bf2a4a2\"},\"headline\":\"Lino se llev\u00f3 todo!\",\"datePublished\":\"2022-01-06T17:01:46+00:00\",\"dateModified\":\"2022-01-06T17:29:15+00:00\",\"mainEntityOfPage\":{\"@id\":\"https:\\\/\\\/lospoliticosveracruz.com\\\/?p=84303\"},\"wordCount\":374,\"publisher\":{\"@id\":\"https:\\\/\\\/lospoliticosveracruz.com\\\/#organization\"},\"keywords\":[\"Enrique Yasser Pompeyo\",\"Jos\u00e9 de Jes\u00fas Landa Hern\u00e1ndez\",\"Las Vigas\",\"Lino Cruz Romero\"],\"articleSection\":[\"La Nota\"],\"inLanguage\":\"es\"},{\"@type\":\"WebPage\",\"@id\":\"https:\\\/\\\/lospoliticosveracruz.com\\\/?p=84303\",\"url\":\"https:\\\/\\\/lospoliticosveracruz.com\\\/?p=84303\",\"name\":\"Lino se llev\u00f3 todo! - Los pol\u00edticos Veracruz\",\"isPartOf\":{\"@id\":\"https:\\\/\\\/lospoliticosveracruz.com\\\/#website\"},\"datePublished\":\"2022-01-06T17:01:46+00:00\",\"dateModified\":\"2022-01-06T17:29:15+00:00\",\"breadcrumb\":{\"@id\":\"https:\\\/\\\/lospoliticosveracruz.com\\\/?p=84303#breadcrumb\"},\"inLanguage\":\"es\",\"potentialAction\":[{\"@type\":\"ReadAction\",\"target\":[\"https:\\\/\\\/lospoliticosveracruz.com\\\/?p=84303\"]}]},{\"@type\":\"BreadcrumbList\",\"@id\":\"https:\\\/\\\/lospoliticosveracruz.com\\\/?p=84303#breadcrumb\",\"itemListElement\":[{\"@type\":\"ListItem\",\"position\":1,\"name\":\"Portada\",\"item\":\"https:\\\/\\\/lospoliticosveracruz.com\\\/\"},{\"@type\":\"ListItem\",\"position\":2,\"name\":\"Lino se llev\u00f3 todo!\"}]},{\"@type\":\"WebSite\",\"@id\":\"https:\\\/\\\/lospoliticosveracruz.com\\\/#website\",\"url\":\"https:\\\/\\\/lospoliticosveracruz.com\\\/\",\"name\":\"Los pol\u00edticos Veracruz\",\"description\":\"\",\"publisher\":{\"@id\":\"https:\\\/\\\/lospoliticosveracruz.com\\\/#organization\"},\"potentialAction\":[{\"@type\":\"SearchAction\",\"target\":{\"@type\":\"EntryPoint\",\"urlTemplate\":\"https:\\\/\\\/lospoliticosveracruz.com\\\/?s={search_term_string}\"},\"query-input\":{\"@type\":\"PropertyValueSpecification\",\"valueRequired\":true,\"valueName\":\"search_term_string\"}}],\"inLanguage\":\"es\"},{\"@type\":\"Organization\",\"@id\":\"https:\\\/\\\/lospoliticosveracruz.com\\\/#organization\",\"name\":\"Los pol\u00edticos Veracruz\",\"url\":\"https:\\\/\\\/lospoliticosveracruz.com\\\/\",\"logo\":{\"@type\":\"ImageObject\",\"inLanguage\":\"es\",\"@id\":\"https:\\\/\\\/lospoliticosveracruz.com\\\/#\\\/schema\\\/logo\\\/image\\\/\",\"url\":\"https:\\\/\\\/lospoliticosveracruz.com\\\/wp-content\\\/uploads\\\/2025\\\/12\\\/Logo-Nuevo-LOS-POLITICOS-1.jpg\",\"contentUrl\":\"https:\\\/\\\/lospoliticosveracruz.com\\\/wp-content\\\/uploads\\\/2025\\\/12\\\/Logo-Nuevo-LOS-POLITICOS-1.jpg\",\"width\":260,\"height\":70,\"caption\":\"Los pol\u00edticos Veracruz\"},\"image\":{\"@id\":\"https:\\\/\\\/lospoliticosveracruz.com\\\/#\\\/schema\\\/logo\\\/image\\\/\"},\"sameAs\":[\"https:\\\/\\\/www.facebook.com\\\/people\\\/Notimemes-de-los-Polticos\\\/61565672886568\\\/\",\"https:\\\/\\\/x.com\\\/LosPoliticosVer\"]},{\"@type\":\"Person\",\"@id\":\"https:\\\/\\\/lospoliticosveracruz.com\\\/#\\\/schema\\\/person\\\/b8702bb0e538456e6efd07080bf2a4a2\",\"name\":\"Lo viste en Los Pol\u00edticos\",\"image\":{\"@type\":\"ImageObject\",\"inLanguage\":\"es\",\"@id\":\"https:\\\/\\\/secure.gravatar.com\\\/avatar\\\/3a8de04a2656d44082be478bd6c086daa447c4651605818287b9532d3d0bd435?s=96&d=mm&r=g\",\"url\":\"https:\\\/\\\/secure.gravatar.com\\\/avatar\\\/3a8de04a2656d44082be478bd6c086daa447c4651605818287b9532d3d0bd435?s=96&d=mm&r=g\",\"contentUrl\":\"https:\\\/\\\/secure.gravatar.com\\\/avatar\\\/3a8de04a2656d44082be478bd6c086daa447c4651605818287b9532d3d0bd435?s=96&d=mm&r=g\",\"caption\":\"Lo viste en Los Pol\u00edticos\"},\"url\":\"https:\\\/\\\/lospoliticosveracruz.com\\\/?author=2\"}]}<\/script>\n<!-- \/ Yoast SEO plugin. -->","yoast_head_json":{"title":"Lino se llev\u00f3 todo! - Los pol\u00edticos Veracruz","robots":{"index":"index","follow":"follow","max-snippet":"max-snippet:-1","max-image-preview":"max-image-preview:large","max-video-preview":"max-video-preview:-1"},"canonical":"https:\/\/lospoliticosveracruz.com\/?p=84303","og_locale":"es_ES","og_type":"article","og_title":"Lino se llev\u00f3 todo! - Los pol\u00edticos Veracruz","og_description":"Enrique Yasser PompeyoXalapa El alcalde de Las Vigas, Jos\u00e9 de Jes\u00fas Landa Hern\u00e1ndez denunci\u00f3 presuntas irregularidades de la administraci\u00f3n anterior, por lo que interpondr\u00e1 las denuncias correspondientes. \u00abLa administraci\u00f3n de Lino Cruz Romero y cabildo, probablemente incurri\u00f3 en una discriminaci\u00f3n (sic) al haber omitido deliberadamente pagar la segunda quincena y bono navide\u00f1o por m\u00e1s de [&hellip;]","og_url":"https:\/\/lospoliticosveracruz.com\/?p=84303","og_site_name":"Los pol\u00edticos Veracruz","article_publisher":"https:\/\/www.facebook.com\/people\/Notimemes-de-los-Polticos\/61565672886568\/","article_published_time":"2022-01-06T17:01:46+00:00","article_modified_time":"2022-01-06T17:29:15+00:00","og_image":[{"width":200,"height":200,"url":"https:\/\/lospoliticosveracruz.com\/wp-content\/uploads\/2016\/07\/Logo-Dor.jpg","type":"image\/jpeg"}],"author":"Lo viste en Los Pol\u00edticos","twitter_card":"summary_large_image","twitter_creator":"@LosPoliticosVer","twitter_site":"@LosPoliticosVer","twitter_misc":{"Escrito por":"Lo viste en Los Pol\u00edticos","Tiempo de lectura":"2 minutos"},"schema":{"@context":"https:\/\/schema.org","@graph":[{"@type":"Article","@id":"https:\/\/lospoliticosveracruz.com\/?p=84303#article","isPartOf":{"@id":"https:\/\/lospoliticosveracruz.com\/?p=84303"},"author":{"name":"Lo viste en Los Pol\u00edticos","@id":"https:\/\/lospoliticosveracruz.com\/#\/schema\/person\/b8702bb0e538456e6efd07080bf2a4a2"},"headline":"Lino se llev\u00f3 todo!","datePublished":"2022-01-06T17:01:46+00:00","dateModified":"2022-01-06T17:29:15+00:00","mainEntityOfPage":{"@id":"https:\/\/lospoliticosveracruz.com\/?p=84303"},"wordCount":374,"publisher":{"@id":"https:\/\/lospoliticosveracruz.com\/#organization"},"keywords":["Enrique Yasser Pompeyo","Jos\u00e9 de Jes\u00fas Landa Hern\u00e1ndez","Las Vigas","Lino Cruz Romero"],"articleSection":["La Nota"],"inLanguage":"es"},{"@type":"WebPage","@id":"https:\/\/lospoliticosveracruz.com\/?p=84303","url":"https:\/\/lospoliticosveracruz.com\/?p=84303","name":"Lino se llev\u00f3 todo! - Los pol\u00edticos Veracruz","isPartOf":{"@id":"https:\/\/lospoliticosveracruz.com\/#website"},"datePublished":"2022-01-06T17:01:46+00:00","dateModified":"2022-01-06T17:29:15+00:00","breadcrumb":{"@id":"https:\/\/lospoliticosveracruz.com\/?p=84303#breadcrumb"},"inLanguage":"es","potentialAction":[{"@type":"ReadAction","target":["https:\/\/lospoliticosveracruz.com\/?p=84303"]}]},{"@type":"BreadcrumbList","@id":"https:\/\/lospoliticosveracruz.com\/?p=84303#breadcrumb","itemListElement":[{"@type":"ListItem","position":1,"name":"Portada","item":"https:\/\/lospoliticosveracruz.com\/"},{"@type":"ListItem","position":2,"name":"Lino se llev\u00f3 todo!"}]},{"@type":"WebSite","@id":"https:\/\/lospoliticosveracruz.com\/#website","url":"https:\/\/lospoliticosveracruz.com\/","name":"Los pol\u00edticos Veracruz","description":"","publisher":{"@id":"https:\/\/lospoliticosveracruz.com\/#organization"},"potentialAction":[{"@type":"SearchAction","target":{"@type":"EntryPoint","urlTemplate":"https:\/\/lospoliticosveracruz.com\/?s={search_term_string}"},"query-input":{"@type":"PropertyValueSpecification","valueRequired":true,"valueName":"search_term_string"}}],"inLanguage":"es"},{"@type":"Organization","@id":"https:\/\/lospoliticosveracruz.com\/#organization","name":"Los pol\u00edticos Veracruz","url":"https:\/\/lospoliticosveracruz.com\/","logo":{"@type":"ImageObject","inLanguage":"es","@id":"https:\/\/lospoliticosveracruz.com\/#\/schema\/logo\/image\/","url":"https:\/\/lospoliticosveracruz.com\/wp-content\/uploads\/2025\/12\/Logo-Nuevo-LOS-POLITICOS-1.jpg","contentUrl":"https:\/\/lospoliticosveracruz.com\/wp-content\/uploads\/2025\/12\/Logo-Nuevo-LOS-POLITICOS-1.jpg","width":260,"height":70,"caption":"Los pol\u00edticos Veracruz"},"image":{"@id":"https:\/\/lospoliticosveracruz.com\/#\/schema\/logo\/image\/"},"sameAs":["https:\/\/www.facebook.com\/people\/Notimemes-de-los-Polticos\/61565672886568\/","https:\/\/x.com\/LosPoliticosVer"]},{"@type":"Person","@id":"https:\/\/lospoliticosveracruz.com\/#\/schema\/person\/b8702bb0e538456e6efd07080bf2a4a2","name":"Lo viste en Los Pol\u00edticos","image":{"@type":"ImageObject","inLanguage":"es","@id":"https:\/\/secure.gravatar.com\/avatar\/3a8de04a2656d44082be478bd6c086daa447c4651605818287b9532d3d0bd435?s=96&d=mm&r=g","url":"https:\/\/secure.gravatar.com\/avatar\/3a8de04a2656d44082be478bd6c086daa447c4651605818287b9532d3d0bd435?s=96&d=mm&r=g","contentUrl":"https:\/\/secure.gravatar.com\/avatar\/3a8de04a2656d44082be478bd6c086daa447c4651605818287b9532d3d0bd435?s=96&d=mm&r=g","caption":"Lo viste en Los Pol\u00edticos"},"url":"https:\/\/lospoliticosveracruz.com\/?author=2"}]}},"_links":{"self":[{"href":"https:\/\/lospoliticosveracruz.com\/index.php?rest_route=\/wp\/v2\/posts\/84303","targetHints":{"allow":["GET"]}}],"collection":[{"href":"https:\/\/lospoliticosveracruz.com\/index.php?rest_route=\/wp\/v2\/posts"}],"about":[{"href":"https:\/\/lospoliticosveracruz.com\/index.php?rest_route=\/wp\/v2\/types\/post"}],"author":[{"embeddable":true,"href":"https:\/\/lospoliticosveracruz.com\/index.php?rest_route=\/wp\/v2\/users\/2"}],"replies":[{"embeddable":true,"href":"https:\/\/lospoliticosveracruz.com\/index.php?rest_route=%2Fwp%2Fv2%2Fcomments&post=84303"}],"version-history":[{"count":2,"href":"https:\/\/lospoliticosveracruz.com\/index.php?rest_route=\/wp\/v2\/posts\/84303\/revisions"}],"predecessor-version":[{"id":84312,"href":"https:\/\/lospoliticosveracruz.com\/index.php?rest_route=\/wp\/v2\/posts\/84303\/revisions\/84312"}],"wp:attachment":[{"href":"https:\/\/lospoliticosveracruz.com\/index.php?rest_route=%2Fwp%2Fv2%2Fmedia&parent=84303"}],"wp:term":[{"taxonomy":"category","embeddable":true,"href":"https:\/\/lospoliticosveracruz.com\/index.php?rest_route=%2Fwp%2Fv2%2Fcategories&post=84303"},{"taxonomy":"post_tag","embeddable":true,"href":"https:\/\/lospoliticosveracruz.com\/index.php?rest_route=%2Fwp%2Fv2%2Ftags&post=84303"}],"curies":[{"name":"wp","href":"https:\/\/api.w.org\/{rel}","templated":true}]}}