{"id":84368,"date":"2022-01-07T09:43:36","date_gmt":"2022-01-07T15:43:36","guid":{"rendered":"https:\/\/lospoliticosveracruz.com.mx\/?p=84368"},"modified":"2022-01-07T09:43:43","modified_gmt":"2022-01-07T15:43:43","slug":"el-gobierno-y-los-medios-3-guillermo-nunez-y-el-congreso","status":"publish","type":"post","link":"https:\/\/lospoliticosveracruz.com\/?p=84368","title":{"rendered":"El Gobierno y los medios. 3. Guillermo N\u00fa\u00f1ez y el Congreso"},"content":{"rendered":"\n<p><\/p>\n\n\n\n<p><\/p>\n\n\n\n<p><strong>Sergio Gonz\u00e1lez Levet<\/strong><\/p>\n\n\n\n<p><em>Sin tacto<\/em><\/p>\n\n\n\n<p><\/p>\n\n\n\n<p><\/p>\n\n\n\n<p>En el pasado \u00abSin tacto\u00bb me refer\u00ed al buen ejemplo profesional que da la Directora de Comunicaci\u00f3n Social del Ayuntamiento de Xalapa, Lil\u00ed Bravo. Desde su llegada el primer d\u00eda de este a\u00f1o (y algunos d\u00edas antes) se empez\u00f3 a notar que el \u00e1rea estaba despertando y los chicos de la prensa volvieron a sentir que eran tomados en cuenta por la comuna de la capital.<br>\u200bHoy, para abonar a la equidad de g\u00e9nero, me referir\u00e9 al caso de un compa\u00f1ero que est\u00e1 haciendo tambi\u00e9n una buena labor de informaci\u00f3n y de relaci\u00f3n con los medios desde una instancia controlada por los morenistas.<br>\u200bMe refiero a Guillermo N\u00fa\u00f1ez Huesca, coordinador del \u00e1rea de Comunicaci\u00f3n de la flamante Legislatura estatal, quien ostenta una licenciatura en Dise\u00f1o por la Universidad Gestalt, a la que suma varios a\u00f1os de trabajo en el medio y con los medios.<br>\u200bGuillermo llega en sustituci\u00f3n de Aldo Valerio, quien pas\u00f3 con m\u00e1s pena que gloria porque fall\u00f3 en lo que su sucesor est\u00e1 poniendo especial cuidado: tener una relaci\u00f3n cercana con los reporteros y\/o protagonistas de la comunicaci\u00f3n en Veracruz.<br>\u200bAl licenciado N\u00fa\u00f1ez Huesca lo vimos trabajar en el \u00e1rea de log\u00edstica de la Coordinaci\u00f3n de Comunicaci\u00f3n Social del Gobierno del Estado y despu\u00e9s como un buen jefe de prensa del IPAX, hasta que lleg\u00f3 a Comunicaci\u00f3n Social del Congreso veracruzano, en donde finalmente le fueron reconocidos su trabajo, su sensibilidad y sus capacidades.<br>\u200bHoy, los reporteros est\u00e1n regresando a considerar la fuente de la Legislatura como un espacio en el que son tratados con la consideraci\u00f3n que merecen. Poco a poco se ir\u00e1n olvidando los tratos desp\u00f3ticos, fruto de una pol\u00edtica de miedo, que alejaba y mal trataba a los responsables de difundir el importante trabajo que realizan -o deben realizar- los diputados. Y en todo eso se est\u00e1 notando la mano del nuevo responsable.<br>\u200bLil\u00ed Bravo y Guillermo N\u00fa\u00f1ez son la muestra de que las oficinas de comunicaci\u00f3n pueden funcionar bien si se pone frente de ellas a verdaderos profesionales, no a amigos y recomendados que solamente conocen los peri\u00f3dicos porque alguna vez usaron uno para matar una cucaracha o para envolver una papaya.<br>\u200bEl Gobierno de Cuitl\u00e1huac Garc\u00eda, y los otros poderes y niveles en la entidad tienen el camino para allanar la relaci\u00f3n rota con los periodistas, que tantos problemas de comunicaci\u00f3n les ocasiona.<br>Y es solamente con que se dejen de necedades y acudan a los profesionales.<br>\u00bfO no?<\/p>\n\n\n\n<p>sglevet@gmail.com<\/p>\n","protected":false},"excerpt":{"rendered":"<p>Sergio Gonz\u00e1lez Levet Sin tacto En el pasado \u00abSin tacto\u00bb me refer\u00ed al buen ejemplo profesional que da la Directora de Comunicaci\u00f3n Social del Ayuntamiento de Xalapa, Lil\u00ed Bravo. Desde su llegada el primer d\u00eda de este a\u00f1o (y algunos d\u00edas antes) se empez\u00f3 a notar que el \u00e1rea estaba despertando y los chicos de [&hellip;]<\/p>\n","protected":false},"author":2,"featured_media":0,"comment_status":"closed","ping_status":"closed","sticky":false,"template":"","format":"standard","meta":{"tdm_status":"","tdm_grid_status":"","footnotes":""},"categories":[70],"tags":[1563,31317,31808,1282,195,96],"class_list":{"0":"post-84368","1":"post","2":"type-post","3":"status-publish","4":"format-standard","6":"category-de-opinion","7":"tag-cuitlahuac-garcia-jimenez","8":"tag-guillermo-nunez-huesca","9":"tag-lili-bravo","10":"tag-sergio-gonzalez-levet","11":"tag-veracruz","12":"tag-xalapa"},"yoast_head":"<!-- This site is optimized with the Yoast SEO plugin v27.4 - https:\/\/yoast.com\/product\/yoast-seo-wordpress\/ -->\n<title>El Gobierno y los medios. 3. Guillermo N\u00fa\u00f1ez y el Congreso - Los pol\u00edticos Veracruz<\/title>\n<meta name=\"robots\" content=\"index, follow, max-snippet:-1, max-image-preview:large, max-video-preview:-1\" \/>\n<link rel=\"canonical\" href=\"https:\/\/lospoliticosveracruz.com\/?p=84368\" \/>\n<meta property=\"og:locale\" content=\"es_ES\" \/>\n<meta property=\"og:type\" content=\"article\" \/>\n<meta property=\"og:title\" content=\"El Gobierno y los medios. 3. Guillermo N\u00fa\u00f1ez y el Congreso - Los pol\u00edticos Veracruz\" \/>\n<meta property=\"og:description\" content=\"Sergio Gonz\u00e1lez Levet Sin tacto En el pasado \u00abSin tacto\u00bb me refer\u00ed al buen ejemplo profesional que da la Directora de Comunicaci\u00f3n Social del Ayuntamiento de Xalapa, Lil\u00ed Bravo. Desde su llegada el primer d\u00eda de este a\u00f1o (y algunos d\u00edas antes) se empez\u00f3 a notar que el \u00e1rea estaba despertando y los chicos de [&hellip;]\" \/>\n<meta property=\"og:url\" content=\"https:\/\/lospoliticosveracruz.com\/?p=84368\" \/>\n<meta property=\"og:site_name\" content=\"Los pol\u00edticos Veracruz\" \/>\n<meta property=\"article:publisher\" content=\"https:\/\/www.facebook.com\/people\/Notimemes-de-los-Polticos\/61565672886568\/\" \/>\n<meta property=\"article:published_time\" content=\"2022-01-07T15:43:36+00:00\" \/>\n<meta property=\"article:modified_time\" content=\"2022-01-07T15:43:43+00:00\" \/>\n<meta property=\"og:image\" content=\"https:\/\/lospoliticosveracruz.com\/wp-content\/uploads\/2016\/07\/Logo-Dor.jpg\" \/>\n\t<meta property=\"og:image:width\" content=\"200\" \/>\n\t<meta property=\"og:image:height\" content=\"200\" \/>\n\t<meta property=\"og:image:type\" content=\"image\/jpeg\" \/>\n<meta name=\"author\" content=\"Lo viste en Los Pol\u00edticos\" \/>\n<meta name=\"twitter:card\" content=\"summary_large_image\" \/>\n<meta name=\"twitter:creator\" content=\"@LosPoliticosVer\" \/>\n<meta name=\"twitter:site\" content=\"@LosPoliticosVer\" \/>\n<meta name=\"twitter:label1\" content=\"Escrito por\" \/>\n\t<meta name=\"twitter:data1\" content=\"Lo viste en Los Pol\u00edticos\" \/>\n\t<meta name=\"twitter:label2\" content=\"Tiempo de lectura\" \/>\n\t<meta name=\"twitter:data2\" content=\"2 minutos\" \/>\n<script type=\"application\/ld+json\" class=\"yoast-schema-graph\">{\"@context\":\"https:\\\/\\\/schema.org\",\"@graph\":[{\"@type\":\"Article\",\"@id\":\"https:\\\/\\\/lospoliticosveracruz.com\\\/?p=84368#article\",\"isPartOf\":{\"@id\":\"https:\\\/\\\/lospoliticosveracruz.com\\\/?p=84368\"},\"author\":{\"name\":\"Lo viste en Los Pol\u00edticos\",\"@id\":\"https:\\\/\\\/lospoliticosveracruz.com\\\/#\\\/schema\\\/person\\\/b8702bb0e538456e6efd07080bf2a4a2\"},\"headline\":\"El Gobierno y los medios. 3. Guillermo N\u00fa\u00f1ez y el Congreso\",\"datePublished\":\"2022-01-07T15:43:36+00:00\",\"dateModified\":\"2022-01-07T15:43:43+00:00\",\"mainEntityOfPage\":{\"@id\":\"https:\\\/\\\/lospoliticosveracruz.com\\\/?p=84368\"},\"wordCount\":463,\"publisher\":{\"@id\":\"https:\\\/\\\/lospoliticosveracruz.com\\\/#organization\"},\"keywords\":[\"Cuitl\u00e1huac Garc\u00eda Jim\u00e9nez\",\"Guillermo N\u00fa\u00f1ez Huesca\",\"Lil\u00ed Bravo\",\"Sergio Gonz\u00e1lez Levet\",\"Veracruz\",\"Xalapa\"],\"articleSection\":[\"De Opini\u00f3n\"],\"inLanguage\":\"es\"},{\"@type\":\"WebPage\",\"@id\":\"https:\\\/\\\/lospoliticosveracruz.com\\\/?p=84368\",\"url\":\"https:\\\/\\\/lospoliticosveracruz.com\\\/?p=84368\",\"name\":\"El Gobierno y los medios. 3. Guillermo N\u00fa\u00f1ez y el Congreso - Los pol\u00edticos Veracruz\",\"isPartOf\":{\"@id\":\"https:\\\/\\\/lospoliticosveracruz.com\\\/#website\"},\"datePublished\":\"2022-01-07T15:43:36+00:00\",\"dateModified\":\"2022-01-07T15:43:43+00:00\",\"breadcrumb\":{\"@id\":\"https:\\\/\\\/lospoliticosveracruz.com\\\/?p=84368#breadcrumb\"},\"inLanguage\":\"es\",\"potentialAction\":[{\"@type\":\"ReadAction\",\"target\":[\"https:\\\/\\\/lospoliticosveracruz.com\\\/?p=84368\"]}]},{\"@type\":\"BreadcrumbList\",\"@id\":\"https:\\\/\\\/lospoliticosveracruz.com\\\/?p=84368#breadcrumb\",\"itemListElement\":[{\"@type\":\"ListItem\",\"position\":1,\"name\":\"Portada\",\"item\":\"https:\\\/\\\/lospoliticosveracruz.com\\\/\"},{\"@type\":\"ListItem\",\"position\":2,\"name\":\"El Gobierno y los medios. 3. Guillermo N\u00fa\u00f1ez y el Congreso\"}]},{\"@type\":\"WebSite\",\"@id\":\"https:\\\/\\\/lospoliticosveracruz.com\\\/#website\",\"url\":\"https:\\\/\\\/lospoliticosveracruz.com\\\/\",\"name\":\"Los pol\u00edticos Veracruz\",\"description\":\"\",\"publisher\":{\"@id\":\"https:\\\/\\\/lospoliticosveracruz.com\\\/#organization\"},\"potentialAction\":[{\"@type\":\"SearchAction\",\"target\":{\"@type\":\"EntryPoint\",\"urlTemplate\":\"https:\\\/\\\/lospoliticosveracruz.com\\\/?s={search_term_string}\"},\"query-input\":{\"@type\":\"PropertyValueSpecification\",\"valueRequired\":true,\"valueName\":\"search_term_string\"}}],\"inLanguage\":\"es\"},{\"@type\":\"Organization\",\"@id\":\"https:\\\/\\\/lospoliticosveracruz.com\\\/#organization\",\"name\":\"Los pol\u00edticos Veracruz\",\"url\":\"https:\\\/\\\/lospoliticosveracruz.com\\\/\",\"logo\":{\"@type\":\"ImageObject\",\"inLanguage\":\"es\",\"@id\":\"https:\\\/\\\/lospoliticosveracruz.com\\\/#\\\/schema\\\/logo\\\/image\\\/\",\"url\":\"https:\\\/\\\/lospoliticosveracruz.com\\\/wp-content\\\/uploads\\\/2025\\\/12\\\/Logo-Nuevo-LOS-POLITICOS-1.jpg\",\"contentUrl\":\"https:\\\/\\\/lospoliticosveracruz.com\\\/wp-content\\\/uploads\\\/2025\\\/12\\\/Logo-Nuevo-LOS-POLITICOS-1.jpg\",\"width\":260,\"height\":70,\"caption\":\"Los pol\u00edticos Veracruz\"},\"image\":{\"@id\":\"https:\\\/\\\/lospoliticosveracruz.com\\\/#\\\/schema\\\/logo\\\/image\\\/\"},\"sameAs\":[\"https:\\\/\\\/www.facebook.com\\\/people\\\/Notimemes-de-los-Polticos\\\/61565672886568\\\/\",\"https:\\\/\\\/x.com\\\/LosPoliticosVer\"]},{\"@type\":\"Person\",\"@id\":\"https:\\\/\\\/lospoliticosveracruz.com\\\/#\\\/schema\\\/person\\\/b8702bb0e538456e6efd07080bf2a4a2\",\"name\":\"Lo viste en Los Pol\u00edticos\",\"image\":{\"@type\":\"ImageObject\",\"inLanguage\":\"es\",\"@id\":\"https:\\\/\\\/secure.gravatar.com\\\/avatar\\\/3a8de04a2656d44082be478bd6c086daa447c4651605818287b9532d3d0bd435?s=96&d=mm&r=g\",\"url\":\"https:\\\/\\\/secure.gravatar.com\\\/avatar\\\/3a8de04a2656d44082be478bd6c086daa447c4651605818287b9532d3d0bd435?s=96&d=mm&r=g\",\"contentUrl\":\"https:\\\/\\\/secure.gravatar.com\\\/avatar\\\/3a8de04a2656d44082be478bd6c086daa447c4651605818287b9532d3d0bd435?s=96&d=mm&r=g\",\"caption\":\"Lo viste en Los Pol\u00edticos\"},\"url\":\"https:\\\/\\\/lospoliticosveracruz.com\\\/?author=2\"}]}<\/script>\n<!-- \/ Yoast SEO plugin. -->","yoast_head_json":{"title":"El Gobierno y los medios. 3. Guillermo N\u00fa\u00f1ez y el Congreso - Los pol\u00edticos Veracruz","robots":{"index":"index","follow":"follow","max-snippet":"max-snippet:-1","max-image-preview":"max-image-preview:large","max-video-preview":"max-video-preview:-1"},"canonical":"https:\/\/lospoliticosveracruz.com\/?p=84368","og_locale":"es_ES","og_type":"article","og_title":"El Gobierno y los medios. 3. Guillermo N\u00fa\u00f1ez y el Congreso - Los pol\u00edticos Veracruz","og_description":"Sergio Gonz\u00e1lez Levet Sin tacto En el pasado \u00abSin tacto\u00bb me refer\u00ed al buen ejemplo profesional que da la Directora de Comunicaci\u00f3n Social del Ayuntamiento de Xalapa, Lil\u00ed Bravo. Desde su llegada el primer d\u00eda de este a\u00f1o (y algunos d\u00edas antes) se empez\u00f3 a notar que el \u00e1rea estaba despertando y los chicos de [&hellip;]","og_url":"https:\/\/lospoliticosveracruz.com\/?p=84368","og_site_name":"Los pol\u00edticos Veracruz","article_publisher":"https:\/\/www.facebook.com\/people\/Notimemes-de-los-Polticos\/61565672886568\/","article_published_time":"2022-01-07T15:43:36+00:00","article_modified_time":"2022-01-07T15:43:43+00:00","og_image":[{"width":200,"height":200,"url":"https:\/\/lospoliticosveracruz.com\/wp-content\/uploads\/2016\/07\/Logo-Dor.jpg","type":"image\/jpeg"}],"author":"Lo viste en Los Pol\u00edticos","twitter_card":"summary_large_image","twitter_creator":"@LosPoliticosVer","twitter_site":"@LosPoliticosVer","twitter_misc":{"Escrito por":"Lo viste en Los Pol\u00edticos","Tiempo de lectura":"2 minutos"},"schema":{"@context":"https:\/\/schema.org","@graph":[{"@type":"Article","@id":"https:\/\/lospoliticosveracruz.com\/?p=84368#article","isPartOf":{"@id":"https:\/\/lospoliticosveracruz.com\/?p=84368"},"author":{"name":"Lo viste en Los Pol\u00edticos","@id":"https:\/\/lospoliticosveracruz.com\/#\/schema\/person\/b8702bb0e538456e6efd07080bf2a4a2"},"headline":"El Gobierno y los medios. 3. Guillermo N\u00fa\u00f1ez y el Congreso","datePublished":"2022-01-07T15:43:36+00:00","dateModified":"2022-01-07T15:43:43+00:00","mainEntityOfPage":{"@id":"https:\/\/lospoliticosveracruz.com\/?p=84368"},"wordCount":463,"publisher":{"@id":"https:\/\/lospoliticosveracruz.com\/#organization"},"keywords":["Cuitl\u00e1huac Garc\u00eda Jim\u00e9nez","Guillermo N\u00fa\u00f1ez Huesca","Lil\u00ed Bravo","Sergio Gonz\u00e1lez Levet","Veracruz","Xalapa"],"articleSection":["De Opini\u00f3n"],"inLanguage":"es"},{"@type":"WebPage","@id":"https:\/\/lospoliticosveracruz.com\/?p=84368","url":"https:\/\/lospoliticosveracruz.com\/?p=84368","name":"El Gobierno y los medios. 3. Guillermo N\u00fa\u00f1ez y el Congreso - Los pol\u00edticos Veracruz","isPartOf":{"@id":"https:\/\/lospoliticosveracruz.com\/#website"},"datePublished":"2022-01-07T15:43:36+00:00","dateModified":"2022-01-07T15:43:43+00:00","breadcrumb":{"@id":"https:\/\/lospoliticosveracruz.com\/?p=84368#breadcrumb"},"inLanguage":"es","potentialAction":[{"@type":"ReadAction","target":["https:\/\/lospoliticosveracruz.com\/?p=84368"]}]},{"@type":"BreadcrumbList","@id":"https:\/\/lospoliticosveracruz.com\/?p=84368#breadcrumb","itemListElement":[{"@type":"ListItem","position":1,"name":"Portada","item":"https:\/\/lospoliticosveracruz.com\/"},{"@type":"ListItem","position":2,"name":"El Gobierno y los medios. 3. Guillermo N\u00fa\u00f1ez y el Congreso"}]},{"@type":"WebSite","@id":"https:\/\/lospoliticosveracruz.com\/#website","url":"https:\/\/lospoliticosveracruz.com\/","name":"Los pol\u00edticos Veracruz","description":"","publisher":{"@id":"https:\/\/lospoliticosveracruz.com\/#organization"},"potentialAction":[{"@type":"SearchAction","target":{"@type":"EntryPoint","urlTemplate":"https:\/\/lospoliticosveracruz.com\/?s={search_term_string}"},"query-input":{"@type":"PropertyValueSpecification","valueRequired":true,"valueName":"search_term_string"}}],"inLanguage":"es"},{"@type":"Organization","@id":"https:\/\/lospoliticosveracruz.com\/#organization","name":"Los pol\u00edticos Veracruz","url":"https:\/\/lospoliticosveracruz.com\/","logo":{"@type":"ImageObject","inLanguage":"es","@id":"https:\/\/lospoliticosveracruz.com\/#\/schema\/logo\/image\/","url":"https:\/\/lospoliticosveracruz.com\/wp-content\/uploads\/2025\/12\/Logo-Nuevo-LOS-POLITICOS-1.jpg","contentUrl":"https:\/\/lospoliticosveracruz.com\/wp-content\/uploads\/2025\/12\/Logo-Nuevo-LOS-POLITICOS-1.jpg","width":260,"height":70,"caption":"Los pol\u00edticos Veracruz"},"image":{"@id":"https:\/\/lospoliticosveracruz.com\/#\/schema\/logo\/image\/"},"sameAs":["https:\/\/www.facebook.com\/people\/Notimemes-de-los-Polticos\/61565672886568\/","https:\/\/x.com\/LosPoliticosVer"]},{"@type":"Person","@id":"https:\/\/lospoliticosveracruz.com\/#\/schema\/person\/b8702bb0e538456e6efd07080bf2a4a2","name":"Lo viste en Los Pol\u00edticos","image":{"@type":"ImageObject","inLanguage":"es","@id":"https:\/\/secure.gravatar.com\/avatar\/3a8de04a2656d44082be478bd6c086daa447c4651605818287b9532d3d0bd435?s=96&d=mm&r=g","url":"https:\/\/secure.gravatar.com\/avatar\/3a8de04a2656d44082be478bd6c086daa447c4651605818287b9532d3d0bd435?s=96&d=mm&r=g","contentUrl":"https:\/\/secure.gravatar.com\/avatar\/3a8de04a2656d44082be478bd6c086daa447c4651605818287b9532d3d0bd435?s=96&d=mm&r=g","caption":"Lo viste en Los Pol\u00edticos"},"url":"https:\/\/lospoliticosveracruz.com\/?author=2"}]}},"_links":{"self":[{"href":"https:\/\/lospoliticosveracruz.com\/index.php?rest_route=\/wp\/v2\/posts\/84368","targetHints":{"allow":["GET"]}}],"collection":[{"href":"https:\/\/lospoliticosveracruz.com\/index.php?rest_route=\/wp\/v2\/posts"}],"about":[{"href":"https:\/\/lospoliticosveracruz.com\/index.php?rest_route=\/wp\/v2\/types\/post"}],"author":[{"embeddable":true,"href":"https:\/\/lospoliticosveracruz.com\/index.php?rest_route=\/wp\/v2\/users\/2"}],"replies":[{"embeddable":true,"href":"https:\/\/lospoliticosveracruz.com\/index.php?rest_route=%2Fwp%2Fv2%2Fcomments&post=84368"}],"version-history":[{"count":1,"href":"https:\/\/lospoliticosveracruz.com\/index.php?rest_route=\/wp\/v2\/posts\/84368\/revisions"}],"predecessor-version":[{"id":84369,"href":"https:\/\/lospoliticosveracruz.com\/index.php?rest_route=\/wp\/v2\/posts\/84368\/revisions\/84369"}],"wp:attachment":[{"href":"https:\/\/lospoliticosveracruz.com\/index.php?rest_route=%2Fwp%2Fv2%2Fmedia&parent=84368"}],"wp:term":[{"taxonomy":"category","embeddable":true,"href":"https:\/\/lospoliticosveracruz.com\/index.php?rest_route=%2Fwp%2Fv2%2Fcategories&post=84368"},{"taxonomy":"post_tag","embeddable":true,"href":"https:\/\/lospoliticosveracruz.com\/index.php?rest_route=%2Fwp%2Fv2%2Ftags&post=84368"}],"curies":[{"name":"wp","href":"https:\/\/api.w.org\/{rel}","templated":true}]}}