{"id":84469,"date":"2022-01-10T08:58:02","date_gmt":"2022-01-10T14:58:02","guid":{"rendered":"https:\/\/lospoliticosveracruz.com.mx\/?p=84469"},"modified":"2022-01-10T09:02:46","modified_gmt":"2022-01-10T15:02:46","slug":"eleccion-azul-portena","status":"publish","type":"post","link":"https:\/\/lospoliticosveracruz.com\/?p=84469","title":{"rendered":"Elecci\u00f3n azul porte\u00f1a"},"content":{"rendered":"\n<p><strong>Adriana Mu\u00f1oz<br><\/strong><em>Sin Rencores<\/em><\/p>\n\n\n\n<p><\/p>\n\n\n\n<p>\u201cSeg\u00fan yo lo veo, si quieres el arco iris, tienes que aguantar la lluvia\u00bb. Dolly Parton.<\/p>\n\n\n\n<p><strong>PARA ESTE MES\u2026<br><\/strong>Tal vez al finalizar, se realizar\u00e1n las elecciones del PAN municipal en el Puerto de Veracruz.<br>Se sabe qu\u00e9 hay varias tiradoras.<br>Si. Tiradoras.<br>Y es que forzosamente la dirigencia municipal, de acuerdo a lo que est\u00e1 establecido, debe ser una mujer.<br>No obstante, quien quede, sin duda tendr\u00e1 que hacer un mucho mejor papel que el de Sonia Colorado, actual regidora de Veracruz puerto y adem\u00e1s dirigente saliente quien m\u00e1s gris no pudo ser como en todos sus cargos y quien adem\u00e1s s\u00f3lo trabaj\u00f3 para colocar a su familia y a ella misma, nada raro en el grupo pol\u00edtico al que pertenece al interior del PAN y que lidera el sobrevaluado Danilo Alv\u00edzar que por cierto anduvo bandeando en la pasada elecci\u00f3n e incluso en el periodo de impugnaci\u00f3n buscando espacios en Morena, por si \u201clas flais\u201d<br>\u2014\u2014\u2014\u2014\/\/\/\u2014\u2014\u2014<br><strong>EN BOCA DEL R\u00cdO\u2026<br><\/strong>Solo dos regidores de Morena est\u00e1n dando de qu\u00e9 hablar: Ana Cristina Morales y Gerardo Rossete. Una con la comisi\u00f3n de Seguridad, el segundo con la comisi\u00f3n de Turismo.<br>Aunque es real que los otros dos se est\u00e1n viendo lentos, se espera que el exdelegado de Semarnat en Veracruz en el sexenio del panista Vicente Fox y cu\u00f1ado de Nena de la Reguera, Francisco Luis Moreno Quiroga agarre su tercer aire y se ponga las pilas pues tablas tiene, incluso en esta administraci\u00f3n estatal fungi\u00f3 como director de control de la contaminaci\u00f3n y evaluaci\u00f3n ambiental de la Secretaria de Medio Ambientes (SEDEMA), hasta que la extitular Mar\u00eda del Roc\u00edo P\u00e9rez le dio las gracias.<br>Quien de plano est\u00e1 muy desaparecida es la jovencita Beatriz Rodr\u00edguez de quien solo se sabe fue la cuota joven puesta e impuesta por el partido.<br>Gerardo Rossete promete y en el caso de Ana Cristina Morales, podr\u00e1 sin duda hacer buenas gestiones para el municipio con la CFE, donde su padre, Carlos Andr\u00e9s Morales Mar, como director de la empresa a nivel nacional seguramente podr\u00e1 coordinarse con la administraci\u00f3n de Juan Manuel de Unanue pues no se trata ya de partidos sino de gobernanza.<br>No est\u00e1 dem\u00e1s decir que Morales Mar es de los fundadores de Morena en Boca del R\u00edo y una figura muy respetada en el mismo, tanto que hoy su hija es regidora sin restarle m\u00e9rito a la edil morenista que sobra decir, est\u00e1 preparada profesionalmente, conoce la funci\u00f3n p\u00fablica y camin\u00f3 casa por casa con sus padres desde que Morena era solo un movimiento y un sue\u00f1o del hoy presidente Andr\u00e9s Manuel L\u00f3pez Obrador, amigo personal de su padre.<br>\u2014\u2014\u2014\/\/\/\u2014\u2014-<br><strong>AHUED LA ESPERANZA\u2026<br><\/strong>Pero de Xalapa.<br>Vaya que fue bien recibido el alcalde xalape\u00f1o por segunda ocasi\u00f3n despu\u00e9s del fat\u00eddico paso de su antecesor Hip\u00f3lito Rodr\u00edguez Herrero, el peor presidente municipal en las \u00faltimas d\u00e9cadas, peor que Reynaldo Escobar pues este ente sus borracheras y marruller\u00edas al menos daba nota, el que se fue ni eso.<br>Pas\u00f3 con m\u00e1s pena que gloria, cuatro a\u00f1os tristemente perdidos. Nefasto el tipo por donde se vea, solo lleg\u00f3 a hacer del Ayuntamiento un har\u00e9n que circula en el pasillo secreto que por fortuna Ricardo Ahued ya clausur\u00f3.<br>Bienvenida la experiencia.<br>\u2014\u2014\u2014\/\/\/\u2014\u2014\u2014<br><strong>ORGULLO NAVIDE\u00d1O\u2026<br><\/strong>El Gobierno del Estado de Veracruz, a trav\u00e9s de la Secretar\u00eda de Gobierno, el DIF Estatal y el Ayuntamiento de Coatepec, llevaron a cabo la \u00abClausura del Programa Orgullo Navide\u00f1o\u00bb, este domingo 9 de enero por la noche en la Pista de Hielo, de este municipio.<br>Cabe recordar que desde el pasado 30 de Noviembre ni\u00f1os de todas las edades y tambi\u00e9n los adultos disfrutaron de la pista de patinaje sobre hielo del Festival Orgullo Navide\u00f1o organizado por la Secretar\u00eda de Gobierno, al respecto el titular de dicha dependencia Eric Cisneros Patrocinio agradeci\u00f3 a todos los que hicieron posible el \u00e9xito del Festival por espacio de 40 d\u00edas, extendi\u00f3 el reconocimiento a los ediles de Acajete, Misantla, Las Vigas, Tlalnelhuayocan hasta la regi\u00f3n de Huatusco; Totutla.<br>Tanto en Coatepec, Papantla y Coatzacoalcos asistieron m\u00e1s de un mill\u00f3n 600 mil personas.<br>En su mayor\u00eda, habitantes de este municipio y de otros cercanos como Xalapa, Xico, Teocelo e incluso de otros m\u00e1s lejanos, disfrutaron en grande este nuevo atractivo que propici\u00f3 la convivencia familiar, la recreaci\u00f3n y el gusto por las fiestas decembrinas y que adem\u00e1s reactiv\u00f3 la econom\u00eda local.<br>\u2014\u2014\u2014\/\/\/\u2014\u2014<br><strong>YA LO DIJO\u2026<br><\/strong>El secretario de Educaci\u00f3n, Zenyazen Escobar Garc\u00eda, del 17 al 21 ser\u00e1 la vacunaci\u00f3n docente para el magisterio veracruzano.<br>En atenci\u00f3n al personal del sistema educativo estatal que ha regresado a las aulas, la Secretar\u00eda de Salud llevar\u00e1 a cabo jornadas de refuerzo contra COVID-19 a quienes han cumplido seis meses desde la \u00faltima aplicaci\u00f3n, con una meta de 177 mil dosis, inform\u00f3 el gobernador Cuitl\u00e1huac Garc\u00eda Jim\u00e9nez.<br>Para ello es necesario el registro en http:\/\/vacunadocentes.sev.gob.mx\/ y entregar en m\u00f3dulo la CURP, identificaci\u00f3n oficial y del centro de trabajo, formato de consentimiento firmado y comprobante del esquema de vacunaci\u00f3n primario.<br>\u2014\u2014\/\/\/\u2014\u2014<br><strong>CALENDARIO\u2026<br><\/strong>Los d\u00edas 17 y 18 de enero en Tantoyuca, Mart\u00ednez de la Torre y San Andr\u00e9s Tuxtla, y del 17 al 19 en Poza Rica, todos estos municipios en sus respectivos institutos tecnol\u00f3gicos.<br>Del 17 al 21 ser\u00e1 en Xalapa (Escuela Normal Veracruzana y Gimnasio Omega), Boca del R\u00edo (Estadio Luis Pirata Fuente), Orizaba (Expori) y Coatzacoalcos (ITESCO).<br>As\u00ed como 18 y 19 de enero en Las Choapas, 19 y 20 P\u00e1nuco, del 19 al 21 en Cosamaloapan (\u00e9ste y los dos anteriores en sus institutos tecnol\u00f3gicos) y Tuxpan (recinto ferial), y los d\u00edas 20 y 21 en Papantla (Escuela Primaria Concepci\u00f3n Fuentes).<br>Cabe destacar que hasta el momento han regresado a clases presenciales 780 mil 877 estudiantes y 109 mil 367 docentes en 15 mil 165 planteles de los niveles b\u00e1sico, medio superior y superior.<br>\u2014\u2014\u2014\/\/\/\/\u2014\u2014<br><strong>CAZAR\u00cdN\u2026<br><\/strong>Le meti\u00f3 su contest\u00f3n a Marko Cort\u00e9s.<br>Luego de los hechos violentos suscitados recientemente en la entidad veracruzana, el dirigente nacional del PAN, Marko Cort\u00e9s a trav\u00e9s de sus redes sociales critic\u00f3 al Gobernador del Estado, Cuitl\u00e1huac Garc\u00eda Jim\u00e9nez, a lo que el diputado local y titular de la Jucopo del Congreso Local, Juan Javier G\u00f3mez Cazar\u00edn exhibi\u00f3 al dirigente blanquiazul, se\u00f1alando que su partido pol\u00edtico protegi\u00f3 a los delincuentes y criminales en el estado y no dijo nada.<br>Cort\u00e9s pidi\u00f3 al Gobernador Cuitl\u00e1huac Garc\u00eda \u201cdejar de perseguir y detener a los opositores pol\u00edticos\u201d por lo que el diputado local Juan Javier G\u00f3mez Cazar\u00edn le respondi\u00f3 que no fuera c\u00ednico, \u201clas y los veracruzanos los echaron a ustedes de Veracruz, precisamente por ser ustedes quienes proteg\u00edan a los delincuentes\u201d<br>G\u00f3mez Cazar\u00edn exigi\u00f3 a Cort\u00e9s: \u201cnos deben la explicaci\u00f3n de Garc\u00eda Luna y de su candidato a l\u00edder estatal que result\u00f3 un pillo de siete suelas entre muchos otros\u201d.<br>Hasta Tito Delf\u00edn sali\u00f3 a bailar con la m\u00e1s fea y eso que no estaba en el pleito. Todo por el dirigente nacional panista que tiene todo menos liderazgo.<br>\u2014\u2014\u2014\/\/\/\u2014\u2014<br><strong>ROC\u00cdO NAHLE\u2026<br><\/strong>Puso a trabajar a los diputados y diputadas federales de Morena ya que al menos, si se est\u00e1n colgando de sus bastillas y ofreciendo beneficios inexistentes en SENER, que le hagan justicia a su salario y al movimiento.<br>Resulta y resalta que ya los puso a chambear ahora si en sus distritos y en la organizaci\u00f3n de foros para explicar la iniciativa de reforma el\u00e9ctrica.<br>En el caso de Veracruz- Boca del R\u00edo se realizar\u00e1 uno en el puerto a fin de mes pues en el municipio boque\u00f1o los empresarios e industriales ya hicieron el Foro de Energ\u00eda donde asisti\u00f3 la crema y nata de la iniciativa privada en Veracruz.<br>Ahora en el puerto se pretende repetir lo mismo y se ver\u00e1 que cuentas entregan.<br>Lo que es una realidad es que ser\u00e1n 19 foros y Roc\u00edo Nahle visitar\u00e1 algunos para abrir las pl\u00e1ticas y aclarar en vivo todas las dudas.<br>Nuevamente Veracruz ser\u00e1 anfitri\u00f3n de la \u201cjefa de jefas\u201d. Bien.<br>\u2014\u2014\u2014-\/\/\/\u2014\u2014-<br><strong>HABLANDO\u2026<br><\/strong>De Boca del R\u00edo donde gobierna Juan Manuel de Unanue ya est\u00e1 la campa\u00f1a de cobro del predial la cual al momento est\u00e1 dando muy buenos resultados.<br>En el caso de Medell\u00edn de Bravo y de Alvarado es prudente decirles a los ciudadanos que esta semana qu\u00e9 pas\u00f3 ya comenz\u00f3 el cobro.<br>Poco a poco estos \u00faltimos dos Ayuntamientos se van regularizando despu\u00e9s de dif\u00edcil transici\u00f3n, el primero a cargo de Marcos Isle\u00f1o Andrade y el segundo de Lizzette \u00c1lvarez Vera, ambos del PVEM.<br>\u2014\u2014-\/\/\/\u2014\u2014<br><strong>CORREGIDO\u2026<br><\/strong>Los errores en la exenci\u00f3n del pago de tenencia vehicular a autos h\u00edbridos y a quienes est\u00e9n al corriente con la verificaci\u00f3n.<br>El Secretario de Finanzas y Planeaci\u00f3n, Jos\u00e9 Luis Lima Franco, inform\u00f3 que para 2022, solamente los propietarios de veh\u00edculos que vayan al corriente con la verificaci\u00f3n vehicular, podr\u00e1n acceder a la condonaci\u00f3n del pago de tenencia.<br>Hasta el a\u00f1o asado, solo 25 por ciento de la totalidad del parque vehicular hab\u00eda cumplido con la verificaci\u00f3n, por lo que buscan que la cifra se incremente.<br>La intenci\u00f3n es que esta cifra pueda duplicarse al menos en un 50 por ciento de los coches que verifican en el Estado. No es un tema recaudatorio sino de cumplir con la ley ya en vigencia, subray\u00f3 y tiene raz\u00f3n.<br>\u2014\u2014\/\/\/\u2014\u2014<br><strong>A VER SI COMO\u2026<br><\/strong>Roncan, duermen.<br>Ante la incertidumbre que generan para las y los veracruzanos las notas period\u00edsticas que circulan en diversos medios de comunicaci\u00f3n sobre la supuesta creaci\u00f3n de una Comisi\u00f3n Especial del Senado de la Rep\u00fablica que investigar\u00eda al Gobierno de Veracruz, Cecilia Guevara Guembe, Presidenta del H. Congreso del Estado de Veracruz, solicit\u00f3 a la presidenta de la Mesa Directiva del Senado, Olga S\u00e1nchez Cordero, la informaci\u00f3n sobre este caso.<br>Hizo esta solicitud sobre la existencia o no de una comisi\u00f3n que investigar\u00eda presuntos abusos de autoridad y violaciones en el estado de Veracruz, la integraci\u00f3n de la misma y los objetivos que perseguir\u00eda.<br>Asimismo y de ser posible, la fecha de la sesi\u00f3n celebrada en el Pleno del Senado, en la que se haya realizado el procedimiento parlamentario para su creaci\u00f3n; adem\u00e1s, en caso de ser viable, proporcionar copia del instrumento oficial que contenga la creaci\u00f3n de dicha comisi\u00f3n y de la instrucci\u00f3n para su respectiva publicaci\u00f3n en la p\u00e1gina de internet del Senado.<br>De acuerdo a la legisladora local de Morena, el asunto trasciende no solo a la vida p\u00fablica de los involucrados, sino a las mismas instituciones relacionadas, raz\u00f3n por la cual, como ente soberano, buscan salvaguardar y procurar que en Veracruz sean respetados los derechos humanos de toda la ciudadan\u00eda sin distingo partidista.<br>Y es que partir de la declaraci\u00f3n del senador Ricardo Monreal \u00c1vila sobre la detenci\u00f3n del Secretario T\u00e9cnico y del supuesto uso selectivo de la justicia, aduciendo una aparente persecuci\u00f3n pol\u00edtica en contra del servidor p\u00fablico, se habl\u00f3 de la integraci\u00f3n de la citada comisi\u00f3n especial generando una serie de especulaciones acerca de la legal conformaci\u00f3n de la misma y sobre los fines que persigue.<br>Zas culebras.<br>Buen lunes, ya ingres\u00f3 el frente fr\u00edo. Buen d\u00eda.<\/p>\n\n\n\n<p>e-mail: sinrencorespuntocom@gmail.com<\/p>\n","protected":false},"excerpt":{"rendered":"<p>Adriana Mu\u00f1ozSin Rencores \u201cSeg\u00fan yo lo veo, si quieres el arco iris, tienes que aguantar la lluvia\u00bb. Dolly Parton. PARA ESTE MES\u2026Tal vez al finalizar, se realizar\u00e1n las elecciones del PAN municipal en el Puerto de Veracruz.Se sabe qu\u00e9 hay varias tiradoras.Si. Tiradoras.Y es que forzosamente la dirigencia municipal, de acuerdo a lo que est\u00e1 [&hellip;]<\/p>\n","protected":false},"author":2,"featured_media":0,"comment_status":"closed","ping_status":"closed","sticky":false,"template":"","format":"standard","meta":{"tdm_status":"","tdm_grid_status":"","footnotes":""},"categories":[70],"tags":[23135,31097,1563,31873,31872,31871,13713,12695,6732,27382,1026,31256,266,876,2944,3578,18990,26292,195,96,12372],"class_list":{"0":"post-84469","1":"post","2":"type-post","3":"status-publish","4":"format-standard","6":"category-de-opinion","7":"tag-adriana-munoz","8":"tag-cecilia-guevara-guembe","9":"tag-cuitlahuac-garcia-jimenez","10":"tag-eric-cisneros-patrocinio","11":"tag-francisco-luis-moreno-quiroga","12":"tag-gerardo-rossete","13":"tag-jose-luis-lima-franco","14":"tag-juan-javier-gomez-cazarin","15":"tag-juan-manuel-de-unanue","16":"tag-lizzette-alvarez-vera","17":"tag-morena","18":"tag-orgullo-navideno","19":"tag-pan","20":"tag-ricardo-ahued","21":"tag-ricardo-monreal-avila","22":"tag-rocio-nahle","23":"tag-sener","24":"tag-sonia-colorado","25":"tag-veracruz","26":"tag-xalapa","27":"tag-zenyazen-escobar-garcia"},"yoast_head":"<!-- This site is optimized with the Yoast SEO plugin v27.4 - https:\/\/yoast.com\/product\/yoast-seo-wordpress\/ -->\n<title>Elecci\u00f3n azul porte\u00f1a - Los pol\u00edticos Veracruz<\/title>\n<meta name=\"robots\" content=\"index, follow, max-snippet:-1, max-image-preview:large, max-video-preview:-1\" \/>\n<link rel=\"canonical\" href=\"https:\/\/lospoliticosveracruz.com\/?p=84469\" \/>\n<meta property=\"og:locale\" content=\"es_ES\" \/>\n<meta property=\"og:type\" content=\"article\" \/>\n<meta property=\"og:title\" content=\"Elecci\u00f3n azul porte\u00f1a - Los pol\u00edticos Veracruz\" \/>\n<meta property=\"og:description\" content=\"Adriana Mu\u00f1ozSin Rencores \u201cSeg\u00fan yo lo veo, si quieres el arco iris, tienes que aguantar la lluvia\u00bb. Dolly Parton. PARA ESTE MES\u2026Tal vez al finalizar, se realizar\u00e1n las elecciones del PAN municipal en el Puerto de Veracruz.Se sabe qu\u00e9 hay varias tiradoras.Si. Tiradoras.Y es que forzosamente la dirigencia municipal, de acuerdo a lo que est\u00e1 [&hellip;]\" \/>\n<meta property=\"og:url\" content=\"https:\/\/lospoliticosveracruz.com\/?p=84469\" \/>\n<meta property=\"og:site_name\" content=\"Los pol\u00edticos Veracruz\" \/>\n<meta property=\"article:publisher\" content=\"https:\/\/www.facebook.com\/people\/Notimemes-de-los-Polticos\/61565672886568\/\" \/>\n<meta property=\"article:published_time\" content=\"2022-01-10T14:58:02+00:00\" \/>\n<meta property=\"article:modified_time\" content=\"2022-01-10T15:02:46+00:00\" \/>\n<meta property=\"og:image\" content=\"https:\/\/lospoliticosveracruz.com\/wp-content\/uploads\/2016\/07\/Logo-Dor.jpg\" \/>\n\t<meta property=\"og:image:width\" content=\"200\" \/>\n\t<meta property=\"og:image:height\" content=\"200\" \/>\n\t<meta property=\"og:image:type\" content=\"image\/jpeg\" \/>\n<meta name=\"author\" content=\"Lo viste en Los Pol\u00edticos\" \/>\n<meta name=\"twitter:card\" content=\"summary_large_image\" \/>\n<meta name=\"twitter:creator\" content=\"@LosPoliticosVer\" \/>\n<meta name=\"twitter:site\" content=\"@LosPoliticosVer\" \/>\n<meta name=\"twitter:label1\" content=\"Escrito por\" \/>\n\t<meta name=\"twitter:data1\" content=\"Lo viste en Los Pol\u00edticos\" \/>\n\t<meta name=\"twitter:label2\" content=\"Tiempo de lectura\" \/>\n\t<meta name=\"twitter:data2\" content=\"10 minutos\" \/>\n<script type=\"application\/ld+json\" class=\"yoast-schema-graph\">{\"@context\":\"https:\\\/\\\/schema.org\",\"@graph\":[{\"@type\":\"Article\",\"@id\":\"https:\\\/\\\/lospoliticosveracruz.com\\\/?p=84469#article\",\"isPartOf\":{\"@id\":\"https:\\\/\\\/lospoliticosveracruz.com\\\/?p=84469\"},\"author\":{\"name\":\"Lo viste en Los Pol\u00edticos\",\"@id\":\"https:\\\/\\\/lospoliticosveracruz.com\\\/#\\\/schema\\\/person\\\/b8702bb0e538456e6efd07080bf2a4a2\"},\"headline\":\"Elecci\u00f3n azul porte\u00f1a\",\"datePublished\":\"2022-01-10T14:58:02+00:00\",\"dateModified\":\"2022-01-10T15:02:46+00:00\",\"mainEntityOfPage\":{\"@id\":\"https:\\\/\\\/lospoliticosveracruz.com\\\/?p=84469\"},\"wordCount\":1995,\"publisher\":{\"@id\":\"https:\\\/\\\/lospoliticosveracruz.com\\\/#organization\"},\"keywords\":[\"Adriana Mu\u00f1oz\",\"Cecilia Guevara Guembe\",\"Cuitl\u00e1huac Garc\u00eda Jim\u00e9nez\",\"Eric Cisneros Patrocinio\",\"Francisco Luis Moreno Quiroga\",\"Gerardo Rossete\",\"Jos\u00e9 Luis Lima Franco\",\"Juan Javier G\u00f3mez Cazar\u00edn\",\"Juan Manuel de Unanue\",\"Lizzette \u00c1lvarez Vera\",\"Morena\",\"Orgullo Navide\u00f1o\",\"PAN\",\"Ricardo Ahued\",\"Ricardo Monreal \u00c1vila\",\"Roc\u00edo Nahle\",\"Sener\",\"Sonia Colorado\",\"Veracruz\",\"Xalapa\",\"Zenyazen Escobar Garc\u00eda\"],\"articleSection\":[\"De Opini\u00f3n\"],\"inLanguage\":\"es\"},{\"@type\":\"WebPage\",\"@id\":\"https:\\\/\\\/lospoliticosveracruz.com\\\/?p=84469\",\"url\":\"https:\\\/\\\/lospoliticosveracruz.com\\\/?p=84469\",\"name\":\"Elecci\u00f3n azul porte\u00f1a - Los pol\u00edticos Veracruz\",\"isPartOf\":{\"@id\":\"https:\\\/\\\/lospoliticosveracruz.com\\\/#website\"},\"datePublished\":\"2022-01-10T14:58:02+00:00\",\"dateModified\":\"2022-01-10T15:02:46+00:00\",\"breadcrumb\":{\"@id\":\"https:\\\/\\\/lospoliticosveracruz.com\\\/?p=84469#breadcrumb\"},\"inLanguage\":\"es\",\"potentialAction\":[{\"@type\":\"ReadAction\",\"target\":[\"https:\\\/\\\/lospoliticosveracruz.com\\\/?p=84469\"]}]},{\"@type\":\"BreadcrumbList\",\"@id\":\"https:\\\/\\\/lospoliticosveracruz.com\\\/?p=84469#breadcrumb\",\"itemListElement\":[{\"@type\":\"ListItem\",\"position\":1,\"name\":\"Portada\",\"item\":\"https:\\\/\\\/lospoliticosveracruz.com\\\/\"},{\"@type\":\"ListItem\",\"position\":2,\"name\":\"Elecci\u00f3n azul porte\u00f1a\"}]},{\"@type\":\"WebSite\",\"@id\":\"https:\\\/\\\/lospoliticosveracruz.com\\\/#website\",\"url\":\"https:\\\/\\\/lospoliticosveracruz.com\\\/\",\"name\":\"Los pol\u00edticos Veracruz\",\"description\":\"\",\"publisher\":{\"@id\":\"https:\\\/\\\/lospoliticosveracruz.com\\\/#organization\"},\"potentialAction\":[{\"@type\":\"SearchAction\",\"target\":{\"@type\":\"EntryPoint\",\"urlTemplate\":\"https:\\\/\\\/lospoliticosveracruz.com\\\/?s={search_term_string}\"},\"query-input\":{\"@type\":\"PropertyValueSpecification\",\"valueRequired\":true,\"valueName\":\"search_term_string\"}}],\"inLanguage\":\"es\"},{\"@type\":\"Organization\",\"@id\":\"https:\\\/\\\/lospoliticosveracruz.com\\\/#organization\",\"name\":\"Los pol\u00edticos Veracruz\",\"url\":\"https:\\\/\\\/lospoliticosveracruz.com\\\/\",\"logo\":{\"@type\":\"ImageObject\",\"inLanguage\":\"es\",\"@id\":\"https:\\\/\\\/lospoliticosveracruz.com\\\/#\\\/schema\\\/logo\\\/image\\\/\",\"url\":\"https:\\\/\\\/lospoliticosveracruz.com\\\/wp-content\\\/uploads\\\/2025\\\/12\\\/Logo-Nuevo-LOS-POLITICOS-1.jpg\",\"contentUrl\":\"https:\\\/\\\/lospoliticosveracruz.com\\\/wp-content\\\/uploads\\\/2025\\\/12\\\/Logo-Nuevo-LOS-POLITICOS-1.jpg\",\"width\":260,\"height\":70,\"caption\":\"Los pol\u00edticos Veracruz\"},\"image\":{\"@id\":\"https:\\\/\\\/lospoliticosveracruz.com\\\/#\\\/schema\\\/logo\\\/image\\\/\"},\"sameAs\":[\"https:\\\/\\\/www.facebook.com\\\/people\\\/Notimemes-de-los-Polticos\\\/61565672886568\\\/\",\"https:\\\/\\\/x.com\\\/LosPoliticosVer\"]},{\"@type\":\"Person\",\"@id\":\"https:\\\/\\\/lospoliticosveracruz.com\\\/#\\\/schema\\\/person\\\/b8702bb0e538456e6efd07080bf2a4a2\",\"name\":\"Lo viste en Los Pol\u00edticos\",\"image\":{\"@type\":\"ImageObject\",\"inLanguage\":\"es\",\"@id\":\"https:\\\/\\\/secure.gravatar.com\\\/avatar\\\/3a8de04a2656d44082be478bd6c086daa447c4651605818287b9532d3d0bd435?s=96&d=mm&r=g\",\"url\":\"https:\\\/\\\/secure.gravatar.com\\\/avatar\\\/3a8de04a2656d44082be478bd6c086daa447c4651605818287b9532d3d0bd435?s=96&d=mm&r=g\",\"contentUrl\":\"https:\\\/\\\/secure.gravatar.com\\\/avatar\\\/3a8de04a2656d44082be478bd6c086daa447c4651605818287b9532d3d0bd435?s=96&d=mm&r=g\",\"caption\":\"Lo viste en Los Pol\u00edticos\"},\"url\":\"https:\\\/\\\/lospoliticosveracruz.com\\\/?author=2\"}]}<\/script>\n<!-- \/ Yoast SEO plugin. -->","yoast_head_json":{"title":"Elecci\u00f3n azul porte\u00f1a - Los pol\u00edticos Veracruz","robots":{"index":"index","follow":"follow","max-snippet":"max-snippet:-1","max-image-preview":"max-image-preview:large","max-video-preview":"max-video-preview:-1"},"canonical":"https:\/\/lospoliticosveracruz.com\/?p=84469","og_locale":"es_ES","og_type":"article","og_title":"Elecci\u00f3n azul porte\u00f1a - Los pol\u00edticos Veracruz","og_description":"Adriana Mu\u00f1ozSin Rencores \u201cSeg\u00fan yo lo veo, si quieres el arco iris, tienes que aguantar la lluvia\u00bb. Dolly Parton. PARA ESTE MES\u2026Tal vez al finalizar, se realizar\u00e1n las elecciones del PAN municipal en el Puerto de Veracruz.Se sabe qu\u00e9 hay varias tiradoras.Si. Tiradoras.Y es que forzosamente la dirigencia municipal, de acuerdo a lo que est\u00e1 [&hellip;]","og_url":"https:\/\/lospoliticosveracruz.com\/?p=84469","og_site_name":"Los pol\u00edticos Veracruz","article_publisher":"https:\/\/www.facebook.com\/people\/Notimemes-de-los-Polticos\/61565672886568\/","article_published_time":"2022-01-10T14:58:02+00:00","article_modified_time":"2022-01-10T15:02:46+00:00","og_image":[{"width":200,"height":200,"url":"https:\/\/lospoliticosveracruz.com\/wp-content\/uploads\/2016\/07\/Logo-Dor.jpg","type":"image\/jpeg"}],"author":"Lo viste en Los Pol\u00edticos","twitter_card":"summary_large_image","twitter_creator":"@LosPoliticosVer","twitter_site":"@LosPoliticosVer","twitter_misc":{"Escrito por":"Lo viste en Los Pol\u00edticos","Tiempo de lectura":"10 minutos"},"schema":{"@context":"https:\/\/schema.org","@graph":[{"@type":"Article","@id":"https:\/\/lospoliticosveracruz.com\/?p=84469#article","isPartOf":{"@id":"https:\/\/lospoliticosveracruz.com\/?p=84469"},"author":{"name":"Lo viste en Los Pol\u00edticos","@id":"https:\/\/lospoliticosveracruz.com\/#\/schema\/person\/b8702bb0e538456e6efd07080bf2a4a2"},"headline":"Elecci\u00f3n azul porte\u00f1a","datePublished":"2022-01-10T14:58:02+00:00","dateModified":"2022-01-10T15:02:46+00:00","mainEntityOfPage":{"@id":"https:\/\/lospoliticosveracruz.com\/?p=84469"},"wordCount":1995,"publisher":{"@id":"https:\/\/lospoliticosveracruz.com\/#organization"},"keywords":["Adriana Mu\u00f1oz","Cecilia Guevara Guembe","Cuitl\u00e1huac Garc\u00eda Jim\u00e9nez","Eric Cisneros Patrocinio","Francisco Luis Moreno Quiroga","Gerardo Rossete","Jos\u00e9 Luis Lima Franco","Juan Javier G\u00f3mez Cazar\u00edn","Juan Manuel de Unanue","Lizzette \u00c1lvarez Vera","Morena","Orgullo Navide\u00f1o","PAN","Ricardo Ahued","Ricardo Monreal \u00c1vila","Roc\u00edo Nahle","Sener","Sonia Colorado","Veracruz","Xalapa","Zenyazen Escobar Garc\u00eda"],"articleSection":["De Opini\u00f3n"],"inLanguage":"es"},{"@type":"WebPage","@id":"https:\/\/lospoliticosveracruz.com\/?p=84469","url":"https:\/\/lospoliticosveracruz.com\/?p=84469","name":"Elecci\u00f3n azul porte\u00f1a - Los pol\u00edticos Veracruz","isPartOf":{"@id":"https:\/\/lospoliticosveracruz.com\/#website"},"datePublished":"2022-01-10T14:58:02+00:00","dateModified":"2022-01-10T15:02:46+00:00","breadcrumb":{"@id":"https:\/\/lospoliticosveracruz.com\/?p=84469#breadcrumb"},"inLanguage":"es","potentialAction":[{"@type":"ReadAction","target":["https:\/\/lospoliticosveracruz.com\/?p=84469"]}]},{"@type":"BreadcrumbList","@id":"https:\/\/lospoliticosveracruz.com\/?p=84469#breadcrumb","itemListElement":[{"@type":"ListItem","position":1,"name":"Portada","item":"https:\/\/lospoliticosveracruz.com\/"},{"@type":"ListItem","position":2,"name":"Elecci\u00f3n azul porte\u00f1a"}]},{"@type":"WebSite","@id":"https:\/\/lospoliticosveracruz.com\/#website","url":"https:\/\/lospoliticosveracruz.com\/","name":"Los pol\u00edticos Veracruz","description":"","publisher":{"@id":"https:\/\/lospoliticosveracruz.com\/#organization"},"potentialAction":[{"@type":"SearchAction","target":{"@type":"EntryPoint","urlTemplate":"https:\/\/lospoliticosveracruz.com\/?s={search_term_string}"},"query-input":{"@type":"PropertyValueSpecification","valueRequired":true,"valueName":"search_term_string"}}],"inLanguage":"es"},{"@type":"Organization","@id":"https:\/\/lospoliticosveracruz.com\/#organization","name":"Los pol\u00edticos Veracruz","url":"https:\/\/lospoliticosveracruz.com\/","logo":{"@type":"ImageObject","inLanguage":"es","@id":"https:\/\/lospoliticosveracruz.com\/#\/schema\/logo\/image\/","url":"https:\/\/lospoliticosveracruz.com\/wp-content\/uploads\/2025\/12\/Logo-Nuevo-LOS-POLITICOS-1.jpg","contentUrl":"https:\/\/lospoliticosveracruz.com\/wp-content\/uploads\/2025\/12\/Logo-Nuevo-LOS-POLITICOS-1.jpg","width":260,"height":70,"caption":"Los pol\u00edticos Veracruz"},"image":{"@id":"https:\/\/lospoliticosveracruz.com\/#\/schema\/logo\/image\/"},"sameAs":["https:\/\/www.facebook.com\/people\/Notimemes-de-los-Polticos\/61565672886568\/","https:\/\/x.com\/LosPoliticosVer"]},{"@type":"Person","@id":"https:\/\/lospoliticosveracruz.com\/#\/schema\/person\/b8702bb0e538456e6efd07080bf2a4a2","name":"Lo viste en Los Pol\u00edticos","image":{"@type":"ImageObject","inLanguage":"es","@id":"https:\/\/secure.gravatar.com\/avatar\/3a8de04a2656d44082be478bd6c086daa447c4651605818287b9532d3d0bd435?s=96&d=mm&r=g","url":"https:\/\/secure.gravatar.com\/avatar\/3a8de04a2656d44082be478bd6c086daa447c4651605818287b9532d3d0bd435?s=96&d=mm&r=g","contentUrl":"https:\/\/secure.gravatar.com\/avatar\/3a8de04a2656d44082be478bd6c086daa447c4651605818287b9532d3d0bd435?s=96&d=mm&r=g","caption":"Lo viste en Los Pol\u00edticos"},"url":"https:\/\/lospoliticosveracruz.com\/?author=2"}]}},"_links":{"self":[{"href":"https:\/\/lospoliticosveracruz.com\/index.php?rest_route=\/wp\/v2\/posts\/84469","targetHints":{"allow":["GET"]}}],"collection":[{"href":"https:\/\/lospoliticosveracruz.com\/index.php?rest_route=\/wp\/v2\/posts"}],"about":[{"href":"https:\/\/lospoliticosveracruz.com\/index.php?rest_route=\/wp\/v2\/types\/post"}],"author":[{"embeddable":true,"href":"https:\/\/lospoliticosveracruz.com\/index.php?rest_route=\/wp\/v2\/users\/2"}],"replies":[{"embeddable":true,"href":"https:\/\/lospoliticosveracruz.com\/index.php?rest_route=%2Fwp%2Fv2%2Fcomments&post=84469"}],"version-history":[{"count":2,"href":"https:\/\/lospoliticosveracruz.com\/index.php?rest_route=\/wp\/v2\/posts\/84469\/revisions"}],"predecessor-version":[{"id":84473,"href":"https:\/\/lospoliticosveracruz.com\/index.php?rest_route=\/wp\/v2\/posts\/84469\/revisions\/84473"}],"wp:attachment":[{"href":"https:\/\/lospoliticosveracruz.com\/index.php?rest_route=%2Fwp%2Fv2%2Fmedia&parent=84469"}],"wp:term":[{"taxonomy":"category","embeddable":true,"href":"https:\/\/lospoliticosveracruz.com\/index.php?rest_route=%2Fwp%2Fv2%2Fcategories&post=84469"},{"taxonomy":"post_tag","embeddable":true,"href":"https:\/\/lospoliticosveracruz.com\/index.php?rest_route=%2Fwp%2Fv2%2Ftags&post=84469"}],"curies":[{"name":"wp","href":"https:\/\/api.w.org\/{rel}","templated":true}]}}