{"id":84516,"date":"2022-01-11T10:03:56","date_gmt":"2022-01-11T16:03:56","guid":{"rendered":"https:\/\/lospoliticosveracruz.com.mx\/?p=84516"},"modified":"2022-01-11T10:04:03","modified_gmt":"2022-01-11T16:04:03","slug":"trabajo-mata-grilla","status":"publish","type":"post","link":"https:\/\/lospoliticosveracruz.com\/?p=84516","title":{"rendered":"Trabajo mata grilla"},"content":{"rendered":"\n<p><\/p>\n\n\n\n<p><strong>Yair Ademar Dom\u00ednguez<br><\/strong><em>Punto y Coma<\/em><\/p>\n\n\n\n<p><\/p>\n\n\n\n<p>Trabajo mata grilla. La frase, usada en la pol\u00edtica jarocha desde hace muchos a\u00f1os, bien se puede aplicar al gobernador Cuitl\u00e1huac Garc\u00eda Jim\u00e9nez, a quien le han enderezado una campa\u00f1a para afectar su imagen, integridad y labor pol\u00edtica administrativa.<\/p>\n\n\n\n<p>Sin embargo, como \u201ctrabajo mata grilla\u201d, los hechos saltan a la vista ante lo mucho que se ha realizado en Veracruz, una entidad que fue saqueada por gobiernos corruptos a m\u00e1s no poder, muchos de los cuales siguen gozando de cabal impunidad.<\/p>\n\n\n\n<p>Que no se nos olvide que uno de los ahora cr\u00edticos del gobierno veracruzano estuvo en la c\u00e1rcel, acusado de peculado y sali\u00f3 de Pacho Viejo no por inocente sino porque los delitos prescribieron. Su nombre, Dante Delgado Rannauro. Pero como la memoria es flaca, ahora se erige en defensor de un correligionario, acusado de homicidio doloso calificado y quiere aparecer como h\u00e9roe de la pel\u00edcula. Los veracruzanos no olvidamos.<\/p>\n\n\n\n<p>Jos\u00e9 Manuel \u201cN\u201d fue vinculado a proceso por su presunta responsabilidad en el delito de homicidio doloso calificado, cometido en agravio de la v\u00edctima R.T.T, dentro del proceso penal 414\/2021; quedando firme la medida cautelar de prisi\u00f3n preventiva oficiosa por el t\u00e9rmino de un a\u00f1o y tres meses de investigaci\u00f3n complementaria, as\u00ed lo inform\u00f3 la Fiscal\u00eda del Estado. En este caso, hay que puntualizarlo, no se busca venganza de ning\u00fan tipo sino simple y llanamente, justicia.<\/p>\n\n\n\n<p>Al gobierno de Cuitl\u00e1huac Garc\u00eda Jim\u00e9nez hay que reconocerle el trabajo que ha realizado para que el barco llamado Veracruz no se hunda, despu\u00e9s del saqueo que sufri\u00f3 de los gobiernos de Miguel Alem\u00e1n Velasco, Fidel Herrera Beltr\u00e1n, Javier Duarte de Ochoa y Miguel \u00c1ngel Yunes Linares, en donde la deuda p\u00fablica creci\u00f3 estratosf\u00e9ricamente. Los n\u00fameros no mienten.<\/p>\n\n\n\n<p>Cuando concluy\u00f3 el gobierno de Alem\u00e1n, hay gente que as\u00ed lo ha contado, personal de seguridad, se llevaba en cajas de huevo, miles de pesos de los 3 mil 500 millones de pesos de la deuda aprobada por el Congreso de esa \u00e9poca. La an\u00e9cdota supera la mejor novela surrealista, pero es verdad. Detr\u00e1s de eso quedaron en el abandono programas sociales, proyectos productivos y atenci\u00f3n a grupos vulnerables de veracruzanos.<\/p>\n\n\n\n<p>Luego vino Fidel Herrera Beltr\u00e1n, un gobernador que se volvi\u00f3 muy popular porque regalaba, sin ton ni son, dinero a manos llenas \u2013literal-. Uno podr\u00eda pensar que esta fue una buena soluci\u00f3n, porque resolv\u00eda de inmediato muchos problemas, sin protocolo, sin tr\u00e1mite administrativo, pero como no hay dinero que alcance, las maletas de Fidel Herrera hicieron otro hoyo financiero al estado de Veracruz.<\/p>\n\n\n\n<p>As\u00ed, Veracruz lleg\u00f3 a Javier Duarte de Ochoa, quien fue subsecretario y Secretario de Finanzas de Fidel Herrera y el saqueo se multiplic\u00f3. \u201cTodo lo que se pueda solucionar con dinero es barato\u201d, era la m\u00e1xima de ese gobierno que pasar\u00e1 a la historia como el m\u00e1s corrupto, al lado del de Miguel \u00c1ngel Yunes Linares, quien no s\u00f3lo negoci\u00f3 grandes cantidades con los duartistas, para permitir la impunidad, sino que factur\u00f3 a empresas de amigos y prestanombres el presupuesto completo del bienio.<\/p>\n\n\n\n<p>Los veracruzanos no olvidamos y ah\u00ed est\u00e1 el registro hist\u00f3rico en la prensa cr\u00edtica que hizo los se\u00f1alamientos oportunos.<\/p>\n\n\n\n<p>As\u00ed, llegamos al gobierno actual de Cuitl\u00e1huac Garc\u00eda Jim\u00e9nez, que \u201cliteral\u201d, ha tenido que bailar con la m\u00e1s fea, afrontando con organizaci\u00f3n, con estrategia, con ahorro interno, con una reingenier\u00eda administrativa que le ha permitido sortear el desorden heredado.<\/p>\n\n\n\n<p>Y con todo las acciones son tangibles, ah\u00ed est\u00e1 la obra p\u00fablica, las carreteras, los hospitales, las escuelas, los programas sociales caminando y en marcha. Y como para muestra basta un bot\u00f3n, este lunes entreg\u00f3 el Hospital General de Perote que llevaba diez a\u00f1os abandonado. S\u00ed, as\u00ed como lo lee estimado lector. Lo inici\u00f3 el gobierno de Duarte y el de Yunes Linares no le pas\u00f3 ni un brocha y ahora, gracias a las convicciones del gobernador Cuitl\u00e1huac Garc\u00eda, la obra qued\u00f3 terminada en seis meses.<\/p>\n\n\n\n<p>No hay duda que trabajo mata grilla. Y en Veracruz, la estructura de MORENA est\u00e1 lista, militantes y simpatizantes respaldan el trabajo realizado por el presidente y el gobernador del Estado.<\/p>\n\n\n\n<p>Comentarios: Facebook Yair Ademar Dominguez Twitter @YairAdemar<\/p>\n","protected":false},"excerpt":{"rendered":"<p>Yair Ademar Dom\u00ednguezPunto y Coma Trabajo mata grilla. La frase, usada en la pol\u00edtica jarocha desde hace muchos a\u00f1os, bien se puede aplicar al gobernador Cuitl\u00e1huac Garc\u00eda Jim\u00e9nez, a quien le han enderezado una campa\u00f1a para afectar su imagen, integridad y labor pol\u00edtica administrativa. Sin embargo, como \u201ctrabajo mata grilla\u201d, los hechos saltan a la [&hellip;]<\/p>\n","protected":false},"author":2,"featured_media":81833,"comment_status":"closed","ping_status":"closed","sticky":false,"template":"","format":"standard","meta":{"tdm_status":"","tdm_grid_status":"","footnotes":""},"categories":[70],"tags":[1563,6870,31891,1026,195,20652],"class_list":{"0":"post-84516","1":"post","2":"type-post","3":"status-publish","4":"format-standard","5":"has-post-thumbnail","7":"category-de-opinion","8":"tag-cuitlahuac-garcia-jimenez","9":"tag-fge","10":"tag-jose-manuel-n","11":"tag-morena","12":"tag-veracruz","13":"tag-yair-ademar-dominguez"},"yoast_head":"<!-- This site is optimized with the Yoast SEO plugin v27.4 - https:\/\/yoast.com\/product\/yoast-seo-wordpress\/ -->\n<title>Trabajo mata grilla - Los pol\u00edticos Veracruz<\/title>\n<meta name=\"robots\" content=\"index, follow, max-snippet:-1, max-image-preview:large, max-video-preview:-1\" \/>\n<link rel=\"canonical\" href=\"https:\/\/lospoliticosveracruz.com\/?p=84516\" \/>\n<meta property=\"og:locale\" content=\"es_ES\" \/>\n<meta property=\"og:type\" content=\"article\" \/>\n<meta property=\"og:title\" content=\"Trabajo mata grilla - Los pol\u00edticos Veracruz\" \/>\n<meta property=\"og:description\" content=\"Yair Ademar Dom\u00ednguezPunto y Coma Trabajo mata grilla. La frase, usada en la pol\u00edtica jarocha desde hace muchos a\u00f1os, bien se puede aplicar al gobernador Cuitl\u00e1huac Garc\u00eda Jim\u00e9nez, a quien le han enderezado una campa\u00f1a para afectar su imagen, integridad y labor pol\u00edtica administrativa. Sin embargo, como \u201ctrabajo mata grilla\u201d, los hechos saltan a la [&hellip;]\" \/>\n<meta property=\"og:url\" content=\"https:\/\/lospoliticosveracruz.com\/?p=84516\" \/>\n<meta property=\"og:site_name\" content=\"Los pol\u00edticos Veracruz\" \/>\n<meta property=\"article:publisher\" content=\"https:\/\/www.facebook.com\/people\/Notimemes-de-los-Polticos\/61565672886568\/\" \/>\n<meta property=\"article:published_time\" content=\"2022-01-11T16:03:56+00:00\" \/>\n<meta property=\"article:modified_time\" content=\"2022-01-11T16:04:03+00:00\" \/>\n<meta property=\"og:image\" content=\"https:\/\/lospoliticosveracruz.com\/wp-content\/uploads\/2021\/11\/Cuix.jpg\" \/>\n\t<meta property=\"og:image:width\" content=\"600\" \/>\n\t<meta property=\"og:image:height\" content=\"320\" \/>\n\t<meta property=\"og:image:type\" content=\"image\/jpeg\" \/>\n<meta name=\"author\" content=\"Lo viste en Los Pol\u00edticos\" \/>\n<meta name=\"twitter:card\" content=\"summary_large_image\" \/>\n<meta name=\"twitter:creator\" content=\"@LosPoliticosVer\" \/>\n<meta name=\"twitter:site\" content=\"@LosPoliticosVer\" \/>\n<meta name=\"twitter:label1\" content=\"Escrito por\" \/>\n\t<meta name=\"twitter:data1\" content=\"Lo viste en Los Pol\u00edticos\" \/>\n\t<meta name=\"twitter:label2\" content=\"Tiempo de lectura\" \/>\n\t<meta name=\"twitter:data2\" content=\"4 minutos\" \/>\n<script type=\"application\/ld+json\" class=\"yoast-schema-graph\">{\"@context\":\"https:\\\/\\\/schema.org\",\"@graph\":[{\"@type\":\"Article\",\"@id\":\"https:\\\/\\\/lospoliticosveracruz.com\\\/?p=84516#article\",\"isPartOf\":{\"@id\":\"https:\\\/\\\/lospoliticosveracruz.com\\\/?p=84516\"},\"author\":{\"name\":\"Lo viste en Los Pol\u00edticos\",\"@id\":\"https:\\\/\\\/lospoliticosveracruz.com\\\/#\\\/schema\\\/person\\\/b8702bb0e538456e6efd07080bf2a4a2\"},\"headline\":\"Trabajo mata grilla\",\"datePublished\":\"2022-01-11T16:03:56+00:00\",\"dateModified\":\"2022-01-11T16:04:03+00:00\",\"mainEntityOfPage\":{\"@id\":\"https:\\\/\\\/lospoliticosveracruz.com\\\/?p=84516\"},\"wordCount\":747,\"publisher\":{\"@id\":\"https:\\\/\\\/lospoliticosveracruz.com\\\/#organization\"},\"image\":{\"@id\":\"https:\\\/\\\/lospoliticosveracruz.com\\\/?p=84516#primaryimage\"},\"thumbnailUrl\":\"https:\\\/\\\/lospoliticosveracruz.com\\\/wp-content\\\/uploads\\\/2021\\\/11\\\/Cuix.jpg\",\"keywords\":[\"Cuitl\u00e1huac Garc\u00eda Jim\u00e9nez\",\"FGE\",\"Jos\u00e9 Manuel \u201cN\u201d\",\"Morena\",\"Veracruz\",\"Yair Ademar Dom\u00ednguez\"],\"articleSection\":[\"De Opini\u00f3n\"],\"inLanguage\":\"es\"},{\"@type\":\"WebPage\",\"@id\":\"https:\\\/\\\/lospoliticosveracruz.com\\\/?p=84516\",\"url\":\"https:\\\/\\\/lospoliticosveracruz.com\\\/?p=84516\",\"name\":\"Trabajo mata grilla - Los pol\u00edticos Veracruz\",\"isPartOf\":{\"@id\":\"https:\\\/\\\/lospoliticosveracruz.com\\\/#website\"},\"primaryImageOfPage\":{\"@id\":\"https:\\\/\\\/lospoliticosveracruz.com\\\/?p=84516#primaryimage\"},\"image\":{\"@id\":\"https:\\\/\\\/lospoliticosveracruz.com\\\/?p=84516#primaryimage\"},\"thumbnailUrl\":\"https:\\\/\\\/lospoliticosveracruz.com\\\/wp-content\\\/uploads\\\/2021\\\/11\\\/Cuix.jpg\",\"datePublished\":\"2022-01-11T16:03:56+00:00\",\"dateModified\":\"2022-01-11T16:04:03+00:00\",\"breadcrumb\":{\"@id\":\"https:\\\/\\\/lospoliticosveracruz.com\\\/?p=84516#breadcrumb\"},\"inLanguage\":\"es\",\"potentialAction\":[{\"@type\":\"ReadAction\",\"target\":[\"https:\\\/\\\/lospoliticosveracruz.com\\\/?p=84516\"]}]},{\"@type\":\"ImageObject\",\"inLanguage\":\"es\",\"@id\":\"https:\\\/\\\/lospoliticosveracruz.com\\\/?p=84516#primaryimage\",\"url\":\"https:\\\/\\\/lospoliticosveracruz.com\\\/wp-content\\\/uploads\\\/2021\\\/11\\\/Cuix.jpg\",\"contentUrl\":\"https:\\\/\\\/lospoliticosveracruz.com\\\/wp-content\\\/uploads\\\/2021\\\/11\\\/Cuix.jpg\",\"width\":600,\"height\":320},{\"@type\":\"BreadcrumbList\",\"@id\":\"https:\\\/\\\/lospoliticosveracruz.com\\\/?p=84516#breadcrumb\",\"itemListElement\":[{\"@type\":\"ListItem\",\"position\":1,\"name\":\"Portada\",\"item\":\"https:\\\/\\\/lospoliticosveracruz.com\\\/\"},{\"@type\":\"ListItem\",\"position\":2,\"name\":\"Trabajo mata grilla\"}]},{\"@type\":\"WebSite\",\"@id\":\"https:\\\/\\\/lospoliticosveracruz.com\\\/#website\",\"url\":\"https:\\\/\\\/lospoliticosveracruz.com\\\/\",\"name\":\"Los pol\u00edticos Veracruz\",\"description\":\"\",\"publisher\":{\"@id\":\"https:\\\/\\\/lospoliticosveracruz.com\\\/#organization\"},\"potentialAction\":[{\"@type\":\"SearchAction\",\"target\":{\"@type\":\"EntryPoint\",\"urlTemplate\":\"https:\\\/\\\/lospoliticosveracruz.com\\\/?s={search_term_string}\"},\"query-input\":{\"@type\":\"PropertyValueSpecification\",\"valueRequired\":true,\"valueName\":\"search_term_string\"}}],\"inLanguage\":\"es\"},{\"@type\":\"Organization\",\"@id\":\"https:\\\/\\\/lospoliticosveracruz.com\\\/#organization\",\"name\":\"Los pol\u00edticos Veracruz\",\"url\":\"https:\\\/\\\/lospoliticosveracruz.com\\\/\",\"logo\":{\"@type\":\"ImageObject\",\"inLanguage\":\"es\",\"@id\":\"https:\\\/\\\/lospoliticosveracruz.com\\\/#\\\/schema\\\/logo\\\/image\\\/\",\"url\":\"https:\\\/\\\/lospoliticosveracruz.com\\\/wp-content\\\/uploads\\\/2025\\\/12\\\/Logo-Nuevo-LOS-POLITICOS-1.jpg\",\"contentUrl\":\"https:\\\/\\\/lospoliticosveracruz.com\\\/wp-content\\\/uploads\\\/2025\\\/12\\\/Logo-Nuevo-LOS-POLITICOS-1.jpg\",\"width\":260,\"height\":70,\"caption\":\"Los pol\u00edticos Veracruz\"},\"image\":{\"@id\":\"https:\\\/\\\/lospoliticosveracruz.com\\\/#\\\/schema\\\/logo\\\/image\\\/\"},\"sameAs\":[\"https:\\\/\\\/www.facebook.com\\\/people\\\/Notimemes-de-los-Polticos\\\/61565672886568\\\/\",\"https:\\\/\\\/x.com\\\/LosPoliticosVer\"]},{\"@type\":\"Person\",\"@id\":\"https:\\\/\\\/lospoliticosveracruz.com\\\/#\\\/schema\\\/person\\\/b8702bb0e538456e6efd07080bf2a4a2\",\"name\":\"Lo viste en Los Pol\u00edticos\",\"image\":{\"@type\":\"ImageObject\",\"inLanguage\":\"es\",\"@id\":\"https:\\\/\\\/secure.gravatar.com\\\/avatar\\\/3a8de04a2656d44082be478bd6c086daa447c4651605818287b9532d3d0bd435?s=96&d=mm&r=g\",\"url\":\"https:\\\/\\\/secure.gravatar.com\\\/avatar\\\/3a8de04a2656d44082be478bd6c086daa447c4651605818287b9532d3d0bd435?s=96&d=mm&r=g\",\"contentUrl\":\"https:\\\/\\\/secure.gravatar.com\\\/avatar\\\/3a8de04a2656d44082be478bd6c086daa447c4651605818287b9532d3d0bd435?s=96&d=mm&r=g\",\"caption\":\"Lo viste en Los Pol\u00edticos\"},\"url\":\"https:\\\/\\\/lospoliticosveracruz.com\\\/?author=2\"}]}<\/script>\n<!-- \/ Yoast SEO plugin. -->","yoast_head_json":{"title":"Trabajo mata grilla - Los pol\u00edticos Veracruz","robots":{"index":"index","follow":"follow","max-snippet":"max-snippet:-1","max-image-preview":"max-image-preview:large","max-video-preview":"max-video-preview:-1"},"canonical":"https:\/\/lospoliticosveracruz.com\/?p=84516","og_locale":"es_ES","og_type":"article","og_title":"Trabajo mata grilla - Los pol\u00edticos Veracruz","og_description":"Yair Ademar Dom\u00ednguezPunto y Coma Trabajo mata grilla. La frase, usada en la pol\u00edtica jarocha desde hace muchos a\u00f1os, bien se puede aplicar al gobernador Cuitl\u00e1huac Garc\u00eda Jim\u00e9nez, a quien le han enderezado una campa\u00f1a para afectar su imagen, integridad y labor pol\u00edtica administrativa. Sin embargo, como \u201ctrabajo mata grilla\u201d, los hechos saltan a la [&hellip;]","og_url":"https:\/\/lospoliticosveracruz.com\/?p=84516","og_site_name":"Los pol\u00edticos Veracruz","article_publisher":"https:\/\/www.facebook.com\/people\/Notimemes-de-los-Polticos\/61565672886568\/","article_published_time":"2022-01-11T16:03:56+00:00","article_modified_time":"2022-01-11T16:04:03+00:00","og_image":[{"width":600,"height":320,"url":"https:\/\/lospoliticosveracruz.com\/wp-content\/uploads\/2021\/11\/Cuix.jpg","type":"image\/jpeg"}],"author":"Lo viste en Los Pol\u00edticos","twitter_card":"summary_large_image","twitter_creator":"@LosPoliticosVer","twitter_site":"@LosPoliticosVer","twitter_misc":{"Escrito por":"Lo viste en Los Pol\u00edticos","Tiempo de lectura":"4 minutos"},"schema":{"@context":"https:\/\/schema.org","@graph":[{"@type":"Article","@id":"https:\/\/lospoliticosveracruz.com\/?p=84516#article","isPartOf":{"@id":"https:\/\/lospoliticosveracruz.com\/?p=84516"},"author":{"name":"Lo viste en Los Pol\u00edticos","@id":"https:\/\/lospoliticosveracruz.com\/#\/schema\/person\/b8702bb0e538456e6efd07080bf2a4a2"},"headline":"Trabajo mata grilla","datePublished":"2022-01-11T16:03:56+00:00","dateModified":"2022-01-11T16:04:03+00:00","mainEntityOfPage":{"@id":"https:\/\/lospoliticosveracruz.com\/?p=84516"},"wordCount":747,"publisher":{"@id":"https:\/\/lospoliticosveracruz.com\/#organization"},"image":{"@id":"https:\/\/lospoliticosveracruz.com\/?p=84516#primaryimage"},"thumbnailUrl":"https:\/\/lospoliticosveracruz.com\/wp-content\/uploads\/2021\/11\/Cuix.jpg","keywords":["Cuitl\u00e1huac Garc\u00eda Jim\u00e9nez","FGE","Jos\u00e9 Manuel \u201cN\u201d","Morena","Veracruz","Yair Ademar Dom\u00ednguez"],"articleSection":["De Opini\u00f3n"],"inLanguage":"es"},{"@type":"WebPage","@id":"https:\/\/lospoliticosveracruz.com\/?p=84516","url":"https:\/\/lospoliticosveracruz.com\/?p=84516","name":"Trabajo mata grilla - Los pol\u00edticos Veracruz","isPartOf":{"@id":"https:\/\/lospoliticosveracruz.com\/#website"},"primaryImageOfPage":{"@id":"https:\/\/lospoliticosveracruz.com\/?p=84516#primaryimage"},"image":{"@id":"https:\/\/lospoliticosveracruz.com\/?p=84516#primaryimage"},"thumbnailUrl":"https:\/\/lospoliticosveracruz.com\/wp-content\/uploads\/2021\/11\/Cuix.jpg","datePublished":"2022-01-11T16:03:56+00:00","dateModified":"2022-01-11T16:04:03+00:00","breadcrumb":{"@id":"https:\/\/lospoliticosveracruz.com\/?p=84516#breadcrumb"},"inLanguage":"es","potentialAction":[{"@type":"ReadAction","target":["https:\/\/lospoliticosveracruz.com\/?p=84516"]}]},{"@type":"ImageObject","inLanguage":"es","@id":"https:\/\/lospoliticosveracruz.com\/?p=84516#primaryimage","url":"https:\/\/lospoliticosveracruz.com\/wp-content\/uploads\/2021\/11\/Cuix.jpg","contentUrl":"https:\/\/lospoliticosveracruz.com\/wp-content\/uploads\/2021\/11\/Cuix.jpg","width":600,"height":320},{"@type":"BreadcrumbList","@id":"https:\/\/lospoliticosveracruz.com\/?p=84516#breadcrumb","itemListElement":[{"@type":"ListItem","position":1,"name":"Portada","item":"https:\/\/lospoliticosveracruz.com\/"},{"@type":"ListItem","position":2,"name":"Trabajo mata grilla"}]},{"@type":"WebSite","@id":"https:\/\/lospoliticosveracruz.com\/#website","url":"https:\/\/lospoliticosveracruz.com\/","name":"Los pol\u00edticos Veracruz","description":"","publisher":{"@id":"https:\/\/lospoliticosveracruz.com\/#organization"},"potentialAction":[{"@type":"SearchAction","target":{"@type":"EntryPoint","urlTemplate":"https:\/\/lospoliticosveracruz.com\/?s={search_term_string}"},"query-input":{"@type":"PropertyValueSpecification","valueRequired":true,"valueName":"search_term_string"}}],"inLanguage":"es"},{"@type":"Organization","@id":"https:\/\/lospoliticosveracruz.com\/#organization","name":"Los pol\u00edticos Veracruz","url":"https:\/\/lospoliticosveracruz.com\/","logo":{"@type":"ImageObject","inLanguage":"es","@id":"https:\/\/lospoliticosveracruz.com\/#\/schema\/logo\/image\/","url":"https:\/\/lospoliticosveracruz.com\/wp-content\/uploads\/2025\/12\/Logo-Nuevo-LOS-POLITICOS-1.jpg","contentUrl":"https:\/\/lospoliticosveracruz.com\/wp-content\/uploads\/2025\/12\/Logo-Nuevo-LOS-POLITICOS-1.jpg","width":260,"height":70,"caption":"Los pol\u00edticos Veracruz"},"image":{"@id":"https:\/\/lospoliticosveracruz.com\/#\/schema\/logo\/image\/"},"sameAs":["https:\/\/www.facebook.com\/people\/Notimemes-de-los-Polticos\/61565672886568\/","https:\/\/x.com\/LosPoliticosVer"]},{"@type":"Person","@id":"https:\/\/lospoliticosveracruz.com\/#\/schema\/person\/b8702bb0e538456e6efd07080bf2a4a2","name":"Lo viste en Los Pol\u00edticos","image":{"@type":"ImageObject","inLanguage":"es","@id":"https:\/\/secure.gravatar.com\/avatar\/3a8de04a2656d44082be478bd6c086daa447c4651605818287b9532d3d0bd435?s=96&d=mm&r=g","url":"https:\/\/secure.gravatar.com\/avatar\/3a8de04a2656d44082be478bd6c086daa447c4651605818287b9532d3d0bd435?s=96&d=mm&r=g","contentUrl":"https:\/\/secure.gravatar.com\/avatar\/3a8de04a2656d44082be478bd6c086daa447c4651605818287b9532d3d0bd435?s=96&d=mm&r=g","caption":"Lo viste en Los Pol\u00edticos"},"url":"https:\/\/lospoliticosveracruz.com\/?author=2"}]}},"_links":{"self":[{"href":"https:\/\/lospoliticosveracruz.com\/index.php?rest_route=\/wp\/v2\/posts\/84516","targetHints":{"allow":["GET"]}}],"collection":[{"href":"https:\/\/lospoliticosveracruz.com\/index.php?rest_route=\/wp\/v2\/posts"}],"about":[{"href":"https:\/\/lospoliticosveracruz.com\/index.php?rest_route=\/wp\/v2\/types\/post"}],"author":[{"embeddable":true,"href":"https:\/\/lospoliticosveracruz.com\/index.php?rest_route=\/wp\/v2\/users\/2"}],"replies":[{"embeddable":true,"href":"https:\/\/lospoliticosveracruz.com\/index.php?rest_route=%2Fwp%2Fv2%2Fcomments&post=84516"}],"version-history":[{"count":1,"href":"https:\/\/lospoliticosveracruz.com\/index.php?rest_route=\/wp\/v2\/posts\/84516\/revisions"}],"predecessor-version":[{"id":84517,"href":"https:\/\/lospoliticosveracruz.com\/index.php?rest_route=\/wp\/v2\/posts\/84516\/revisions\/84517"}],"wp:featuredmedia":[{"embeddable":true,"href":"https:\/\/lospoliticosveracruz.com\/index.php?rest_route=\/wp\/v2\/media\/81833"}],"wp:attachment":[{"href":"https:\/\/lospoliticosveracruz.com\/index.php?rest_route=%2Fwp%2Fv2%2Fmedia&parent=84516"}],"wp:term":[{"taxonomy":"category","embeddable":true,"href":"https:\/\/lospoliticosveracruz.com\/index.php?rest_route=%2Fwp%2Fv2%2Fcategories&post=84516"},{"taxonomy":"post_tag","embeddable":true,"href":"https:\/\/lospoliticosveracruz.com\/index.php?rest_route=%2Fwp%2Fv2%2Ftags&post=84516"}],"curies":[{"name":"wp","href":"https:\/\/api.w.org\/{rel}","templated":true}]}}