{"id":84685,"date":"2022-01-14T13:34:37","date_gmt":"2022-01-14T19:34:37","guid":{"rendered":"https:\/\/lospoliticosveracruz.com.mx\/?p=84685"},"modified":"2022-01-14T13:34:43","modified_gmt":"2022-01-14T19:34:43","slug":"van-por-luz-bara","status":"publish","type":"post","link":"https:\/\/lospoliticosveracruz.com\/?p=84685","title":{"rendered":"Van por luz bara!"},"content":{"rendered":"\n<p><\/p>\n\n\n\n<p><strong>Xalapa<\/strong><\/p>\n\n\n\n<p><br>Garantizar la soberan\u00eda nacional en la producci\u00f3n, distribuci\u00f3n, sustentabilidad y el acceso a precios justos de energ\u00eda el\u00e9ctrica es uno de los principales objetivos de la Reforma El\u00e9ctrica que present\u00f3 el presidente de M\u00e9xico Andr\u00e9s Manuel L\u00f3pez a la C\u00e1mara de Diputados el pasado 30 de septiembre, asegur\u00f3 la Diputada Federal Ivonne Cisneros Luj\u00e1n.<br>En rueda de prensa, anunci\u00f3 que para que, la poblaci\u00f3n conozca el contenido de la iniciativa de Reforma Constitucional y tenga los elementos para reflexionar sobre este asunto que nos ata\u00f1e a todas y todos se organiz\u00f3 en Xalapa una asamblea informativa convocada por la diputada y el Diputado Rafael Hern\u00e1ndez Villalpando.<br>La Asamblea, se llevar\u00e1 a cabo a las 12 horas, en el sal\u00f3n Cascada del Hotel Misi\u00f3n Xalapa y contar\u00e1 con la participaci\u00f3n de expertos de la Comisi\u00f3n Federal de Electricidad qui\u00e9nes expondr\u00e1n a detalle los motivos y los beneficios de la reforma propuesta.<br>Precis\u00f3 que, para respetar las medidas de sana distancia, solo se aceptar\u00e1 un n\u00famero reducido de personas de manera presencial, pero se apoyar\u00e1 en la plataforma zoom y la transmisi\u00f3n en vivo a trav\u00e9s de las redes sociales los diputados convocantes.<br>\u00abQueremos que haya el mayor conocimiento de la ciudadan\u00eda, antes de que iniciemos su discusi\u00f3n el pr\u00f3ximo mes de febrero\u00bb afirm\u00f3.<br>Sobre el contenido de la reforma, abund\u00f3 que se busca que el Estado preserve la seguridad y autosuficiencia energ\u00e9ticas de la Naci\u00f3n y el abastecimiento continuo de energ\u00eda el\u00e9ctrica a toda la poblaci\u00f3n, como condici\u00f3n indispensable para garantizar la seguridad nacional y el derecho humano a la vida digna, situaci\u00f3n que se puso en riesgo con la reforma aprobada en 2013, al quitarle a la CFE la rector\u00eda en toda la cadena de producci\u00f3n y distribuci\u00f3n.<br>Cisneros Luj\u00e1n aclar\u00f3 que esto no significa que el sector privado no pueda participar, pero se establece con claridad en que t\u00e9rminos y en qu\u00e9.<br>\u00bb El sector privado participar\u00e1 hasta en el cuarenta y seis por ciento de la generaci\u00f3n que requiera el pa\u00eds, el servicio p\u00fablico de abastecimiento de energ\u00eda el\u00e9ctrica ser\u00e1 prestado exclusivamente por la Comisi\u00f3n Federal de Electricidad, la que podr\u00e1 adquirir energ\u00eda el\u00e9ctrica del sector privado\u00bb<br>Record\u00f3 que en el Pleno de la C\u00e1mara de Diputados se aprob\u00f3 el pasado 15 de diciembre la realizaci\u00f3n de un Parlamento Abierto que incluye 19 foros, que ser\u00e1n transmitido por el Canal del Congreso.<br>Dicho ejercicio de participaci\u00f3n ciudadana inicia el pr\u00f3ximo lunes 17 de enero con el Foro denominado \u00abEl sistema el\u00e9ctrico creado por la reforma del 2013\u00bb, ya que lo primero que toda la poblaci\u00f3n debe conocer es \u00bfQUE ESTAMOS TRANSFORMANDO?<br>Finalmente invit\u00f3 a la ciudadan\u00eda a seguir las transmisiones del Canal del Congreso y a participar en los foros inscribi\u00e9ndose como ponentes en las tem\u00e1ticas de su inter\u00e9s.<\/p>\n","protected":false},"excerpt":{"rendered":"<p>Xalapa Garantizar la soberan\u00eda nacional en la producci\u00f3n, distribuci\u00f3n, sustentabilidad y el acceso a precios justos de energ\u00eda el\u00e9ctrica es uno de los principales objetivos de la Reforma El\u00e9ctrica que present\u00f3 el presidente de M\u00e9xico Andr\u00e9s Manuel L\u00f3pez a la C\u00e1mara de Diputados el pasado 30 de septiembre, asegur\u00f3 la Diputada Federal Ivonne Cisneros Luj\u00e1n.En [&hellip;]<\/p>\n","protected":false},"author":2,"featured_media":0,"comment_status":"closed","ping_status":"closed","sticky":false,"template":"","format":"standard","meta":{"tdm_status":"","tdm_grid_status":"","footnotes":""},"categories":[1],"tags":[618,4973,12776,11992,26326],"class_list":{"0":"post-84685","1":"post","2":"type-post","3":"status-publish","4":"format-standard","6":"category-sin-categoria","7":"tag-andres-manuel-lopez-obrador","8":"tag-cfe","9":"tag-ivonne-cisneros-lujan","10":"tag-rafael-hernandez-villalpando","11":"tag-reforma-electrica"},"yoast_head":"<!-- This site is optimized with the Yoast SEO plugin v27.4 - https:\/\/yoast.com\/product\/yoast-seo-wordpress\/ -->\n<title>Van por luz bara! - Los pol\u00edticos Veracruz<\/title>\n<meta name=\"robots\" content=\"index, follow, max-snippet:-1, max-image-preview:large, max-video-preview:-1\" \/>\n<link rel=\"canonical\" href=\"https:\/\/lospoliticosveracruz.com\/?p=84685\" \/>\n<meta property=\"og:locale\" content=\"es_ES\" \/>\n<meta property=\"og:type\" content=\"article\" \/>\n<meta property=\"og:title\" content=\"Van por luz bara! - Los pol\u00edticos Veracruz\" \/>\n<meta property=\"og:description\" content=\"Xalapa Garantizar la soberan\u00eda nacional en la producci\u00f3n, distribuci\u00f3n, sustentabilidad y el acceso a precios justos de energ\u00eda el\u00e9ctrica es uno de los principales objetivos de la Reforma El\u00e9ctrica que present\u00f3 el presidente de M\u00e9xico Andr\u00e9s Manuel L\u00f3pez a la C\u00e1mara de Diputados el pasado 30 de septiembre, asegur\u00f3 la Diputada Federal Ivonne Cisneros Luj\u00e1n.En [&hellip;]\" \/>\n<meta property=\"og:url\" content=\"https:\/\/lospoliticosveracruz.com\/?p=84685\" \/>\n<meta property=\"og:site_name\" content=\"Los pol\u00edticos Veracruz\" \/>\n<meta property=\"article:publisher\" content=\"https:\/\/www.facebook.com\/people\/Notimemes-de-los-Polticos\/61565672886568\/\" \/>\n<meta property=\"article:published_time\" content=\"2022-01-14T19:34:37+00:00\" \/>\n<meta property=\"article:modified_time\" content=\"2022-01-14T19:34:43+00:00\" \/>\n<meta property=\"og:image\" content=\"https:\/\/lospoliticosveracruz.com\/wp-content\/uploads\/2016\/07\/Logo-Dor.jpg\" \/>\n\t<meta property=\"og:image:width\" content=\"200\" \/>\n\t<meta property=\"og:image:height\" content=\"200\" \/>\n\t<meta property=\"og:image:type\" content=\"image\/jpeg\" \/>\n<meta name=\"author\" content=\"Lo viste en Los Pol\u00edticos\" \/>\n<meta name=\"twitter:card\" content=\"summary_large_image\" \/>\n<meta name=\"twitter:creator\" content=\"@LosPoliticosVer\" \/>\n<meta name=\"twitter:site\" content=\"@LosPoliticosVer\" \/>\n<meta name=\"twitter:label1\" content=\"Escrito por\" \/>\n\t<meta name=\"twitter:data1\" content=\"Lo viste en Los Pol\u00edticos\" \/>\n\t<meta name=\"twitter:label2\" content=\"Tiempo de lectura\" \/>\n\t<meta name=\"twitter:data2\" content=\"3 minutos\" \/>\n<script type=\"application\/ld+json\" class=\"yoast-schema-graph\">{\"@context\":\"https:\\\/\\\/schema.org\",\"@graph\":[{\"@type\":\"Article\",\"@id\":\"https:\\\/\\\/lospoliticosveracruz.com\\\/?p=84685#article\",\"isPartOf\":{\"@id\":\"https:\\\/\\\/lospoliticosveracruz.com\\\/?p=84685\"},\"author\":{\"name\":\"Lo viste en Los Pol\u00edticos\",\"@id\":\"https:\\\/\\\/lospoliticosveracruz.com\\\/#\\\/schema\\\/person\\\/b8702bb0e538456e6efd07080bf2a4a2\"},\"headline\":\"Van por luz bara!\",\"datePublished\":\"2022-01-14T19:34:37+00:00\",\"dateModified\":\"2022-01-14T19:34:43+00:00\",\"mainEntityOfPage\":{\"@id\":\"https:\\\/\\\/lospoliticosveracruz.com\\\/?p=84685\"},\"wordCount\":515,\"publisher\":{\"@id\":\"https:\\\/\\\/lospoliticosveracruz.com\\\/#organization\"},\"keywords\":[\"Andr\u00e9s Manuel L\u00f3pez Obrador\",\"CFE\",\"Ivonne Cisneros Luj\u00e1n\",\"Rafael Hern\u00e1ndez Villalpando\",\"Reforma El\u00e9ctrica\"],\"inLanguage\":\"es\"},{\"@type\":\"WebPage\",\"@id\":\"https:\\\/\\\/lospoliticosveracruz.com\\\/?p=84685\",\"url\":\"https:\\\/\\\/lospoliticosveracruz.com\\\/?p=84685\",\"name\":\"Van por luz bara! - Los pol\u00edticos Veracruz\",\"isPartOf\":{\"@id\":\"https:\\\/\\\/lospoliticosveracruz.com\\\/#website\"},\"datePublished\":\"2022-01-14T19:34:37+00:00\",\"dateModified\":\"2022-01-14T19:34:43+00:00\",\"breadcrumb\":{\"@id\":\"https:\\\/\\\/lospoliticosveracruz.com\\\/?p=84685#breadcrumb\"},\"inLanguage\":\"es\",\"potentialAction\":[{\"@type\":\"ReadAction\",\"target\":[\"https:\\\/\\\/lospoliticosveracruz.com\\\/?p=84685\"]}]},{\"@type\":\"BreadcrumbList\",\"@id\":\"https:\\\/\\\/lospoliticosveracruz.com\\\/?p=84685#breadcrumb\",\"itemListElement\":[{\"@type\":\"ListItem\",\"position\":1,\"name\":\"Portada\",\"item\":\"https:\\\/\\\/lospoliticosveracruz.com\\\/\"},{\"@type\":\"ListItem\",\"position\":2,\"name\":\"Van por luz bara!\"}]},{\"@type\":\"WebSite\",\"@id\":\"https:\\\/\\\/lospoliticosveracruz.com\\\/#website\",\"url\":\"https:\\\/\\\/lospoliticosveracruz.com\\\/\",\"name\":\"Los pol\u00edticos Veracruz\",\"description\":\"\",\"publisher\":{\"@id\":\"https:\\\/\\\/lospoliticosveracruz.com\\\/#organization\"},\"potentialAction\":[{\"@type\":\"SearchAction\",\"target\":{\"@type\":\"EntryPoint\",\"urlTemplate\":\"https:\\\/\\\/lospoliticosveracruz.com\\\/?s={search_term_string}\"},\"query-input\":{\"@type\":\"PropertyValueSpecification\",\"valueRequired\":true,\"valueName\":\"search_term_string\"}}],\"inLanguage\":\"es\"},{\"@type\":\"Organization\",\"@id\":\"https:\\\/\\\/lospoliticosveracruz.com\\\/#organization\",\"name\":\"Los pol\u00edticos Veracruz\",\"url\":\"https:\\\/\\\/lospoliticosveracruz.com\\\/\",\"logo\":{\"@type\":\"ImageObject\",\"inLanguage\":\"es\",\"@id\":\"https:\\\/\\\/lospoliticosveracruz.com\\\/#\\\/schema\\\/logo\\\/image\\\/\",\"url\":\"https:\\\/\\\/lospoliticosveracruz.com\\\/wp-content\\\/uploads\\\/2025\\\/12\\\/Logo-Nuevo-LOS-POLITICOS-1.jpg\",\"contentUrl\":\"https:\\\/\\\/lospoliticosveracruz.com\\\/wp-content\\\/uploads\\\/2025\\\/12\\\/Logo-Nuevo-LOS-POLITICOS-1.jpg\",\"width\":260,\"height\":70,\"caption\":\"Los pol\u00edticos Veracruz\"},\"image\":{\"@id\":\"https:\\\/\\\/lospoliticosveracruz.com\\\/#\\\/schema\\\/logo\\\/image\\\/\"},\"sameAs\":[\"https:\\\/\\\/www.facebook.com\\\/people\\\/Notimemes-de-los-Polticos\\\/61565672886568\\\/\",\"https:\\\/\\\/x.com\\\/LosPoliticosVer\"]},{\"@type\":\"Person\",\"@id\":\"https:\\\/\\\/lospoliticosveracruz.com\\\/#\\\/schema\\\/person\\\/b8702bb0e538456e6efd07080bf2a4a2\",\"name\":\"Lo viste en Los Pol\u00edticos\",\"image\":{\"@type\":\"ImageObject\",\"inLanguage\":\"es\",\"@id\":\"https:\\\/\\\/secure.gravatar.com\\\/avatar\\\/3a8de04a2656d44082be478bd6c086daa447c4651605818287b9532d3d0bd435?s=96&d=mm&r=g\",\"url\":\"https:\\\/\\\/secure.gravatar.com\\\/avatar\\\/3a8de04a2656d44082be478bd6c086daa447c4651605818287b9532d3d0bd435?s=96&d=mm&r=g\",\"contentUrl\":\"https:\\\/\\\/secure.gravatar.com\\\/avatar\\\/3a8de04a2656d44082be478bd6c086daa447c4651605818287b9532d3d0bd435?s=96&d=mm&r=g\",\"caption\":\"Lo viste en Los Pol\u00edticos\"},\"url\":\"https:\\\/\\\/lospoliticosveracruz.com\\\/?author=2\"}]}<\/script>\n<!-- \/ Yoast SEO plugin. -->","yoast_head_json":{"title":"Van por luz bara! - Los pol\u00edticos Veracruz","robots":{"index":"index","follow":"follow","max-snippet":"max-snippet:-1","max-image-preview":"max-image-preview:large","max-video-preview":"max-video-preview:-1"},"canonical":"https:\/\/lospoliticosveracruz.com\/?p=84685","og_locale":"es_ES","og_type":"article","og_title":"Van por luz bara! - Los pol\u00edticos Veracruz","og_description":"Xalapa Garantizar la soberan\u00eda nacional en la producci\u00f3n, distribuci\u00f3n, sustentabilidad y el acceso a precios justos de energ\u00eda el\u00e9ctrica es uno de los principales objetivos de la Reforma El\u00e9ctrica que present\u00f3 el presidente de M\u00e9xico Andr\u00e9s Manuel L\u00f3pez a la C\u00e1mara de Diputados el pasado 30 de septiembre, asegur\u00f3 la Diputada Federal Ivonne Cisneros Luj\u00e1n.En [&hellip;]","og_url":"https:\/\/lospoliticosveracruz.com\/?p=84685","og_site_name":"Los pol\u00edticos Veracruz","article_publisher":"https:\/\/www.facebook.com\/people\/Notimemes-de-los-Polticos\/61565672886568\/","article_published_time":"2022-01-14T19:34:37+00:00","article_modified_time":"2022-01-14T19:34:43+00:00","og_image":[{"width":200,"height":200,"url":"https:\/\/lospoliticosveracruz.com\/wp-content\/uploads\/2016\/07\/Logo-Dor.jpg","type":"image\/jpeg"}],"author":"Lo viste en Los Pol\u00edticos","twitter_card":"summary_large_image","twitter_creator":"@LosPoliticosVer","twitter_site":"@LosPoliticosVer","twitter_misc":{"Escrito por":"Lo viste en Los Pol\u00edticos","Tiempo de lectura":"3 minutos"},"schema":{"@context":"https:\/\/schema.org","@graph":[{"@type":"Article","@id":"https:\/\/lospoliticosveracruz.com\/?p=84685#article","isPartOf":{"@id":"https:\/\/lospoliticosveracruz.com\/?p=84685"},"author":{"name":"Lo viste en Los Pol\u00edticos","@id":"https:\/\/lospoliticosveracruz.com\/#\/schema\/person\/b8702bb0e538456e6efd07080bf2a4a2"},"headline":"Van por luz bara!","datePublished":"2022-01-14T19:34:37+00:00","dateModified":"2022-01-14T19:34:43+00:00","mainEntityOfPage":{"@id":"https:\/\/lospoliticosveracruz.com\/?p=84685"},"wordCount":515,"publisher":{"@id":"https:\/\/lospoliticosveracruz.com\/#organization"},"keywords":["Andr\u00e9s Manuel L\u00f3pez Obrador","CFE","Ivonne Cisneros Luj\u00e1n","Rafael Hern\u00e1ndez Villalpando","Reforma El\u00e9ctrica"],"inLanguage":"es"},{"@type":"WebPage","@id":"https:\/\/lospoliticosveracruz.com\/?p=84685","url":"https:\/\/lospoliticosveracruz.com\/?p=84685","name":"Van por luz bara! - Los pol\u00edticos Veracruz","isPartOf":{"@id":"https:\/\/lospoliticosveracruz.com\/#website"},"datePublished":"2022-01-14T19:34:37+00:00","dateModified":"2022-01-14T19:34:43+00:00","breadcrumb":{"@id":"https:\/\/lospoliticosveracruz.com\/?p=84685#breadcrumb"},"inLanguage":"es","potentialAction":[{"@type":"ReadAction","target":["https:\/\/lospoliticosveracruz.com\/?p=84685"]}]},{"@type":"BreadcrumbList","@id":"https:\/\/lospoliticosveracruz.com\/?p=84685#breadcrumb","itemListElement":[{"@type":"ListItem","position":1,"name":"Portada","item":"https:\/\/lospoliticosveracruz.com\/"},{"@type":"ListItem","position":2,"name":"Van por luz bara!"}]},{"@type":"WebSite","@id":"https:\/\/lospoliticosveracruz.com\/#website","url":"https:\/\/lospoliticosveracruz.com\/","name":"Los pol\u00edticos Veracruz","description":"","publisher":{"@id":"https:\/\/lospoliticosveracruz.com\/#organization"},"potentialAction":[{"@type":"SearchAction","target":{"@type":"EntryPoint","urlTemplate":"https:\/\/lospoliticosveracruz.com\/?s={search_term_string}"},"query-input":{"@type":"PropertyValueSpecification","valueRequired":true,"valueName":"search_term_string"}}],"inLanguage":"es"},{"@type":"Organization","@id":"https:\/\/lospoliticosveracruz.com\/#organization","name":"Los pol\u00edticos Veracruz","url":"https:\/\/lospoliticosveracruz.com\/","logo":{"@type":"ImageObject","inLanguage":"es","@id":"https:\/\/lospoliticosveracruz.com\/#\/schema\/logo\/image\/","url":"https:\/\/lospoliticosveracruz.com\/wp-content\/uploads\/2025\/12\/Logo-Nuevo-LOS-POLITICOS-1.jpg","contentUrl":"https:\/\/lospoliticosveracruz.com\/wp-content\/uploads\/2025\/12\/Logo-Nuevo-LOS-POLITICOS-1.jpg","width":260,"height":70,"caption":"Los pol\u00edticos Veracruz"},"image":{"@id":"https:\/\/lospoliticosveracruz.com\/#\/schema\/logo\/image\/"},"sameAs":["https:\/\/www.facebook.com\/people\/Notimemes-de-los-Polticos\/61565672886568\/","https:\/\/x.com\/LosPoliticosVer"]},{"@type":"Person","@id":"https:\/\/lospoliticosveracruz.com\/#\/schema\/person\/b8702bb0e538456e6efd07080bf2a4a2","name":"Lo viste en Los Pol\u00edticos","image":{"@type":"ImageObject","inLanguage":"es","@id":"https:\/\/secure.gravatar.com\/avatar\/3a8de04a2656d44082be478bd6c086daa447c4651605818287b9532d3d0bd435?s=96&d=mm&r=g","url":"https:\/\/secure.gravatar.com\/avatar\/3a8de04a2656d44082be478bd6c086daa447c4651605818287b9532d3d0bd435?s=96&d=mm&r=g","contentUrl":"https:\/\/secure.gravatar.com\/avatar\/3a8de04a2656d44082be478bd6c086daa447c4651605818287b9532d3d0bd435?s=96&d=mm&r=g","caption":"Lo viste en Los Pol\u00edticos"},"url":"https:\/\/lospoliticosveracruz.com\/?author=2"}]}},"_links":{"self":[{"href":"https:\/\/lospoliticosveracruz.com\/index.php?rest_route=\/wp\/v2\/posts\/84685","targetHints":{"allow":["GET"]}}],"collection":[{"href":"https:\/\/lospoliticosveracruz.com\/index.php?rest_route=\/wp\/v2\/posts"}],"about":[{"href":"https:\/\/lospoliticosveracruz.com\/index.php?rest_route=\/wp\/v2\/types\/post"}],"author":[{"embeddable":true,"href":"https:\/\/lospoliticosveracruz.com\/index.php?rest_route=\/wp\/v2\/users\/2"}],"replies":[{"embeddable":true,"href":"https:\/\/lospoliticosveracruz.com\/index.php?rest_route=%2Fwp%2Fv2%2Fcomments&post=84685"}],"version-history":[{"count":1,"href":"https:\/\/lospoliticosveracruz.com\/index.php?rest_route=\/wp\/v2\/posts\/84685\/revisions"}],"predecessor-version":[{"id":84687,"href":"https:\/\/lospoliticosveracruz.com\/index.php?rest_route=\/wp\/v2\/posts\/84685\/revisions\/84687"}],"wp:attachment":[{"href":"https:\/\/lospoliticosveracruz.com\/index.php?rest_route=%2Fwp%2Fv2%2Fmedia&parent=84685"}],"wp:term":[{"taxonomy":"category","embeddable":true,"href":"https:\/\/lospoliticosveracruz.com\/index.php?rest_route=%2Fwp%2Fv2%2Fcategories&post=84685"},{"taxonomy":"post_tag","embeddable":true,"href":"https:\/\/lospoliticosveracruz.com\/index.php?rest_route=%2Fwp%2Fv2%2Ftags&post=84685"}],"curies":[{"name":"wp","href":"https:\/\/api.w.org\/{rel}","templated":true}]}}