{"id":84978,"date":"2022-01-20T16:21:16","date_gmt":"2022-01-20T22:21:16","guid":{"rendered":"https:\/\/lospoliticosveracruz.com.mx\/?p=84978"},"modified":"2022-01-20T16:21:24","modified_gmt":"2022-01-20T22:21:24","slug":"uv-alto-riesgo-de-regresar-a-clases-presenciales","status":"publish","type":"post","link":"https:\/\/lospoliticosveracruz.com\/?p=84978","title":{"rendered":"UV alto riesgo de regresar a clases presenciales"},"content":{"rendered":"\n<p><\/p>\n\n\n\n<p><strong>Jorge V\u00e1zquez Sangabriel<br><\/strong><em>Palimpsesto<\/em><\/p>\n\n\n\n<p>Un rector silenciado en el cargo por encargo para poder ser escogido. As\u00ed se vio desde el proceso de selecci\u00f3n o de acuerdos que llevaron a cabo los nueve de la \u00abJunta de Gobierno\u00bb a los acad\u00e9micos \u00abaspiracionistas\u00bb. Una calma chicha cubre con su manto a la Universidad Veracruzana, la tormenta y los tormentos que se avecinan. No hay apuesta para superar los rezagos, las necesidades presentes y su proyecci\u00f3n de futuro. Faltos de creatividad, como suele suceder a los hombres que de tanto estar sometidos al tecnicismo, ya no son capaces de activar otros comandos cognitivos para ver con claridad y objetividad; mucho menos, desde luego, con creatividad, convirti\u00e9ndose en fieles servidores de los mecanismos burocr\u00e1ticos que incarceran los procesos de crecimiento, obedecen sin chistar a los controles que les dominan, por la imposici\u00f3n de la que fueron \u00abseleccionados\u00bb.<br>Los planteamientos rectorales, los muy pocos que se han dado, son confusos y difusos, sin certezas, e irracionales. Ha dicho Mart\u00edn Gerardo Aguilar S\u00e1nchez, Rector de la UV, que se debe de volver en el pr\u00f3ximo ciclo escolar universitario a clases presenciales o h\u00edbridas, sin haber consultado a los expertos, o sin informarse en los medios internacionales, cuando en estos meses la variante \u00f3micron provoca miles de contagios que han alarmado y puesto en alerta los indicadores epidemiol\u00f3gicos en el pa\u00eds y a nivel mundial, provocando preocupaci\u00f3n en los organismos de salud internacional como la OMS y la ONU. Se observa desinformaci\u00f3n cient\u00edfica en la rector\u00eda sobre la evoluci\u00f3n del virus y la alta capacidad de contagio por movilizaci\u00f3n o concentraci\u00f3n social, encontr\u00e1ndose con ello, deficiente el grado de protecci\u00f3n poblacional. La inadecuada programaci\u00f3n en la vacunaci\u00f3n, no es hasta el momento garant\u00eda total de protecci\u00f3n, ya que, adem\u00e1s, se encuentran \u00e9stas en fase experimental. Las instalaciones hospitalarias en el pa\u00eds reflejan la escases de medicamentos y de personal m\u00e9dico, el cual se encuentra agotado por las altas cargas laborales, con un alto porcentaje de la poblaci\u00f3n que no aplica las medidas preventivas en los padecimientos todos, esto por falta de promoci\u00f3n para la salud, destacando Veracruz negativamente a nivel nacional con alta incidencia de embarazos en adolescentes, muerte materna, c\u00e1ncer, VIH, tuberculosis, sobre peso, obesidad, hipertensi\u00f3n arterial, diabetes, desnutrici\u00f3n, y contagios por la actual pandemia, entre muchos otros.<br>La econom\u00eda se encuentra profundamente debilitada, lo que ha conducido a miles de j\u00f3venes estudiantes, ha realizar labores en su n\u00facleo familiar, inmersos en el subempleo y apoyan a sus familias, laborando en diversas actividades, cuidando y dando atenci\u00f3n a sus adultos mayores sin capacidad de autosuficiencia. El que los j\u00f3venes estudiantes, permanezcan en sus domicilios y\/o lugares de origen, conlleva un ahorro econ\u00f3mico sustancioso familiar, liber\u00e1ndoles de gastos por residencia, alimentaci\u00f3n y traslados, mitigando as\u00ed, la incidencia por SarsCov-2.<br>No se trata s\u00f3lo de los graves contagios de la pandemia al incrementar la concentraci\u00f3n de poblaci\u00f3n en las regiones de los campos universitarios, se trata tambi\u00e9n de \u00bfqui\u00e9n y c\u00f3mo se apoyar\u00e1 la estancia y dem\u00e1s servicios requeridos por los estudiantes, cuando la inflaci\u00f3n sigue su curso devastador, y la depreciaci\u00f3n de la moneda se precipita en una espiral descendente vertiginosa?<br>Sint\u00e1cticas<br>En una buena pel\u00edcula \u00abLa cala del franc\u00e9s\u00bb, del director Ferdinand Fairfax. 1998:<br>Londres 1668. La adinerada Lady Dona, en su castillo de campo, a su astuto sirviente el se\u00f1or William:<br>Usted no fuma, \u00bfverdad?<br>No, Milady. Es un h\u00e1bito nocivo.<br>Yo s\u00ed.<br>W: Un h\u00e1bito nocivo en los hombres.<br>En mujeres, absolutamente encantador.<br>De JEVS:<br>La vida es un privilegio que pocos llegan a visualizar.<br>La existencia del ser humano es absolutamente creada.<\/p>\n\n\n\n<p>Bach-Mass in G minor BWV 235- Van Veldhoven. Netherlands Bach Society:<br>https:\/\/www.youtube.com\/watch?v=upVlACKAU3c<\/p>\n","protected":false},"excerpt":{"rendered":"<p>Jorge V\u00e1zquez SangabrielPalimpsesto Un rector silenciado en el cargo por encargo para poder ser escogido. As\u00ed se vio desde el proceso de selecci\u00f3n o de acuerdos que llevaron a cabo los nueve de la \u00abJunta de Gobierno\u00bb a los acad\u00e9micos \u00abaspiracionistas\u00bb. Una calma chicha cubre con su manto a la Universidad Veracruzana, la tormenta y [&hellip;]<\/p>\n","protected":false},"author":2,"featured_media":0,"comment_status":"closed","ping_status":"closed","sticky":false,"template":"","format":"standard","meta":{"tdm_status":"","tdm_grid_status":"","footnotes":""},"categories":[70],"tags":[17151,8398,21307,172],"class_list":{"0":"post-84978","1":"post","2":"type-post","3":"status-publish","4":"format-standard","6":"category-de-opinion","7":"tag-jorge-vazquez-sangabriel","8":"tag-junta-de-gobierno","9":"tag-rectoria-uv","10":"tag-uv"},"yoast_head":"<!-- This site is optimized with the Yoast SEO plugin v27.4 - https:\/\/yoast.com\/product\/yoast-seo-wordpress\/ -->\n<title>UV alto riesgo de regresar a clases presenciales - Los pol\u00edticos Veracruz<\/title>\n<meta name=\"robots\" content=\"index, follow, max-snippet:-1, max-image-preview:large, max-video-preview:-1\" \/>\n<link rel=\"canonical\" href=\"https:\/\/lospoliticosveracruz.com\/?p=84978\" \/>\n<meta property=\"og:locale\" content=\"es_ES\" \/>\n<meta property=\"og:type\" content=\"article\" \/>\n<meta property=\"og:title\" content=\"UV alto riesgo de regresar a clases presenciales - Los pol\u00edticos Veracruz\" \/>\n<meta property=\"og:description\" content=\"Jorge V\u00e1zquez SangabrielPalimpsesto Un rector silenciado en el cargo por encargo para poder ser escogido. As\u00ed se vio desde el proceso de selecci\u00f3n o de acuerdos que llevaron a cabo los nueve de la \u00abJunta de Gobierno\u00bb a los acad\u00e9micos \u00abaspiracionistas\u00bb. Una calma chicha cubre con su manto a la Universidad Veracruzana, la tormenta y [&hellip;]\" \/>\n<meta property=\"og:url\" content=\"https:\/\/lospoliticosveracruz.com\/?p=84978\" \/>\n<meta property=\"og:site_name\" content=\"Los pol\u00edticos Veracruz\" \/>\n<meta property=\"article:publisher\" content=\"https:\/\/www.facebook.com\/people\/Notimemes-de-los-Polticos\/61565672886568\/\" \/>\n<meta property=\"article:published_time\" content=\"2022-01-20T22:21:16+00:00\" \/>\n<meta property=\"article:modified_time\" content=\"2022-01-20T22:21:24+00:00\" \/>\n<meta property=\"og:image\" content=\"https:\/\/lospoliticosveracruz.com\/wp-content\/uploads\/2016\/07\/Logo-Dor.jpg\" \/>\n\t<meta property=\"og:image:width\" content=\"200\" \/>\n\t<meta property=\"og:image:height\" content=\"200\" \/>\n\t<meta property=\"og:image:type\" content=\"image\/jpeg\" \/>\n<meta name=\"author\" content=\"Lo viste en Los Pol\u00edticos\" \/>\n<meta name=\"twitter:card\" content=\"summary_large_image\" \/>\n<meta name=\"twitter:creator\" content=\"@LosPoliticosVer\" \/>\n<meta name=\"twitter:site\" content=\"@LosPoliticosVer\" \/>\n<meta name=\"twitter:label1\" content=\"Escrito por\" \/>\n\t<meta name=\"twitter:data1\" content=\"Lo viste en Los Pol\u00edticos\" \/>\n\t<meta name=\"twitter:label2\" content=\"Tiempo de lectura\" \/>\n\t<meta name=\"twitter:data2\" content=\"3 minutos\" \/>\n<script type=\"application\/ld+json\" class=\"yoast-schema-graph\">{\"@context\":\"https:\\\/\\\/schema.org\",\"@graph\":[{\"@type\":\"Article\",\"@id\":\"https:\\\/\\\/lospoliticosveracruz.com\\\/?p=84978#article\",\"isPartOf\":{\"@id\":\"https:\\\/\\\/lospoliticosveracruz.com\\\/?p=84978\"},\"author\":{\"name\":\"Lo viste en Los Pol\u00edticos\",\"@id\":\"https:\\\/\\\/lospoliticosveracruz.com\\\/#\\\/schema\\\/person\\\/b8702bb0e538456e6efd07080bf2a4a2\"},\"headline\":\"UV alto riesgo de regresar a clases presenciales\",\"datePublished\":\"2022-01-20T22:21:16+00:00\",\"dateModified\":\"2022-01-20T22:21:24+00:00\",\"mainEntityOfPage\":{\"@id\":\"https:\\\/\\\/lospoliticosveracruz.com\\\/?p=84978\"},\"wordCount\":682,\"publisher\":{\"@id\":\"https:\\\/\\\/lospoliticosveracruz.com\\\/#organization\"},\"keywords\":[\"Jorge V\u00e1zquez Sangabriel\",\"Junta de Gobierno\",\"Rector\u00eda UV\",\"UV\"],\"articleSection\":[\"De Opini\u00f3n\"],\"inLanguage\":\"es\"},{\"@type\":\"WebPage\",\"@id\":\"https:\\\/\\\/lospoliticosveracruz.com\\\/?p=84978\",\"url\":\"https:\\\/\\\/lospoliticosveracruz.com\\\/?p=84978\",\"name\":\"UV alto riesgo de regresar a clases presenciales - Los pol\u00edticos Veracruz\",\"isPartOf\":{\"@id\":\"https:\\\/\\\/lospoliticosveracruz.com\\\/#website\"},\"datePublished\":\"2022-01-20T22:21:16+00:00\",\"dateModified\":\"2022-01-20T22:21:24+00:00\",\"breadcrumb\":{\"@id\":\"https:\\\/\\\/lospoliticosveracruz.com\\\/?p=84978#breadcrumb\"},\"inLanguage\":\"es\",\"potentialAction\":[{\"@type\":\"ReadAction\",\"target\":[\"https:\\\/\\\/lospoliticosveracruz.com\\\/?p=84978\"]}]},{\"@type\":\"BreadcrumbList\",\"@id\":\"https:\\\/\\\/lospoliticosveracruz.com\\\/?p=84978#breadcrumb\",\"itemListElement\":[{\"@type\":\"ListItem\",\"position\":1,\"name\":\"Portada\",\"item\":\"https:\\\/\\\/lospoliticosveracruz.com\\\/\"},{\"@type\":\"ListItem\",\"position\":2,\"name\":\"UV alto riesgo de regresar a clases presenciales\"}]},{\"@type\":\"WebSite\",\"@id\":\"https:\\\/\\\/lospoliticosveracruz.com\\\/#website\",\"url\":\"https:\\\/\\\/lospoliticosveracruz.com\\\/\",\"name\":\"Los pol\u00edticos Veracruz\",\"description\":\"\",\"publisher\":{\"@id\":\"https:\\\/\\\/lospoliticosveracruz.com\\\/#organization\"},\"potentialAction\":[{\"@type\":\"SearchAction\",\"target\":{\"@type\":\"EntryPoint\",\"urlTemplate\":\"https:\\\/\\\/lospoliticosveracruz.com\\\/?s={search_term_string}\"},\"query-input\":{\"@type\":\"PropertyValueSpecification\",\"valueRequired\":true,\"valueName\":\"search_term_string\"}}],\"inLanguage\":\"es\"},{\"@type\":\"Organization\",\"@id\":\"https:\\\/\\\/lospoliticosveracruz.com\\\/#organization\",\"name\":\"Los pol\u00edticos Veracruz\",\"url\":\"https:\\\/\\\/lospoliticosveracruz.com\\\/\",\"logo\":{\"@type\":\"ImageObject\",\"inLanguage\":\"es\",\"@id\":\"https:\\\/\\\/lospoliticosveracruz.com\\\/#\\\/schema\\\/logo\\\/image\\\/\",\"url\":\"https:\\\/\\\/lospoliticosveracruz.com\\\/wp-content\\\/uploads\\\/2025\\\/12\\\/Logo-Nuevo-LOS-POLITICOS-1.jpg\",\"contentUrl\":\"https:\\\/\\\/lospoliticosveracruz.com\\\/wp-content\\\/uploads\\\/2025\\\/12\\\/Logo-Nuevo-LOS-POLITICOS-1.jpg\",\"width\":260,\"height\":70,\"caption\":\"Los pol\u00edticos Veracruz\"},\"image\":{\"@id\":\"https:\\\/\\\/lospoliticosveracruz.com\\\/#\\\/schema\\\/logo\\\/image\\\/\"},\"sameAs\":[\"https:\\\/\\\/www.facebook.com\\\/people\\\/Notimemes-de-los-Polticos\\\/61565672886568\\\/\",\"https:\\\/\\\/x.com\\\/LosPoliticosVer\"]},{\"@type\":\"Person\",\"@id\":\"https:\\\/\\\/lospoliticosveracruz.com\\\/#\\\/schema\\\/person\\\/b8702bb0e538456e6efd07080bf2a4a2\",\"name\":\"Lo viste en Los Pol\u00edticos\",\"image\":{\"@type\":\"ImageObject\",\"inLanguage\":\"es\",\"@id\":\"https:\\\/\\\/secure.gravatar.com\\\/avatar\\\/3a8de04a2656d44082be478bd6c086daa447c4651605818287b9532d3d0bd435?s=96&d=mm&r=g\",\"url\":\"https:\\\/\\\/secure.gravatar.com\\\/avatar\\\/3a8de04a2656d44082be478bd6c086daa447c4651605818287b9532d3d0bd435?s=96&d=mm&r=g\",\"contentUrl\":\"https:\\\/\\\/secure.gravatar.com\\\/avatar\\\/3a8de04a2656d44082be478bd6c086daa447c4651605818287b9532d3d0bd435?s=96&d=mm&r=g\",\"caption\":\"Lo viste en Los Pol\u00edticos\"},\"url\":\"https:\\\/\\\/lospoliticosveracruz.com\\\/?author=2\"}]}<\/script>\n<!-- \/ Yoast SEO plugin. -->","yoast_head_json":{"title":"UV alto riesgo de regresar a clases presenciales - Los pol\u00edticos Veracruz","robots":{"index":"index","follow":"follow","max-snippet":"max-snippet:-1","max-image-preview":"max-image-preview:large","max-video-preview":"max-video-preview:-1"},"canonical":"https:\/\/lospoliticosveracruz.com\/?p=84978","og_locale":"es_ES","og_type":"article","og_title":"UV alto riesgo de regresar a clases presenciales - Los pol\u00edticos Veracruz","og_description":"Jorge V\u00e1zquez SangabrielPalimpsesto Un rector silenciado en el cargo por encargo para poder ser escogido. As\u00ed se vio desde el proceso de selecci\u00f3n o de acuerdos que llevaron a cabo los nueve de la \u00abJunta de Gobierno\u00bb a los acad\u00e9micos \u00abaspiracionistas\u00bb. Una calma chicha cubre con su manto a la Universidad Veracruzana, la tormenta y [&hellip;]","og_url":"https:\/\/lospoliticosveracruz.com\/?p=84978","og_site_name":"Los pol\u00edticos Veracruz","article_publisher":"https:\/\/www.facebook.com\/people\/Notimemes-de-los-Polticos\/61565672886568\/","article_published_time":"2022-01-20T22:21:16+00:00","article_modified_time":"2022-01-20T22:21:24+00:00","og_image":[{"width":200,"height":200,"url":"https:\/\/lospoliticosveracruz.com\/wp-content\/uploads\/2016\/07\/Logo-Dor.jpg","type":"image\/jpeg"}],"author":"Lo viste en Los Pol\u00edticos","twitter_card":"summary_large_image","twitter_creator":"@LosPoliticosVer","twitter_site":"@LosPoliticosVer","twitter_misc":{"Escrito por":"Lo viste en Los Pol\u00edticos","Tiempo de lectura":"3 minutos"},"schema":{"@context":"https:\/\/schema.org","@graph":[{"@type":"Article","@id":"https:\/\/lospoliticosveracruz.com\/?p=84978#article","isPartOf":{"@id":"https:\/\/lospoliticosveracruz.com\/?p=84978"},"author":{"name":"Lo viste en Los Pol\u00edticos","@id":"https:\/\/lospoliticosveracruz.com\/#\/schema\/person\/b8702bb0e538456e6efd07080bf2a4a2"},"headline":"UV alto riesgo de regresar a clases presenciales","datePublished":"2022-01-20T22:21:16+00:00","dateModified":"2022-01-20T22:21:24+00:00","mainEntityOfPage":{"@id":"https:\/\/lospoliticosveracruz.com\/?p=84978"},"wordCount":682,"publisher":{"@id":"https:\/\/lospoliticosveracruz.com\/#organization"},"keywords":["Jorge V\u00e1zquez Sangabriel","Junta de Gobierno","Rector\u00eda UV","UV"],"articleSection":["De Opini\u00f3n"],"inLanguage":"es"},{"@type":"WebPage","@id":"https:\/\/lospoliticosveracruz.com\/?p=84978","url":"https:\/\/lospoliticosveracruz.com\/?p=84978","name":"UV alto riesgo de regresar a clases presenciales - Los pol\u00edticos Veracruz","isPartOf":{"@id":"https:\/\/lospoliticosveracruz.com\/#website"},"datePublished":"2022-01-20T22:21:16+00:00","dateModified":"2022-01-20T22:21:24+00:00","breadcrumb":{"@id":"https:\/\/lospoliticosveracruz.com\/?p=84978#breadcrumb"},"inLanguage":"es","potentialAction":[{"@type":"ReadAction","target":["https:\/\/lospoliticosveracruz.com\/?p=84978"]}]},{"@type":"BreadcrumbList","@id":"https:\/\/lospoliticosveracruz.com\/?p=84978#breadcrumb","itemListElement":[{"@type":"ListItem","position":1,"name":"Portada","item":"https:\/\/lospoliticosveracruz.com\/"},{"@type":"ListItem","position":2,"name":"UV alto riesgo de regresar a clases presenciales"}]},{"@type":"WebSite","@id":"https:\/\/lospoliticosveracruz.com\/#website","url":"https:\/\/lospoliticosveracruz.com\/","name":"Los pol\u00edticos Veracruz","description":"","publisher":{"@id":"https:\/\/lospoliticosveracruz.com\/#organization"},"potentialAction":[{"@type":"SearchAction","target":{"@type":"EntryPoint","urlTemplate":"https:\/\/lospoliticosveracruz.com\/?s={search_term_string}"},"query-input":{"@type":"PropertyValueSpecification","valueRequired":true,"valueName":"search_term_string"}}],"inLanguage":"es"},{"@type":"Organization","@id":"https:\/\/lospoliticosveracruz.com\/#organization","name":"Los pol\u00edticos Veracruz","url":"https:\/\/lospoliticosveracruz.com\/","logo":{"@type":"ImageObject","inLanguage":"es","@id":"https:\/\/lospoliticosveracruz.com\/#\/schema\/logo\/image\/","url":"https:\/\/lospoliticosveracruz.com\/wp-content\/uploads\/2025\/12\/Logo-Nuevo-LOS-POLITICOS-1.jpg","contentUrl":"https:\/\/lospoliticosveracruz.com\/wp-content\/uploads\/2025\/12\/Logo-Nuevo-LOS-POLITICOS-1.jpg","width":260,"height":70,"caption":"Los pol\u00edticos Veracruz"},"image":{"@id":"https:\/\/lospoliticosveracruz.com\/#\/schema\/logo\/image\/"},"sameAs":["https:\/\/www.facebook.com\/people\/Notimemes-de-los-Polticos\/61565672886568\/","https:\/\/x.com\/LosPoliticosVer"]},{"@type":"Person","@id":"https:\/\/lospoliticosveracruz.com\/#\/schema\/person\/b8702bb0e538456e6efd07080bf2a4a2","name":"Lo viste en Los Pol\u00edticos","image":{"@type":"ImageObject","inLanguage":"es","@id":"https:\/\/secure.gravatar.com\/avatar\/3a8de04a2656d44082be478bd6c086daa447c4651605818287b9532d3d0bd435?s=96&d=mm&r=g","url":"https:\/\/secure.gravatar.com\/avatar\/3a8de04a2656d44082be478bd6c086daa447c4651605818287b9532d3d0bd435?s=96&d=mm&r=g","contentUrl":"https:\/\/secure.gravatar.com\/avatar\/3a8de04a2656d44082be478bd6c086daa447c4651605818287b9532d3d0bd435?s=96&d=mm&r=g","caption":"Lo viste en Los Pol\u00edticos"},"url":"https:\/\/lospoliticosveracruz.com\/?author=2"}]}},"_links":{"self":[{"href":"https:\/\/lospoliticosveracruz.com\/index.php?rest_route=\/wp\/v2\/posts\/84978","targetHints":{"allow":["GET"]}}],"collection":[{"href":"https:\/\/lospoliticosveracruz.com\/index.php?rest_route=\/wp\/v2\/posts"}],"about":[{"href":"https:\/\/lospoliticosveracruz.com\/index.php?rest_route=\/wp\/v2\/types\/post"}],"author":[{"embeddable":true,"href":"https:\/\/lospoliticosveracruz.com\/index.php?rest_route=\/wp\/v2\/users\/2"}],"replies":[{"embeddable":true,"href":"https:\/\/lospoliticosveracruz.com\/index.php?rest_route=%2Fwp%2Fv2%2Fcomments&post=84978"}],"version-history":[{"count":1,"href":"https:\/\/lospoliticosveracruz.com\/index.php?rest_route=\/wp\/v2\/posts\/84978\/revisions"}],"predecessor-version":[{"id":84979,"href":"https:\/\/lospoliticosveracruz.com\/index.php?rest_route=\/wp\/v2\/posts\/84978\/revisions\/84979"}],"wp:attachment":[{"href":"https:\/\/lospoliticosveracruz.com\/index.php?rest_route=%2Fwp%2Fv2%2Fmedia&parent=84978"}],"wp:term":[{"taxonomy":"category","embeddable":true,"href":"https:\/\/lospoliticosveracruz.com\/index.php?rest_route=%2Fwp%2Fv2%2Fcategories&post=84978"},{"taxonomy":"post_tag","embeddable":true,"href":"https:\/\/lospoliticosveracruz.com\/index.php?rest_route=%2Fwp%2Fv2%2Ftags&post=84978"}],"curies":[{"name":"wp","href":"https:\/\/api.w.org\/{rel}","templated":true}]}}