{"id":85013,"date":"2022-01-21T09:06:35","date_gmt":"2022-01-21T15:06:35","guid":{"rendered":"https:\/\/lospoliticosveracruz.com.mx\/?p=85013"},"modified":"2022-01-21T09:06:41","modified_gmt":"2022-01-21T15:06:41","slug":"creditos-de-nomina-deudas-que-empobrecen","status":"publish","type":"post","link":"https:\/\/lospoliticosveracruz.com\/?p=85013","title":{"rendered":"Cr\u00e9ditos de n\u00f3mina, deudas que empobrecen"},"content":{"rendered":"\n<p><strong>Teresa Carbajal<br><\/strong><em>Debo, no niego; pago, lo justo<\/em><\/p>\n\n\n\n<p><\/p>\n\n\n\n<p>A fines del a\u00f1o 2021 recib\u00ed de parte del Instituto Brasile\u00f1o de Defensa del Consumidor (Idec) la invitaci\u00f3n para escribir un art\u00edculo sobre el tema de los cr\u00e9ditos de n\u00f3mina (con cobranza delegada) en M\u00e9xico, a fin de establecer una comparativa con el Cr\u00e9dito Consignado, como se le llama en Brasil a la misma figura crediticia.<br>La inquietud de la periodista responsable de la edici\u00f3n de la revista Do Idec, (revista del consumidor) era conocer m\u00e1s, sobre la regulaci\u00f3n legal que actualmente tiene esa modalidad de cr\u00e9dito en nuestro pa\u00eds, as\u00ed como los impactos del uso de los mismos en los usuarios o consumidores; invitaci\u00f3n que acept\u00e9 con much\u00edsimo gusto, y honrada desde luego de ser considerada para hacer una aportaci\u00f3n que sin duda tendr\u00e1 repercusiones a nivel internacional.<br>Pues la lucha que ha emprendido el Barz\u00f3n en rechazo y reclamo de las pol\u00edticas con que son operados estos cr\u00e9ditos que sin duda han contribuido en gran medida al empobrecimiento de los acreditados, si bien pareciera que en Veracruz ha encontrado solo o\u00eddos sordos por parte de los actuales titulares de dependencias gubernamentales para comprender el grave da\u00f1o que se causa a los maestros, a los pensionados, jubilados, empleados al servicio de la salud y a todos aquellos trabajadores del estado, a quienes quincenalmente se les \u00abmutila\u00bb de modo hasta cierto punto ilegal, su sueldo para pagar a las financieras deudas eternas.<br>Parece estar traspasando fronteras, y tener eco a nivel global, en donde otros pa\u00edses padecen de lo mismo, ante la complacencia y la indiferencia de parte de las propias autoridades a quienes se les ha encargado la tutela de consumidores y usuarios de servicios financieros.<br>Por su parte el Instituto Brasile\u00f1o del Consumidor, lleva tambi\u00e9n una gran brecha en el estudio interno del asunto, acompa\u00f1ado de gestiones que a su vez han realizado ante sus propias autoridades, al recoger los reclamos que los consumidores les hacen llegar sobre los abusos que padecen de parte de los otorgantes de cr\u00e9dito en esta modalidad.<br>Pareciera sin duda, que no hablamos idiomas tan diferentes y que los brasile\u00f1os han tomado al igual que los barzonistas, un papel protag\u00f3nico en el reclamo de lo que estos cr\u00e9ditos que vulneran los ingresos de los usuarios han hecho con el patrimonio y la dignidad de los destinatarios.<br>Entre los abusos podemos considerar las altas tasas de inter\u00e9s que estos cr\u00e9ditos que se pagan mediante el descuento directo de la n\u00f3mina de los trabajadores, generan a los usuarios; tasas que debieran ser moderadas y menores a lo que se cobra por un pr\u00e9stamo personal de similar naturaleza, pues tienen el \u00abplus\u00bb de ser, poco riesgosos para quienes los otorgan, debido a que precisamente toman el salario como fuente de pago de los mismos.<br>Otro abuso que se cuenta entre las similitudes es el relativo al ofrecimiento constante de m\u00e1s y m\u00e1s pr\u00e9stamos, cuando apenas si se acaba de contratar el anterior o cuando ya se est\u00e1 por finalizar, sometiendo a los acreditados a una cadena interminable de pago y sobre endeudamiento, que en lugar de ayudarlos, merma su capacidad de pago, pues necesitan recurrir a otras fuentes de liquidez para poder solventar sus necesidades.<br>De modo que los casos mas graves son aquellos en donde se ha logrado detectar que los jubilados y pensionados llegan a estar tan sobreendeudados que tienen que pedir prestado casi, casi, que para poder comer.<br>Es de recordar que en el mes de marzo del a\u00f1o pasado integramos una de las voces mas fuertes de reclamo en contra de la iniciativa que a\u00fan est\u00e1 por subir al pleno de la C\u00e1mara de Diputados, exigiendo las modificaciones pertinentes al respecto, pues esa iniciativa que versa sobre legalizar una pr\u00e1ctica que lleva por lo menos 15 a\u00f1os de contribuir al empobrecimiento de los pensionados y trabajadores del estado en nuestro pa\u00eds, no puede, ni debe ser aprobada.<br>Comparto con todos Ustedes esta alegr\u00eda de poder contribuir con este organismo internacional, con una peque\u00f1a aportaci\u00f3n ideol\u00f3gica y de experiencia, a la lucha constante por hacer de este mundo un lugar m\u00e1s justo para todos desde la trinchera que el Barz\u00f3n ha creado para defender la dignidad y el patrimonio de los mexicanos.<\/p>\n\n\n\n<p>Llama al 2281148502 visite www.elbarzonrc.org Contacte elbarzonrc@yahoo.com.mx, O s\u00edgame en @terecarbajal<\/p>\n","protected":false},"excerpt":{"rendered":"<p>Teresa CarbajalDebo, no niego; pago, lo justo A fines del a\u00f1o 2021 recib\u00ed de parte del Instituto Brasile\u00f1o de Defensa del Consumidor (Idec) la invitaci\u00f3n para escribir un art\u00edculo sobre el tema de los cr\u00e9ditos de n\u00f3mina (con cobranza delegada) en M\u00e9xico, a fin de establecer una comparativa con el Cr\u00e9dito Consignado, como se le [&hellip;]<\/p>\n","protected":false},"author":2,"featured_media":0,"comment_status":"closed","ping_status":"closed","sticky":false,"template":"","format":"standard","meta":{"tdm_status":"","tdm_grid_status":"","footnotes":""},"categories":[70],"tags":[15550,26547,31996,6969,31995,3613,15570],"class_list":{"0":"post-85013","1":"post","2":"type-post","3":"status-publish","4":"format-standard","6":"category-de-opinion","7":"tag-barzon","8":"tag-cobranza-delegada","9":"tag-credito-consignado","10":"tag-creditos","11":"tag-idec","12":"tag-nomina","13":"tag-teresa-carbajal"},"yoast_head":"<!-- This site is optimized with the Yoast SEO plugin v27.4 - https:\/\/yoast.com\/product\/yoast-seo-wordpress\/ -->\n<title>Cr\u00e9ditos de n\u00f3mina, deudas que empobrecen - Los pol\u00edticos Veracruz<\/title>\n<meta name=\"robots\" content=\"index, follow, max-snippet:-1, max-image-preview:large, max-video-preview:-1\" \/>\n<link rel=\"canonical\" href=\"https:\/\/lospoliticosveracruz.com\/?p=85013\" \/>\n<meta property=\"og:locale\" content=\"es_ES\" \/>\n<meta property=\"og:type\" content=\"article\" \/>\n<meta property=\"og:title\" content=\"Cr\u00e9ditos de n\u00f3mina, deudas que empobrecen - Los pol\u00edticos Veracruz\" \/>\n<meta property=\"og:description\" content=\"Teresa CarbajalDebo, no niego; pago, lo justo A fines del a\u00f1o 2021 recib\u00ed de parte del Instituto Brasile\u00f1o de Defensa del Consumidor (Idec) la invitaci\u00f3n para escribir un art\u00edculo sobre el tema de los cr\u00e9ditos de n\u00f3mina (con cobranza delegada) en M\u00e9xico, a fin de establecer una comparativa con el Cr\u00e9dito Consignado, como se le [&hellip;]\" \/>\n<meta property=\"og:url\" content=\"https:\/\/lospoliticosveracruz.com\/?p=85013\" \/>\n<meta property=\"og:site_name\" content=\"Los pol\u00edticos Veracruz\" \/>\n<meta property=\"article:publisher\" content=\"https:\/\/www.facebook.com\/people\/Notimemes-de-los-Polticos\/61565672886568\/\" \/>\n<meta property=\"article:published_time\" content=\"2022-01-21T15:06:35+00:00\" \/>\n<meta property=\"article:modified_time\" content=\"2022-01-21T15:06:41+00:00\" \/>\n<meta property=\"og:image\" content=\"https:\/\/lospoliticosveracruz.com\/wp-content\/uploads\/2016\/07\/Logo-Dor.jpg\" \/>\n\t<meta property=\"og:image:width\" content=\"200\" \/>\n\t<meta property=\"og:image:height\" content=\"200\" \/>\n\t<meta property=\"og:image:type\" content=\"image\/jpeg\" \/>\n<meta name=\"author\" content=\"Lo viste en Los Pol\u00edticos\" \/>\n<meta name=\"twitter:card\" content=\"summary_large_image\" \/>\n<meta name=\"twitter:creator\" content=\"@LosPoliticosVer\" \/>\n<meta name=\"twitter:site\" content=\"@LosPoliticosVer\" \/>\n<meta name=\"twitter:label1\" content=\"Escrito por\" \/>\n\t<meta name=\"twitter:data1\" content=\"Lo viste en Los Pol\u00edticos\" \/>\n\t<meta name=\"twitter:label2\" content=\"Tiempo de lectura\" \/>\n\t<meta name=\"twitter:data2\" content=\"4 minutos\" \/>\n<script type=\"application\/ld+json\" class=\"yoast-schema-graph\">{\"@context\":\"https:\\\/\\\/schema.org\",\"@graph\":[{\"@type\":\"Article\",\"@id\":\"https:\\\/\\\/lospoliticosveracruz.com\\\/?p=85013#article\",\"isPartOf\":{\"@id\":\"https:\\\/\\\/lospoliticosveracruz.com\\\/?p=85013\"},\"author\":{\"name\":\"Lo viste en Los Pol\u00edticos\",\"@id\":\"https:\\\/\\\/lospoliticosveracruz.com\\\/#\\\/schema\\\/person\\\/b8702bb0e538456e6efd07080bf2a4a2\"},\"headline\":\"Cr\u00e9ditos de n\u00f3mina, deudas que empobrecen\",\"datePublished\":\"2022-01-21T15:06:35+00:00\",\"dateModified\":\"2022-01-21T15:06:41+00:00\",\"mainEntityOfPage\":{\"@id\":\"https:\\\/\\\/lospoliticosveracruz.com\\\/?p=85013\"},\"wordCount\":777,\"publisher\":{\"@id\":\"https:\\\/\\\/lospoliticosveracruz.com\\\/#organization\"},\"keywords\":[\"Barz\u00f3n\",\"cobranza delegada\",\"Cr\u00e9dito Consignado\",\"cr\u00e9ditos\",\"Idec\",\"n\u00f3mina\",\"Teresa Carbajal\"],\"articleSection\":[\"De Opini\u00f3n\"],\"inLanguage\":\"es\"},{\"@type\":\"WebPage\",\"@id\":\"https:\\\/\\\/lospoliticosveracruz.com\\\/?p=85013\",\"url\":\"https:\\\/\\\/lospoliticosveracruz.com\\\/?p=85013\",\"name\":\"Cr\u00e9ditos de n\u00f3mina, deudas que empobrecen - Los pol\u00edticos Veracruz\",\"isPartOf\":{\"@id\":\"https:\\\/\\\/lospoliticosveracruz.com\\\/#website\"},\"datePublished\":\"2022-01-21T15:06:35+00:00\",\"dateModified\":\"2022-01-21T15:06:41+00:00\",\"breadcrumb\":{\"@id\":\"https:\\\/\\\/lospoliticosveracruz.com\\\/?p=85013#breadcrumb\"},\"inLanguage\":\"es\",\"potentialAction\":[{\"@type\":\"ReadAction\",\"target\":[\"https:\\\/\\\/lospoliticosveracruz.com\\\/?p=85013\"]}]},{\"@type\":\"BreadcrumbList\",\"@id\":\"https:\\\/\\\/lospoliticosveracruz.com\\\/?p=85013#breadcrumb\",\"itemListElement\":[{\"@type\":\"ListItem\",\"position\":1,\"name\":\"Portada\",\"item\":\"https:\\\/\\\/lospoliticosveracruz.com\\\/\"},{\"@type\":\"ListItem\",\"position\":2,\"name\":\"Cr\u00e9ditos de n\u00f3mina, deudas que empobrecen\"}]},{\"@type\":\"WebSite\",\"@id\":\"https:\\\/\\\/lospoliticosveracruz.com\\\/#website\",\"url\":\"https:\\\/\\\/lospoliticosveracruz.com\\\/\",\"name\":\"Los pol\u00edticos Veracruz\",\"description\":\"\",\"publisher\":{\"@id\":\"https:\\\/\\\/lospoliticosveracruz.com\\\/#organization\"},\"potentialAction\":[{\"@type\":\"SearchAction\",\"target\":{\"@type\":\"EntryPoint\",\"urlTemplate\":\"https:\\\/\\\/lospoliticosveracruz.com\\\/?s={search_term_string}\"},\"query-input\":{\"@type\":\"PropertyValueSpecification\",\"valueRequired\":true,\"valueName\":\"search_term_string\"}}],\"inLanguage\":\"es\"},{\"@type\":\"Organization\",\"@id\":\"https:\\\/\\\/lospoliticosveracruz.com\\\/#organization\",\"name\":\"Los pol\u00edticos Veracruz\",\"url\":\"https:\\\/\\\/lospoliticosveracruz.com\\\/\",\"logo\":{\"@type\":\"ImageObject\",\"inLanguage\":\"es\",\"@id\":\"https:\\\/\\\/lospoliticosveracruz.com\\\/#\\\/schema\\\/logo\\\/image\\\/\",\"url\":\"https:\\\/\\\/lospoliticosveracruz.com\\\/wp-content\\\/uploads\\\/2025\\\/12\\\/Logo-Nuevo-LOS-POLITICOS-1.jpg\",\"contentUrl\":\"https:\\\/\\\/lospoliticosveracruz.com\\\/wp-content\\\/uploads\\\/2025\\\/12\\\/Logo-Nuevo-LOS-POLITICOS-1.jpg\",\"width\":260,\"height\":70,\"caption\":\"Los pol\u00edticos Veracruz\"},\"image\":{\"@id\":\"https:\\\/\\\/lospoliticosveracruz.com\\\/#\\\/schema\\\/logo\\\/image\\\/\"},\"sameAs\":[\"https:\\\/\\\/www.facebook.com\\\/people\\\/Notimemes-de-los-Polticos\\\/61565672886568\\\/\",\"https:\\\/\\\/x.com\\\/LosPoliticosVer\"]},{\"@type\":\"Person\",\"@id\":\"https:\\\/\\\/lospoliticosveracruz.com\\\/#\\\/schema\\\/person\\\/b8702bb0e538456e6efd07080bf2a4a2\",\"name\":\"Lo viste en Los Pol\u00edticos\",\"image\":{\"@type\":\"ImageObject\",\"inLanguage\":\"es\",\"@id\":\"https:\\\/\\\/secure.gravatar.com\\\/avatar\\\/3a8de04a2656d44082be478bd6c086daa447c4651605818287b9532d3d0bd435?s=96&d=mm&r=g\",\"url\":\"https:\\\/\\\/secure.gravatar.com\\\/avatar\\\/3a8de04a2656d44082be478bd6c086daa447c4651605818287b9532d3d0bd435?s=96&d=mm&r=g\",\"contentUrl\":\"https:\\\/\\\/secure.gravatar.com\\\/avatar\\\/3a8de04a2656d44082be478bd6c086daa447c4651605818287b9532d3d0bd435?s=96&d=mm&r=g\",\"caption\":\"Lo viste en Los Pol\u00edticos\"},\"url\":\"https:\\\/\\\/lospoliticosveracruz.com\\\/?author=2\"}]}<\/script>\n<!-- \/ Yoast SEO plugin. -->","yoast_head_json":{"title":"Cr\u00e9ditos de n\u00f3mina, deudas que empobrecen - Los pol\u00edticos Veracruz","robots":{"index":"index","follow":"follow","max-snippet":"max-snippet:-1","max-image-preview":"max-image-preview:large","max-video-preview":"max-video-preview:-1"},"canonical":"https:\/\/lospoliticosveracruz.com\/?p=85013","og_locale":"es_ES","og_type":"article","og_title":"Cr\u00e9ditos de n\u00f3mina, deudas que empobrecen - Los pol\u00edticos Veracruz","og_description":"Teresa CarbajalDebo, no niego; pago, lo justo A fines del a\u00f1o 2021 recib\u00ed de parte del Instituto Brasile\u00f1o de Defensa del Consumidor (Idec) la invitaci\u00f3n para escribir un art\u00edculo sobre el tema de los cr\u00e9ditos de n\u00f3mina (con cobranza delegada) en M\u00e9xico, a fin de establecer una comparativa con el Cr\u00e9dito Consignado, como se le [&hellip;]","og_url":"https:\/\/lospoliticosveracruz.com\/?p=85013","og_site_name":"Los pol\u00edticos Veracruz","article_publisher":"https:\/\/www.facebook.com\/people\/Notimemes-de-los-Polticos\/61565672886568\/","article_published_time":"2022-01-21T15:06:35+00:00","article_modified_time":"2022-01-21T15:06:41+00:00","og_image":[{"width":200,"height":200,"url":"https:\/\/lospoliticosveracruz.com\/wp-content\/uploads\/2016\/07\/Logo-Dor.jpg","type":"image\/jpeg"}],"author":"Lo viste en Los Pol\u00edticos","twitter_card":"summary_large_image","twitter_creator":"@LosPoliticosVer","twitter_site":"@LosPoliticosVer","twitter_misc":{"Escrito por":"Lo viste en Los Pol\u00edticos","Tiempo de lectura":"4 minutos"},"schema":{"@context":"https:\/\/schema.org","@graph":[{"@type":"Article","@id":"https:\/\/lospoliticosveracruz.com\/?p=85013#article","isPartOf":{"@id":"https:\/\/lospoliticosveracruz.com\/?p=85013"},"author":{"name":"Lo viste en Los Pol\u00edticos","@id":"https:\/\/lospoliticosveracruz.com\/#\/schema\/person\/b8702bb0e538456e6efd07080bf2a4a2"},"headline":"Cr\u00e9ditos de n\u00f3mina, deudas que empobrecen","datePublished":"2022-01-21T15:06:35+00:00","dateModified":"2022-01-21T15:06:41+00:00","mainEntityOfPage":{"@id":"https:\/\/lospoliticosveracruz.com\/?p=85013"},"wordCount":777,"publisher":{"@id":"https:\/\/lospoliticosveracruz.com\/#organization"},"keywords":["Barz\u00f3n","cobranza delegada","Cr\u00e9dito Consignado","cr\u00e9ditos","Idec","n\u00f3mina","Teresa Carbajal"],"articleSection":["De Opini\u00f3n"],"inLanguage":"es"},{"@type":"WebPage","@id":"https:\/\/lospoliticosveracruz.com\/?p=85013","url":"https:\/\/lospoliticosveracruz.com\/?p=85013","name":"Cr\u00e9ditos de n\u00f3mina, deudas que empobrecen - Los pol\u00edticos Veracruz","isPartOf":{"@id":"https:\/\/lospoliticosveracruz.com\/#website"},"datePublished":"2022-01-21T15:06:35+00:00","dateModified":"2022-01-21T15:06:41+00:00","breadcrumb":{"@id":"https:\/\/lospoliticosveracruz.com\/?p=85013#breadcrumb"},"inLanguage":"es","potentialAction":[{"@type":"ReadAction","target":["https:\/\/lospoliticosveracruz.com\/?p=85013"]}]},{"@type":"BreadcrumbList","@id":"https:\/\/lospoliticosveracruz.com\/?p=85013#breadcrumb","itemListElement":[{"@type":"ListItem","position":1,"name":"Portada","item":"https:\/\/lospoliticosveracruz.com\/"},{"@type":"ListItem","position":2,"name":"Cr\u00e9ditos de n\u00f3mina, deudas que empobrecen"}]},{"@type":"WebSite","@id":"https:\/\/lospoliticosveracruz.com\/#website","url":"https:\/\/lospoliticosveracruz.com\/","name":"Los pol\u00edticos Veracruz","description":"","publisher":{"@id":"https:\/\/lospoliticosveracruz.com\/#organization"},"potentialAction":[{"@type":"SearchAction","target":{"@type":"EntryPoint","urlTemplate":"https:\/\/lospoliticosveracruz.com\/?s={search_term_string}"},"query-input":{"@type":"PropertyValueSpecification","valueRequired":true,"valueName":"search_term_string"}}],"inLanguage":"es"},{"@type":"Organization","@id":"https:\/\/lospoliticosveracruz.com\/#organization","name":"Los pol\u00edticos Veracruz","url":"https:\/\/lospoliticosveracruz.com\/","logo":{"@type":"ImageObject","inLanguage":"es","@id":"https:\/\/lospoliticosveracruz.com\/#\/schema\/logo\/image\/","url":"https:\/\/lospoliticosveracruz.com\/wp-content\/uploads\/2025\/12\/Logo-Nuevo-LOS-POLITICOS-1.jpg","contentUrl":"https:\/\/lospoliticosveracruz.com\/wp-content\/uploads\/2025\/12\/Logo-Nuevo-LOS-POLITICOS-1.jpg","width":260,"height":70,"caption":"Los pol\u00edticos Veracruz"},"image":{"@id":"https:\/\/lospoliticosveracruz.com\/#\/schema\/logo\/image\/"},"sameAs":["https:\/\/www.facebook.com\/people\/Notimemes-de-los-Polticos\/61565672886568\/","https:\/\/x.com\/LosPoliticosVer"]},{"@type":"Person","@id":"https:\/\/lospoliticosveracruz.com\/#\/schema\/person\/b8702bb0e538456e6efd07080bf2a4a2","name":"Lo viste en Los Pol\u00edticos","image":{"@type":"ImageObject","inLanguage":"es","@id":"https:\/\/secure.gravatar.com\/avatar\/3a8de04a2656d44082be478bd6c086daa447c4651605818287b9532d3d0bd435?s=96&d=mm&r=g","url":"https:\/\/secure.gravatar.com\/avatar\/3a8de04a2656d44082be478bd6c086daa447c4651605818287b9532d3d0bd435?s=96&d=mm&r=g","contentUrl":"https:\/\/secure.gravatar.com\/avatar\/3a8de04a2656d44082be478bd6c086daa447c4651605818287b9532d3d0bd435?s=96&d=mm&r=g","caption":"Lo viste en Los Pol\u00edticos"},"url":"https:\/\/lospoliticosveracruz.com\/?author=2"}]}},"_links":{"self":[{"href":"https:\/\/lospoliticosveracruz.com\/index.php?rest_route=\/wp\/v2\/posts\/85013","targetHints":{"allow":["GET"]}}],"collection":[{"href":"https:\/\/lospoliticosveracruz.com\/index.php?rest_route=\/wp\/v2\/posts"}],"about":[{"href":"https:\/\/lospoliticosveracruz.com\/index.php?rest_route=\/wp\/v2\/types\/post"}],"author":[{"embeddable":true,"href":"https:\/\/lospoliticosveracruz.com\/index.php?rest_route=\/wp\/v2\/users\/2"}],"replies":[{"embeddable":true,"href":"https:\/\/lospoliticosveracruz.com\/index.php?rest_route=%2Fwp%2Fv2%2Fcomments&post=85013"}],"version-history":[{"count":1,"href":"https:\/\/lospoliticosveracruz.com\/index.php?rest_route=\/wp\/v2\/posts\/85013\/revisions"}],"predecessor-version":[{"id":85017,"href":"https:\/\/lospoliticosveracruz.com\/index.php?rest_route=\/wp\/v2\/posts\/85013\/revisions\/85017"}],"wp:attachment":[{"href":"https:\/\/lospoliticosveracruz.com\/index.php?rest_route=%2Fwp%2Fv2%2Fmedia&parent=85013"}],"wp:term":[{"taxonomy":"category","embeddable":true,"href":"https:\/\/lospoliticosveracruz.com\/index.php?rest_route=%2Fwp%2Fv2%2Fcategories&post=85013"},{"taxonomy":"post_tag","embeddable":true,"href":"https:\/\/lospoliticosveracruz.com\/index.php?rest_route=%2Fwp%2Fv2%2Ftags&post=85013"}],"curies":[{"name":"wp","href":"https:\/\/api.w.org\/{rel}","templated":true}]}}