{"id":85319,"date":"2022-01-27T08:11:44","date_gmt":"2022-01-27T14:11:44","guid":{"rendered":"https:\/\/lospoliticosveracruz.com.mx\/?p=85319"},"modified":"2022-01-27T08:11:51","modified_gmt":"2022-01-27T14:11:51","slug":"estocada-a-la-tauromaquia","status":"publish","type":"post","link":"https:\/\/lospoliticosveracruz.com\/?p=85319","title":{"rendered":"Estocada a la tauromaquia!"},"content":{"rendered":"\n<p><\/p>\n\n\n\n<p><\/p>\n\n\n\n<p><strong>Elideth Fern\u00e1ndez<\/strong><\/p>\n\n\n\n<p><\/p>\n\n\n\n<p>Con fecha 14 de mayo de 2021, denunci\u00e9 en el Noticiero Matutino la Ma\u00f1anera del presidente Andr\u00e9s Manuel L\u00f3pez Obrador, un acto de influyentismo en el Gobierno de Sinaloa, por tal motivo exhortamos al Congreso del Estado, a trav\u00e9s de la Red de artistas e intelectuales por la abolici\u00f3n de la tauromaquia, a que aprobaran nuevamente las Reformas de Ley de Protecci\u00f3n a los Animales pero sin condiciones como pretend\u00edan hacerlo y excluir de la ley las corridas de toros. Les invitamos a que fueran congruentes con su voto original sin ceder a presiones de intereses y gustos personales y mucho menos fueran carnada del influyentismo, haciendo \u00e9nfasis en que el pueblo vot\u00f3 por otra forma de hacer pol\u00edtica. Esto fue debido a que el exgobernador Quirino Ordaz Coppel vet\u00f3 la Ley de Protecci\u00f3n de los Animales ya aprobada en 2021 por voto un\u00e1nime de 35 diputadas y diputados de todos los grupos parlamentarios y la regres\u00f3 al Congreso, argumentando ser discriminatoria. El presidente Andr\u00e9s Manuel L\u00f3pez Obrador expres\u00f3 que mi exposici\u00f3n de lo sucedido hab\u00eda sido clara y con argumentos y envi\u00f3 un mensaje contundente: \u00ab Yo pienso que tenemos que evitar cualquier acto de violencia y que tenemos que educar en la no violencia. Y siento que se tiene que ir avanzando para conseguir la paz y evitar el maltrato a los animales, eso lo considero algo humano, justo, que nos debe distinguir, caracterizar: el no a la crueldad (1) \u00bb.<br>Hoy la Red felicita sin temor a equivocarse como sucediera anteriormente, al gobernador actual de Sinaloa Rub\u00e9n Rocha Moya por el firme y trascendente paso que ha dado su gobierno hacia una cultura de la no violencia, lo que quedar\u00e1 inscrito en la historia como cuando Benito Ju\u00e1rez y Venustiano Carranza prohibieron las corridas de toros, por ser contrarias a la cultura y moralidad p\u00fablica. Asimismo, felicitan a las Comisiones Unidas de Puntos Constitucionales y Gobernaci\u00f3n, Ecolog\u00eda y Desarrollo Sustentable y de Justicia y al Congreso del Estado de Sinaloa, que de manera un\u00e1nime aprobaron nuevamente el dictamen que reforma la Ley de Protecci\u00f3n a los Animales en el Estado, rechazando el decreto vetado al considerar inoperantes los argumentos formulados por el Ejecutivo de la anterior administraci\u00f3n. Tambi\u00e9n se extiende un reconocimiento al trabajo con altura de miras y que desde sus funciones trabajan por construir una mejor sociedad, a los legisladores Pedro Lobo, Feliciano Castro y Ambrosio Ch\u00e1vez, pero, sobre todo, a la sociedad civil, al Movimiento Consciencia y a los luchadores incansables originarios de cada lugar (2).<br>Sin embargo, los art\u00edfices de esta iniciativa, espec\u00edficamente la antitaurina, viene de a\u00f1os atr\u00e1s, el Dip. Pedro Lobo en coordinaci\u00f3n con grupos locales como Huellitas con Causa IPN que preside Brenda Gonz\u00e1lez, organizaci\u00f3n que forma parte de la Red Antitauromaquia M\u00e9xico, Construyendo la Paz (3), ambos han luchado sin tregua a trav\u00e9s de un largo proceso por alcanzar su objetivo abolicionista con argumentos rigurosamente fundamentados y coordinados.<br>Ciertamente es de capital importancia conocer el desarrollo de cada victoria, de todas las historias de \u00e9xito por los derechos animales, as\u00ed como de cualquier otra lucha social, as\u00ed aprendemos de los aciertos y desaciertos, de los triunfos y derrotas y de esa manera poder dejar un legado emp\u00edrico a las nuevas generaciones de activistas que buscan dar continuidad a los anhelos por la justicia y la equidad. En ese sentido, son las organizaciones locales, que a pico y pala abren brecha para sumarnos posteriormente otros actores. Lo que me parece injusto e incluso da\u00f1ino es invisiblizar a dichas organizaciones en aras de un protagonismo inmoral de grupos altamente medi\u00e1ticos que solo llegaron al final de la historia y que sus razones tendr\u00e1n por querer ganar titularidad. Sin embargo, me atrevo a asegurar, que de alguna forma, casi todo suma como bien dicen. Por ello desde mi muy particular punto de vista, este es un logro del pensamiento antitaurino por la no violencia del que nadie puede apropiarse.<br>En un muy breve recorrido y con conocimiento de causa quisiera nombrar a tres grupos tambi\u00e9n integrantes de la Red Nacional Antitauromaquia M\u00e9xico, Construyendo la Paz, a los que especialmente debemos reconocer su lucha que no ha sido f\u00e1cil y de los cuales hemos aprendido mucho; son poseedores de una extensa cr\u00f3nica que pueden contar para nuestro aprendizaje en su incansable y honesto activismo por la abolici\u00f3n de la tauromaquia y su culminaci\u00f3n. Me refiero a PROTECANI a Favor de la Vida y Voluntariado ProAnimal, A.C., que presiden A\u00edda Cant\u00fa e Irene Herrera respectivamente de Coahuila; Opus Magnum de M\u00e9xico en Quintana Roo, quienes hicieron un trabajo estrat\u00e9gico y jur\u00eddico impecable en su estado, grupo que preside Flor Pastrana. Por otra parte, el trabajo en Veracruz de Maricarmen Garc\u00eda El\u00edas, oriunda de C\u00f3rdoba, representante del Movimiento Consciencia quien en su momento visit\u00f3 decenas de municipios y redact\u00f3 iniciativas como asesora del Dip. Jes\u00fas Vel\u00e1zquez quien impulsara las m\u00e1s importantes leyes que ahora rigen el Estado en materia de protecci\u00f3n animal, aunque en \u00e9ste no se ha conseguido a\u00fan la abolici\u00f3n de las corridas, pero s\u00ed que nuestra ni\u00f1ez no asista al b\u00e1rbaro espect\u00e1culo; lograron la conversi\u00f3n de zool\u00f3gicos en santuarios desde el 2016 (letra muerta) y con la participaci\u00f3n de otras organizaciones la prohibici\u00f3n del Embalse de toros, vaquilladas, tracci\u00f3n a sangre, peleas de animales\u2026 (4)<br>Como fotoperiodista apoy\u00e9 al Movimiento Consciencia durante m\u00e1s de 4 a\u00f1os registrando con mi lente corridas de toros en diversos municipios para denunciar tanto la crueldad que conlleva esta pr\u00e1ctica como la violaci\u00f3n a la ley por permitir la entrada a ni\u00f1as y ni\u00f1os, estando esto ya prohibido por ley desde el 2015. Registr\u00e9 la atrocidad de los Embalses de toros y de las vaquilladas, la inhumanidad de los zool\u00f3gicos\u2026 asimismo, en dos ocasiones el Congreso de Veracruz abri\u00f3 sus puertas al valios\u00edsimo acervo cultural de cartones del Movimiento Consciencia: \u00ab Toros s\u00ed, toreros no \u00bb, producto de un certamen avalado por reconocidos artistas, intelectuales, acad\u00e9micos y por grandes artistas del dibujo representando a 52 pa\u00edses repudiando la tauromaquia. Asimismo, en Veracruz estando presentes en un foro mundial organizado por el Movimiento Consciencia, en un hecho sin precedentes, activistas nacionales e internacionales coadyuvaron a la redacci\u00f3n de un documento oficial dirigido al entonces gobernador Miguel \u00c1ngel Yunes para que vetara la ley que regresaban las peleas de gallos al Estado. La presi\u00f3n social fue enorme y el ejecutivo se vio obligado a vetarla. Todo este trabajo y seguramente hay m\u00e1s de otros actores en Veracruz pero que ignoro, coadyuv\u00f3, sin duda, a arrinconar a los galleros que desesperados decidieron ampararse ante la Suprema Corte de Justicia, la que por fortuna resolvi\u00f3 el amparo para el Estado de Veracruz: 163\/2018 a propuesta del entonces Ministro Arturo Zald\u00edvar, actual presidente del m\u00e1ximo tribunal Constitucional del pa\u00eds, en la cual se establece, entre otros, que \u00ab si bien las peleas de gallos son expresi\u00f3n de una determinada cultura, ninguna pr\u00e1ctica que ponga el maltrato y el sufrimiento innecesario de los animales puede considerarse una expresi\u00f3n cultural amparada por la Constituci\u00f3n \u00bb.<br>Por supuesto, no podr\u00eda faltar un reconocimiento especial por el apoyo a grupos internacionales; las luchas sociales no conocen de fronteras, aunque cada regi\u00f3n tenga sus especificidades. El grupo la Tortura no es Cultura de Espa\u00f1a que preside Marta Esteban Mi\u00f1ano, de la mano con Animal Guardians, ha sido fundamental para enriquecer el activismo en ciertos grupos en M\u00e9xico, fueron los principales promotores de la Primera Cumbre Nacional Antitauromaquia M\u00e9xico, Construyendo la Paz, cuyo objetivo fue el de organizarnos, planificar, y crear estrategias para abolir las corridas de toros en la Rep\u00fablica Mexicana. S\u00e9 que soy injusta con cientos de activistas porque s\u00f3lo mencion\u00e9 a algunos de los dirigentes de cada organizaci\u00f3n. Cuando se logre en la Ciudad de M\u00e9xico la abolici\u00f3n de las corridas de toros, \u00e9sta ser\u00e1 otra historia, esa victoria no ser\u00e1 privativa de nadie, porque somos muchos, de todos los \u00e1mbitos sociales y disciplinas, que a su manera y desde su trinchera hemos luchado por ello.<br>Yo celebro que diferentes organizaciones hayan logrado profesionalizar el activismo, al grado de poder percibir ingresos por una noble y loable actividad; cuando esto se mire como justo, legal y necesario, despoj\u00e1ndonos de tab\u00faes sobrantes que obvio no ayudan, habremos dado un gran paso en esta lucha; yo he visto perder patrimonios y quedar todo el esfuerzo truncado por falta de recursos. Pero lo que no es \u00e9tico es cobrar por el trabajo que han realizado otros y que por su poder medi\u00e1tico se adjudican conquistas que no les pertenecen del todo o de nada. Hasta ahora desconozco que victorias de tal magnitud como una abolici\u00f3n se haya logrado solamente por una firma en campa\u00f1a de un pol\u00edtico. \u00a1V\u00e1lgame Dios! \u00bfCu\u00e1ndo se ha visto eso? Desde luego, tambi\u00e9n es cierto que acciones invisibles de muchos trascienden sin saberlo. Hasta llegamos a desconocer las aportaciones de quienes incluso sin pertenecer a los que se pronuncian por los animales, pero que son sensibles al tema, desde sus cargos y quehaceres diversos han aportado enormemente al movimiento aun pasando inadvertidos. Ojal\u00e1 un d\u00eda tenga la oportunidad y me autoricen platicar una de estas grandes historias.<br>Soy cofundadora de La Red de artistas e intelectuales por la abolici\u00f3n de la tauromaquia junto con Gloria Maldonado Ans\u00f3 y nuestro \u00fanico fin es el de apoyar al movimiento antitaurino. \u00ab Entendemos como RED una v\u00eda para entablar comunicaci\u00f3n, intercambiar y difundir informaci\u00f3n sobre el tema antitaurino, as\u00ed como para participar en eventos culturales y acad\u00e9micos como exposiciones, conferencias y foros. Se busca compartir ideas, textos, comunicados y obra art\u00edstica de distinta \u00edndole con el fin de contribuir a crear una cultura de la no-violencia. En este caso el objetivo son las corridas de toros por todas sus implicaciones y su naturaleza misma. Como sabemos, se trata de un espect\u00e1culo que integra seres vivos, espect\u00e1culo cruel, b\u00e1rbaro e inadmisible, m\u00e1s a\u00fan en nuestra \u00e9poca. Se requiere de una reflexi\u00f3n profunda porque sabemos que es necesario llegar a las conciencias, pues no s\u00f3lo con leyes se logran los cambios verdaderos y trascendentes. (5) \u00bb. En la actualidad m\u00e1s de medio centenar de artistas, acad\u00e9micos e intelectuales pertenecen a la Red.<br>\u00ab \u00bfQue nos preocupemos de las personas? Eso hacemos cada vez que luchamos por desterrar la violencia del comportamiento humano. (6) \u00bb,<\/p>\n\n\n\n<p>(1)Versi\u00f3n estenogr\u00e1fica de la conferencia de prensa del presidente Andr\u00e9s Manuel L\u00f3pez Obrador<br>(2) Texto basado en la carta enviada al gobernador Dr.Rub\u00e9n Rocha Moya por Movimiento Consciencia y la Red de artistas e intelectuales por la abolici\u00f3n de la tauromaquia.<br>(3) Cumbre Nacional Antitauromaquia M\u00e9xico<br>(4) Prohibici\u00f3n a nivel estatal del ingreso de menores de edad a espect\u00e1culos taurinos<br>(4) Se prohiben: Embalse de toros, vaquilladas y pamplonadas, tracci\u00f3n a sangre, peleas de animales (perros), su exterminio, entre otros.<br>(4) Decreto estatal de conversi\u00f3n de los zool\u00f3gicos en santuarios<br>(5) Red de artistas e intelectuales por la abolici\u00f3n de la tauromaquia<br>(6) Libro digital Animales: Conciencia y Derechos, fragmento de un texto de Julio Ortega<\/p>\n","protected":false},"excerpt":{"rendered":"<p>Elideth Fern\u00e1ndez Con fecha 14 de mayo de 2021, denunci\u00e9 en el Noticiero Matutino la Ma\u00f1anera del presidente Andr\u00e9s Manuel L\u00f3pez Obrador, un acto de influyentismo en el Gobierno de Sinaloa, por tal motivo exhortamos al Congreso del Estado, a trav\u00e9s de la Red de artistas e intelectuales por la abolici\u00f3n de la tauromaquia, a [&hellip;]<\/p>\n","protected":false},"author":2,"featured_media":0,"comment_status":"closed","ping_status":"closed","sticky":false,"template":"","format":"standard","meta":{"tdm_status":"","tdm_grid_status":"","footnotes":""},"categories":[6451],"tags":[618,18154,9035,1026,11360,32054,8706],"class_list":{"0":"post-85319","1":"post","2":"type-post","3":"status-publish","4":"format-standard","6":"category-historias_de_amigos","7":"tag-andres-manuel-lopez-obrador","8":"tag-elideth-fernandez","9":"tag-ley-de-proteccion-a-los-animales","10":"tag-morena","11":"tag-proteccion-a-los-animales","12":"tag-red-antitauromaquia-mexico","13":"tag-tauromaquia"},"yoast_head":"<!-- This site is optimized with the Yoast SEO plugin v27.4 - https:\/\/yoast.com\/product\/yoast-seo-wordpress\/ -->\n<title>Estocada a la tauromaquia! - Los pol\u00edticos Veracruz<\/title>\n<meta name=\"robots\" content=\"index, follow, max-snippet:-1, max-image-preview:large, max-video-preview:-1\" \/>\n<link rel=\"canonical\" href=\"https:\/\/lospoliticosveracruz.com\/?p=85319\" \/>\n<meta property=\"og:locale\" content=\"es_ES\" \/>\n<meta property=\"og:type\" content=\"article\" \/>\n<meta property=\"og:title\" content=\"Estocada a la tauromaquia! - Los pol\u00edticos Veracruz\" \/>\n<meta property=\"og:description\" content=\"Elideth Fern\u00e1ndez Con fecha 14 de mayo de 2021, denunci\u00e9 en el Noticiero Matutino la Ma\u00f1anera del presidente Andr\u00e9s Manuel L\u00f3pez Obrador, un acto de influyentismo en el Gobierno de Sinaloa, por tal motivo exhortamos al Congreso del Estado, a trav\u00e9s de la Red de artistas e intelectuales por la abolici\u00f3n de la tauromaquia, a [&hellip;]\" \/>\n<meta property=\"og:url\" content=\"https:\/\/lospoliticosveracruz.com\/?p=85319\" \/>\n<meta property=\"og:site_name\" content=\"Los pol\u00edticos Veracruz\" \/>\n<meta property=\"article:publisher\" content=\"https:\/\/www.facebook.com\/people\/Notimemes-de-los-Polticos\/61565672886568\/\" \/>\n<meta property=\"article:published_time\" content=\"2022-01-27T14:11:44+00:00\" \/>\n<meta property=\"article:modified_time\" content=\"2022-01-27T14:11:51+00:00\" \/>\n<meta property=\"og:image\" content=\"https:\/\/lospoliticosveracruz.com\/wp-content\/uploads\/2016\/07\/Logo-Dor.jpg\" \/>\n\t<meta property=\"og:image:width\" content=\"200\" \/>\n\t<meta property=\"og:image:height\" content=\"200\" \/>\n\t<meta property=\"og:image:type\" content=\"image\/jpeg\" \/>\n<meta name=\"author\" content=\"Lo viste en Los Pol\u00edticos\" \/>\n<meta name=\"twitter:card\" content=\"summary_large_image\" \/>\n<meta name=\"twitter:creator\" content=\"@LosPoliticosVer\" \/>\n<meta name=\"twitter:site\" content=\"@LosPoliticosVer\" \/>\n<meta name=\"twitter:label1\" content=\"Escrito por\" \/>\n\t<meta name=\"twitter:data1\" content=\"Lo viste en Los Pol\u00edticos\" \/>\n\t<meta name=\"twitter:label2\" content=\"Tiempo de lectura\" \/>\n\t<meta name=\"twitter:data2\" content=\"10 minutos\" \/>\n<script type=\"application\/ld+json\" class=\"yoast-schema-graph\">{\"@context\":\"https:\\\/\\\/schema.org\",\"@graph\":[{\"@type\":\"Article\",\"@id\":\"https:\\\/\\\/lospoliticosveracruz.com\\\/?p=85319#article\",\"isPartOf\":{\"@id\":\"https:\\\/\\\/lospoliticosveracruz.com\\\/?p=85319\"},\"author\":{\"name\":\"Lo viste en Los Pol\u00edticos\",\"@id\":\"https:\\\/\\\/lospoliticosveracruz.com\\\/#\\\/schema\\\/person\\\/b8702bb0e538456e6efd07080bf2a4a2\"},\"headline\":\"Estocada a la tauromaquia!\",\"datePublished\":\"2022-01-27T14:11:44+00:00\",\"dateModified\":\"2022-01-27T14:11:51+00:00\",\"mainEntityOfPage\":{\"@id\":\"https:\\\/\\\/lospoliticosveracruz.com\\\/?p=85319\"},\"wordCount\":1941,\"publisher\":{\"@id\":\"https:\\\/\\\/lospoliticosveracruz.com\\\/#organization\"},\"keywords\":[\"Andr\u00e9s Manuel L\u00f3pez Obrador\",\"Elideth Fern\u00e1ndez\",\"Ley de Protecci\u00f3n a los Animales\",\"Morena\",\"Protecci\u00f3n a los Animales\",\"Red Antitauromaquia M\u00e9xico\",\"Tauromaquia\"],\"articleSection\":[\"Historias de Amigos\"],\"inLanguage\":\"es\"},{\"@type\":\"WebPage\",\"@id\":\"https:\\\/\\\/lospoliticosveracruz.com\\\/?p=85319\",\"url\":\"https:\\\/\\\/lospoliticosveracruz.com\\\/?p=85319\",\"name\":\"Estocada a la tauromaquia! - Los pol\u00edticos Veracruz\",\"isPartOf\":{\"@id\":\"https:\\\/\\\/lospoliticosveracruz.com\\\/#website\"},\"datePublished\":\"2022-01-27T14:11:44+00:00\",\"dateModified\":\"2022-01-27T14:11:51+00:00\",\"breadcrumb\":{\"@id\":\"https:\\\/\\\/lospoliticosveracruz.com\\\/?p=85319#breadcrumb\"},\"inLanguage\":\"es\",\"potentialAction\":[{\"@type\":\"ReadAction\",\"target\":[\"https:\\\/\\\/lospoliticosveracruz.com\\\/?p=85319\"]}]},{\"@type\":\"BreadcrumbList\",\"@id\":\"https:\\\/\\\/lospoliticosveracruz.com\\\/?p=85319#breadcrumb\",\"itemListElement\":[{\"@type\":\"ListItem\",\"position\":1,\"name\":\"Portada\",\"item\":\"https:\\\/\\\/lospoliticosveracruz.com\\\/\"},{\"@type\":\"ListItem\",\"position\":2,\"name\":\"Estocada a la tauromaquia!\"}]},{\"@type\":\"WebSite\",\"@id\":\"https:\\\/\\\/lospoliticosveracruz.com\\\/#website\",\"url\":\"https:\\\/\\\/lospoliticosveracruz.com\\\/\",\"name\":\"Los pol\u00edticos Veracruz\",\"description\":\"\",\"publisher\":{\"@id\":\"https:\\\/\\\/lospoliticosveracruz.com\\\/#organization\"},\"potentialAction\":[{\"@type\":\"SearchAction\",\"target\":{\"@type\":\"EntryPoint\",\"urlTemplate\":\"https:\\\/\\\/lospoliticosveracruz.com\\\/?s={search_term_string}\"},\"query-input\":{\"@type\":\"PropertyValueSpecification\",\"valueRequired\":true,\"valueName\":\"search_term_string\"}}],\"inLanguage\":\"es\"},{\"@type\":\"Organization\",\"@id\":\"https:\\\/\\\/lospoliticosveracruz.com\\\/#organization\",\"name\":\"Los pol\u00edticos Veracruz\",\"url\":\"https:\\\/\\\/lospoliticosveracruz.com\\\/\",\"logo\":{\"@type\":\"ImageObject\",\"inLanguage\":\"es\",\"@id\":\"https:\\\/\\\/lospoliticosveracruz.com\\\/#\\\/schema\\\/logo\\\/image\\\/\",\"url\":\"https:\\\/\\\/lospoliticosveracruz.com\\\/wp-content\\\/uploads\\\/2025\\\/12\\\/Logo-Nuevo-LOS-POLITICOS-1.jpg\",\"contentUrl\":\"https:\\\/\\\/lospoliticosveracruz.com\\\/wp-content\\\/uploads\\\/2025\\\/12\\\/Logo-Nuevo-LOS-POLITICOS-1.jpg\",\"width\":260,\"height\":70,\"caption\":\"Los pol\u00edticos Veracruz\"},\"image\":{\"@id\":\"https:\\\/\\\/lospoliticosveracruz.com\\\/#\\\/schema\\\/logo\\\/image\\\/\"},\"sameAs\":[\"https:\\\/\\\/www.facebook.com\\\/people\\\/Notimemes-de-los-Polticos\\\/61565672886568\\\/\",\"https:\\\/\\\/x.com\\\/LosPoliticosVer\"]},{\"@type\":\"Person\",\"@id\":\"https:\\\/\\\/lospoliticosveracruz.com\\\/#\\\/schema\\\/person\\\/b8702bb0e538456e6efd07080bf2a4a2\",\"name\":\"Lo viste en Los Pol\u00edticos\",\"image\":{\"@type\":\"ImageObject\",\"inLanguage\":\"es\",\"@id\":\"https:\\\/\\\/secure.gravatar.com\\\/avatar\\\/3a8de04a2656d44082be478bd6c086daa447c4651605818287b9532d3d0bd435?s=96&d=mm&r=g\",\"url\":\"https:\\\/\\\/secure.gravatar.com\\\/avatar\\\/3a8de04a2656d44082be478bd6c086daa447c4651605818287b9532d3d0bd435?s=96&d=mm&r=g\",\"contentUrl\":\"https:\\\/\\\/secure.gravatar.com\\\/avatar\\\/3a8de04a2656d44082be478bd6c086daa447c4651605818287b9532d3d0bd435?s=96&d=mm&r=g\",\"caption\":\"Lo viste en Los Pol\u00edticos\"},\"url\":\"https:\\\/\\\/lospoliticosveracruz.com\\\/?author=2\"}]}<\/script>\n<!-- \/ Yoast SEO plugin. -->","yoast_head_json":{"title":"Estocada a la tauromaquia! - Los pol\u00edticos Veracruz","robots":{"index":"index","follow":"follow","max-snippet":"max-snippet:-1","max-image-preview":"max-image-preview:large","max-video-preview":"max-video-preview:-1"},"canonical":"https:\/\/lospoliticosveracruz.com\/?p=85319","og_locale":"es_ES","og_type":"article","og_title":"Estocada a la tauromaquia! - Los pol\u00edticos Veracruz","og_description":"Elideth Fern\u00e1ndez Con fecha 14 de mayo de 2021, denunci\u00e9 en el Noticiero Matutino la Ma\u00f1anera del presidente Andr\u00e9s Manuel L\u00f3pez Obrador, un acto de influyentismo en el Gobierno de Sinaloa, por tal motivo exhortamos al Congreso del Estado, a trav\u00e9s de la Red de artistas e intelectuales por la abolici\u00f3n de la tauromaquia, a [&hellip;]","og_url":"https:\/\/lospoliticosveracruz.com\/?p=85319","og_site_name":"Los pol\u00edticos Veracruz","article_publisher":"https:\/\/www.facebook.com\/people\/Notimemes-de-los-Polticos\/61565672886568\/","article_published_time":"2022-01-27T14:11:44+00:00","article_modified_time":"2022-01-27T14:11:51+00:00","og_image":[{"width":200,"height":200,"url":"https:\/\/lospoliticosveracruz.com\/wp-content\/uploads\/2016\/07\/Logo-Dor.jpg","type":"image\/jpeg"}],"author":"Lo viste en Los Pol\u00edticos","twitter_card":"summary_large_image","twitter_creator":"@LosPoliticosVer","twitter_site":"@LosPoliticosVer","twitter_misc":{"Escrito por":"Lo viste en Los Pol\u00edticos","Tiempo de lectura":"10 minutos"},"schema":{"@context":"https:\/\/schema.org","@graph":[{"@type":"Article","@id":"https:\/\/lospoliticosveracruz.com\/?p=85319#article","isPartOf":{"@id":"https:\/\/lospoliticosveracruz.com\/?p=85319"},"author":{"name":"Lo viste en Los Pol\u00edticos","@id":"https:\/\/lospoliticosveracruz.com\/#\/schema\/person\/b8702bb0e538456e6efd07080bf2a4a2"},"headline":"Estocada a la tauromaquia!","datePublished":"2022-01-27T14:11:44+00:00","dateModified":"2022-01-27T14:11:51+00:00","mainEntityOfPage":{"@id":"https:\/\/lospoliticosveracruz.com\/?p=85319"},"wordCount":1941,"publisher":{"@id":"https:\/\/lospoliticosveracruz.com\/#organization"},"keywords":["Andr\u00e9s Manuel L\u00f3pez Obrador","Elideth Fern\u00e1ndez","Ley de Protecci\u00f3n a los Animales","Morena","Protecci\u00f3n a los Animales","Red Antitauromaquia M\u00e9xico","Tauromaquia"],"articleSection":["Historias de Amigos"],"inLanguage":"es"},{"@type":"WebPage","@id":"https:\/\/lospoliticosveracruz.com\/?p=85319","url":"https:\/\/lospoliticosveracruz.com\/?p=85319","name":"Estocada a la tauromaquia! - Los pol\u00edticos Veracruz","isPartOf":{"@id":"https:\/\/lospoliticosveracruz.com\/#website"},"datePublished":"2022-01-27T14:11:44+00:00","dateModified":"2022-01-27T14:11:51+00:00","breadcrumb":{"@id":"https:\/\/lospoliticosveracruz.com\/?p=85319#breadcrumb"},"inLanguage":"es","potentialAction":[{"@type":"ReadAction","target":["https:\/\/lospoliticosveracruz.com\/?p=85319"]}]},{"@type":"BreadcrumbList","@id":"https:\/\/lospoliticosveracruz.com\/?p=85319#breadcrumb","itemListElement":[{"@type":"ListItem","position":1,"name":"Portada","item":"https:\/\/lospoliticosveracruz.com\/"},{"@type":"ListItem","position":2,"name":"Estocada a la tauromaquia!"}]},{"@type":"WebSite","@id":"https:\/\/lospoliticosveracruz.com\/#website","url":"https:\/\/lospoliticosveracruz.com\/","name":"Los pol\u00edticos Veracruz","description":"","publisher":{"@id":"https:\/\/lospoliticosveracruz.com\/#organization"},"potentialAction":[{"@type":"SearchAction","target":{"@type":"EntryPoint","urlTemplate":"https:\/\/lospoliticosveracruz.com\/?s={search_term_string}"},"query-input":{"@type":"PropertyValueSpecification","valueRequired":true,"valueName":"search_term_string"}}],"inLanguage":"es"},{"@type":"Organization","@id":"https:\/\/lospoliticosveracruz.com\/#organization","name":"Los pol\u00edticos Veracruz","url":"https:\/\/lospoliticosveracruz.com\/","logo":{"@type":"ImageObject","inLanguage":"es","@id":"https:\/\/lospoliticosveracruz.com\/#\/schema\/logo\/image\/","url":"https:\/\/lospoliticosveracruz.com\/wp-content\/uploads\/2025\/12\/Logo-Nuevo-LOS-POLITICOS-1.jpg","contentUrl":"https:\/\/lospoliticosveracruz.com\/wp-content\/uploads\/2025\/12\/Logo-Nuevo-LOS-POLITICOS-1.jpg","width":260,"height":70,"caption":"Los pol\u00edticos Veracruz"},"image":{"@id":"https:\/\/lospoliticosveracruz.com\/#\/schema\/logo\/image\/"},"sameAs":["https:\/\/www.facebook.com\/people\/Notimemes-de-los-Polticos\/61565672886568\/","https:\/\/x.com\/LosPoliticosVer"]},{"@type":"Person","@id":"https:\/\/lospoliticosveracruz.com\/#\/schema\/person\/b8702bb0e538456e6efd07080bf2a4a2","name":"Lo viste en Los Pol\u00edticos","image":{"@type":"ImageObject","inLanguage":"es","@id":"https:\/\/secure.gravatar.com\/avatar\/3a8de04a2656d44082be478bd6c086daa447c4651605818287b9532d3d0bd435?s=96&d=mm&r=g","url":"https:\/\/secure.gravatar.com\/avatar\/3a8de04a2656d44082be478bd6c086daa447c4651605818287b9532d3d0bd435?s=96&d=mm&r=g","contentUrl":"https:\/\/secure.gravatar.com\/avatar\/3a8de04a2656d44082be478bd6c086daa447c4651605818287b9532d3d0bd435?s=96&d=mm&r=g","caption":"Lo viste en Los Pol\u00edticos"},"url":"https:\/\/lospoliticosveracruz.com\/?author=2"}]}},"_links":{"self":[{"href":"https:\/\/lospoliticosveracruz.com\/index.php?rest_route=\/wp\/v2\/posts\/85319","targetHints":{"allow":["GET"]}}],"collection":[{"href":"https:\/\/lospoliticosveracruz.com\/index.php?rest_route=\/wp\/v2\/posts"}],"about":[{"href":"https:\/\/lospoliticosveracruz.com\/index.php?rest_route=\/wp\/v2\/types\/post"}],"author":[{"embeddable":true,"href":"https:\/\/lospoliticosveracruz.com\/index.php?rest_route=\/wp\/v2\/users\/2"}],"replies":[{"embeddable":true,"href":"https:\/\/lospoliticosveracruz.com\/index.php?rest_route=%2Fwp%2Fv2%2Fcomments&post=85319"}],"version-history":[{"count":1,"href":"https:\/\/lospoliticosveracruz.com\/index.php?rest_route=\/wp\/v2\/posts\/85319\/revisions"}],"predecessor-version":[{"id":85321,"href":"https:\/\/lospoliticosveracruz.com\/index.php?rest_route=\/wp\/v2\/posts\/85319\/revisions\/85321"}],"wp:attachment":[{"href":"https:\/\/lospoliticosveracruz.com\/index.php?rest_route=%2Fwp%2Fv2%2Fmedia&parent=85319"}],"wp:term":[{"taxonomy":"category","embeddable":true,"href":"https:\/\/lospoliticosveracruz.com\/index.php?rest_route=%2Fwp%2Fv2%2Fcategories&post=85319"},{"taxonomy":"post_tag","embeddable":true,"href":"https:\/\/lospoliticosveracruz.com\/index.php?rest_route=%2Fwp%2Fv2%2Ftags&post=85319"}],"curies":[{"name":"wp","href":"https:\/\/api.w.org\/{rel}","templated":true}]}}