{"id":85382,"date":"2022-01-28T08:50:56","date_gmt":"2022-01-28T14:50:56","guid":{"rendered":"https:\/\/lospoliticosveracruz.com.mx\/?p=85382"},"modified":"2022-01-28T08:51:02","modified_gmt":"2022-01-28T14:51:02","slug":"nahle-el-destape","status":"publish","type":"post","link":"https:\/\/lospoliticosveracruz.com\/?p=85382","title":{"rendered":"Nahle, el destape"},"content":{"rendered":"\n<p><strong>Ignacio Alvarez<br><\/strong><em>Pluma Negra<\/em><\/p>\n\n\n\n<p>Como parte de los foros del parlamento abierto para debatir la iniciativa de la Reforma Energ\u00e9tica presentada a la C\u00e1mara de Diputados por el presidente Andr\u00e9s Manuel L\u00f3pez Obrado, este s\u00e1bado se realizar\u00e1 el foro en Boca del R\u00efo, un evento que organizaba la C\u00e1mara de Diputaos y que en las \u00faltimas horas fue arrebatado por el Gobierno de Veracruz, bajo sus condiciones.<\/p>\n\n\n\n<p>Se trata nada m\u00e1s y nada menos que un destape anticipado de la senadora con licencia y secretaria de Energ\u00eda, Roc\u00edo Nahle Garc\u00eda, que en una acuerdo de \u00faltima hora con el gobernador Cuitl\u00e1huac Garc\u00eda Jim\u00e9nez, se entreg\u00f3 a la log\u00edstica estatal con consecuencias pol\u00edticas con los legisladores que comanda el Presidente de la Junta de Coordinaci\u00f3n Pol\u00edtica, Ignacio Mier.<\/p>\n\n\n\n<p>El motivo es claro, en Veracruz existe la sospecha de que buena parte de los morenistas locales est\u00e1n con el Presidente de la C\u00e1mara Baja, Sergio Guti\u00e9rrez, por eso el aparato oficial busca congraciarse con la titular de energ\u00eda, aunque esto signifique torcer el esp\u00edritu del parlamento abierto.<\/p>\n\n\n\n<p>As\u00ed, la administraci\u00f3n estatal busca meter a m\u00e1s de 10 mil asistentes al WTC de Boca del R\u00edo, ya se gir\u00f3 indicaciones en los grupos de what sap a los empleados de confianza para que asistan al evento, que aplaudan y echen porras a la exposici\u00f3n sobre la Reforma Energ\u00e9tica que har\u00e1 al Secretaria Nahle.<\/p>\n\n\n\n<p>En lo oficial, se trata de una asamblea informativa convocada por diputados federales de Morena y Verde Ecologista para que este s\u00e1bado 29 de enero se realice la Conferencia Magistral \u201cReforma El\u00e9ctrica\u201d, la cual estar\u00e1 a cargo de la secretaria de Energ\u00eda, Roc\u00edo Nahle Garc\u00eda.<\/p>\n\n\n\n<p>Lo cierto es que la intervenci\u00f3n de la administraci\u00f3n estatal, no permitir\u00e1 a la aspirante al gobierno de Veracruz, medirse con exactitud y plantear su estrategia de posicionamiento para los pr\u00f3ximos dos a\u00f1os, previos a la campa\u00f1a.<\/p>\n\n\n\n<p>Aunque a la zacatecana, todav\u00eda le falta que el Ejecutivo de Veracruz le haga el verdadero favor de enviar el Legislativo la iniciativa para que los no nacidos en Veracruz puedan aspirar a gobernar el estado.<\/p>\n\n\n\n<p><strong>Justicia a Bervely<br><\/strong>Beverly Vega Oropeza, tiene 24 a\u00f1os, estudia en el Instituto Tecnol\u00f3gico de Tierra Blanca, Veracruz, hac\u00eda su residencia profesional en la empresa Ideamotion en Puebla. El viernes 21 de enero pidi\u00f3 un UBER en Puebla, el chofer trat\u00f3 de abusar de ella, se defendi\u00f3 y el agresor la denunci\u00f3 por agresiones y hoy est\u00e1 detenida de manera injusta, desde su pueblo Tierra Blanca y en todos lados ya surge el moviendo social a su favor, a favor de la justicia.<\/p>\n\n\n\n<p>Las organizaciones, REDefine, Red La Morada, Red por los Derechos Sexuales y Reproductivos en M\u00e9xico, el Observatorio Ciudadano de Derechos Sexuales y Reproductivos, lanzaron el hashtag #JusticiaParaBeverly en el que piden atenci\u00f3n para el caso de la joven quien fue acusada de golpear a un conductor de Uber, quien la atac\u00f3 en primera instancia.<\/p>\n\n\n\n<p>La polic\u00eda de Puebla, la convirti\u00f3 de v\u00edctima a victimaria pues al llegar a su destino ella pidi\u00f3 al conductor que la bajara, en ese momento el bajo los seguros del carro y subi\u00f3 los cristales repentinamente, Beberly pidi\u00f3 tres veces que la bajara y \u00e9l conductor respondi\u00f3 con un manotazo hac\u00eda ella, ah\u00ed fue cuando ella busc\u00f3 defenderse con lo que ten\u00eda a la mano, ella lo logr\u00f3 atacar y salir corriendo del coche, el conductor la sigui\u00f3 y la someti\u00f3.<\/p>\n\n\n\n<p>Para cuando la polic\u00eda arrib\u00f3 al lugar de los hechos todav\u00eda encontraron al conductor sometiendo violentamente a Bervely en el piso, a partir de ese punto las autoridades en Puebla la llevaron al C5 Cuautlancingo y estuvo hasta el Domingo 30 ah\u00ed, hasta que la tarde de ese mismo d\u00eda fue trasladada a la Casa de Justicia de San Andr\u00e9s.<\/p>\n\n\n\n<p>El lunes fue presentada a una audiencia ah\u00ed mismo, al t\u00e9rmino de la misma, Bervely de 24 a\u00f1os fue trasladada al CERESO de Cholula.<\/p>\n\n\n\n<p>EL caso ya cal\u00f3 en la sociedad y cada hora levanta m\u00e1s en redes sociales y en muchos sectores que no est\u00e1n dispuestos a tolerar los abusos de la polic\u00eda de Puebla, por el contrario exigen castigo al agresor.<\/p>\n","protected":false},"excerpt":{"rendered":"<p>Ignacio AlvarezPluma Negra Como parte de los foros del parlamento abierto para debatir la iniciativa de la Reforma Energ\u00e9tica presentada a la C\u00e1mara de Diputados por el presidente Andr\u00e9s Manuel L\u00f3pez Obrado, este s\u00e1bado se realizar\u00e1 el foro en Boca del R\u00efo, un evento que organizaba la C\u00e1mara de Diputaos y que en las \u00faltimas [&hellip;]<\/p>\n","protected":false},"author":2,"featured_media":82022,"comment_status":"closed","ping_status":"closed","sticky":false,"template":"","format":"standard","meta":{"tdm_status":"","tdm_grid_status":"","footnotes":""},"categories":[70],"tags":[618,1563,28674,31231,1026,688,4386,195],"class_list":{"0":"post-85382","1":"post","2":"type-post","3":"status-publish","4":"format-standard","5":"has-post-thumbnail","7":"category-de-opinion","8":"tag-andres-manuel-lopez-obrador","9":"tag-cuitlahuac-garcia-jimenez","10":"tag-ignacio-alvarez","11":"tag-ignacio-mier","12":"tag-morena","13":"tag-reforma-energetica","14":"tag-rocio-nahle-garcia","15":"tag-veracruz"},"yoast_head":"<!-- This site is optimized with the Yoast SEO plugin v27.4 - https:\/\/yoast.com\/product\/yoast-seo-wordpress\/ -->\n<title>Nahle, el destape - Los pol\u00edticos Veracruz<\/title>\n<meta name=\"robots\" content=\"index, follow, max-snippet:-1, max-image-preview:large, max-video-preview:-1\" \/>\n<link rel=\"canonical\" href=\"https:\/\/lospoliticosveracruz.com\/?p=85382\" \/>\n<meta property=\"og:locale\" content=\"es_ES\" \/>\n<meta property=\"og:type\" content=\"article\" \/>\n<meta property=\"og:title\" content=\"Nahle, el destape - Los pol\u00edticos Veracruz\" \/>\n<meta property=\"og:description\" content=\"Ignacio AlvarezPluma Negra Como parte de los foros del parlamento abierto para debatir la iniciativa de la Reforma Energ\u00e9tica presentada a la C\u00e1mara de Diputados por el presidente Andr\u00e9s Manuel L\u00f3pez Obrado, este s\u00e1bado se realizar\u00e1 el foro en Boca del R\u00efo, un evento que organizaba la C\u00e1mara de Diputaos y que en las \u00faltimas [&hellip;]\" \/>\n<meta property=\"og:url\" content=\"https:\/\/lospoliticosveracruz.com\/?p=85382\" \/>\n<meta property=\"og:site_name\" content=\"Los pol\u00edticos Veracruz\" \/>\n<meta property=\"article:publisher\" content=\"https:\/\/www.facebook.com\/people\/Notimemes-de-los-Polticos\/61565672886568\/\" \/>\n<meta property=\"article:published_time\" content=\"2022-01-28T14:50:56+00:00\" \/>\n<meta property=\"article:modified_time\" content=\"2022-01-28T14:51:02+00:00\" \/>\n<meta property=\"og:image\" content=\"https:\/\/lospoliticosveracruz.com\/wp-content\/uploads\/2021\/11\/Cuic-Nahle.jpg\" \/>\n\t<meta property=\"og:image:width\" content=\"600\" \/>\n\t<meta property=\"og:image:height\" content=\"320\" \/>\n\t<meta property=\"og:image:type\" content=\"image\/jpeg\" \/>\n<meta name=\"author\" content=\"Lo viste en Los Pol\u00edticos\" \/>\n<meta name=\"twitter:card\" content=\"summary_large_image\" \/>\n<meta name=\"twitter:creator\" content=\"@LosPoliticosVer\" \/>\n<meta name=\"twitter:site\" content=\"@LosPoliticosVer\" \/>\n<meta name=\"twitter:label1\" content=\"Escrito por\" \/>\n\t<meta name=\"twitter:data1\" content=\"Lo viste en Los Pol\u00edticos\" \/>\n\t<meta name=\"twitter:label2\" content=\"Tiempo de lectura\" \/>\n\t<meta name=\"twitter:data2\" content=\"4 minutos\" \/>\n<script type=\"application\/ld+json\" class=\"yoast-schema-graph\">{\"@context\":\"https:\\\/\\\/schema.org\",\"@graph\":[{\"@type\":\"Article\",\"@id\":\"https:\\\/\\\/lospoliticosveracruz.com\\\/?p=85382#article\",\"isPartOf\":{\"@id\":\"https:\\\/\\\/lospoliticosveracruz.com\\\/?p=85382\"},\"author\":{\"name\":\"Lo viste en Los Pol\u00edticos\",\"@id\":\"https:\\\/\\\/lospoliticosveracruz.com\\\/#\\\/schema\\\/person\\\/b8702bb0e538456e6efd07080bf2a4a2\"},\"headline\":\"Nahle, el destape\",\"datePublished\":\"2022-01-28T14:50:56+00:00\",\"dateModified\":\"2022-01-28T14:51:02+00:00\",\"mainEntityOfPage\":{\"@id\":\"https:\\\/\\\/lospoliticosveracruz.com\\\/?p=85382\"},\"wordCount\":744,\"publisher\":{\"@id\":\"https:\\\/\\\/lospoliticosveracruz.com\\\/#organization\"},\"image\":{\"@id\":\"https:\\\/\\\/lospoliticosveracruz.com\\\/?p=85382#primaryimage\"},\"thumbnailUrl\":\"https:\\\/\\\/lospoliticosveracruz.com\\\/wp-content\\\/uploads\\\/2021\\\/11\\\/Cuic-Nahle.jpg\",\"keywords\":[\"Andr\u00e9s Manuel L\u00f3pez Obrador\",\"Cuitl\u00e1huac Garc\u00eda Jim\u00e9nez\",\"Ignacio Alvarez\",\"Ignacio Mier\",\"Morena\",\"reforma energ\u00e9tica\",\"Roc\u00edo Nahle Garc\u00eda\",\"Veracruz\"],\"articleSection\":[\"De Opini\u00f3n\"],\"inLanguage\":\"es\"},{\"@type\":\"WebPage\",\"@id\":\"https:\\\/\\\/lospoliticosveracruz.com\\\/?p=85382\",\"url\":\"https:\\\/\\\/lospoliticosveracruz.com\\\/?p=85382\",\"name\":\"Nahle, el destape - Los pol\u00edticos Veracruz\",\"isPartOf\":{\"@id\":\"https:\\\/\\\/lospoliticosveracruz.com\\\/#website\"},\"primaryImageOfPage\":{\"@id\":\"https:\\\/\\\/lospoliticosveracruz.com\\\/?p=85382#primaryimage\"},\"image\":{\"@id\":\"https:\\\/\\\/lospoliticosveracruz.com\\\/?p=85382#primaryimage\"},\"thumbnailUrl\":\"https:\\\/\\\/lospoliticosveracruz.com\\\/wp-content\\\/uploads\\\/2021\\\/11\\\/Cuic-Nahle.jpg\",\"datePublished\":\"2022-01-28T14:50:56+00:00\",\"dateModified\":\"2022-01-28T14:51:02+00:00\",\"breadcrumb\":{\"@id\":\"https:\\\/\\\/lospoliticosveracruz.com\\\/?p=85382#breadcrumb\"},\"inLanguage\":\"es\",\"potentialAction\":[{\"@type\":\"ReadAction\",\"target\":[\"https:\\\/\\\/lospoliticosveracruz.com\\\/?p=85382\"]}]},{\"@type\":\"ImageObject\",\"inLanguage\":\"es\",\"@id\":\"https:\\\/\\\/lospoliticosveracruz.com\\\/?p=85382#primaryimage\",\"url\":\"https:\\\/\\\/lospoliticosveracruz.com\\\/wp-content\\\/uploads\\\/2021\\\/11\\\/Cuic-Nahle.jpg\",\"contentUrl\":\"https:\\\/\\\/lospoliticosveracruz.com\\\/wp-content\\\/uploads\\\/2021\\\/11\\\/Cuic-Nahle.jpg\",\"width\":600,\"height\":320},{\"@type\":\"BreadcrumbList\",\"@id\":\"https:\\\/\\\/lospoliticosveracruz.com\\\/?p=85382#breadcrumb\",\"itemListElement\":[{\"@type\":\"ListItem\",\"position\":1,\"name\":\"Portada\",\"item\":\"https:\\\/\\\/lospoliticosveracruz.com\\\/\"},{\"@type\":\"ListItem\",\"position\":2,\"name\":\"Nahle, el destape\"}]},{\"@type\":\"WebSite\",\"@id\":\"https:\\\/\\\/lospoliticosveracruz.com\\\/#website\",\"url\":\"https:\\\/\\\/lospoliticosveracruz.com\\\/\",\"name\":\"Los pol\u00edticos Veracruz\",\"description\":\"\",\"publisher\":{\"@id\":\"https:\\\/\\\/lospoliticosveracruz.com\\\/#organization\"},\"potentialAction\":[{\"@type\":\"SearchAction\",\"target\":{\"@type\":\"EntryPoint\",\"urlTemplate\":\"https:\\\/\\\/lospoliticosveracruz.com\\\/?s={search_term_string}\"},\"query-input\":{\"@type\":\"PropertyValueSpecification\",\"valueRequired\":true,\"valueName\":\"search_term_string\"}}],\"inLanguage\":\"es\"},{\"@type\":\"Organization\",\"@id\":\"https:\\\/\\\/lospoliticosveracruz.com\\\/#organization\",\"name\":\"Los pol\u00edticos Veracruz\",\"url\":\"https:\\\/\\\/lospoliticosveracruz.com\\\/\",\"logo\":{\"@type\":\"ImageObject\",\"inLanguage\":\"es\",\"@id\":\"https:\\\/\\\/lospoliticosveracruz.com\\\/#\\\/schema\\\/logo\\\/image\\\/\",\"url\":\"https:\\\/\\\/lospoliticosveracruz.com\\\/wp-content\\\/uploads\\\/2025\\\/12\\\/Logo-Nuevo-LOS-POLITICOS-1.jpg\",\"contentUrl\":\"https:\\\/\\\/lospoliticosveracruz.com\\\/wp-content\\\/uploads\\\/2025\\\/12\\\/Logo-Nuevo-LOS-POLITICOS-1.jpg\",\"width\":260,\"height\":70,\"caption\":\"Los pol\u00edticos Veracruz\"},\"image\":{\"@id\":\"https:\\\/\\\/lospoliticosveracruz.com\\\/#\\\/schema\\\/logo\\\/image\\\/\"},\"sameAs\":[\"https:\\\/\\\/www.facebook.com\\\/people\\\/Notimemes-de-los-Polticos\\\/61565672886568\\\/\",\"https:\\\/\\\/x.com\\\/LosPoliticosVer\"]},{\"@type\":\"Person\",\"@id\":\"https:\\\/\\\/lospoliticosveracruz.com\\\/#\\\/schema\\\/person\\\/b8702bb0e538456e6efd07080bf2a4a2\",\"name\":\"Lo viste en Los Pol\u00edticos\",\"image\":{\"@type\":\"ImageObject\",\"inLanguage\":\"es\",\"@id\":\"https:\\\/\\\/secure.gravatar.com\\\/avatar\\\/3a8de04a2656d44082be478bd6c086daa447c4651605818287b9532d3d0bd435?s=96&d=mm&r=g\",\"url\":\"https:\\\/\\\/secure.gravatar.com\\\/avatar\\\/3a8de04a2656d44082be478bd6c086daa447c4651605818287b9532d3d0bd435?s=96&d=mm&r=g\",\"contentUrl\":\"https:\\\/\\\/secure.gravatar.com\\\/avatar\\\/3a8de04a2656d44082be478bd6c086daa447c4651605818287b9532d3d0bd435?s=96&d=mm&r=g\",\"caption\":\"Lo viste en Los Pol\u00edticos\"},\"url\":\"https:\\\/\\\/lospoliticosveracruz.com\\\/?author=2\"}]}<\/script>\n<!-- \/ Yoast SEO plugin. -->","yoast_head_json":{"title":"Nahle, el destape - Los pol\u00edticos Veracruz","robots":{"index":"index","follow":"follow","max-snippet":"max-snippet:-1","max-image-preview":"max-image-preview:large","max-video-preview":"max-video-preview:-1"},"canonical":"https:\/\/lospoliticosveracruz.com\/?p=85382","og_locale":"es_ES","og_type":"article","og_title":"Nahle, el destape - Los pol\u00edticos Veracruz","og_description":"Ignacio AlvarezPluma Negra Como parte de los foros del parlamento abierto para debatir la iniciativa de la Reforma Energ\u00e9tica presentada a la C\u00e1mara de Diputados por el presidente Andr\u00e9s Manuel L\u00f3pez Obrado, este s\u00e1bado se realizar\u00e1 el foro en Boca del R\u00efo, un evento que organizaba la C\u00e1mara de Diputaos y que en las \u00faltimas [&hellip;]","og_url":"https:\/\/lospoliticosveracruz.com\/?p=85382","og_site_name":"Los pol\u00edticos Veracruz","article_publisher":"https:\/\/www.facebook.com\/people\/Notimemes-de-los-Polticos\/61565672886568\/","article_published_time":"2022-01-28T14:50:56+00:00","article_modified_time":"2022-01-28T14:51:02+00:00","og_image":[{"width":600,"height":320,"url":"https:\/\/lospoliticosveracruz.com\/wp-content\/uploads\/2021\/11\/Cuic-Nahle.jpg","type":"image\/jpeg"}],"author":"Lo viste en Los Pol\u00edticos","twitter_card":"summary_large_image","twitter_creator":"@LosPoliticosVer","twitter_site":"@LosPoliticosVer","twitter_misc":{"Escrito por":"Lo viste en Los Pol\u00edticos","Tiempo de lectura":"4 minutos"},"schema":{"@context":"https:\/\/schema.org","@graph":[{"@type":"Article","@id":"https:\/\/lospoliticosveracruz.com\/?p=85382#article","isPartOf":{"@id":"https:\/\/lospoliticosveracruz.com\/?p=85382"},"author":{"name":"Lo viste en Los Pol\u00edticos","@id":"https:\/\/lospoliticosveracruz.com\/#\/schema\/person\/b8702bb0e538456e6efd07080bf2a4a2"},"headline":"Nahle, el destape","datePublished":"2022-01-28T14:50:56+00:00","dateModified":"2022-01-28T14:51:02+00:00","mainEntityOfPage":{"@id":"https:\/\/lospoliticosveracruz.com\/?p=85382"},"wordCount":744,"publisher":{"@id":"https:\/\/lospoliticosveracruz.com\/#organization"},"image":{"@id":"https:\/\/lospoliticosveracruz.com\/?p=85382#primaryimage"},"thumbnailUrl":"https:\/\/lospoliticosveracruz.com\/wp-content\/uploads\/2021\/11\/Cuic-Nahle.jpg","keywords":["Andr\u00e9s Manuel L\u00f3pez Obrador","Cuitl\u00e1huac Garc\u00eda Jim\u00e9nez","Ignacio Alvarez","Ignacio Mier","Morena","reforma energ\u00e9tica","Roc\u00edo Nahle Garc\u00eda","Veracruz"],"articleSection":["De Opini\u00f3n"],"inLanguage":"es"},{"@type":"WebPage","@id":"https:\/\/lospoliticosveracruz.com\/?p=85382","url":"https:\/\/lospoliticosveracruz.com\/?p=85382","name":"Nahle, el destape - Los pol\u00edticos Veracruz","isPartOf":{"@id":"https:\/\/lospoliticosveracruz.com\/#website"},"primaryImageOfPage":{"@id":"https:\/\/lospoliticosveracruz.com\/?p=85382#primaryimage"},"image":{"@id":"https:\/\/lospoliticosveracruz.com\/?p=85382#primaryimage"},"thumbnailUrl":"https:\/\/lospoliticosveracruz.com\/wp-content\/uploads\/2021\/11\/Cuic-Nahle.jpg","datePublished":"2022-01-28T14:50:56+00:00","dateModified":"2022-01-28T14:51:02+00:00","breadcrumb":{"@id":"https:\/\/lospoliticosveracruz.com\/?p=85382#breadcrumb"},"inLanguage":"es","potentialAction":[{"@type":"ReadAction","target":["https:\/\/lospoliticosveracruz.com\/?p=85382"]}]},{"@type":"ImageObject","inLanguage":"es","@id":"https:\/\/lospoliticosveracruz.com\/?p=85382#primaryimage","url":"https:\/\/lospoliticosveracruz.com\/wp-content\/uploads\/2021\/11\/Cuic-Nahle.jpg","contentUrl":"https:\/\/lospoliticosveracruz.com\/wp-content\/uploads\/2021\/11\/Cuic-Nahle.jpg","width":600,"height":320},{"@type":"BreadcrumbList","@id":"https:\/\/lospoliticosveracruz.com\/?p=85382#breadcrumb","itemListElement":[{"@type":"ListItem","position":1,"name":"Portada","item":"https:\/\/lospoliticosveracruz.com\/"},{"@type":"ListItem","position":2,"name":"Nahle, el destape"}]},{"@type":"WebSite","@id":"https:\/\/lospoliticosveracruz.com\/#website","url":"https:\/\/lospoliticosveracruz.com\/","name":"Los pol\u00edticos Veracruz","description":"","publisher":{"@id":"https:\/\/lospoliticosveracruz.com\/#organization"},"potentialAction":[{"@type":"SearchAction","target":{"@type":"EntryPoint","urlTemplate":"https:\/\/lospoliticosveracruz.com\/?s={search_term_string}"},"query-input":{"@type":"PropertyValueSpecification","valueRequired":true,"valueName":"search_term_string"}}],"inLanguage":"es"},{"@type":"Organization","@id":"https:\/\/lospoliticosveracruz.com\/#organization","name":"Los pol\u00edticos Veracruz","url":"https:\/\/lospoliticosveracruz.com\/","logo":{"@type":"ImageObject","inLanguage":"es","@id":"https:\/\/lospoliticosveracruz.com\/#\/schema\/logo\/image\/","url":"https:\/\/lospoliticosveracruz.com\/wp-content\/uploads\/2025\/12\/Logo-Nuevo-LOS-POLITICOS-1.jpg","contentUrl":"https:\/\/lospoliticosveracruz.com\/wp-content\/uploads\/2025\/12\/Logo-Nuevo-LOS-POLITICOS-1.jpg","width":260,"height":70,"caption":"Los pol\u00edticos Veracruz"},"image":{"@id":"https:\/\/lospoliticosveracruz.com\/#\/schema\/logo\/image\/"},"sameAs":["https:\/\/www.facebook.com\/people\/Notimemes-de-los-Polticos\/61565672886568\/","https:\/\/x.com\/LosPoliticosVer"]},{"@type":"Person","@id":"https:\/\/lospoliticosveracruz.com\/#\/schema\/person\/b8702bb0e538456e6efd07080bf2a4a2","name":"Lo viste en Los Pol\u00edticos","image":{"@type":"ImageObject","inLanguage":"es","@id":"https:\/\/secure.gravatar.com\/avatar\/3a8de04a2656d44082be478bd6c086daa447c4651605818287b9532d3d0bd435?s=96&d=mm&r=g","url":"https:\/\/secure.gravatar.com\/avatar\/3a8de04a2656d44082be478bd6c086daa447c4651605818287b9532d3d0bd435?s=96&d=mm&r=g","contentUrl":"https:\/\/secure.gravatar.com\/avatar\/3a8de04a2656d44082be478bd6c086daa447c4651605818287b9532d3d0bd435?s=96&d=mm&r=g","caption":"Lo viste en Los Pol\u00edticos"},"url":"https:\/\/lospoliticosveracruz.com\/?author=2"}]}},"_links":{"self":[{"href":"https:\/\/lospoliticosveracruz.com\/index.php?rest_route=\/wp\/v2\/posts\/85382","targetHints":{"allow":["GET"]}}],"collection":[{"href":"https:\/\/lospoliticosveracruz.com\/index.php?rest_route=\/wp\/v2\/posts"}],"about":[{"href":"https:\/\/lospoliticosveracruz.com\/index.php?rest_route=\/wp\/v2\/types\/post"}],"author":[{"embeddable":true,"href":"https:\/\/lospoliticosveracruz.com\/index.php?rest_route=\/wp\/v2\/users\/2"}],"replies":[{"embeddable":true,"href":"https:\/\/lospoliticosveracruz.com\/index.php?rest_route=%2Fwp%2Fv2%2Fcomments&post=85382"}],"version-history":[{"count":1,"href":"https:\/\/lospoliticosveracruz.com\/index.php?rest_route=\/wp\/v2\/posts\/85382\/revisions"}],"predecessor-version":[{"id":85383,"href":"https:\/\/lospoliticosveracruz.com\/index.php?rest_route=\/wp\/v2\/posts\/85382\/revisions\/85383"}],"wp:featuredmedia":[{"embeddable":true,"href":"https:\/\/lospoliticosveracruz.com\/index.php?rest_route=\/wp\/v2\/media\/82022"}],"wp:attachment":[{"href":"https:\/\/lospoliticosveracruz.com\/index.php?rest_route=%2Fwp%2Fv2%2Fmedia&parent=85382"}],"wp:term":[{"taxonomy":"category","embeddable":true,"href":"https:\/\/lospoliticosveracruz.com\/index.php?rest_route=%2Fwp%2Fv2%2Fcategories&post=85382"},{"taxonomy":"post_tag","embeddable":true,"href":"https:\/\/lospoliticosveracruz.com\/index.php?rest_route=%2Fwp%2Fv2%2Ftags&post=85382"}],"curies":[{"name":"wp","href":"https:\/\/api.w.org\/{rel}","templated":true}]}}