{"id":85467,"date":"2022-01-31T03:11:00","date_gmt":"2022-01-31T09:11:00","guid":{"rendered":"https:\/\/lospoliticosveracruz.com.mx\/?p=85467"},"modified":"2022-01-30T22:37:39","modified_gmt":"2022-01-31T04:37:39","slug":"inges","status":"publish","type":"post","link":"https:\/\/lospoliticosveracruz.com\/?p=85467","title":{"rendered":"Inges"},"content":{"rendered":"\n<p><br><strong>Guadalupe H. Mar<br><\/strong><em>Mira Pol\u00edtica<\/em><\/p>\n\n\n\n<p>LAGUNA EL FARALL\u00d3N \u2026 En diciembre pasado, el titular de la Secretar\u00eda estatal de Medio Ambiente (Sedema), Juan Carlos Contreras Bautista, inform\u00f3 a su amigo y jefe el gobernador del estado Cuitl\u00e1huac Garc\u00eda Jim\u00e9nez, que se hab\u00eda logrado recuperar \u00abcerca del 50 por ciento del agua de la laguna El Farall\u00f3n\u00bb, del municipio de Actopan, la cual se sec\u00f3 meses antes producto de la sobreexplotaci\u00f3n del vital l\u00edquido y la deforestaci\u00f3n aleda\u00f1a, que dej\u00f3 casi sin \u00e1rboles a la zona.<\/p>\n\n\n\n<div class=\"wp-block-image\"><figure class=\"alignleft size-full is-resized\"><a href=\"https:\/\/lospoliticosveracruz.com.mx\/wp-content\/uploads\/2021\/10\/Zacauilt.jpg\"><img loading=\"lazy\" decoding=\"async\" src=\"https:\/\/lospoliticosveracruz.com.mx\/wp-content\/uploads\/2021\/10\/Zacauilt.jpg\" alt=\"\" class=\"wp-image-80558\" width=\"250\" height=\"350\"\/><\/a><\/figure><\/div>\n\n\n\n<p><br>\u00abEl cuerpo de agua pas\u00f3 de 169 hect\u00e1reas a (\u2026) 9.98 hect\u00e1reas; afortunadamente al d\u00eda de hoy ha logrado recuperarse, pero no se logr\u00f3 recuperar al 100 por ciento\u00bb, inform\u00f3 el titular de la Sedema, quien orgulloso, pero sin dar cifras, agreg\u00f3 que la Procuradur\u00eda Estatal de Protecci\u00f3n al Medio Ambiente (PMA), a cargo del ingeniero en sistemas, Sergio Rodr\u00edguez Cort\u00e9s ya hab\u00eda impuesto varias multas a quienes succionaban agua de \u00abEl Farall\u00f3n\u00bb sin tener permisos de la Comisi\u00f3n Nacional del Agua (Conagua).<br>Con lo que no contaban \u00ablos inges\u00bb Contreras Bautista y Rodr\u00edguez Cort\u00e9s, es que como dec\u00eda la abuela Nila, \u00abla mentira dura mientras la verdad no llega\u00bb, pues no hab\u00edan pasado ni quince d\u00edas de lo informado al gobernador, cuando los vecinos de la laguna \u00abEl Farall\u00f3n\u00bb, a trav\u00e9s de su cuenta de Facebook: \u00abSalvemos Laguna El Farall\u00f3n\u00bb, <strong><em><a href=\"https:\/\/www.facebook.com\/Salvemos-Laguna-El-Farall%C3%B3n-105615165341882\/\">https:\/\/www.facebook.com\/Salvemos-Laguna-El-Farall%C3%B3n-105615165341882\/<\/a><\/em><\/strong> dieron a conocer una serie de videos tomados incluso con drones, la verdadera situaci\u00f3n de este cuerpo de agua cuya desecaci\u00f3n ha sido noticia nacional e incluso internacional.<br>En esa p\u00e1gina web, dan a conocer: \u00abRepresentamos a la comunidad de El Farall\u00f3n, Veracruz. Somos un grupo de pesacadorxs, familias y genta que est\u00e1 dispuesta a luchar por la conservaci\u00f3n de su laguna\u00bb.<br>Y vaya que se trata de una verdadera lucha, no solo en contra de los designios de la naturaleza, sino de \u00ablos inges\u00bb y sus colaboradores que como buenos bur\u00f3cratas tienen el mal de las \u00abjuntitis\u00bb como \u00fanica estrategia para intentar resolver problem\u00e1ticas ambientales.<br>\u00bfCu\u00e1ntas reuniones han tenido los vecinos y pescadores de la zona de El Farall\u00f3n con \u00ablos inges\u00bb de la Sedema y la PMA? muchas y todas con dudosos resultados.<br><strong>A CA\u00d1ONAZOS \u2026<\/strong> Por cierto, aunque se supone que es un secreto y que pocos, muy pocos lo saben, enviados de la Secretar\u00eda estatal de Medio Ambiente ya lograron cumplir con la tarea del \u00abdivide y vencer\u00e1s\u00bb, pues muy en privado le est\u00e1n canalizando a algunos pescadores recursos econ\u00f3micos del programa federal \u00abSembrando Vida\u00bb, lo cual resulta ir\u00f3nico, pues pareciera que la intenci\u00f3n de la Sedema es crear un bosque en el lecho de lo que fuera la laguna de \u00abEl Farall\u00f3n\u00bb.<br>Como referente amables lectores, les comentamos que el programa Sembrando Vida, busca atender la pobreza rural y la degradaci\u00f3n ambiental, por lo que sus objetivos son rescatar al campo, reactivar la econom\u00eda local y la regeneraci\u00f3n del tejido social en las comunidades y para ello, a los beneficiarios se les destinan cinco mil pesos mensuales -de los cuales deben ahorrar de manera obligatoria el 10 por ciento &#8211; para trabajar sus tierras en un proyecto agroforestal.<br>NI T\u00cdO FIDE \u2026 Los comerciantes de Plaza Am\u00e9ricas en el municipio de Boca del R\u00edo, sobre todo los del ramo de alimentos, est\u00e1n como el jibarito, locos de contento, porque el s\u00e1bado anterior hicieron su agosto en el mes de enero, al vender m\u00e1s que en los buenos tiempos de carnaval, gracias a los cientos de comensales que llegaron con motivo del Foro sobre la Reforma El\u00e9ctrica que se organiz\u00f3 en el World Trade Center (WTC) con la zacatecana secretaria de Energ\u00eda, del gobierno federal, Norma Roc\u00edo Nahle Garc\u00eda.<br>Los comensales hac\u00edan fila en la zona de comedores de Plaza Am\u00e9ricas pues mor\u00edan de hambre a eso de las dos de la tarde, y c\u00f3mo no, si los hab\u00edan citado en punto de las 10 de la ma\u00f1ana en el WTC vinieran desde donde vinieran, ya del sur, del norte o centro del estado, aunque la mayor\u00eda llegaron de Xalapa.<br>Claro, no todos tuvieron la fortuna de ser invitados a la comida privada en la filial de IL Veneziano, que atestado era la prueba de que no todos creen en la gravedad del Coronavirus.<br>Los restauranteros de Plaza Am\u00e9ricas coincidieron en que esas aglomeraciones de comensales no se ve\u00edan en ese centro comercial desde los tiempos del famoso \u00abT\u00edo Fide\u00bb que reun\u00eda a cientos de personas en el World Trade Center, hasta para anunciar que le hab\u00edan reparado una muela.<br>D\u00cdGALO SIN MIEDO \u2026 Al correo electr\u00f3nico guadalupehmar@yahoo.com<\/p>\n","protected":false},"excerpt":{"rendered":"<p>Guadalupe H. MarMira Pol\u00edtica LAGUNA EL FARALL\u00d3N \u2026 En diciembre pasado, el titular de la Secretar\u00eda estatal de Medio Ambiente (Sedema), Juan Carlos Contreras Bautista, inform\u00f3 a su amigo y jefe el gobernador del estado Cuitl\u00e1huac Garc\u00eda Jim\u00e9nez, que se hab\u00eda logrado recuperar \u00abcerca del 50 por ciento del agua de la laguna El Farall\u00f3n\u00bb, [&hellip;]<\/p>\n","protected":false},"author":2,"featured_media":0,"comment_status":"closed","ping_status":"closed","sticky":false,"template":"","format":"standard","meta":{"tdm_status":"","tdm_grid_status":"","footnotes":""},"categories":[70],"tags":[1563,1606,29118,32087,9982,11592,1036,807],"class_list":{"0":"post-85467","1":"post","2":"type-post","3":"status-publish","4":"format-standard","6":"category-de-opinion","7":"tag-cuitlahuac-garcia-jimenez","8":"tag-guadalupe-h-mar","9":"tag-juan-carlos-contreras-bautista","10":"tag-laguna-el-farallon","11":"tag-norma-rocio-nahle-garcia","12":"tag-pma","13":"tag-sedema","14":"tag-sergio-rodriguez-cortes"},"yoast_head":"<!-- This site is optimized with the Yoast SEO plugin v27.4 - https:\/\/yoast.com\/product\/yoast-seo-wordpress\/ -->\n<title>Inges - Los pol\u00edticos Veracruz<\/title>\n<meta name=\"robots\" content=\"index, follow, max-snippet:-1, max-image-preview:large, max-video-preview:-1\" \/>\n<link rel=\"canonical\" href=\"https:\/\/lospoliticosveracruz.com\/?p=85467\" \/>\n<meta property=\"og:locale\" content=\"es_ES\" \/>\n<meta property=\"og:type\" content=\"article\" \/>\n<meta property=\"og:title\" content=\"Inges - Los pol\u00edticos Veracruz\" \/>\n<meta property=\"og:description\" content=\"Guadalupe H. MarMira Pol\u00edtica LAGUNA EL FARALL\u00d3N \u2026 En diciembre pasado, el titular de la Secretar\u00eda estatal de Medio Ambiente (Sedema), Juan Carlos Contreras Bautista, inform\u00f3 a su amigo y jefe el gobernador del estado Cuitl\u00e1huac Garc\u00eda Jim\u00e9nez, que se hab\u00eda logrado recuperar \u00abcerca del 50 por ciento del agua de la laguna El Farall\u00f3n\u00bb, [&hellip;]\" \/>\n<meta property=\"og:url\" content=\"https:\/\/lospoliticosveracruz.com\/?p=85467\" \/>\n<meta property=\"og:site_name\" content=\"Los pol\u00edticos Veracruz\" \/>\n<meta property=\"article:publisher\" content=\"https:\/\/www.facebook.com\/people\/Notimemes-de-los-Polticos\/61565672886568\/\" \/>\n<meta property=\"article:published_time\" content=\"2022-01-31T09:11:00+00:00\" \/>\n<meta property=\"og:image\" content=\"https:\/\/lospoliticosveracruz.com.mx\/wp-content\/uploads\/2021\/10\/Zacauilt.jpg\" \/>\n<meta name=\"author\" content=\"Lo viste en Los Pol\u00edticos\" \/>\n<meta name=\"twitter:card\" content=\"summary_large_image\" \/>\n<meta name=\"twitter:creator\" content=\"@LosPoliticosVer\" \/>\n<meta name=\"twitter:site\" content=\"@LosPoliticosVer\" \/>\n<meta name=\"twitter:label1\" content=\"Escrito por\" \/>\n\t<meta name=\"twitter:data1\" content=\"Lo viste en Los Pol\u00edticos\" \/>\n\t<meta name=\"twitter:label2\" content=\"Tiempo de lectura\" \/>\n\t<meta name=\"twitter:data2\" content=\"4 minutos\" \/>\n<script type=\"application\/ld+json\" class=\"yoast-schema-graph\">{\"@context\":\"https:\\\/\\\/schema.org\",\"@graph\":[{\"@type\":\"Article\",\"@id\":\"https:\\\/\\\/lospoliticosveracruz.com\\\/?p=85467#article\",\"isPartOf\":{\"@id\":\"https:\\\/\\\/lospoliticosveracruz.com\\\/?p=85467\"},\"author\":{\"name\":\"Lo viste en Los Pol\u00edticos\",\"@id\":\"https:\\\/\\\/lospoliticosveracruz.com\\\/#\\\/schema\\\/person\\\/b8702bb0e538456e6efd07080bf2a4a2\"},\"headline\":\"Inges\",\"datePublished\":\"2022-01-31T09:11:00+00:00\",\"mainEntityOfPage\":{\"@id\":\"https:\\\/\\\/lospoliticosveracruz.com\\\/?p=85467\"},\"wordCount\":832,\"publisher\":{\"@id\":\"https:\\\/\\\/lospoliticosveracruz.com\\\/#organization\"},\"image\":{\"@id\":\"https:\\\/\\\/lospoliticosveracruz.com\\\/?p=85467#primaryimage\"},\"thumbnailUrl\":\"https:\\\/\\\/lospoliticosveracruz.com.mx\\\/wp-content\\\/uploads\\\/2021\\\/10\\\/Zacauilt.jpg\",\"keywords\":[\"Cuitl\u00e1huac Garc\u00eda Jim\u00e9nez\",\"Guadalupe H. Mar\",\"Juan Carlos Contreras Bautista\",\"laguna El Farall\u00f3n\",\"Norma Roc\u00edo Nahle Garc\u00eda\",\"PMA\",\"Sedema\",\"Sergio Rodr\u00edguez Cort\u00e9s\"],\"articleSection\":[\"De Opini\u00f3n\"],\"inLanguage\":\"es\"},{\"@type\":\"WebPage\",\"@id\":\"https:\\\/\\\/lospoliticosveracruz.com\\\/?p=85467\",\"url\":\"https:\\\/\\\/lospoliticosveracruz.com\\\/?p=85467\",\"name\":\"Inges - Los pol\u00edticos Veracruz\",\"isPartOf\":{\"@id\":\"https:\\\/\\\/lospoliticosveracruz.com\\\/#website\"},\"primaryImageOfPage\":{\"@id\":\"https:\\\/\\\/lospoliticosveracruz.com\\\/?p=85467#primaryimage\"},\"image\":{\"@id\":\"https:\\\/\\\/lospoliticosveracruz.com\\\/?p=85467#primaryimage\"},\"thumbnailUrl\":\"https:\\\/\\\/lospoliticosveracruz.com.mx\\\/wp-content\\\/uploads\\\/2021\\\/10\\\/Zacauilt.jpg\",\"datePublished\":\"2022-01-31T09:11:00+00:00\",\"breadcrumb\":{\"@id\":\"https:\\\/\\\/lospoliticosveracruz.com\\\/?p=85467#breadcrumb\"},\"inLanguage\":\"es\",\"potentialAction\":[{\"@type\":\"ReadAction\",\"target\":[\"https:\\\/\\\/lospoliticosveracruz.com\\\/?p=85467\"]}]},{\"@type\":\"ImageObject\",\"inLanguage\":\"es\",\"@id\":\"https:\\\/\\\/lospoliticosveracruz.com\\\/?p=85467#primaryimage\",\"url\":\"https:\\\/\\\/lospoliticosveracruz.com.mx\\\/wp-content\\\/uploads\\\/2021\\\/10\\\/Zacauilt.jpg\",\"contentUrl\":\"https:\\\/\\\/lospoliticosveracruz.com.mx\\\/wp-content\\\/uploads\\\/2021\\\/10\\\/Zacauilt.jpg\"},{\"@type\":\"BreadcrumbList\",\"@id\":\"https:\\\/\\\/lospoliticosveracruz.com\\\/?p=85467#breadcrumb\",\"itemListElement\":[{\"@type\":\"ListItem\",\"position\":1,\"name\":\"Portada\",\"item\":\"https:\\\/\\\/lospoliticosveracruz.com\\\/\"},{\"@type\":\"ListItem\",\"position\":2,\"name\":\"Inges\"}]},{\"@type\":\"WebSite\",\"@id\":\"https:\\\/\\\/lospoliticosveracruz.com\\\/#website\",\"url\":\"https:\\\/\\\/lospoliticosveracruz.com\\\/\",\"name\":\"Los pol\u00edticos Veracruz\",\"description\":\"\",\"publisher\":{\"@id\":\"https:\\\/\\\/lospoliticosveracruz.com\\\/#organization\"},\"potentialAction\":[{\"@type\":\"SearchAction\",\"target\":{\"@type\":\"EntryPoint\",\"urlTemplate\":\"https:\\\/\\\/lospoliticosveracruz.com\\\/?s={search_term_string}\"},\"query-input\":{\"@type\":\"PropertyValueSpecification\",\"valueRequired\":true,\"valueName\":\"search_term_string\"}}],\"inLanguage\":\"es\"},{\"@type\":\"Organization\",\"@id\":\"https:\\\/\\\/lospoliticosveracruz.com\\\/#organization\",\"name\":\"Los pol\u00edticos Veracruz\",\"url\":\"https:\\\/\\\/lospoliticosveracruz.com\\\/\",\"logo\":{\"@type\":\"ImageObject\",\"inLanguage\":\"es\",\"@id\":\"https:\\\/\\\/lospoliticosveracruz.com\\\/#\\\/schema\\\/logo\\\/image\\\/\",\"url\":\"https:\\\/\\\/lospoliticosveracruz.com\\\/wp-content\\\/uploads\\\/2025\\\/12\\\/Logo-Nuevo-LOS-POLITICOS-1.jpg\",\"contentUrl\":\"https:\\\/\\\/lospoliticosveracruz.com\\\/wp-content\\\/uploads\\\/2025\\\/12\\\/Logo-Nuevo-LOS-POLITICOS-1.jpg\",\"width\":260,\"height\":70,\"caption\":\"Los pol\u00edticos Veracruz\"},\"image\":{\"@id\":\"https:\\\/\\\/lospoliticosveracruz.com\\\/#\\\/schema\\\/logo\\\/image\\\/\"},\"sameAs\":[\"https:\\\/\\\/www.facebook.com\\\/people\\\/Notimemes-de-los-Polticos\\\/61565672886568\\\/\",\"https:\\\/\\\/x.com\\\/LosPoliticosVer\"]},{\"@type\":\"Person\",\"@id\":\"https:\\\/\\\/lospoliticosveracruz.com\\\/#\\\/schema\\\/person\\\/b8702bb0e538456e6efd07080bf2a4a2\",\"name\":\"Lo viste en Los Pol\u00edticos\",\"image\":{\"@type\":\"ImageObject\",\"inLanguage\":\"es\",\"@id\":\"https:\\\/\\\/secure.gravatar.com\\\/avatar\\\/3a8de04a2656d44082be478bd6c086daa447c4651605818287b9532d3d0bd435?s=96&d=mm&r=g\",\"url\":\"https:\\\/\\\/secure.gravatar.com\\\/avatar\\\/3a8de04a2656d44082be478bd6c086daa447c4651605818287b9532d3d0bd435?s=96&d=mm&r=g\",\"contentUrl\":\"https:\\\/\\\/secure.gravatar.com\\\/avatar\\\/3a8de04a2656d44082be478bd6c086daa447c4651605818287b9532d3d0bd435?s=96&d=mm&r=g\",\"caption\":\"Lo viste en Los Pol\u00edticos\"},\"url\":\"https:\\\/\\\/lospoliticosveracruz.com\\\/?author=2\"}]}<\/script>\n<!-- \/ Yoast SEO plugin. -->","yoast_head_json":{"title":"Inges - Los pol\u00edticos Veracruz","robots":{"index":"index","follow":"follow","max-snippet":"max-snippet:-1","max-image-preview":"max-image-preview:large","max-video-preview":"max-video-preview:-1"},"canonical":"https:\/\/lospoliticosveracruz.com\/?p=85467","og_locale":"es_ES","og_type":"article","og_title":"Inges - Los pol\u00edticos Veracruz","og_description":"Guadalupe H. MarMira Pol\u00edtica LAGUNA EL FARALL\u00d3N \u2026 En diciembre pasado, el titular de la Secretar\u00eda estatal de Medio Ambiente (Sedema), Juan Carlos Contreras Bautista, inform\u00f3 a su amigo y jefe el gobernador del estado Cuitl\u00e1huac Garc\u00eda Jim\u00e9nez, que se hab\u00eda logrado recuperar \u00abcerca del 50 por ciento del agua de la laguna El Farall\u00f3n\u00bb, [&hellip;]","og_url":"https:\/\/lospoliticosveracruz.com\/?p=85467","og_site_name":"Los pol\u00edticos Veracruz","article_publisher":"https:\/\/www.facebook.com\/people\/Notimemes-de-los-Polticos\/61565672886568\/","article_published_time":"2022-01-31T09:11:00+00:00","og_image":[{"url":"https:\/\/lospoliticosveracruz.com.mx\/wp-content\/uploads\/2021\/10\/Zacauilt.jpg","type":"","width":"","height":""}],"author":"Lo viste en Los Pol\u00edticos","twitter_card":"summary_large_image","twitter_creator":"@LosPoliticosVer","twitter_site":"@LosPoliticosVer","twitter_misc":{"Escrito por":"Lo viste en Los Pol\u00edticos","Tiempo de lectura":"4 minutos"},"schema":{"@context":"https:\/\/schema.org","@graph":[{"@type":"Article","@id":"https:\/\/lospoliticosveracruz.com\/?p=85467#article","isPartOf":{"@id":"https:\/\/lospoliticosveracruz.com\/?p=85467"},"author":{"name":"Lo viste en Los Pol\u00edticos","@id":"https:\/\/lospoliticosveracruz.com\/#\/schema\/person\/b8702bb0e538456e6efd07080bf2a4a2"},"headline":"Inges","datePublished":"2022-01-31T09:11:00+00:00","mainEntityOfPage":{"@id":"https:\/\/lospoliticosveracruz.com\/?p=85467"},"wordCount":832,"publisher":{"@id":"https:\/\/lospoliticosveracruz.com\/#organization"},"image":{"@id":"https:\/\/lospoliticosveracruz.com\/?p=85467#primaryimage"},"thumbnailUrl":"https:\/\/lospoliticosveracruz.com.mx\/wp-content\/uploads\/2021\/10\/Zacauilt.jpg","keywords":["Cuitl\u00e1huac Garc\u00eda Jim\u00e9nez","Guadalupe H. Mar","Juan Carlos Contreras Bautista","laguna El Farall\u00f3n","Norma Roc\u00edo Nahle Garc\u00eda","PMA","Sedema","Sergio Rodr\u00edguez Cort\u00e9s"],"articleSection":["De Opini\u00f3n"],"inLanguage":"es"},{"@type":"WebPage","@id":"https:\/\/lospoliticosveracruz.com\/?p=85467","url":"https:\/\/lospoliticosveracruz.com\/?p=85467","name":"Inges - Los pol\u00edticos Veracruz","isPartOf":{"@id":"https:\/\/lospoliticosveracruz.com\/#website"},"primaryImageOfPage":{"@id":"https:\/\/lospoliticosveracruz.com\/?p=85467#primaryimage"},"image":{"@id":"https:\/\/lospoliticosveracruz.com\/?p=85467#primaryimage"},"thumbnailUrl":"https:\/\/lospoliticosveracruz.com.mx\/wp-content\/uploads\/2021\/10\/Zacauilt.jpg","datePublished":"2022-01-31T09:11:00+00:00","breadcrumb":{"@id":"https:\/\/lospoliticosveracruz.com\/?p=85467#breadcrumb"},"inLanguage":"es","potentialAction":[{"@type":"ReadAction","target":["https:\/\/lospoliticosveracruz.com\/?p=85467"]}]},{"@type":"ImageObject","inLanguage":"es","@id":"https:\/\/lospoliticosveracruz.com\/?p=85467#primaryimage","url":"https:\/\/lospoliticosveracruz.com.mx\/wp-content\/uploads\/2021\/10\/Zacauilt.jpg","contentUrl":"https:\/\/lospoliticosveracruz.com.mx\/wp-content\/uploads\/2021\/10\/Zacauilt.jpg"},{"@type":"BreadcrumbList","@id":"https:\/\/lospoliticosveracruz.com\/?p=85467#breadcrumb","itemListElement":[{"@type":"ListItem","position":1,"name":"Portada","item":"https:\/\/lospoliticosveracruz.com\/"},{"@type":"ListItem","position":2,"name":"Inges"}]},{"@type":"WebSite","@id":"https:\/\/lospoliticosveracruz.com\/#website","url":"https:\/\/lospoliticosveracruz.com\/","name":"Los pol\u00edticos Veracruz","description":"","publisher":{"@id":"https:\/\/lospoliticosveracruz.com\/#organization"},"potentialAction":[{"@type":"SearchAction","target":{"@type":"EntryPoint","urlTemplate":"https:\/\/lospoliticosveracruz.com\/?s={search_term_string}"},"query-input":{"@type":"PropertyValueSpecification","valueRequired":true,"valueName":"search_term_string"}}],"inLanguage":"es"},{"@type":"Organization","@id":"https:\/\/lospoliticosveracruz.com\/#organization","name":"Los pol\u00edticos Veracruz","url":"https:\/\/lospoliticosveracruz.com\/","logo":{"@type":"ImageObject","inLanguage":"es","@id":"https:\/\/lospoliticosveracruz.com\/#\/schema\/logo\/image\/","url":"https:\/\/lospoliticosveracruz.com\/wp-content\/uploads\/2025\/12\/Logo-Nuevo-LOS-POLITICOS-1.jpg","contentUrl":"https:\/\/lospoliticosveracruz.com\/wp-content\/uploads\/2025\/12\/Logo-Nuevo-LOS-POLITICOS-1.jpg","width":260,"height":70,"caption":"Los pol\u00edticos Veracruz"},"image":{"@id":"https:\/\/lospoliticosveracruz.com\/#\/schema\/logo\/image\/"},"sameAs":["https:\/\/www.facebook.com\/people\/Notimemes-de-los-Polticos\/61565672886568\/","https:\/\/x.com\/LosPoliticosVer"]},{"@type":"Person","@id":"https:\/\/lospoliticosveracruz.com\/#\/schema\/person\/b8702bb0e538456e6efd07080bf2a4a2","name":"Lo viste en Los Pol\u00edticos","image":{"@type":"ImageObject","inLanguage":"es","@id":"https:\/\/secure.gravatar.com\/avatar\/3a8de04a2656d44082be478bd6c086daa447c4651605818287b9532d3d0bd435?s=96&d=mm&r=g","url":"https:\/\/secure.gravatar.com\/avatar\/3a8de04a2656d44082be478bd6c086daa447c4651605818287b9532d3d0bd435?s=96&d=mm&r=g","contentUrl":"https:\/\/secure.gravatar.com\/avatar\/3a8de04a2656d44082be478bd6c086daa447c4651605818287b9532d3d0bd435?s=96&d=mm&r=g","caption":"Lo viste en Los Pol\u00edticos"},"url":"https:\/\/lospoliticosveracruz.com\/?author=2"}]}},"_links":{"self":[{"href":"https:\/\/lospoliticosveracruz.com\/index.php?rest_route=\/wp\/v2\/posts\/85467","targetHints":{"allow":["GET"]}}],"collection":[{"href":"https:\/\/lospoliticosveracruz.com\/index.php?rest_route=\/wp\/v2\/posts"}],"about":[{"href":"https:\/\/lospoliticosveracruz.com\/index.php?rest_route=\/wp\/v2\/types\/post"}],"author":[{"embeddable":true,"href":"https:\/\/lospoliticosveracruz.com\/index.php?rest_route=\/wp\/v2\/users\/2"}],"replies":[{"embeddable":true,"href":"https:\/\/lospoliticosveracruz.com\/index.php?rest_route=%2Fwp%2Fv2%2Fcomments&post=85467"}],"version-history":[{"count":2,"href":"https:\/\/lospoliticosveracruz.com\/index.php?rest_route=\/wp\/v2\/posts\/85467\/revisions"}],"predecessor-version":[{"id":85480,"href":"https:\/\/lospoliticosveracruz.com\/index.php?rest_route=\/wp\/v2\/posts\/85467\/revisions\/85480"}],"wp:attachment":[{"href":"https:\/\/lospoliticosveracruz.com\/index.php?rest_route=%2Fwp%2Fv2%2Fmedia&parent=85467"}],"wp:term":[{"taxonomy":"category","embeddable":true,"href":"https:\/\/lospoliticosveracruz.com\/index.php?rest_route=%2Fwp%2Fv2%2Fcategories&post=85467"},{"taxonomy":"post_tag","embeddable":true,"href":"https:\/\/lospoliticosveracruz.com\/index.php?rest_route=%2Fwp%2Fv2%2Ftags&post=85467"}],"curies":[{"name":"wp","href":"https:\/\/api.w.org\/{rel}","templated":true}]}}