{"id":85495,"date":"2022-01-31T08:40:25","date_gmt":"2022-01-31T14:40:25","guid":{"rendered":"https:\/\/lospoliticosveracruz.com.mx\/?p=85495"},"modified":"2022-01-31T08:40:31","modified_gmt":"2022-01-31T14:40:31","slug":"sergio-les-volvio-a-ganar-el-brinco","status":"publish","type":"post","link":"https:\/\/lospoliticosveracruz.com\/?p=85495","title":{"rendered":"Sergio les volvi\u00f3 a ganar el brinco"},"content":{"rendered":"\n<p><\/p>\n\n\n\n<p><strong>Omar Z\u00fa\u00f1iga<br><\/strong><em>De Primera Mano Taj\u00edn<\/em><\/p>\n\n\n\n<p>Este fin de semana fue movidito, especialmente para Veracruz, en contexto, le platico lo siguiente\u2026<br>Hace un par de semanas, el buen Don Garc\u00eda andaba como el jibarito, loco de contento, pues fue a la ciudad de M\u00e9xico donde fue recibido, apapachado y hasta foto se tom\u00f3 con Claudia Sheinbaum, la jefa de gobierno de la capital de la Rep\u00fablica y hasta ahora, la que acapara -en apariencia- la simpat\u00eda presidencial rumbo a 2024.<br>Fue todo un suceso para \u00e9l pues, y hubo hasta quienes llegaron a decir que Monreal le hizo los mandados por la desaparici\u00f3n de la comisi\u00f3n especial para investigar abusos en Veracruz y otros etc\u00e9teras, luego de la foto que distribuyeron como programa de mano.<br>Bueno\u2026, el s\u00e1bado, se realiz\u00f3 en el World Trade Center Veracruz que est\u00e1 en Boca del R\u00edo, un evento que fue convocado como un foro para discutir la reforma el\u00e9ctrica, cuyo personaje central fue Roc\u00edo Nahle, secretaria de Energ\u00eda, organizado por el gran Cuit.<br>El mentado evento tuvo una aforo -dicen los organizadores de 5 mil personas- no crea usted que acarreados, a todos los asistentes les importaba much\u00edsimo la reforma el\u00e9ctrica, casi lo mismo que su torta, refresco y la lanita que les dieron, pero bueno.<br>El objetivo se cumpli\u00f3: Nahle parti\u00f3 plaza como torero caro, ovacionada por la muchedumbre\u2026, -y aqu\u00ed vienen los malditos \u00abperos\u00bb-, pero a pesar de todo el tinglado, el mentado evento tuvo pol\u00edticamente la misma fuerza que un tehuac\u00e1n sin gas, pues el mismo s\u00e1bado, a la misma hora, en la Ciudad de M\u00e9xico, Claudia Sheinbaum, la consen del presi, recib\u00eda y pod\u00eda hablar de t\u00fa a t\u00fa con Sergio Guti\u00e9rrez Luna, quien parece que se ha convertido en el enemigo p\u00fablico n\u00famero uno de Veracruz, al tratarse de un pelao que sabe hablar, con oficio pol\u00edtico y que adem\u00e1s, sin querer queriendo, le dio en su madre al evento de Nahle y Cuit.<br>La reuni\u00f3n en la ciudad de M\u00e9xico, tuvo como marco la visita a una planta que demuestra el v\u00ednculo de Sheinbaum con el mundo de la ciencia y sus dotes como investigadora -no se puede negar, p\u00e9sele a quien le pese- y algo muy importante, Sergio asisti\u00f3 como invitado especial, no se hizo invitar, \u00abno como otros\u00bb, dijeran las se\u00f1oras del Club de Golf.<br>Sergio Guti\u00e9rrez Luna y Claudia Sheinbaum respaldan, con hechos, la Reforma El\u00e9ctrica de L\u00f3pez Obrador, no con eventos multitudinarios que lo \u00fanico que van a dejar, va a ser un n\u00famero descomunal de contagios por Covid19, pues de resultar ciertas las cifras de los organizadores, el recinto estuvo hasta la madre, pr\u00e1cticamente los unos sobre los otros y para chingarla de acabar, algunos sin cubrebocas, incluida Do\u00f1a Nahle. As\u00ed las cosas.<br>Nuevamente, Sergio Guti\u00e9rrez les gana la partida, no hallan c\u00f3mo pararlo, y ante la falta de oficio pol\u00edtico en la aldea, parece que les dice \u00abcuando ustedes van, yo ya vengo\u00bb.<br>En la Ciudad de M\u00e9xico, por v\u00eda de mientras, Sergio Guti\u00e9rrez sigue con el Parlamento Abierto d\u00e1ndole y escuchando la voz de los sectores involucrados en el sector el\u00e9ctrico, cuando en Veracruz, los grandes asesores organizan eventos para que vean \u00abel tama\u00f1o del m\u00fasculo\u00bb, je,je.<\/p>\n\n\n\n<hr class=\"wp-block-separator\"\/>\n\n\n\n<p>Para documentar el optimismo, la planta que se construye en la Ciudad de M\u00e9xico y a la que asisti\u00f3 como invitado especial Sergio Guti\u00e9rrez Luna, convierte la basura en electricidad, mientras que Roc\u00edo Nahle construye una refiner\u00eda que le sigue apostando a la utilizaci\u00f3n de combustibles f\u00f3siles. \u00bfQui\u00e9n est\u00e1 atrasado?<\/p>\n\n\n\n<hr class=\"wp-block-separator\"\/>\n\n\n\n<p>Un ejemplo de que algunos de los asistentes que fueron sin cubrebocas al besamanos del s\u00e1bado, fue el flamante Juan Javier G\u00f3mez Cazar\u00edn, quien saliendo de un Covid agresivo que lo llev\u00f3 al hospital (dicho por \u00e9l mismo) se present\u00f3 s\u00f3lo con una careta, abrazando a cuanto cabr\u00f3n se le puso enfrente, seg\u00fan documentan las fotos que \u00e9l mismo subi\u00f3 a su FB, no es chisme ni mucho menos, de hecho una de las que estuvo realmente cerca de \u00e9l sin cubrebocas, fue Roc\u00edo Nahle. Pero bueno, all\u00e1 ellos\u2026<br>De los asistentes que se pudieron apreciar entre todo el peladaje, fueron el alcalde de Poza Rica Jos\u00e9 Manuel Pozos Castro; la presidenta de la Legislatura, Cecilia Josefina Guevara; los diputados To\u00f1o Luna y Fernando el Huevo Arteaga Aponte; as\u00ed como la federal Maru Pinete, la presidenta estatal Eleaney Sesma y el delegado regional Marcelo Ruiz, estos tres \u00faltimos del PVEM, entre muuuuchos otros. Salud.<\/p>\n\n\n\n<p>\u00a1Qu\u00e9 barbaridad!<br>deprimera.mano2020@gmail.com<\/p>\n","protected":false},"excerpt":{"rendered":"<p>Omar Z\u00fa\u00f1igaDe Primera Mano Taj\u00edn Este fin de semana fue movidito, especialmente para Veracruz, en contexto, le platico lo siguiente\u2026Hace un par de semanas, el buen Don Garc\u00eda andaba como el jibarito, loco de contento, pues fue a la ciudad de M\u00e9xico donde fue recibido, apapachado y hasta foto se tom\u00f3 con Claudia Sheinbaum, la [&hellip;]<\/p>\n","protected":false},"author":2,"featured_media":0,"comment_status":"closed","ping_status":"closed","sticky":false,"template":"","format":"standard","meta":{"tdm_status":"","tdm_grid_status":"","footnotes":""},"categories":[70],"tags":[9627,31645,11958,12695,1026,26717,16147,27933,195],"class_list":{"0":"post-85495","1":"post","2":"type-post","3":"status-publish","4":"format-standard","6":"category-de-opinion","7":"tag-claudia-sheinbaum","8":"tag-fernando-el-huevo-arteaga-aponte","9":"tag-jose-manuel-pozos-castro","10":"tag-juan-javier-gomez-cazarin","11":"tag-morena","12":"tag-rocio-nahle-2","13":"tag-sergio-gutierrez-luna","14":"tag-tono-luna","15":"tag-veracruz"},"yoast_head":"<!-- This site is optimized with the Yoast SEO plugin v27.4 - https:\/\/yoast.com\/product\/yoast-seo-wordpress\/ -->\n<title>Sergio les volvi\u00f3 a ganar el brinco - Los pol\u00edticos Veracruz<\/title>\n<meta name=\"robots\" content=\"index, follow, max-snippet:-1, max-image-preview:large, max-video-preview:-1\" \/>\n<link rel=\"canonical\" href=\"https:\/\/lospoliticosveracruz.com\/?p=85495\" \/>\n<meta property=\"og:locale\" content=\"es_ES\" \/>\n<meta property=\"og:type\" content=\"article\" \/>\n<meta property=\"og:title\" content=\"Sergio les volvi\u00f3 a ganar el brinco - Los pol\u00edticos Veracruz\" \/>\n<meta property=\"og:description\" content=\"Omar Z\u00fa\u00f1igaDe Primera Mano Taj\u00edn Este fin de semana fue movidito, especialmente para Veracruz, en contexto, le platico lo siguiente\u2026Hace un par de semanas, el buen Don Garc\u00eda andaba como el jibarito, loco de contento, pues fue a la ciudad de M\u00e9xico donde fue recibido, apapachado y hasta foto se tom\u00f3 con Claudia Sheinbaum, la [&hellip;]\" \/>\n<meta property=\"og:url\" content=\"https:\/\/lospoliticosveracruz.com\/?p=85495\" \/>\n<meta property=\"og:site_name\" content=\"Los pol\u00edticos Veracruz\" \/>\n<meta property=\"article:publisher\" content=\"https:\/\/www.facebook.com\/people\/Notimemes-de-los-Polticos\/61565672886568\/\" \/>\n<meta property=\"article:published_time\" content=\"2022-01-31T14:40:25+00:00\" \/>\n<meta property=\"article:modified_time\" content=\"2022-01-31T14:40:31+00:00\" \/>\n<meta property=\"og:image\" content=\"https:\/\/lospoliticosveracruz.com\/wp-content\/uploads\/2016\/07\/Logo-Dor.jpg\" \/>\n\t<meta property=\"og:image:width\" content=\"200\" \/>\n\t<meta property=\"og:image:height\" content=\"200\" \/>\n\t<meta property=\"og:image:type\" content=\"image\/jpeg\" \/>\n<meta name=\"author\" content=\"Lo viste en Los Pol\u00edticos\" \/>\n<meta name=\"twitter:card\" content=\"summary_large_image\" \/>\n<meta name=\"twitter:creator\" content=\"@LosPoliticosVer\" \/>\n<meta name=\"twitter:site\" content=\"@LosPoliticosVer\" \/>\n<meta name=\"twitter:label1\" content=\"Escrito por\" \/>\n\t<meta name=\"twitter:data1\" content=\"Lo viste en Los Pol\u00edticos\" \/>\n\t<meta name=\"twitter:label2\" content=\"Tiempo de lectura\" \/>\n\t<meta name=\"twitter:data2\" content=\"4 minutos\" \/>\n<script type=\"application\/ld+json\" class=\"yoast-schema-graph\">{\"@context\":\"https:\\\/\\\/schema.org\",\"@graph\":[{\"@type\":\"Article\",\"@id\":\"https:\\\/\\\/lospoliticosveracruz.com\\\/?p=85495#article\",\"isPartOf\":{\"@id\":\"https:\\\/\\\/lospoliticosveracruz.com\\\/?p=85495\"},\"author\":{\"name\":\"Lo viste en Los Pol\u00edticos\",\"@id\":\"https:\\\/\\\/lospoliticosveracruz.com\\\/#\\\/schema\\\/person\\\/b8702bb0e538456e6efd07080bf2a4a2\"},\"headline\":\"Sergio les volvi\u00f3 a ganar el brinco\",\"datePublished\":\"2022-01-31T14:40:25+00:00\",\"dateModified\":\"2022-01-31T14:40:31+00:00\",\"mainEntityOfPage\":{\"@id\":\"https:\\\/\\\/lospoliticosveracruz.com\\\/?p=85495\"},\"wordCount\":816,\"publisher\":{\"@id\":\"https:\\\/\\\/lospoliticosveracruz.com\\\/#organization\"},\"keywords\":[\"Claudia Sheinbaum\",\"Fernando El Huevo Arteaga Aponte\",\"Jos\u00e9 Manuel Pozos Castro\",\"Juan Javier G\u00f3mez Cazar\u00edn\",\"Morena\",\"Rocio Nahle\",\"Sergio Guti\u00e9rrez Luna\",\"To\u00f1o Luna\",\"Veracruz\"],\"articleSection\":[\"De Opini\u00f3n\"],\"inLanguage\":\"es\"},{\"@type\":\"WebPage\",\"@id\":\"https:\\\/\\\/lospoliticosveracruz.com\\\/?p=85495\",\"url\":\"https:\\\/\\\/lospoliticosveracruz.com\\\/?p=85495\",\"name\":\"Sergio les volvi\u00f3 a ganar el brinco - Los pol\u00edticos Veracruz\",\"isPartOf\":{\"@id\":\"https:\\\/\\\/lospoliticosveracruz.com\\\/#website\"},\"datePublished\":\"2022-01-31T14:40:25+00:00\",\"dateModified\":\"2022-01-31T14:40:31+00:00\",\"breadcrumb\":{\"@id\":\"https:\\\/\\\/lospoliticosveracruz.com\\\/?p=85495#breadcrumb\"},\"inLanguage\":\"es\",\"potentialAction\":[{\"@type\":\"ReadAction\",\"target\":[\"https:\\\/\\\/lospoliticosveracruz.com\\\/?p=85495\"]}]},{\"@type\":\"BreadcrumbList\",\"@id\":\"https:\\\/\\\/lospoliticosveracruz.com\\\/?p=85495#breadcrumb\",\"itemListElement\":[{\"@type\":\"ListItem\",\"position\":1,\"name\":\"Portada\",\"item\":\"https:\\\/\\\/lospoliticosveracruz.com\\\/\"},{\"@type\":\"ListItem\",\"position\":2,\"name\":\"Sergio les volvi\u00f3 a ganar el brinco\"}]},{\"@type\":\"WebSite\",\"@id\":\"https:\\\/\\\/lospoliticosveracruz.com\\\/#website\",\"url\":\"https:\\\/\\\/lospoliticosveracruz.com\\\/\",\"name\":\"Los pol\u00edticos Veracruz\",\"description\":\"\",\"publisher\":{\"@id\":\"https:\\\/\\\/lospoliticosveracruz.com\\\/#organization\"},\"potentialAction\":[{\"@type\":\"SearchAction\",\"target\":{\"@type\":\"EntryPoint\",\"urlTemplate\":\"https:\\\/\\\/lospoliticosveracruz.com\\\/?s={search_term_string}\"},\"query-input\":{\"@type\":\"PropertyValueSpecification\",\"valueRequired\":true,\"valueName\":\"search_term_string\"}}],\"inLanguage\":\"es\"},{\"@type\":\"Organization\",\"@id\":\"https:\\\/\\\/lospoliticosveracruz.com\\\/#organization\",\"name\":\"Los pol\u00edticos Veracruz\",\"url\":\"https:\\\/\\\/lospoliticosveracruz.com\\\/\",\"logo\":{\"@type\":\"ImageObject\",\"inLanguage\":\"es\",\"@id\":\"https:\\\/\\\/lospoliticosveracruz.com\\\/#\\\/schema\\\/logo\\\/image\\\/\",\"url\":\"https:\\\/\\\/lospoliticosveracruz.com\\\/wp-content\\\/uploads\\\/2025\\\/12\\\/Logo-Nuevo-LOS-POLITICOS-1.jpg\",\"contentUrl\":\"https:\\\/\\\/lospoliticosveracruz.com\\\/wp-content\\\/uploads\\\/2025\\\/12\\\/Logo-Nuevo-LOS-POLITICOS-1.jpg\",\"width\":260,\"height\":70,\"caption\":\"Los pol\u00edticos Veracruz\"},\"image\":{\"@id\":\"https:\\\/\\\/lospoliticosveracruz.com\\\/#\\\/schema\\\/logo\\\/image\\\/\"},\"sameAs\":[\"https:\\\/\\\/www.facebook.com\\\/people\\\/Notimemes-de-los-Polticos\\\/61565672886568\\\/\",\"https:\\\/\\\/x.com\\\/LosPoliticosVer\"]},{\"@type\":\"Person\",\"@id\":\"https:\\\/\\\/lospoliticosveracruz.com\\\/#\\\/schema\\\/person\\\/b8702bb0e538456e6efd07080bf2a4a2\",\"name\":\"Lo viste en Los Pol\u00edticos\",\"image\":{\"@type\":\"ImageObject\",\"inLanguage\":\"es\",\"@id\":\"https:\\\/\\\/secure.gravatar.com\\\/avatar\\\/3a8de04a2656d44082be478bd6c086daa447c4651605818287b9532d3d0bd435?s=96&d=mm&r=g\",\"url\":\"https:\\\/\\\/secure.gravatar.com\\\/avatar\\\/3a8de04a2656d44082be478bd6c086daa447c4651605818287b9532d3d0bd435?s=96&d=mm&r=g\",\"contentUrl\":\"https:\\\/\\\/secure.gravatar.com\\\/avatar\\\/3a8de04a2656d44082be478bd6c086daa447c4651605818287b9532d3d0bd435?s=96&d=mm&r=g\",\"caption\":\"Lo viste en Los Pol\u00edticos\"},\"url\":\"https:\\\/\\\/lospoliticosveracruz.com\\\/?author=2\"}]}<\/script>\n<!-- \/ Yoast SEO plugin. -->","yoast_head_json":{"title":"Sergio les volvi\u00f3 a ganar el brinco - Los pol\u00edticos Veracruz","robots":{"index":"index","follow":"follow","max-snippet":"max-snippet:-1","max-image-preview":"max-image-preview:large","max-video-preview":"max-video-preview:-1"},"canonical":"https:\/\/lospoliticosveracruz.com\/?p=85495","og_locale":"es_ES","og_type":"article","og_title":"Sergio les volvi\u00f3 a ganar el brinco - Los pol\u00edticos Veracruz","og_description":"Omar Z\u00fa\u00f1igaDe Primera Mano Taj\u00edn Este fin de semana fue movidito, especialmente para Veracruz, en contexto, le platico lo siguiente\u2026Hace un par de semanas, el buen Don Garc\u00eda andaba como el jibarito, loco de contento, pues fue a la ciudad de M\u00e9xico donde fue recibido, apapachado y hasta foto se tom\u00f3 con Claudia Sheinbaum, la [&hellip;]","og_url":"https:\/\/lospoliticosveracruz.com\/?p=85495","og_site_name":"Los pol\u00edticos Veracruz","article_publisher":"https:\/\/www.facebook.com\/people\/Notimemes-de-los-Polticos\/61565672886568\/","article_published_time":"2022-01-31T14:40:25+00:00","article_modified_time":"2022-01-31T14:40:31+00:00","og_image":[{"width":200,"height":200,"url":"https:\/\/lospoliticosveracruz.com\/wp-content\/uploads\/2016\/07\/Logo-Dor.jpg","type":"image\/jpeg"}],"author":"Lo viste en Los Pol\u00edticos","twitter_card":"summary_large_image","twitter_creator":"@LosPoliticosVer","twitter_site":"@LosPoliticosVer","twitter_misc":{"Escrito por":"Lo viste en Los Pol\u00edticos","Tiempo de lectura":"4 minutos"},"schema":{"@context":"https:\/\/schema.org","@graph":[{"@type":"Article","@id":"https:\/\/lospoliticosveracruz.com\/?p=85495#article","isPartOf":{"@id":"https:\/\/lospoliticosveracruz.com\/?p=85495"},"author":{"name":"Lo viste en Los Pol\u00edticos","@id":"https:\/\/lospoliticosveracruz.com\/#\/schema\/person\/b8702bb0e538456e6efd07080bf2a4a2"},"headline":"Sergio les volvi\u00f3 a ganar el brinco","datePublished":"2022-01-31T14:40:25+00:00","dateModified":"2022-01-31T14:40:31+00:00","mainEntityOfPage":{"@id":"https:\/\/lospoliticosveracruz.com\/?p=85495"},"wordCount":816,"publisher":{"@id":"https:\/\/lospoliticosveracruz.com\/#organization"},"keywords":["Claudia Sheinbaum","Fernando El Huevo Arteaga Aponte","Jos\u00e9 Manuel Pozos Castro","Juan Javier G\u00f3mez Cazar\u00edn","Morena","Rocio Nahle","Sergio Guti\u00e9rrez Luna","To\u00f1o Luna","Veracruz"],"articleSection":["De Opini\u00f3n"],"inLanguage":"es"},{"@type":"WebPage","@id":"https:\/\/lospoliticosveracruz.com\/?p=85495","url":"https:\/\/lospoliticosveracruz.com\/?p=85495","name":"Sergio les volvi\u00f3 a ganar el brinco - Los pol\u00edticos Veracruz","isPartOf":{"@id":"https:\/\/lospoliticosveracruz.com\/#website"},"datePublished":"2022-01-31T14:40:25+00:00","dateModified":"2022-01-31T14:40:31+00:00","breadcrumb":{"@id":"https:\/\/lospoliticosveracruz.com\/?p=85495#breadcrumb"},"inLanguage":"es","potentialAction":[{"@type":"ReadAction","target":["https:\/\/lospoliticosveracruz.com\/?p=85495"]}]},{"@type":"BreadcrumbList","@id":"https:\/\/lospoliticosveracruz.com\/?p=85495#breadcrumb","itemListElement":[{"@type":"ListItem","position":1,"name":"Portada","item":"https:\/\/lospoliticosveracruz.com\/"},{"@type":"ListItem","position":2,"name":"Sergio les volvi\u00f3 a ganar el brinco"}]},{"@type":"WebSite","@id":"https:\/\/lospoliticosveracruz.com\/#website","url":"https:\/\/lospoliticosveracruz.com\/","name":"Los pol\u00edticos Veracruz","description":"","publisher":{"@id":"https:\/\/lospoliticosveracruz.com\/#organization"},"potentialAction":[{"@type":"SearchAction","target":{"@type":"EntryPoint","urlTemplate":"https:\/\/lospoliticosveracruz.com\/?s={search_term_string}"},"query-input":{"@type":"PropertyValueSpecification","valueRequired":true,"valueName":"search_term_string"}}],"inLanguage":"es"},{"@type":"Organization","@id":"https:\/\/lospoliticosveracruz.com\/#organization","name":"Los pol\u00edticos Veracruz","url":"https:\/\/lospoliticosveracruz.com\/","logo":{"@type":"ImageObject","inLanguage":"es","@id":"https:\/\/lospoliticosveracruz.com\/#\/schema\/logo\/image\/","url":"https:\/\/lospoliticosveracruz.com\/wp-content\/uploads\/2025\/12\/Logo-Nuevo-LOS-POLITICOS-1.jpg","contentUrl":"https:\/\/lospoliticosveracruz.com\/wp-content\/uploads\/2025\/12\/Logo-Nuevo-LOS-POLITICOS-1.jpg","width":260,"height":70,"caption":"Los pol\u00edticos Veracruz"},"image":{"@id":"https:\/\/lospoliticosveracruz.com\/#\/schema\/logo\/image\/"},"sameAs":["https:\/\/www.facebook.com\/people\/Notimemes-de-los-Polticos\/61565672886568\/","https:\/\/x.com\/LosPoliticosVer"]},{"@type":"Person","@id":"https:\/\/lospoliticosveracruz.com\/#\/schema\/person\/b8702bb0e538456e6efd07080bf2a4a2","name":"Lo viste en Los Pol\u00edticos","image":{"@type":"ImageObject","inLanguage":"es","@id":"https:\/\/secure.gravatar.com\/avatar\/3a8de04a2656d44082be478bd6c086daa447c4651605818287b9532d3d0bd435?s=96&d=mm&r=g","url":"https:\/\/secure.gravatar.com\/avatar\/3a8de04a2656d44082be478bd6c086daa447c4651605818287b9532d3d0bd435?s=96&d=mm&r=g","contentUrl":"https:\/\/secure.gravatar.com\/avatar\/3a8de04a2656d44082be478bd6c086daa447c4651605818287b9532d3d0bd435?s=96&d=mm&r=g","caption":"Lo viste en Los Pol\u00edticos"},"url":"https:\/\/lospoliticosveracruz.com\/?author=2"}]}},"_links":{"self":[{"href":"https:\/\/lospoliticosveracruz.com\/index.php?rest_route=\/wp\/v2\/posts\/85495","targetHints":{"allow":["GET"]}}],"collection":[{"href":"https:\/\/lospoliticosveracruz.com\/index.php?rest_route=\/wp\/v2\/posts"}],"about":[{"href":"https:\/\/lospoliticosveracruz.com\/index.php?rest_route=\/wp\/v2\/types\/post"}],"author":[{"embeddable":true,"href":"https:\/\/lospoliticosveracruz.com\/index.php?rest_route=\/wp\/v2\/users\/2"}],"replies":[{"embeddable":true,"href":"https:\/\/lospoliticosveracruz.com\/index.php?rest_route=%2Fwp%2Fv2%2Fcomments&post=85495"}],"version-history":[{"count":1,"href":"https:\/\/lospoliticosveracruz.com\/index.php?rest_route=\/wp\/v2\/posts\/85495\/revisions"}],"predecessor-version":[{"id":85497,"href":"https:\/\/lospoliticosveracruz.com\/index.php?rest_route=\/wp\/v2\/posts\/85495\/revisions\/85497"}],"wp:attachment":[{"href":"https:\/\/lospoliticosveracruz.com\/index.php?rest_route=%2Fwp%2Fv2%2Fmedia&parent=85495"}],"wp:term":[{"taxonomy":"category","embeddable":true,"href":"https:\/\/lospoliticosveracruz.com\/index.php?rest_route=%2Fwp%2Fv2%2Fcategories&post=85495"},{"taxonomy":"post_tag","embeddable":true,"href":"https:\/\/lospoliticosveracruz.com\/index.php?rest_route=%2Fwp%2Fv2%2Ftags&post=85495"}],"curies":[{"name":"wp","href":"https:\/\/api.w.org\/{rel}","templated":true}]}}