{"id":85524,"date":"2022-01-31T12:34:42","date_gmt":"2022-01-31T18:34:42","guid":{"rendered":"https:\/\/lospoliticosveracruz.com.mx\/?p=85524"},"modified":"2022-01-31T12:34:50","modified_gmt":"2022-01-31T18:34:50","slug":"fue-al-doc-por-eso-no-estuvo-con-nahle","status":"publish","type":"post","link":"https:\/\/lospoliticosveracruz.com\/?p=85524","title":{"rendered":"Fue al Doc, por eso no estuvo con Nahle!"},"content":{"rendered":"\n<p><\/p>\n\n\n\n<p><\/p>\n\n\n\n<p><strong>Karla M\u00e9ndez<\/strong><br><em>Xalapa<\/em><\/p>\n\n\n\n<p><br>El secretario de Gobierno(Segob) Eric Cisneros Burgos, asegur\u00f3, que no hay fractura con el partido MORENA, sino que no pudo asistir al Foro con Rocio Nahle por asuntos de Salud, ya que acude de manera peri\u00f3dica a realizarse chequeos luego de sufrir COVID19 en el 2020.<\/p>\n\n\n\n<p>En entrevista en los pasillos de Palacio de Gobierno, se\u00f1al\u00f3 que este fin de semana acudi\u00f3 a un chequeo m\u00e9dico que se realiza constantemente.<\/p>\n\n\n\n<p>\u201cEstaba yo atendiendo un tema de salud este fin de semana, un chequeo personal que me hago con cierta frecuencia, este fin de semana me tocaba este chequeo, estuvimos atendiendo ese tema de salud. Nosotros trabajamos para todos los veracruzanos, no tiene porque haber fractura de ning\u00fan tipo\u201d.<\/p>\n\n\n\n<p>El encargado de la pol\u00edtica interna de Veracruz cuestion\u00f3 que se generan tantas suspicacias alrededor de su ausencia en este evento encabezado por la secretaria de Energ\u00eda Roc\u00edo Nahle y el gobernador Cuitl\u00e1huac Garc\u00eda Jim\u00e9nez, a donde acudi\u00f3 la plana mayor morenista.<\/p>\n\n\n\n<p>\u201cLos columnistas pueden darle lo que quieran, estamos trabajando todos los d\u00edas, es un chequeo que me hago a ra\u00edz de que tuve covid-19 en 2020 y tuve afectaciones fuertes en los pulmones y me hago una revisi\u00f3n (\u2026) no quedaron secuelas, pero no la pasamos muy bien y sigo haciendo ciertos ejercicio de respiraci\u00f3n que me recomendaron todas las ma\u00f1anas\u201d, finaliz\u00f3.<\/p>\n\n\n\n<p>Eric Cisneros Burgos rechaz\u00f3 responder por la tambi\u00e9n ausencia del presidente de la Mesa Directiva del Congreso Federal, Sergio Guti\u00e9rrez Luna, quien s\u00ed estuvo en un foro similar pero con la jefa de gobierno de la Ciudad de M\u00e9xico, Claudia Sheinbaum Pardo.<\/p>\n","protected":false},"excerpt":{"rendered":"<p>Karla M\u00e9ndezXalapa El secretario de Gobierno(Segob) Eric Cisneros Burgos, asegur\u00f3, que no hay fractura con el partido MORENA, sino que no pudo asistir al Foro con Rocio Nahle por asuntos de Salud, ya que acude de manera peri\u00f3dica a realizarse chequeos luego de sufrir COVID19 en el 2020. En entrevista en los pasillos de Palacio [&hellip;]<\/p>\n","protected":false},"author":2,"featured_media":0,"comment_status":"closed","ping_status":"closed","sticky":false,"template":"","format":"standard","meta":{"tdm_status":"","tdm_grid_status":"","footnotes":""},"categories":[6446],"tags":[12299,1026,26326,26717,195],"class_list":{"0":"post-85524","1":"post","2":"type-post","3":"status-publish","4":"format-standard","6":"category-la-nota","7":"tag-eric-cisneros-burgos","8":"tag-morena","9":"tag-reforma-electrica","10":"tag-rocio-nahle-2","11":"tag-veracruz"},"yoast_head":"<!-- This site is optimized with the Yoast SEO plugin v27.4 - https:\/\/yoast.com\/product\/yoast-seo-wordpress\/ -->\n<title>Fue al Doc, por eso no estuvo con Nahle! - Los pol\u00edticos Veracruz<\/title>\n<meta name=\"robots\" content=\"index, follow, max-snippet:-1, max-image-preview:large, max-video-preview:-1\" \/>\n<link rel=\"canonical\" href=\"https:\/\/lospoliticosveracruz.com\/?p=85524\" \/>\n<meta property=\"og:locale\" content=\"es_ES\" \/>\n<meta property=\"og:type\" content=\"article\" \/>\n<meta property=\"og:title\" content=\"Fue al Doc, por eso no estuvo con Nahle! - Los pol\u00edticos Veracruz\" \/>\n<meta property=\"og:description\" content=\"Karla M\u00e9ndezXalapa El secretario de Gobierno(Segob) Eric Cisneros Burgos, asegur\u00f3, que no hay fractura con el partido MORENA, sino que no pudo asistir al Foro con Rocio Nahle por asuntos de Salud, ya que acude de manera peri\u00f3dica a realizarse chequeos luego de sufrir COVID19 en el 2020. En entrevista en los pasillos de Palacio [&hellip;]\" \/>\n<meta property=\"og:url\" content=\"https:\/\/lospoliticosveracruz.com\/?p=85524\" \/>\n<meta property=\"og:site_name\" content=\"Los pol\u00edticos Veracruz\" \/>\n<meta property=\"article:publisher\" content=\"https:\/\/www.facebook.com\/people\/Notimemes-de-los-Polticos\/61565672886568\/\" \/>\n<meta property=\"article:published_time\" content=\"2022-01-31T18:34:42+00:00\" \/>\n<meta property=\"article:modified_time\" content=\"2022-01-31T18:34:50+00:00\" \/>\n<meta property=\"og:image\" content=\"https:\/\/lospoliticosveracruz.com\/wp-content\/uploads\/2016\/07\/Logo-Dor.jpg\" \/>\n\t<meta property=\"og:image:width\" content=\"200\" \/>\n\t<meta property=\"og:image:height\" content=\"200\" \/>\n\t<meta property=\"og:image:type\" content=\"image\/jpeg\" \/>\n<meta name=\"author\" content=\"Lo viste en Los Pol\u00edticos\" \/>\n<meta name=\"twitter:card\" content=\"summary_large_image\" \/>\n<meta name=\"twitter:creator\" content=\"@LosPoliticosVer\" \/>\n<meta name=\"twitter:site\" content=\"@LosPoliticosVer\" \/>\n<meta name=\"twitter:label1\" content=\"Escrito por\" \/>\n\t<meta name=\"twitter:data1\" content=\"Lo viste en Los Pol\u00edticos\" \/>\n\t<meta name=\"twitter:label2\" content=\"Tiempo de lectura\" \/>\n\t<meta name=\"twitter:data2\" content=\"1 minuto\" \/>\n<script type=\"application\/ld+json\" class=\"yoast-schema-graph\">{\"@context\":\"https:\\\/\\\/schema.org\",\"@graph\":[{\"@type\":\"Article\",\"@id\":\"https:\\\/\\\/lospoliticosveracruz.com\\\/?p=85524#article\",\"isPartOf\":{\"@id\":\"https:\\\/\\\/lospoliticosveracruz.com\\\/?p=85524\"},\"author\":{\"name\":\"Lo viste en Los Pol\u00edticos\",\"@id\":\"https:\\\/\\\/lospoliticosveracruz.com\\\/#\\\/schema\\\/person\\\/b8702bb0e538456e6efd07080bf2a4a2\"},\"headline\":\"Fue al Doc, por eso no estuvo con Nahle!\",\"datePublished\":\"2022-01-31T18:34:42+00:00\",\"dateModified\":\"2022-01-31T18:34:50+00:00\",\"mainEntityOfPage\":{\"@id\":\"https:\\\/\\\/lospoliticosveracruz.com\\\/?p=85524\"},\"wordCount\":293,\"publisher\":{\"@id\":\"https:\\\/\\\/lospoliticosveracruz.com\\\/#organization\"},\"keywords\":[\"Eric Cisneros Burgos\",\"Morena\",\"Reforma El\u00e9ctrica\",\"Rocio Nahle\",\"Veracruz\"],\"articleSection\":[\"La Nota\"],\"inLanguage\":\"es\"},{\"@type\":\"WebPage\",\"@id\":\"https:\\\/\\\/lospoliticosveracruz.com\\\/?p=85524\",\"url\":\"https:\\\/\\\/lospoliticosveracruz.com\\\/?p=85524\",\"name\":\"Fue al Doc, por eso no estuvo con Nahle! - Los pol\u00edticos Veracruz\",\"isPartOf\":{\"@id\":\"https:\\\/\\\/lospoliticosveracruz.com\\\/#website\"},\"datePublished\":\"2022-01-31T18:34:42+00:00\",\"dateModified\":\"2022-01-31T18:34:50+00:00\",\"breadcrumb\":{\"@id\":\"https:\\\/\\\/lospoliticosveracruz.com\\\/?p=85524#breadcrumb\"},\"inLanguage\":\"es\",\"potentialAction\":[{\"@type\":\"ReadAction\",\"target\":[\"https:\\\/\\\/lospoliticosveracruz.com\\\/?p=85524\"]}]},{\"@type\":\"BreadcrumbList\",\"@id\":\"https:\\\/\\\/lospoliticosveracruz.com\\\/?p=85524#breadcrumb\",\"itemListElement\":[{\"@type\":\"ListItem\",\"position\":1,\"name\":\"Portada\",\"item\":\"https:\\\/\\\/lospoliticosveracruz.com\\\/\"},{\"@type\":\"ListItem\",\"position\":2,\"name\":\"Fue al Doc, por eso no estuvo con Nahle!\"}]},{\"@type\":\"WebSite\",\"@id\":\"https:\\\/\\\/lospoliticosveracruz.com\\\/#website\",\"url\":\"https:\\\/\\\/lospoliticosveracruz.com\\\/\",\"name\":\"Los pol\u00edticos Veracruz\",\"description\":\"\",\"publisher\":{\"@id\":\"https:\\\/\\\/lospoliticosveracruz.com\\\/#organization\"},\"potentialAction\":[{\"@type\":\"SearchAction\",\"target\":{\"@type\":\"EntryPoint\",\"urlTemplate\":\"https:\\\/\\\/lospoliticosveracruz.com\\\/?s={search_term_string}\"},\"query-input\":{\"@type\":\"PropertyValueSpecification\",\"valueRequired\":true,\"valueName\":\"search_term_string\"}}],\"inLanguage\":\"es\"},{\"@type\":\"Organization\",\"@id\":\"https:\\\/\\\/lospoliticosveracruz.com\\\/#organization\",\"name\":\"Los pol\u00edticos Veracruz\",\"url\":\"https:\\\/\\\/lospoliticosveracruz.com\\\/\",\"logo\":{\"@type\":\"ImageObject\",\"inLanguage\":\"es\",\"@id\":\"https:\\\/\\\/lospoliticosveracruz.com\\\/#\\\/schema\\\/logo\\\/image\\\/\",\"url\":\"https:\\\/\\\/lospoliticosveracruz.com\\\/wp-content\\\/uploads\\\/2025\\\/12\\\/Logo-Nuevo-LOS-POLITICOS-1.jpg\",\"contentUrl\":\"https:\\\/\\\/lospoliticosveracruz.com\\\/wp-content\\\/uploads\\\/2025\\\/12\\\/Logo-Nuevo-LOS-POLITICOS-1.jpg\",\"width\":260,\"height\":70,\"caption\":\"Los pol\u00edticos Veracruz\"},\"image\":{\"@id\":\"https:\\\/\\\/lospoliticosveracruz.com\\\/#\\\/schema\\\/logo\\\/image\\\/\"},\"sameAs\":[\"https:\\\/\\\/www.facebook.com\\\/people\\\/Notimemes-de-los-Polticos\\\/61565672886568\\\/\",\"https:\\\/\\\/x.com\\\/LosPoliticosVer\"]},{\"@type\":\"Person\",\"@id\":\"https:\\\/\\\/lospoliticosveracruz.com\\\/#\\\/schema\\\/person\\\/b8702bb0e538456e6efd07080bf2a4a2\",\"name\":\"Lo viste en Los Pol\u00edticos\",\"image\":{\"@type\":\"ImageObject\",\"inLanguage\":\"es\",\"@id\":\"https:\\\/\\\/secure.gravatar.com\\\/avatar\\\/3a8de04a2656d44082be478bd6c086daa447c4651605818287b9532d3d0bd435?s=96&d=mm&r=g\",\"url\":\"https:\\\/\\\/secure.gravatar.com\\\/avatar\\\/3a8de04a2656d44082be478bd6c086daa447c4651605818287b9532d3d0bd435?s=96&d=mm&r=g\",\"contentUrl\":\"https:\\\/\\\/secure.gravatar.com\\\/avatar\\\/3a8de04a2656d44082be478bd6c086daa447c4651605818287b9532d3d0bd435?s=96&d=mm&r=g\",\"caption\":\"Lo viste en Los Pol\u00edticos\"},\"url\":\"https:\\\/\\\/lospoliticosveracruz.com\\\/?author=2\"}]}<\/script>\n<!-- \/ Yoast SEO plugin. -->","yoast_head_json":{"title":"Fue al Doc, por eso no estuvo con Nahle! - Los pol\u00edticos Veracruz","robots":{"index":"index","follow":"follow","max-snippet":"max-snippet:-1","max-image-preview":"max-image-preview:large","max-video-preview":"max-video-preview:-1"},"canonical":"https:\/\/lospoliticosveracruz.com\/?p=85524","og_locale":"es_ES","og_type":"article","og_title":"Fue al Doc, por eso no estuvo con Nahle! - Los pol\u00edticos Veracruz","og_description":"Karla M\u00e9ndezXalapa El secretario de Gobierno(Segob) Eric Cisneros Burgos, asegur\u00f3, que no hay fractura con el partido MORENA, sino que no pudo asistir al Foro con Rocio Nahle por asuntos de Salud, ya que acude de manera peri\u00f3dica a realizarse chequeos luego de sufrir COVID19 en el 2020. En entrevista en los pasillos de Palacio [&hellip;]","og_url":"https:\/\/lospoliticosveracruz.com\/?p=85524","og_site_name":"Los pol\u00edticos Veracruz","article_publisher":"https:\/\/www.facebook.com\/people\/Notimemes-de-los-Polticos\/61565672886568\/","article_published_time":"2022-01-31T18:34:42+00:00","article_modified_time":"2022-01-31T18:34:50+00:00","og_image":[{"width":200,"height":200,"url":"https:\/\/lospoliticosveracruz.com\/wp-content\/uploads\/2016\/07\/Logo-Dor.jpg","type":"image\/jpeg"}],"author":"Lo viste en Los Pol\u00edticos","twitter_card":"summary_large_image","twitter_creator":"@LosPoliticosVer","twitter_site":"@LosPoliticosVer","twitter_misc":{"Escrito por":"Lo viste en Los Pol\u00edticos","Tiempo de lectura":"1 minuto"},"schema":{"@context":"https:\/\/schema.org","@graph":[{"@type":"Article","@id":"https:\/\/lospoliticosveracruz.com\/?p=85524#article","isPartOf":{"@id":"https:\/\/lospoliticosveracruz.com\/?p=85524"},"author":{"name":"Lo viste en Los Pol\u00edticos","@id":"https:\/\/lospoliticosveracruz.com\/#\/schema\/person\/b8702bb0e538456e6efd07080bf2a4a2"},"headline":"Fue al Doc, por eso no estuvo con Nahle!","datePublished":"2022-01-31T18:34:42+00:00","dateModified":"2022-01-31T18:34:50+00:00","mainEntityOfPage":{"@id":"https:\/\/lospoliticosveracruz.com\/?p=85524"},"wordCount":293,"publisher":{"@id":"https:\/\/lospoliticosveracruz.com\/#organization"},"keywords":["Eric Cisneros Burgos","Morena","Reforma El\u00e9ctrica","Rocio Nahle","Veracruz"],"articleSection":["La Nota"],"inLanguage":"es"},{"@type":"WebPage","@id":"https:\/\/lospoliticosveracruz.com\/?p=85524","url":"https:\/\/lospoliticosveracruz.com\/?p=85524","name":"Fue al Doc, por eso no estuvo con Nahle! - Los pol\u00edticos Veracruz","isPartOf":{"@id":"https:\/\/lospoliticosveracruz.com\/#website"},"datePublished":"2022-01-31T18:34:42+00:00","dateModified":"2022-01-31T18:34:50+00:00","breadcrumb":{"@id":"https:\/\/lospoliticosveracruz.com\/?p=85524#breadcrumb"},"inLanguage":"es","potentialAction":[{"@type":"ReadAction","target":["https:\/\/lospoliticosveracruz.com\/?p=85524"]}]},{"@type":"BreadcrumbList","@id":"https:\/\/lospoliticosveracruz.com\/?p=85524#breadcrumb","itemListElement":[{"@type":"ListItem","position":1,"name":"Portada","item":"https:\/\/lospoliticosveracruz.com\/"},{"@type":"ListItem","position":2,"name":"Fue al Doc, por eso no estuvo con Nahle!"}]},{"@type":"WebSite","@id":"https:\/\/lospoliticosveracruz.com\/#website","url":"https:\/\/lospoliticosveracruz.com\/","name":"Los pol\u00edticos Veracruz","description":"","publisher":{"@id":"https:\/\/lospoliticosveracruz.com\/#organization"},"potentialAction":[{"@type":"SearchAction","target":{"@type":"EntryPoint","urlTemplate":"https:\/\/lospoliticosveracruz.com\/?s={search_term_string}"},"query-input":{"@type":"PropertyValueSpecification","valueRequired":true,"valueName":"search_term_string"}}],"inLanguage":"es"},{"@type":"Organization","@id":"https:\/\/lospoliticosveracruz.com\/#organization","name":"Los pol\u00edticos Veracruz","url":"https:\/\/lospoliticosveracruz.com\/","logo":{"@type":"ImageObject","inLanguage":"es","@id":"https:\/\/lospoliticosveracruz.com\/#\/schema\/logo\/image\/","url":"https:\/\/lospoliticosveracruz.com\/wp-content\/uploads\/2025\/12\/Logo-Nuevo-LOS-POLITICOS-1.jpg","contentUrl":"https:\/\/lospoliticosveracruz.com\/wp-content\/uploads\/2025\/12\/Logo-Nuevo-LOS-POLITICOS-1.jpg","width":260,"height":70,"caption":"Los pol\u00edticos Veracruz"},"image":{"@id":"https:\/\/lospoliticosveracruz.com\/#\/schema\/logo\/image\/"},"sameAs":["https:\/\/www.facebook.com\/people\/Notimemes-de-los-Polticos\/61565672886568\/","https:\/\/x.com\/LosPoliticosVer"]},{"@type":"Person","@id":"https:\/\/lospoliticosveracruz.com\/#\/schema\/person\/b8702bb0e538456e6efd07080bf2a4a2","name":"Lo viste en Los Pol\u00edticos","image":{"@type":"ImageObject","inLanguage":"es","@id":"https:\/\/secure.gravatar.com\/avatar\/3a8de04a2656d44082be478bd6c086daa447c4651605818287b9532d3d0bd435?s=96&d=mm&r=g","url":"https:\/\/secure.gravatar.com\/avatar\/3a8de04a2656d44082be478bd6c086daa447c4651605818287b9532d3d0bd435?s=96&d=mm&r=g","contentUrl":"https:\/\/secure.gravatar.com\/avatar\/3a8de04a2656d44082be478bd6c086daa447c4651605818287b9532d3d0bd435?s=96&d=mm&r=g","caption":"Lo viste en Los Pol\u00edticos"},"url":"https:\/\/lospoliticosveracruz.com\/?author=2"}]}},"_links":{"self":[{"href":"https:\/\/lospoliticosveracruz.com\/index.php?rest_route=\/wp\/v2\/posts\/85524","targetHints":{"allow":["GET"]}}],"collection":[{"href":"https:\/\/lospoliticosveracruz.com\/index.php?rest_route=\/wp\/v2\/posts"}],"about":[{"href":"https:\/\/lospoliticosveracruz.com\/index.php?rest_route=\/wp\/v2\/types\/post"}],"author":[{"embeddable":true,"href":"https:\/\/lospoliticosveracruz.com\/index.php?rest_route=\/wp\/v2\/users\/2"}],"replies":[{"embeddable":true,"href":"https:\/\/lospoliticosveracruz.com\/index.php?rest_route=%2Fwp%2Fv2%2Fcomments&post=85524"}],"version-history":[{"count":1,"href":"https:\/\/lospoliticosveracruz.com\/index.php?rest_route=\/wp\/v2\/posts\/85524\/revisions"}],"predecessor-version":[{"id":85525,"href":"https:\/\/lospoliticosveracruz.com\/index.php?rest_route=\/wp\/v2\/posts\/85524\/revisions\/85525"}],"wp:attachment":[{"href":"https:\/\/lospoliticosveracruz.com\/index.php?rest_route=%2Fwp%2Fv2%2Fmedia&parent=85524"}],"wp:term":[{"taxonomy":"category","embeddable":true,"href":"https:\/\/lospoliticosveracruz.com\/index.php?rest_route=%2Fwp%2Fv2%2Fcategories&post=85524"},{"taxonomy":"post_tag","embeddable":true,"href":"https:\/\/lospoliticosveracruz.com\/index.php?rest_route=%2Fwp%2Fv2%2Ftags&post=85524"}],"curies":[{"name":"wp","href":"https:\/\/api.w.org\/{rel}","templated":true}]}}