{"id":85578,"date":"2022-02-01T10:01:42","date_gmt":"2022-02-01T16:01:42","guid":{"rendered":"https:\/\/lospoliticosveracruz.com.mx\/?p=85578"},"modified":"2022-02-01T10:01:47","modified_gmt":"2022-02-01T16:01:47","slug":"veracruz-respalda-reforma-electrica","status":"publish","type":"post","link":"https:\/\/lospoliticosveracruz.com\/?p=85578","title":{"rendered":"Veracruz respalda reforma el\u00e9ctrica"},"content":{"rendered":"\n<p><\/p>\n\n\n\n<p><\/p>\n\n\n\n<p><strong>Yair Ademar Dom\u00ednguez<\/strong><br><em>Punto y Coma<\/em><\/p>\n\n\n\n<p><br><\/p>\n\n\n\n<p>Veracruz ha ocupado un lugar preponderante en la historia de nuestro pa\u00eds. Por estas tierras entr\u00f3 una nueva civilizaci\u00f3n que se desarroll\u00f3 sobre la grandeza de nuestras culturas originarias. El puerto jarocho fue el primer punto mercantil de Am\u00e9rica y siempre hemos sido un estado que ha mirado al mar, al futuro, consciente de nuestra riqueza cultural y potencial econ\u00f3mico.<\/p>\n\n\n\n<p>Lo dijo muy bien Guillermo Tovar de Teresa, en el libro Veracruz. Primer puerto del Continente: \u201cVeracruz es un punto de referencia esencial de la vida mexicana. Un puerto. Una puerta. Una ciudad de portales. Durante la Colonia, el lugar abierto de un pa\u00eds cerrado. En otro aspecto, Veracruz es un v\u00e9rtice: el punto de encuentro de Europa con el Nuevo Mundo, que inicia una historia, la de M\u00e9xico. Punto, v\u00e9rtice, bisagra, Veracruz es tambi\u00e9n una movilidad: lugar de tr\u00e1nsito, de afuera hacia adentro, de adentro hacia afuera\u201d.<\/p>\n\n\n\n<p>Por eso la atenci\u00f3n, la deferencia, el inter\u00e9s que el presidente Andr\u00e9s Manuel L\u00f3pez Obrador le ha dado a este estado y al gobierno que encabeza Cuitl\u00e1huac Garc\u00eda Jim\u00e9nez. Y como amor con amor se paga, desde Veracruz, el mandatario veracruzano ha respaldado la reforma el\u00e9ctrica impulsada por el jefe de las instituciones del pa\u00eds.<br>As\u00ed lo refrend\u00f3 en la asamblea informativa organizada por la LXV Legislatura del Congreso de la Uni\u00f3n el pasado domingo en Boca del R\u00edo. Al presidir los Foros sobre la Reforma El\u00e9ctrica, con la presencia de la Secretaria de Energ\u00eda, Roc\u00edo Nahle Garc\u00eda, el gobernador fue enf\u00e1tico: \u201cEn Veracruz la Reforma El\u00e9ctrica va; la Reforma del presidente Andr\u00e9s Manuel L\u00f3pez Obrador va\u201d.<\/p>\n\n\n\n<p>Record\u00f3 que para la entidad esta acci\u00f3n resulta crucial por ser generadora de energ\u00eda con la Central Nucleoel\u00e9ctrica Laguna Verde, de ah\u00ed que es necesario debatir el tema en todo rinc\u00f3n, en cada casa, escuela, colonia, ciudad y municipio; lo cual no ocurri\u00f3 en 2013 cuando, adem\u00e1s de pretender desaparecer a la CFE y PEMEX, eran prioridad las empresas privadas.<\/p>\n\n\n\n<p>El Ejecutivo expres\u00f3 que, pese a haber distintas posturas, nadie puede negar que es un paso hacia la recuperaci\u00f3n de la soberan\u00eda nacional y aprovech\u00f3 para se\u00f1alar que en la construcci\u00f3n de la Refiner\u00eda Dos Bocas, que encabeza Nahle Garc\u00eda, \u201cse distinguen los trabajadores de Veracruz; es el segundo estado que proporciona ingenieros y trabajadores al proyecto m\u00e1s importante del pa\u00eds en esta Cuarta Transformaci\u00f3n\u201d.<\/p>\n\n\n\n<p>Por su parte, la Secretaria de Energ\u00eda, Roc\u00edo Nahle Garc\u00eda, destac\u00f3 que este nuevo esquema permitir\u00e1 que la Comisi\u00f3n Federal de Electricidad (CFE) genere como m\u00ednimo el 54% de la electricidad que requiere el pa\u00eds y los privados el 46%, (equivalente a todo el mercado el\u00e9ctrico en Argentina); esto garantiza a todas y todos los mexicanos seguridad energ\u00e9tica, donde la CFE mantiene la misi\u00f3n de servicio social y con ello que las tarifas el\u00e9ctricas se puedan mantener a un precio Justo.<\/p>\n\n\n\n<p>As\u00ed, puntualiz\u00f3 que, en las propuestas de modificaciones, se establece que el Litio es propiedad de la Naci\u00f3n y que no se otorgar\u00e1n concesiones y no constituir\u00e1 un monopolio las funciones que el Estado ejerza de manera exclusiva en este mineral. Sostuvo que es un mineral estrat\u00e9gico que solo se encuentra en 12 pa\u00edses del mundo y M\u00e9xico es uno de ellos con un potencial del 2% en el suelo y hay que reservarlo para que su explotaci\u00f3n sea en beneficio del pueblo.<\/p>\n\n\n\n<p>Detall\u00f3 que, con las modificaciones propuestas en la iniciativa, el Estado preservar\u00e1 la seguridad y autosuficiencia energ\u00e9tica de la Naci\u00f3n, sin excluir la participaci\u00f3n del sector privado, as\u00ed como el abastecimiento continuo de Energ\u00eda El\u00e9ctrica a toda la poblaci\u00f3n, como indispensable para garantizar la seguridad nacional y el derecho humano a la vida digna.<\/p>\n\n\n\n<p><em>Se cae el teatro de Senadores<\/em><\/p>\n\n\n\n<p>Se cay\u00f3 el teatro a un grupo de senadores que pretend\u00edan minar la credibilidad y liderazgo del gobernador Cuitl\u00e1huac Garc\u00eda Jim\u00e9nez, por la detenci\u00f3n de un funcionario de ese cuerpo colegiado que viol\u00f3 la ley y tendr\u00e1 que ser sometido a un proceso judicial. Al enterarse del hecho, el mandatario veracruzano aplaudi\u00f3 y reconoci\u00f3 la congruencia de la mayor\u00eda de senadores y senadoras de MORENA \u201cque dejaron muy clara su postura de respetar la legalidad para que esa aberrante Comisi\u00f3n no siguiera siendo utilizada para el golpeteo pol\u00edtico sin fundamento\u201d.<\/p>\n\n\n\n<p>\u201cEn Veracruz seguiremos defendiendo a la sociedad de los delincuentes de los c\u00e1rteles y de cuello blanco. Hemos obtenido resultados palpables al disminuir contundentemente los delitos de alto impacto como lo son el homicidio doloso, el feminicidio y el secuestro\u201d, dijo el mandatario. Ante las pruebas irrefutables sobran los argumentos y las mentiras caen por su propio peso.<\/p>\n\n\n\n<p><em>Comentarios: Facebook Yair Ademar Dominguez Twitter @YairAdemar<\/em><\/p>\n","protected":false},"excerpt":{"rendered":"<p>Yair Ademar Dom\u00ednguezPunto y Coma Veracruz ha ocupado un lugar preponderante en la historia de nuestro pa\u00eds. Por estas tierras entr\u00f3 una nueva civilizaci\u00f3n que se desarroll\u00f3 sobre la grandeza de nuestras culturas originarias. El puerto jarocho fue el primer punto mercantil de Am\u00e9rica y siempre hemos sido un estado que ha mirado al mar, [&hellip;]<\/p>\n","protected":false},"author":2,"featured_media":0,"comment_status":"closed","ping_status":"closed","sticky":false,"template":"","format":"standard","meta":{"tdm_status":"","tdm_grid_status":"","footnotes":""},"categories":[70],"tags":[1563,1026,26717,1315,195],"class_list":{"0":"post-85578","1":"post","2":"type-post","3":"status-publish","4":"format-standard","6":"category-de-opinion","7":"tag-cuitlahuac-garcia-jimenez","8":"tag-morena","9":"tag-rocio-nahle-2","10":"tag-senado-de-la-republica","11":"tag-veracruz"},"yoast_head":"<!-- This site is optimized with the Yoast SEO plugin v27.4 - https:\/\/yoast.com\/product\/yoast-seo-wordpress\/ -->\n<title>Veracruz respalda reforma el\u00e9ctrica - Los pol\u00edticos Veracruz<\/title>\n<meta name=\"robots\" content=\"index, follow, max-snippet:-1, max-image-preview:large, max-video-preview:-1\" \/>\n<link rel=\"canonical\" href=\"https:\/\/lospoliticosveracruz.com\/?p=85578\" \/>\n<meta property=\"og:locale\" content=\"es_ES\" \/>\n<meta property=\"og:type\" content=\"article\" \/>\n<meta property=\"og:title\" content=\"Veracruz respalda reforma el\u00e9ctrica - Los pol\u00edticos Veracruz\" \/>\n<meta property=\"og:description\" content=\"Yair Ademar Dom\u00ednguezPunto y Coma Veracruz ha ocupado un lugar preponderante en la historia de nuestro pa\u00eds. Por estas tierras entr\u00f3 una nueva civilizaci\u00f3n que se desarroll\u00f3 sobre la grandeza de nuestras culturas originarias. El puerto jarocho fue el primer punto mercantil de Am\u00e9rica y siempre hemos sido un estado que ha mirado al mar, [&hellip;]\" \/>\n<meta property=\"og:url\" content=\"https:\/\/lospoliticosveracruz.com\/?p=85578\" \/>\n<meta property=\"og:site_name\" content=\"Los pol\u00edticos Veracruz\" \/>\n<meta property=\"article:publisher\" content=\"https:\/\/www.facebook.com\/people\/Notimemes-de-los-Polticos\/61565672886568\/\" \/>\n<meta property=\"article:published_time\" content=\"2022-02-01T16:01:42+00:00\" \/>\n<meta property=\"article:modified_time\" content=\"2022-02-01T16:01:47+00:00\" \/>\n<meta property=\"og:image\" content=\"https:\/\/lospoliticosveracruz.com\/wp-content\/uploads\/2016\/07\/Logo-Dor.jpg\" \/>\n\t<meta property=\"og:image:width\" content=\"200\" \/>\n\t<meta property=\"og:image:height\" content=\"200\" \/>\n\t<meta property=\"og:image:type\" content=\"image\/jpeg\" \/>\n<meta name=\"author\" content=\"Lo viste en Los Pol\u00edticos\" \/>\n<meta name=\"twitter:card\" content=\"summary_large_image\" \/>\n<meta name=\"twitter:creator\" content=\"@LosPoliticosVer\" \/>\n<meta name=\"twitter:site\" content=\"@LosPoliticosVer\" \/>\n<meta name=\"twitter:label1\" content=\"Escrito por\" \/>\n\t<meta name=\"twitter:data1\" content=\"Lo viste en Los Pol\u00edticos\" \/>\n\t<meta name=\"twitter:label2\" content=\"Tiempo de lectura\" \/>\n\t<meta name=\"twitter:data2\" content=\"4 minutos\" \/>\n<script type=\"application\/ld+json\" class=\"yoast-schema-graph\">{\"@context\":\"https:\\\/\\\/schema.org\",\"@graph\":[{\"@type\":\"Article\",\"@id\":\"https:\\\/\\\/lospoliticosveracruz.com\\\/?p=85578#article\",\"isPartOf\":{\"@id\":\"https:\\\/\\\/lospoliticosveracruz.com\\\/?p=85578\"},\"author\":{\"name\":\"Lo viste en Los Pol\u00edticos\",\"@id\":\"https:\\\/\\\/lospoliticosveracruz.com\\\/#\\\/schema\\\/person\\\/b8702bb0e538456e6efd07080bf2a4a2\"},\"headline\":\"Veracruz respalda reforma el\u00e9ctrica\",\"datePublished\":\"2022-02-01T16:01:42+00:00\",\"dateModified\":\"2022-02-01T16:01:47+00:00\",\"mainEntityOfPage\":{\"@id\":\"https:\\\/\\\/lospoliticosveracruz.com\\\/?p=85578\"},\"wordCount\":850,\"publisher\":{\"@id\":\"https:\\\/\\\/lospoliticosveracruz.com\\\/#organization\"},\"keywords\":[\"Cuitl\u00e1huac Garc\u00eda Jim\u00e9nez\",\"Morena\",\"Rocio Nahle\",\"Senado de la Rep\u00fablica\",\"Veracruz\"],\"articleSection\":[\"De Opini\u00f3n\"],\"inLanguage\":\"es\"},{\"@type\":\"WebPage\",\"@id\":\"https:\\\/\\\/lospoliticosveracruz.com\\\/?p=85578\",\"url\":\"https:\\\/\\\/lospoliticosveracruz.com\\\/?p=85578\",\"name\":\"Veracruz respalda reforma el\u00e9ctrica - Los pol\u00edticos Veracruz\",\"isPartOf\":{\"@id\":\"https:\\\/\\\/lospoliticosveracruz.com\\\/#website\"},\"datePublished\":\"2022-02-01T16:01:42+00:00\",\"dateModified\":\"2022-02-01T16:01:47+00:00\",\"breadcrumb\":{\"@id\":\"https:\\\/\\\/lospoliticosveracruz.com\\\/?p=85578#breadcrumb\"},\"inLanguage\":\"es\",\"potentialAction\":[{\"@type\":\"ReadAction\",\"target\":[\"https:\\\/\\\/lospoliticosveracruz.com\\\/?p=85578\"]}]},{\"@type\":\"BreadcrumbList\",\"@id\":\"https:\\\/\\\/lospoliticosveracruz.com\\\/?p=85578#breadcrumb\",\"itemListElement\":[{\"@type\":\"ListItem\",\"position\":1,\"name\":\"Portada\",\"item\":\"https:\\\/\\\/lospoliticosveracruz.com\\\/\"},{\"@type\":\"ListItem\",\"position\":2,\"name\":\"Veracruz respalda reforma el\u00e9ctrica\"}]},{\"@type\":\"WebSite\",\"@id\":\"https:\\\/\\\/lospoliticosveracruz.com\\\/#website\",\"url\":\"https:\\\/\\\/lospoliticosveracruz.com\\\/\",\"name\":\"Los pol\u00edticos Veracruz\",\"description\":\"\",\"publisher\":{\"@id\":\"https:\\\/\\\/lospoliticosveracruz.com\\\/#organization\"},\"potentialAction\":[{\"@type\":\"SearchAction\",\"target\":{\"@type\":\"EntryPoint\",\"urlTemplate\":\"https:\\\/\\\/lospoliticosveracruz.com\\\/?s={search_term_string}\"},\"query-input\":{\"@type\":\"PropertyValueSpecification\",\"valueRequired\":true,\"valueName\":\"search_term_string\"}}],\"inLanguage\":\"es\"},{\"@type\":\"Organization\",\"@id\":\"https:\\\/\\\/lospoliticosveracruz.com\\\/#organization\",\"name\":\"Los pol\u00edticos Veracruz\",\"url\":\"https:\\\/\\\/lospoliticosveracruz.com\\\/\",\"logo\":{\"@type\":\"ImageObject\",\"inLanguage\":\"es\",\"@id\":\"https:\\\/\\\/lospoliticosveracruz.com\\\/#\\\/schema\\\/logo\\\/image\\\/\",\"url\":\"https:\\\/\\\/lospoliticosveracruz.com\\\/wp-content\\\/uploads\\\/2025\\\/12\\\/Logo-Nuevo-LOS-POLITICOS-1.jpg\",\"contentUrl\":\"https:\\\/\\\/lospoliticosveracruz.com\\\/wp-content\\\/uploads\\\/2025\\\/12\\\/Logo-Nuevo-LOS-POLITICOS-1.jpg\",\"width\":260,\"height\":70,\"caption\":\"Los pol\u00edticos Veracruz\"},\"image\":{\"@id\":\"https:\\\/\\\/lospoliticosveracruz.com\\\/#\\\/schema\\\/logo\\\/image\\\/\"},\"sameAs\":[\"https:\\\/\\\/www.facebook.com\\\/people\\\/Notimemes-de-los-Polticos\\\/61565672886568\\\/\",\"https:\\\/\\\/x.com\\\/LosPoliticosVer\"]},{\"@type\":\"Person\",\"@id\":\"https:\\\/\\\/lospoliticosveracruz.com\\\/#\\\/schema\\\/person\\\/b8702bb0e538456e6efd07080bf2a4a2\",\"name\":\"Lo viste en Los Pol\u00edticos\",\"image\":{\"@type\":\"ImageObject\",\"inLanguage\":\"es\",\"@id\":\"https:\\\/\\\/secure.gravatar.com\\\/avatar\\\/3a8de04a2656d44082be478bd6c086daa447c4651605818287b9532d3d0bd435?s=96&d=mm&r=g\",\"url\":\"https:\\\/\\\/secure.gravatar.com\\\/avatar\\\/3a8de04a2656d44082be478bd6c086daa447c4651605818287b9532d3d0bd435?s=96&d=mm&r=g\",\"contentUrl\":\"https:\\\/\\\/secure.gravatar.com\\\/avatar\\\/3a8de04a2656d44082be478bd6c086daa447c4651605818287b9532d3d0bd435?s=96&d=mm&r=g\",\"caption\":\"Lo viste en Los Pol\u00edticos\"},\"url\":\"https:\\\/\\\/lospoliticosveracruz.com\\\/?author=2\"}]}<\/script>\n<!-- \/ Yoast SEO plugin. -->","yoast_head_json":{"title":"Veracruz respalda reforma el\u00e9ctrica - Los pol\u00edticos Veracruz","robots":{"index":"index","follow":"follow","max-snippet":"max-snippet:-1","max-image-preview":"max-image-preview:large","max-video-preview":"max-video-preview:-1"},"canonical":"https:\/\/lospoliticosveracruz.com\/?p=85578","og_locale":"es_ES","og_type":"article","og_title":"Veracruz respalda reforma el\u00e9ctrica - Los pol\u00edticos Veracruz","og_description":"Yair Ademar Dom\u00ednguezPunto y Coma Veracruz ha ocupado un lugar preponderante en la historia de nuestro pa\u00eds. Por estas tierras entr\u00f3 una nueva civilizaci\u00f3n que se desarroll\u00f3 sobre la grandeza de nuestras culturas originarias. El puerto jarocho fue el primer punto mercantil de Am\u00e9rica y siempre hemos sido un estado que ha mirado al mar, [&hellip;]","og_url":"https:\/\/lospoliticosveracruz.com\/?p=85578","og_site_name":"Los pol\u00edticos Veracruz","article_publisher":"https:\/\/www.facebook.com\/people\/Notimemes-de-los-Polticos\/61565672886568\/","article_published_time":"2022-02-01T16:01:42+00:00","article_modified_time":"2022-02-01T16:01:47+00:00","og_image":[{"width":200,"height":200,"url":"https:\/\/lospoliticosveracruz.com\/wp-content\/uploads\/2016\/07\/Logo-Dor.jpg","type":"image\/jpeg"}],"author":"Lo viste en Los Pol\u00edticos","twitter_card":"summary_large_image","twitter_creator":"@LosPoliticosVer","twitter_site":"@LosPoliticosVer","twitter_misc":{"Escrito por":"Lo viste en Los Pol\u00edticos","Tiempo de lectura":"4 minutos"},"schema":{"@context":"https:\/\/schema.org","@graph":[{"@type":"Article","@id":"https:\/\/lospoliticosveracruz.com\/?p=85578#article","isPartOf":{"@id":"https:\/\/lospoliticosveracruz.com\/?p=85578"},"author":{"name":"Lo viste en Los Pol\u00edticos","@id":"https:\/\/lospoliticosveracruz.com\/#\/schema\/person\/b8702bb0e538456e6efd07080bf2a4a2"},"headline":"Veracruz respalda reforma el\u00e9ctrica","datePublished":"2022-02-01T16:01:42+00:00","dateModified":"2022-02-01T16:01:47+00:00","mainEntityOfPage":{"@id":"https:\/\/lospoliticosveracruz.com\/?p=85578"},"wordCount":850,"publisher":{"@id":"https:\/\/lospoliticosveracruz.com\/#organization"},"keywords":["Cuitl\u00e1huac Garc\u00eda Jim\u00e9nez","Morena","Rocio Nahle","Senado de la Rep\u00fablica","Veracruz"],"articleSection":["De Opini\u00f3n"],"inLanguage":"es"},{"@type":"WebPage","@id":"https:\/\/lospoliticosveracruz.com\/?p=85578","url":"https:\/\/lospoliticosveracruz.com\/?p=85578","name":"Veracruz respalda reforma el\u00e9ctrica - Los pol\u00edticos Veracruz","isPartOf":{"@id":"https:\/\/lospoliticosveracruz.com\/#website"},"datePublished":"2022-02-01T16:01:42+00:00","dateModified":"2022-02-01T16:01:47+00:00","breadcrumb":{"@id":"https:\/\/lospoliticosveracruz.com\/?p=85578#breadcrumb"},"inLanguage":"es","potentialAction":[{"@type":"ReadAction","target":["https:\/\/lospoliticosveracruz.com\/?p=85578"]}]},{"@type":"BreadcrumbList","@id":"https:\/\/lospoliticosveracruz.com\/?p=85578#breadcrumb","itemListElement":[{"@type":"ListItem","position":1,"name":"Portada","item":"https:\/\/lospoliticosveracruz.com\/"},{"@type":"ListItem","position":2,"name":"Veracruz respalda reforma el\u00e9ctrica"}]},{"@type":"WebSite","@id":"https:\/\/lospoliticosveracruz.com\/#website","url":"https:\/\/lospoliticosveracruz.com\/","name":"Los pol\u00edticos Veracruz","description":"","publisher":{"@id":"https:\/\/lospoliticosveracruz.com\/#organization"},"potentialAction":[{"@type":"SearchAction","target":{"@type":"EntryPoint","urlTemplate":"https:\/\/lospoliticosveracruz.com\/?s={search_term_string}"},"query-input":{"@type":"PropertyValueSpecification","valueRequired":true,"valueName":"search_term_string"}}],"inLanguage":"es"},{"@type":"Organization","@id":"https:\/\/lospoliticosveracruz.com\/#organization","name":"Los pol\u00edticos Veracruz","url":"https:\/\/lospoliticosveracruz.com\/","logo":{"@type":"ImageObject","inLanguage":"es","@id":"https:\/\/lospoliticosveracruz.com\/#\/schema\/logo\/image\/","url":"https:\/\/lospoliticosveracruz.com\/wp-content\/uploads\/2025\/12\/Logo-Nuevo-LOS-POLITICOS-1.jpg","contentUrl":"https:\/\/lospoliticosveracruz.com\/wp-content\/uploads\/2025\/12\/Logo-Nuevo-LOS-POLITICOS-1.jpg","width":260,"height":70,"caption":"Los pol\u00edticos Veracruz"},"image":{"@id":"https:\/\/lospoliticosveracruz.com\/#\/schema\/logo\/image\/"},"sameAs":["https:\/\/www.facebook.com\/people\/Notimemes-de-los-Polticos\/61565672886568\/","https:\/\/x.com\/LosPoliticosVer"]},{"@type":"Person","@id":"https:\/\/lospoliticosveracruz.com\/#\/schema\/person\/b8702bb0e538456e6efd07080bf2a4a2","name":"Lo viste en Los Pol\u00edticos","image":{"@type":"ImageObject","inLanguage":"es","@id":"https:\/\/secure.gravatar.com\/avatar\/3a8de04a2656d44082be478bd6c086daa447c4651605818287b9532d3d0bd435?s=96&d=mm&r=g","url":"https:\/\/secure.gravatar.com\/avatar\/3a8de04a2656d44082be478bd6c086daa447c4651605818287b9532d3d0bd435?s=96&d=mm&r=g","contentUrl":"https:\/\/secure.gravatar.com\/avatar\/3a8de04a2656d44082be478bd6c086daa447c4651605818287b9532d3d0bd435?s=96&d=mm&r=g","caption":"Lo viste en Los Pol\u00edticos"},"url":"https:\/\/lospoliticosveracruz.com\/?author=2"}]}},"_links":{"self":[{"href":"https:\/\/lospoliticosveracruz.com\/index.php?rest_route=\/wp\/v2\/posts\/85578","targetHints":{"allow":["GET"]}}],"collection":[{"href":"https:\/\/lospoliticosveracruz.com\/index.php?rest_route=\/wp\/v2\/posts"}],"about":[{"href":"https:\/\/lospoliticosveracruz.com\/index.php?rest_route=\/wp\/v2\/types\/post"}],"author":[{"embeddable":true,"href":"https:\/\/lospoliticosveracruz.com\/index.php?rest_route=\/wp\/v2\/users\/2"}],"replies":[{"embeddable":true,"href":"https:\/\/lospoliticosveracruz.com\/index.php?rest_route=%2Fwp%2Fv2%2Fcomments&post=85578"}],"version-history":[{"count":1,"href":"https:\/\/lospoliticosveracruz.com\/index.php?rest_route=\/wp\/v2\/posts\/85578\/revisions"}],"predecessor-version":[{"id":85580,"href":"https:\/\/lospoliticosveracruz.com\/index.php?rest_route=\/wp\/v2\/posts\/85578\/revisions\/85580"}],"wp:attachment":[{"href":"https:\/\/lospoliticosveracruz.com\/index.php?rest_route=%2Fwp%2Fv2%2Fmedia&parent=85578"}],"wp:term":[{"taxonomy":"category","embeddable":true,"href":"https:\/\/lospoliticosveracruz.com\/index.php?rest_route=%2Fwp%2Fv2%2Fcategories&post=85578"},{"taxonomy":"post_tag","embeddable":true,"href":"https:\/\/lospoliticosveracruz.com\/index.php?rest_route=%2Fwp%2Fv2%2Ftags&post=85578"}],"curies":[{"name":"wp","href":"https:\/\/api.w.org\/{rel}","templated":true}]}}