{"id":85624,"date":"2022-02-02T03:09:00","date_gmt":"2022-02-02T09:09:00","guid":{"rendered":"https:\/\/lospoliticosveracruz.com.mx\/?p=85624"},"modified":"2022-02-02T08:07:39","modified_gmt":"2022-02-02T14:07:39","slug":"regina-2","status":"publish","type":"post","link":"https:\/\/lospoliticosveracruz.com\/?p=85624","title":{"rendered":"Regina"},"content":{"rendered":"\n<p><br><strong>Guadalupe H. Mar<br><\/strong><em>Mira Pol\u00edtica<\/em><\/p>\n\n\n\n<p><strong>\u00abFUERON LOS SOLDADOS, M&#8217;IJA\u00bb<\/strong> \u2026 En marzo del a\u00f1o 2007, los periodistas de la revista Proceso, Regina Mart\u00ednez y Rodrigo Vera, publicaron el reportaje de la anciana de 72 a\u00f1os, Ernestina Ascensio Rosario, una ind\u00edgena nahua que presuntamente fue violada por soldados en la comunidad de Tetlatzinga, en la sierra de Zongolica, hecho que los reporteros testimoniaron detalladamente y que ahora, a m\u00e1s de 14 a\u00f1os, da sustento a una nueva investigaci\u00f3n gubernamental sugerida por la Comisi\u00f3n Interamericana de Derechos Humanos.<\/p>\n\n\n\n<div class=\"wp-block-image\"><figure class=\"alignleft size-full is-resized\"><a href=\"https:\/\/lospoliticosveracruz.com.mx\/wp-content\/uploads\/2021\/10\/Zacauilt.jpg\"><img loading=\"lazy\" decoding=\"async\" src=\"https:\/\/lospoliticosveracruz.com.mx\/wp-content\/uploads\/2021\/10\/Zacauilt.jpg\" alt=\"\" class=\"wp-image-80558\" width=\"250\" height=\"500\"\/><\/a><\/figure><\/div>\n\n\n\n<p><br>El reportaje de Regina Mart\u00ednez, egresada de la facultad de Ciencias y T\u00e9cnicas de la Comunicaci\u00f3n, de la Universidad Veracruzana y Rodrigo Vera, fue titulado en la revista Proceso: \u00abFUERON LOS SOLDADOS, M&#8217;IJA\u00bb y en \u00e9l, los reporteros dan cuenta de los hechos que provocaron la muerte de la ind\u00edgena, pieza period\u00edstica cuyos primeros p\u00e1rrafos reproducimos a continuaci\u00f3n:<br><strong>\u00abSIERRA DE ZONGOLICA, VER. &#8211;<\/strong> La ind\u00edgena nahua Marta In\u00e9s Ascensio encontr\u00f3 a su madre moribunda, con el cr\u00e1neo y las costillas rotas. Yac\u00eda sobre la hojarasca, en un fr\u00edo paraje de la comunidad de Tetlatzinga sombreado por enormes pinos.<br>-\u00bfQu\u00e9 tiene, madre? \u00bfQu\u00e9 le pas\u00f3? -le pregunt\u00f3 angustiada.<br>Y su madre, la anciana Ernestina Ascensio Rosario, de 72 a\u00f1os de edad, le respondi\u00f3 con mucho esfuerzo:<br>\u00abFueron los soldados, m&#8217;ija. Los soldados me golpearon, me amarraron y me taparon la boca. Tra\u00edan sus cartucheras repletas de balas\u00bb.<br>A poca distancia de ah\u00ed, sobre un desnudo mont\u00edculo, un campamento del Ej\u00e9rcito Mexicano compuesto por 150 elementos segu\u00eda con sus labores de vigilancia. Tiendas de campa\u00f1a desplegadas aqu\u00ed y all\u00e1, peque\u00f1os grupos de soldados deambulando de un lado a otro\u00bb.<br>El resto del reportaje, por cierto, fue pr\u00e1cticamente lo que el pasado 10 de diciembre expuso en \u00abla ma\u00f1anera\u00bb de ese d\u00eda Alejandro Encinas Rodr\u00edguez, subsecretario de Derechos Humanos, Poblaci\u00f3n y Migraci\u00f3n de la Secretar\u00eda de Gobernaci\u00f3n (Segob): <strong><em><a href=\"https:\/\/bit.ly\/3rjAt8N\">https:\/\/bit.ly\/3rjAt8N<\/a><\/em><\/strong><br>Ese viernes 10 de diciembre, el subsecretario de la Segob expuso que en el marco del D\u00eda Internacional de los Derechos Humanos, se refiri\u00f3 \u00abal compromiso que asumi\u00f3 el se\u00f1or presidente respecto a esclarecer la posici\u00f3n del gobierno federal y del Estado mexicano respecto al caso de la se\u00f1ora Ernestina Ascencio, una mujer ind\u00edgena n\u00e1huatl de 73 a\u00f1os de edad, que viv\u00eda en condiciones de marginaci\u00f3n y de pobreza en el municipio de Soledad Atzompa, en Veracruz, y que, por declaraciones de sus familiares, fue atacada por elementos del Ej\u00e9rcito mexicano que incurrieron en violaci\u00f3n\u2026\u00bb<br>Por ser compromiso presidencial, Alejandro Encinas anunci\u00f3 que \u00abla Fiscal\u00eda General de Justicia del estado de Veracruz, abrir\u00e1 de nueva cuenta las indagatorias hasta agotar todas las l\u00edneas de investigaci\u00f3n, a fin de garantizar la verdad, la justicia y la reparaci\u00f3n integral para las v\u00edctimas\u00bb.<br>A m\u00e1s de 14 a\u00f1os de estos hechos que provocaron la muerte de la anciana Ernestina Ascencio, en el municipio de Soledad Atzompa, en Veracruz, el asunto vuelve a tener vigencia, se desempolva y habr\u00e1 que ver si en realidad se llega a las \u00faltimas consecuencias, pues involucra al entonces presidente de la rep\u00fablica, el panista Felipe de Jes\u00fas Calder\u00f3n Hinojosa y al priista Fidel Herrera Beltr\u00e1n como gobernador de la entidad veracruzana, quien por cierto despidi\u00f3 al personal m\u00e9dico que en su momento dejo entrever que efectivamente hab\u00eda sido una violaci\u00f3n.<br>HOYOS CONURBADOS \u2026 Se ha cumplido el primer mes de la administraci\u00f3n de los presidentes municipales del estado de Veracruz y cada uno de ellos, con lo poco que se van agenciando de lo que reciben del pago del Impuesto Predial van haciendo lo que pueden para hacer como que hacen, como contratar a decenas de personas para que se dediquen a barrer las calles y bien para pintar guarniciones.<br>Sin embargo, lo que urge atiendan por ejemplo los alcaldes de los municipios conurbados de Veracruz y Boca del R\u00edo, Patricia Lobeira Rodr\u00edguez y Juan Manuel de Un\u00e1nue Abascal respectivamente, es la gran cantidad de hoyancos, que alguna vez fueron baches, heredados por sus respectivos antecesores.<br>No hay zona de la conurbaci\u00f3n que se salve de estos inmensos cr\u00e1teres que son prueba de que en los \u00faltimos cuatro a\u00f1os no hubo mantenimiento al asfaltado de las calles de ambas ciudades.<br>D\u00cdGALO SIN MIEDO \u2026 Al correo electr\u00f3nico guadalupehmar@yahoo.com<\/p>\n","protected":false},"excerpt":{"rendered":"<p>Guadalupe H. MarMira Pol\u00edtica \u00abFUERON LOS SOLDADOS, M&#8217;IJA\u00bb \u2026 En marzo del a\u00f1o 2007, los periodistas de la revista Proceso, Regina Mart\u00ednez y Rodrigo Vera, publicaron el reportaje de la anciana de 72 a\u00f1os, Ernestina Ascensio Rosario, una ind\u00edgena nahua que presuntamente fue violada por soldados en la comunidad de Tetlatzinga, en la sierra de [&hellip;]<\/p>\n","protected":false},"author":2,"featured_media":0,"comment_status":"closed","ping_status":"closed","sticky":false,"template":"","format":"standard","meta":{"tdm_status":"","tdm_grid_status":"","footnotes":""},"categories":[70],"tags":[32113,12261,32112,32114,28179,493],"class_list":{"0":"post-85624","1":"post","2":"type-post","3":"status-publish","4":"format-standard","6":"category-de-opinion","7":"tag-ernestina-ascensio-rosario","8":"tag-fiscalia-general","9":"tag-guadalipe-h-mar","10":"tag-juan-manuel-de-unanue-abascal-2","11":"tag-patricia-lobeira-rodriguez","12":"tag-regina-martinez"},"yoast_head":"<!-- This site is optimized with the Yoast SEO plugin v27.4 - https:\/\/yoast.com\/product\/yoast-seo-wordpress\/ -->\n<title>Regina - Los pol\u00edticos Veracruz<\/title>\n<meta name=\"robots\" content=\"index, follow, max-snippet:-1, max-image-preview:large, max-video-preview:-1\" \/>\n<link rel=\"canonical\" href=\"https:\/\/lospoliticosveracruz.com\/?p=85624\" \/>\n<meta property=\"og:locale\" content=\"es_ES\" \/>\n<meta property=\"og:type\" content=\"article\" \/>\n<meta property=\"og:title\" content=\"Regina - Los pol\u00edticos Veracruz\" \/>\n<meta property=\"og:description\" content=\"Guadalupe H. MarMira Pol\u00edtica \u00abFUERON LOS SOLDADOS, M&#8217;IJA\u00bb \u2026 En marzo del a\u00f1o 2007, los periodistas de la revista Proceso, Regina Mart\u00ednez y Rodrigo Vera, publicaron el reportaje de la anciana de 72 a\u00f1os, Ernestina Ascensio Rosario, una ind\u00edgena nahua que presuntamente fue violada por soldados en la comunidad de Tetlatzinga, en la sierra de [&hellip;]\" \/>\n<meta property=\"og:url\" content=\"https:\/\/lospoliticosveracruz.com\/?p=85624\" \/>\n<meta property=\"og:site_name\" content=\"Los pol\u00edticos Veracruz\" \/>\n<meta property=\"article:publisher\" content=\"https:\/\/www.facebook.com\/people\/Notimemes-de-los-Polticos\/61565672886568\/\" \/>\n<meta property=\"article:published_time\" content=\"2022-02-02T09:09:00+00:00\" \/>\n<meta property=\"article:modified_time\" content=\"2022-02-02T14:07:39+00:00\" \/>\n<meta property=\"og:image\" content=\"https:\/\/lospoliticosveracruz.com.mx\/wp-content\/uploads\/2021\/10\/Zacauilt.jpg\" \/>\n<meta name=\"author\" content=\"Lo viste en Los Pol\u00edticos\" \/>\n<meta name=\"twitter:card\" content=\"summary_large_image\" \/>\n<meta name=\"twitter:creator\" content=\"@LosPoliticosVer\" \/>\n<meta name=\"twitter:site\" content=\"@LosPoliticosVer\" \/>\n<meta name=\"twitter:label1\" content=\"Escrito por\" \/>\n\t<meta name=\"twitter:data1\" content=\"Lo viste en Los Pol\u00edticos\" \/>\n\t<meta name=\"twitter:label2\" content=\"Tiempo de lectura\" \/>\n\t<meta name=\"twitter:data2\" content=\"4 minutos\" \/>\n<script type=\"application\/ld+json\" class=\"yoast-schema-graph\">{\"@context\":\"https:\\\/\\\/schema.org\",\"@graph\":[{\"@type\":\"Article\",\"@id\":\"https:\\\/\\\/lospoliticosveracruz.com\\\/?p=85624#article\",\"isPartOf\":{\"@id\":\"https:\\\/\\\/lospoliticosveracruz.com\\\/?p=85624\"},\"author\":{\"name\":\"Lo viste en Los Pol\u00edticos\",\"@id\":\"https:\\\/\\\/lospoliticosveracruz.com\\\/#\\\/schema\\\/person\\\/b8702bb0e538456e6efd07080bf2a4a2\"},\"headline\":\"Regina\",\"datePublished\":\"2022-02-02T09:09:00+00:00\",\"dateModified\":\"2022-02-02T14:07:39+00:00\",\"mainEntityOfPage\":{\"@id\":\"https:\\\/\\\/lospoliticosveracruz.com\\\/?p=85624\"},\"wordCount\":771,\"publisher\":{\"@id\":\"https:\\\/\\\/lospoliticosveracruz.com\\\/#organization\"},\"image\":{\"@id\":\"https:\\\/\\\/lospoliticosveracruz.com\\\/?p=85624#primaryimage\"},\"thumbnailUrl\":\"https:\\\/\\\/lospoliticosveracruz.com.mx\\\/wp-content\\\/uploads\\\/2021\\\/10\\\/Zacauilt.jpg\",\"keywords\":[\"Ernestina Ascensio Rosario\",\"Fiscal\u00eda General\",\"Guadalipe H. Mar\",\"Juan Manuel de Un\u00e1nue Abascal\",\"Patricia Lobeira Rodr\u00edguez\",\"Regina Mart\u00ednez\"],\"articleSection\":[\"De Opini\u00f3n\"],\"inLanguage\":\"es\"},{\"@type\":\"WebPage\",\"@id\":\"https:\\\/\\\/lospoliticosveracruz.com\\\/?p=85624\",\"url\":\"https:\\\/\\\/lospoliticosveracruz.com\\\/?p=85624\",\"name\":\"Regina - Los pol\u00edticos Veracruz\",\"isPartOf\":{\"@id\":\"https:\\\/\\\/lospoliticosveracruz.com\\\/#website\"},\"primaryImageOfPage\":{\"@id\":\"https:\\\/\\\/lospoliticosveracruz.com\\\/?p=85624#primaryimage\"},\"image\":{\"@id\":\"https:\\\/\\\/lospoliticosveracruz.com\\\/?p=85624#primaryimage\"},\"thumbnailUrl\":\"https:\\\/\\\/lospoliticosveracruz.com.mx\\\/wp-content\\\/uploads\\\/2021\\\/10\\\/Zacauilt.jpg\",\"datePublished\":\"2022-02-02T09:09:00+00:00\",\"dateModified\":\"2022-02-02T14:07:39+00:00\",\"breadcrumb\":{\"@id\":\"https:\\\/\\\/lospoliticosveracruz.com\\\/?p=85624#breadcrumb\"},\"inLanguage\":\"es\",\"potentialAction\":[{\"@type\":\"ReadAction\",\"target\":[\"https:\\\/\\\/lospoliticosveracruz.com\\\/?p=85624\"]}]},{\"@type\":\"ImageObject\",\"inLanguage\":\"es\",\"@id\":\"https:\\\/\\\/lospoliticosveracruz.com\\\/?p=85624#primaryimage\",\"url\":\"https:\\\/\\\/lospoliticosveracruz.com.mx\\\/wp-content\\\/uploads\\\/2021\\\/10\\\/Zacauilt.jpg\",\"contentUrl\":\"https:\\\/\\\/lospoliticosveracruz.com.mx\\\/wp-content\\\/uploads\\\/2021\\\/10\\\/Zacauilt.jpg\"},{\"@type\":\"BreadcrumbList\",\"@id\":\"https:\\\/\\\/lospoliticosveracruz.com\\\/?p=85624#breadcrumb\",\"itemListElement\":[{\"@type\":\"ListItem\",\"position\":1,\"name\":\"Portada\",\"item\":\"https:\\\/\\\/lospoliticosveracruz.com\\\/\"},{\"@type\":\"ListItem\",\"position\":2,\"name\":\"Regina\"}]},{\"@type\":\"WebSite\",\"@id\":\"https:\\\/\\\/lospoliticosveracruz.com\\\/#website\",\"url\":\"https:\\\/\\\/lospoliticosveracruz.com\\\/\",\"name\":\"Los pol\u00edticos Veracruz\",\"description\":\"\",\"publisher\":{\"@id\":\"https:\\\/\\\/lospoliticosveracruz.com\\\/#organization\"},\"potentialAction\":[{\"@type\":\"SearchAction\",\"target\":{\"@type\":\"EntryPoint\",\"urlTemplate\":\"https:\\\/\\\/lospoliticosveracruz.com\\\/?s={search_term_string}\"},\"query-input\":{\"@type\":\"PropertyValueSpecification\",\"valueRequired\":true,\"valueName\":\"search_term_string\"}}],\"inLanguage\":\"es\"},{\"@type\":\"Organization\",\"@id\":\"https:\\\/\\\/lospoliticosveracruz.com\\\/#organization\",\"name\":\"Los pol\u00edticos Veracruz\",\"url\":\"https:\\\/\\\/lospoliticosveracruz.com\\\/\",\"logo\":{\"@type\":\"ImageObject\",\"inLanguage\":\"es\",\"@id\":\"https:\\\/\\\/lospoliticosveracruz.com\\\/#\\\/schema\\\/logo\\\/image\\\/\",\"url\":\"https:\\\/\\\/lospoliticosveracruz.com\\\/wp-content\\\/uploads\\\/2025\\\/12\\\/Logo-Nuevo-LOS-POLITICOS-1.jpg\",\"contentUrl\":\"https:\\\/\\\/lospoliticosveracruz.com\\\/wp-content\\\/uploads\\\/2025\\\/12\\\/Logo-Nuevo-LOS-POLITICOS-1.jpg\",\"width\":260,\"height\":70,\"caption\":\"Los pol\u00edticos Veracruz\"},\"image\":{\"@id\":\"https:\\\/\\\/lospoliticosveracruz.com\\\/#\\\/schema\\\/logo\\\/image\\\/\"},\"sameAs\":[\"https:\\\/\\\/www.facebook.com\\\/people\\\/Notimemes-de-los-Polticos\\\/61565672886568\\\/\",\"https:\\\/\\\/x.com\\\/LosPoliticosVer\"]},{\"@type\":\"Person\",\"@id\":\"https:\\\/\\\/lospoliticosveracruz.com\\\/#\\\/schema\\\/person\\\/b8702bb0e538456e6efd07080bf2a4a2\",\"name\":\"Lo viste en Los Pol\u00edticos\",\"image\":{\"@type\":\"ImageObject\",\"inLanguage\":\"es\",\"@id\":\"https:\\\/\\\/secure.gravatar.com\\\/avatar\\\/3a8de04a2656d44082be478bd6c086daa447c4651605818287b9532d3d0bd435?s=96&d=mm&r=g\",\"url\":\"https:\\\/\\\/secure.gravatar.com\\\/avatar\\\/3a8de04a2656d44082be478bd6c086daa447c4651605818287b9532d3d0bd435?s=96&d=mm&r=g\",\"contentUrl\":\"https:\\\/\\\/secure.gravatar.com\\\/avatar\\\/3a8de04a2656d44082be478bd6c086daa447c4651605818287b9532d3d0bd435?s=96&d=mm&r=g\",\"caption\":\"Lo viste en Los Pol\u00edticos\"},\"url\":\"https:\\\/\\\/lospoliticosveracruz.com\\\/?author=2\"}]}<\/script>\n<!-- \/ Yoast SEO plugin. -->","yoast_head_json":{"title":"Regina - Los pol\u00edticos Veracruz","robots":{"index":"index","follow":"follow","max-snippet":"max-snippet:-1","max-image-preview":"max-image-preview:large","max-video-preview":"max-video-preview:-1"},"canonical":"https:\/\/lospoliticosveracruz.com\/?p=85624","og_locale":"es_ES","og_type":"article","og_title":"Regina - Los pol\u00edticos Veracruz","og_description":"Guadalupe H. MarMira Pol\u00edtica \u00abFUERON LOS SOLDADOS, M&#8217;IJA\u00bb \u2026 En marzo del a\u00f1o 2007, los periodistas de la revista Proceso, Regina Mart\u00ednez y Rodrigo Vera, publicaron el reportaje de la anciana de 72 a\u00f1os, Ernestina Ascensio Rosario, una ind\u00edgena nahua que presuntamente fue violada por soldados en la comunidad de Tetlatzinga, en la sierra de [&hellip;]","og_url":"https:\/\/lospoliticosveracruz.com\/?p=85624","og_site_name":"Los pol\u00edticos Veracruz","article_publisher":"https:\/\/www.facebook.com\/people\/Notimemes-de-los-Polticos\/61565672886568\/","article_published_time":"2022-02-02T09:09:00+00:00","article_modified_time":"2022-02-02T14:07:39+00:00","og_image":[{"url":"https:\/\/lospoliticosveracruz.com.mx\/wp-content\/uploads\/2021\/10\/Zacauilt.jpg","type":"","width":"","height":""}],"author":"Lo viste en Los Pol\u00edticos","twitter_card":"summary_large_image","twitter_creator":"@LosPoliticosVer","twitter_site":"@LosPoliticosVer","twitter_misc":{"Escrito por":"Lo viste en Los Pol\u00edticos","Tiempo de lectura":"4 minutos"},"schema":{"@context":"https:\/\/schema.org","@graph":[{"@type":"Article","@id":"https:\/\/lospoliticosveracruz.com\/?p=85624#article","isPartOf":{"@id":"https:\/\/lospoliticosveracruz.com\/?p=85624"},"author":{"name":"Lo viste en Los Pol\u00edticos","@id":"https:\/\/lospoliticosveracruz.com\/#\/schema\/person\/b8702bb0e538456e6efd07080bf2a4a2"},"headline":"Regina","datePublished":"2022-02-02T09:09:00+00:00","dateModified":"2022-02-02T14:07:39+00:00","mainEntityOfPage":{"@id":"https:\/\/lospoliticosveracruz.com\/?p=85624"},"wordCount":771,"publisher":{"@id":"https:\/\/lospoliticosveracruz.com\/#organization"},"image":{"@id":"https:\/\/lospoliticosveracruz.com\/?p=85624#primaryimage"},"thumbnailUrl":"https:\/\/lospoliticosveracruz.com.mx\/wp-content\/uploads\/2021\/10\/Zacauilt.jpg","keywords":["Ernestina Ascensio Rosario","Fiscal\u00eda General","Guadalipe H. Mar","Juan Manuel de Un\u00e1nue Abascal","Patricia Lobeira Rodr\u00edguez","Regina Mart\u00ednez"],"articleSection":["De Opini\u00f3n"],"inLanguage":"es"},{"@type":"WebPage","@id":"https:\/\/lospoliticosveracruz.com\/?p=85624","url":"https:\/\/lospoliticosveracruz.com\/?p=85624","name":"Regina - Los pol\u00edticos Veracruz","isPartOf":{"@id":"https:\/\/lospoliticosveracruz.com\/#website"},"primaryImageOfPage":{"@id":"https:\/\/lospoliticosveracruz.com\/?p=85624#primaryimage"},"image":{"@id":"https:\/\/lospoliticosveracruz.com\/?p=85624#primaryimage"},"thumbnailUrl":"https:\/\/lospoliticosveracruz.com.mx\/wp-content\/uploads\/2021\/10\/Zacauilt.jpg","datePublished":"2022-02-02T09:09:00+00:00","dateModified":"2022-02-02T14:07:39+00:00","breadcrumb":{"@id":"https:\/\/lospoliticosveracruz.com\/?p=85624#breadcrumb"},"inLanguage":"es","potentialAction":[{"@type":"ReadAction","target":["https:\/\/lospoliticosveracruz.com\/?p=85624"]}]},{"@type":"ImageObject","inLanguage":"es","@id":"https:\/\/lospoliticosveracruz.com\/?p=85624#primaryimage","url":"https:\/\/lospoliticosveracruz.com.mx\/wp-content\/uploads\/2021\/10\/Zacauilt.jpg","contentUrl":"https:\/\/lospoliticosveracruz.com.mx\/wp-content\/uploads\/2021\/10\/Zacauilt.jpg"},{"@type":"BreadcrumbList","@id":"https:\/\/lospoliticosveracruz.com\/?p=85624#breadcrumb","itemListElement":[{"@type":"ListItem","position":1,"name":"Portada","item":"https:\/\/lospoliticosveracruz.com\/"},{"@type":"ListItem","position":2,"name":"Regina"}]},{"@type":"WebSite","@id":"https:\/\/lospoliticosveracruz.com\/#website","url":"https:\/\/lospoliticosveracruz.com\/","name":"Los pol\u00edticos Veracruz","description":"","publisher":{"@id":"https:\/\/lospoliticosveracruz.com\/#organization"},"potentialAction":[{"@type":"SearchAction","target":{"@type":"EntryPoint","urlTemplate":"https:\/\/lospoliticosveracruz.com\/?s={search_term_string}"},"query-input":{"@type":"PropertyValueSpecification","valueRequired":true,"valueName":"search_term_string"}}],"inLanguage":"es"},{"@type":"Organization","@id":"https:\/\/lospoliticosveracruz.com\/#organization","name":"Los pol\u00edticos Veracruz","url":"https:\/\/lospoliticosveracruz.com\/","logo":{"@type":"ImageObject","inLanguage":"es","@id":"https:\/\/lospoliticosveracruz.com\/#\/schema\/logo\/image\/","url":"https:\/\/lospoliticosveracruz.com\/wp-content\/uploads\/2025\/12\/Logo-Nuevo-LOS-POLITICOS-1.jpg","contentUrl":"https:\/\/lospoliticosveracruz.com\/wp-content\/uploads\/2025\/12\/Logo-Nuevo-LOS-POLITICOS-1.jpg","width":260,"height":70,"caption":"Los pol\u00edticos Veracruz"},"image":{"@id":"https:\/\/lospoliticosveracruz.com\/#\/schema\/logo\/image\/"},"sameAs":["https:\/\/www.facebook.com\/people\/Notimemes-de-los-Polticos\/61565672886568\/","https:\/\/x.com\/LosPoliticosVer"]},{"@type":"Person","@id":"https:\/\/lospoliticosveracruz.com\/#\/schema\/person\/b8702bb0e538456e6efd07080bf2a4a2","name":"Lo viste en Los Pol\u00edticos","image":{"@type":"ImageObject","inLanguage":"es","@id":"https:\/\/secure.gravatar.com\/avatar\/3a8de04a2656d44082be478bd6c086daa447c4651605818287b9532d3d0bd435?s=96&d=mm&r=g","url":"https:\/\/secure.gravatar.com\/avatar\/3a8de04a2656d44082be478bd6c086daa447c4651605818287b9532d3d0bd435?s=96&d=mm&r=g","contentUrl":"https:\/\/secure.gravatar.com\/avatar\/3a8de04a2656d44082be478bd6c086daa447c4651605818287b9532d3d0bd435?s=96&d=mm&r=g","caption":"Lo viste en Los Pol\u00edticos"},"url":"https:\/\/lospoliticosveracruz.com\/?author=2"}]}},"_links":{"self":[{"href":"https:\/\/lospoliticosveracruz.com\/index.php?rest_route=\/wp\/v2\/posts\/85624","targetHints":{"allow":["GET"]}}],"collection":[{"href":"https:\/\/lospoliticosveracruz.com\/index.php?rest_route=\/wp\/v2\/posts"}],"about":[{"href":"https:\/\/lospoliticosveracruz.com\/index.php?rest_route=\/wp\/v2\/types\/post"}],"author":[{"embeddable":true,"href":"https:\/\/lospoliticosveracruz.com\/index.php?rest_route=\/wp\/v2\/users\/2"}],"replies":[{"embeddable":true,"href":"https:\/\/lospoliticosveracruz.com\/index.php?rest_route=%2Fwp%2Fv2%2Fcomments&post=85624"}],"version-history":[{"count":2,"href":"https:\/\/lospoliticosveracruz.com\/index.php?rest_route=\/wp\/v2\/posts\/85624\/revisions"}],"predecessor-version":[{"id":85637,"href":"https:\/\/lospoliticosveracruz.com\/index.php?rest_route=\/wp\/v2\/posts\/85624\/revisions\/85637"}],"wp:attachment":[{"href":"https:\/\/lospoliticosveracruz.com\/index.php?rest_route=%2Fwp%2Fv2%2Fmedia&parent=85624"}],"wp:term":[{"taxonomy":"category","embeddable":true,"href":"https:\/\/lospoliticosveracruz.com\/index.php?rest_route=%2Fwp%2Fv2%2Fcategories&post=85624"},{"taxonomy":"post_tag","embeddable":true,"href":"https:\/\/lospoliticosveracruz.com\/index.php?rest_route=%2Fwp%2Fv2%2Ftags&post=85624"}],"curies":[{"name":"wp","href":"https:\/\/api.w.org\/{rel}","templated":true}]}}