{"id":85638,"date":"2022-02-02T08:35:59","date_gmt":"2022-02-02T14:35:59","guid":{"rendered":"https:\/\/lospoliticosveracruz.com.mx\/?p=85638"},"modified":"2022-02-02T08:36:05","modified_gmt":"2022-02-02T14:36:05","slug":"los-lebaron-y-del-rio-virgen","status":"publish","type":"post","link":"https:\/\/lospoliticosveracruz.com\/?p=85638","title":{"rendered":"Los LeBaron y Del R\u00edo Virgen"},"content":{"rendered":"\n<p><strong>Ricardo Ch\u00faa<br><\/strong><em>Sale y Vale<\/em><\/p>\n\n\n\n<p>LOS LEBARON Y DEL R\u00cdO VIRGEN\u2026 En mensajes de voz a trav\u00e9s del \u00abwhatsapp\u00bb\u2026 Se sabe que Adri\u00e1n y Bryan Lebaron y el secretario T\u00e9cnico del Senado, hoy preso en Pacho Viejo por ser el presunto autor intelectual del asesinato de Ren\u00e9 Tovar en Cazones en 2021, Jos\u00e9 Manuel del R\u00edo Virgen mantienen un a\u00f1eja cercan\u00eda\u2026 Y en donde el veracruzano les dice que a \u00e9l, este gobierno estatal de Cuitl\u00e1huac Garc\u00eda, no lo va a \u00abdoblar\u00bb y se mantendr\u00e1 de \u00abpie\u00bb porque es inocente de los cargos que se le imputan\u2026<\/p>\n\n\n\n<p>Que \u00e9l como funcionario del Senado fue ocupado como \u00abChivo Expiatorio\u00bb en un pleito que no era con \u00e9l, sino con otras personas\u2026 Acusando de que todo se manipul\u00f3 en el Poder Judicial de Veracruz para mantenerlo en la c\u00e1rcel, cuando no hab\u00edan detenidos a los autores materiales\u2026 Pero como \u00e9l trajo a Movimiento Ciudadano a pol\u00edticos que hab\u00edan sido rechazados de MORENA\u2026 Eso les doli\u00f3 y como el gobierno estatal ten\u00eda conflictos con el Senado\u2026 Lo ocuparon a \u00e9l para dar escarmiento y por eso hoy es PRESO POL\u00cdTICO\u2026<\/p>\n\n\n\n<p>Los Lebaron prometieron defenderlo ante las instancias gubernamentales y no gubernamentales para desenmascarar a los sistema judiciales en M\u00e9xico, que por cuestiones o \u00abvendettas\u00bb pol\u00edticas, le dan \u00abvuelta\u00bb a la ley\u2026 Y que se\u00f1alaran todo lo que est\u00e1 ocurriendo en Veracruz con su caso y el por qu\u00e9 lo mantienen preso\u2026 Lo har\u00e1n de manera legal y medi\u00e1tica para no dejar que este funcionario del Senado, sea una \u00abv\u00edctima\u00bb de un gobierno que presuntamente lo mantiene DETENIDO por cuestiones pol\u00edticas\u2026<\/p>\n\n\n\n<p>OJO\u2026 Lo se\u00f1alamos en este espacio, el pasado domingo, que esta semana iba a ser igual o peor de complicada para Cuitl\u00e1huac Garc\u00eda y su administraci\u00f3n\u2026 Tanto pol\u00edtica como medi\u00e1ticamente\u2026 Tiene abiertos demasiados frentes al interior de MORENA, con partidos\u2026 Ricardo Monreal y Dante Delgado a\u00fan contin\u00faan vigilando sus movimientos\u2026 Est\u00e1 acotado pol\u00edticamente porque ya se defini\u00f3 por Rocio Nahle en la sucesi\u00f3n estatal\u2026 A menos de 3 a\u00f1os de terminar su gobierno\u2026 Eso es \u00abSU WATERLOO\u00bb\u2026 DIOS SI PERDONA, EL TIEMPO NO<\/p>\n\n\n\n<p>EXCLUSIVA PVEM\u2026 Para Veracruz, el aspirante oficial que tendr\u00e1 el PVEM para el Senado ser\u00e1 Javier Herrera Borunda\u2026 NO HAY OTRO\u2026 As\u00ed que si la alianza con MORENA y PT contin\u00faa, al menos en la entidad, nadie podr\u00e1 hacer a un lado al hijo de Fidel Herrera Beltr\u00e1n\u2026 En este momento, el ex diputado federal es uno de los aspirantes a la gubernatura por este partido\u2026 Pero si la decisi\u00f3n es por n\u00fameros\u2026 Los Morenos ser\u00edan los que pondr\u00edan al candidato a gobernador\u2026 Pero los \u00abVerdes\u00bb o el PT encabezaran la carrera al Senado\u2026<\/p>\n\n\n\n<p>As\u00ed que no hay que \u00abhacerse bolas\u00bb\u2026 Sea qui\u00e9n sea el candidato a gobernador por MORENA, si hay coalici\u00f3n con el PVEM-PT, el ungido en la primera f\u00f3rmula ser\u00e1 uno del \u00abVerde\u00bb, que sac\u00f3 m\u00e1s votos que los petistas en 2021\u2026 Y el candidato de Manuel Velasco y Jorge Emilio Gonz\u00e1lez, los \u00abmandamases\u00bb del partido del \u00abTuc\u00e1n\u00bb, es el \u00abCachorro Fiel\u00bb\u2026 Que en una de esas, por el apego que a\u00fan le tienen a su pap\u00e1\u2026 Capaz que saca un porcentaje de votos m\u00e1s alto que el candidato a Gobernador\u2026 Ya sucedi\u00f3 en 2018 en Veracruz\u2026<\/p>\n\n\n\n<p>Adem\u00e1s esto ya lo tienen hasta PACTADO desde el pasado mes de diciembre\u2026 Con el \u00abhombre fuerte\u00bb de Andr\u00e9s Manuel L\u00f3pez Obrador en su gabinete federal, que es su secretario de Gobernaci\u00f3n, Ad\u00e1n Augusto L\u00f3pez\u2026 El nuevo Presidenciable de MORENA\u2026 El personaje que \u00abcalm\u00f3 las ansias\u00bb de Palacio de Gobierno de Xalapa contra las autoridades del municipio de Alvarado\u2026 As\u00ed que a los Morenos \u00abjarochos\u00bb no les quedar\u00e1 de otra, que apuntalar a Herrera Borunda o no hay alianza en Veracruz\u2026 Son 240 mil votos\u2026 AMEN..<\/p>\n\n\n\n<p>HUERTA Y EL PT\u2026 En Veracruz, ya se encuentran manejando la versi\u00f3n en los \u00abc\u00edrculos de poder\u00bb en la entidad.. Que el Partido del Trabajo tambi\u00e9n est\u00e1n que \u00abtrinan\u00bb contra MORENA por el maltrato recibido por ese partido, por sus diputados locales y por Palacio de Gobierno\u2026 Y lo que vino a \u00abromperles la figura\u00bb fue que Juan Javier G\u00f3mez Cazar\u00edn, no los dej\u00f3 hacer bancada con el PVEM en el Congreso del Estado\u2026 Desde ah\u00ed su diputado local, Ram\u00f3n D\u00edaz Avil\u00e1, anda m\u00e1s que \u00abencabritado\u00bb sobre todo por las pugnas con Cuitl\u00e1huac Garc\u00eda\u2026<\/p>\n\n\n\n<p>Por ello, se rumora que tanto Vicente Aguilar, en su momento cercano a Eric Cisneros (al parecer ya no) y el propio D\u00edaz \u00c1vila\u2026 Est\u00e1n buscando que el delegado del gobierno federal en Veracruz, Manuel Huerta Ladr\u00f3n de Guevara, pueda ser el candidato de este partido a la gubernatura en 2024 o m\u00ednimo al Senado\u2026 Con eso, se evitar\u00e1 que la \u00abfr\u00e1gil\u00bb alianza de \u00abJuntos por Veracruz\u00bb se \u00abfracture\u00bb a mediados del 2023\u2026 Sobre todo porque muchos petistas, no quieren a Cuitl\u00e1huac y Rocio Nahle\u2026 Pero si han buscado a Sergio Guti\u00e9rrez Luna\u2026<\/p>\n\n\n\n<p>Adem\u00e1s el argumento l\u00f3gico que ocupan para buscar a Manuel Huerta como uno de sus candidatos\u2026 Es que el funcionario en Veracruz, fue diputado federal por el PT hace a\u00f1os.. Milit\u00f3 en ese partido\u2026 Que tambi\u00e9n es un personaje cercano a Andr\u00e9s Manuel L\u00f3pez Obrador\u2026 Asimismo porque saben que en MORENA, su dirigencia estatal lo van a \u00abbloquear\u00bb como candidato\u2026 Pero sobre todo porque Huerta maneja a miles de \u00abSiervos de la Naci\u00f3n\u00bb que son operadores pol\u00edticos natos de la 4T\u2026 Finalmente aun el PT es aliado.. As\u00ed que \u00bfCu\u00e1l traici\u00f3n?\u2026.<\/p>\n\n\n\n<p>De la misma manera, en el PT saben que Huerta junto con Guti\u00e9rrez Luna representan a esa militancia de MORENA (que son un mont\u00f3n) que no quieren saber nada de Cuitl\u00e1huac, Nahle, Cazar\u00edn y Zepeta\u2026 As\u00ed que en 2023, ya con menos poder el gobierno estatal\u2026 Alcaldes, s\u00edndicos, regidores y militancia podr\u00edan \u00abengrosar\u00bb filas petistas, si Huerta o Guti\u00e9rrez Luna, los llaman para que desde all\u00e1, encabecen esta lucha o quiz\u00e1s fuera de esta coalici\u00f3n en otro partido\u2026. Huerta sabe que en Palacio de Gobierno no hay negociaci\u00f3n, s\u00f3lo imposici\u00f3n\u2026<\/p>\n\n\n\n<p>En pocas palabras\u2026 Cuitl\u00e1huac no s\u00f3lo tiene en PVEM una \u00abbomba de tiempo\u00bb que puede explotar antes del proceso del 2024\u2026 Provocando que Veracruz sea el \u00fanico Estado, que no tenga alianzas\u2026 Y se le suma el PT, que tambi\u00e9n quiere su \u00abparte del pastel\u00bb\u2026 Pero se dieron cuenta que MORENA es \u00abtoma todo\u00bb.. Pero no contaban con el factor Huerta porque el delegado puede ser m\u00e1s peligroso afuera, que adentro\u2026 Al estilo Ricardo Monreal\u2026 \u00bfC\u00f3mo lo podr\u00edan parar?\u2026 Con otro \u00abteatro\u00bb\u2026 Ya no\u2026 \u00c9l tiene interlocuci\u00f3n con AMLO\u2026 TAN, TAN..<\/p>\n","protected":false},"excerpt":{"rendered":"<p>Ricardo Ch\u00faaSale y Vale LOS LEBARON Y DEL R\u00cdO VIRGEN\u2026 En mensajes de voz a trav\u00e9s del \u00abwhatsapp\u00bb\u2026 Se sabe que Adri\u00e1n y Bryan Lebaron y el secretario T\u00e9cnico del Senado, hoy preso en Pacho Viejo por ser el presunto autor intelectual del asesinato de Ren\u00e9 Tovar en Cazones en 2021, Jos\u00e9 Manuel del R\u00edo [&hellip;]<\/p>\n","protected":false},"author":2,"featured_media":0,"comment_status":"closed","ping_status":"closed","sticky":false,"template":"","format":"standard","meta":{"tdm_status":"","tdm_grid_status":"","footnotes":""},"categories":[70],"tags":[618,1563,2219,1124,1850,1026,264,13604,10353,195],"class_list":{"0":"post-85638","1":"post","2":"type-post","3":"status-publish","4":"format-standard","6":"category-de-opinion","7":"tag-andres-manuel-lopez-obrador","8":"tag-cuitlahuac-garcia-jimenez","9":"tag-dante-delgado","10":"tag-javier-herrera-borunda","11":"tag-manuel-huerta-ladron-de-guevara","12":"tag-morena","13":"tag-pvem","14":"tag-ricardo-chua","15":"tag-ricardo-monreal","16":"tag-veracruz"},"yoast_head":"<!-- This site is optimized with the Yoast SEO plugin v27.4 - https:\/\/yoast.com\/product\/yoast-seo-wordpress\/ -->\n<title>Los LeBaron y Del R\u00edo Virgen - Los pol\u00edticos Veracruz<\/title>\n<meta name=\"robots\" content=\"index, follow, max-snippet:-1, max-image-preview:large, max-video-preview:-1\" \/>\n<link rel=\"canonical\" href=\"https:\/\/lospoliticosveracruz.com\/?p=85638\" \/>\n<meta property=\"og:locale\" content=\"es_ES\" \/>\n<meta property=\"og:type\" content=\"article\" \/>\n<meta property=\"og:title\" content=\"Los LeBaron y Del R\u00edo Virgen - Los pol\u00edticos Veracruz\" \/>\n<meta property=\"og:description\" content=\"Ricardo Ch\u00faaSale y Vale LOS LEBARON Y DEL R\u00cdO VIRGEN\u2026 En mensajes de voz a trav\u00e9s del \u00abwhatsapp\u00bb\u2026 Se sabe que Adri\u00e1n y Bryan Lebaron y el secretario T\u00e9cnico del Senado, hoy preso en Pacho Viejo por ser el presunto autor intelectual del asesinato de Ren\u00e9 Tovar en Cazones en 2021, Jos\u00e9 Manuel del R\u00edo [&hellip;]\" \/>\n<meta property=\"og:url\" content=\"https:\/\/lospoliticosveracruz.com\/?p=85638\" \/>\n<meta property=\"og:site_name\" content=\"Los pol\u00edticos Veracruz\" \/>\n<meta property=\"article:publisher\" content=\"https:\/\/www.facebook.com\/people\/Notimemes-de-los-Polticos\/61565672886568\/\" \/>\n<meta property=\"article:published_time\" content=\"2022-02-02T14:35:59+00:00\" \/>\n<meta property=\"article:modified_time\" content=\"2022-02-02T14:36:05+00:00\" \/>\n<meta property=\"og:image\" content=\"https:\/\/lospoliticosveracruz.com\/wp-content\/uploads\/2016\/07\/Logo-Dor.jpg\" \/>\n\t<meta property=\"og:image:width\" content=\"200\" \/>\n\t<meta property=\"og:image:height\" content=\"200\" \/>\n\t<meta property=\"og:image:type\" content=\"image\/jpeg\" \/>\n<meta name=\"author\" content=\"Lo viste en Los Pol\u00edticos\" \/>\n<meta name=\"twitter:card\" content=\"summary_large_image\" \/>\n<meta name=\"twitter:creator\" content=\"@LosPoliticosVer\" \/>\n<meta name=\"twitter:site\" content=\"@LosPoliticosVer\" \/>\n<meta name=\"twitter:label1\" content=\"Escrito por\" \/>\n\t<meta name=\"twitter:data1\" content=\"Lo viste en Los Pol\u00edticos\" \/>\n\t<meta name=\"twitter:label2\" content=\"Tiempo de lectura\" \/>\n\t<meta name=\"twitter:data2\" content=\"6 minutos\" \/>\n<script type=\"application\/ld+json\" class=\"yoast-schema-graph\">{\"@context\":\"https:\\\/\\\/schema.org\",\"@graph\":[{\"@type\":\"Article\",\"@id\":\"https:\\\/\\\/lospoliticosveracruz.com\\\/?p=85638#article\",\"isPartOf\":{\"@id\":\"https:\\\/\\\/lospoliticosveracruz.com\\\/?p=85638\"},\"author\":{\"name\":\"Lo viste en Los Pol\u00edticos\",\"@id\":\"https:\\\/\\\/lospoliticosveracruz.com\\\/#\\\/schema\\\/person\\\/b8702bb0e538456e6efd07080bf2a4a2\"},\"headline\":\"Los LeBaron y Del R\u00edo Virgen\",\"datePublished\":\"2022-02-02T14:35:59+00:00\",\"dateModified\":\"2022-02-02T14:36:05+00:00\",\"mainEntityOfPage\":{\"@id\":\"https:\\\/\\\/lospoliticosveracruz.com\\\/?p=85638\"},\"wordCount\":1184,\"publisher\":{\"@id\":\"https:\\\/\\\/lospoliticosveracruz.com\\\/#organization\"},\"keywords\":[\"Andr\u00e9s Manuel L\u00f3pez Obrador\",\"Cuitl\u00e1huac Garc\u00eda Jim\u00e9nez\",\"Dante Delgado\",\"Javier Herrera Borunda\",\"Manuel Huerta Ladr\u00f3n de Guevara\",\"Morena\",\"PVEM\",\"Ricardo Ch\u00faa\",\"Ricardo Monreal\",\"Veracruz\"],\"articleSection\":[\"De Opini\u00f3n\"],\"inLanguage\":\"es\"},{\"@type\":\"WebPage\",\"@id\":\"https:\\\/\\\/lospoliticosveracruz.com\\\/?p=85638\",\"url\":\"https:\\\/\\\/lospoliticosveracruz.com\\\/?p=85638\",\"name\":\"Los LeBaron y Del R\u00edo Virgen - Los pol\u00edticos Veracruz\",\"isPartOf\":{\"@id\":\"https:\\\/\\\/lospoliticosveracruz.com\\\/#website\"},\"datePublished\":\"2022-02-02T14:35:59+00:00\",\"dateModified\":\"2022-02-02T14:36:05+00:00\",\"breadcrumb\":{\"@id\":\"https:\\\/\\\/lospoliticosveracruz.com\\\/?p=85638#breadcrumb\"},\"inLanguage\":\"es\",\"potentialAction\":[{\"@type\":\"ReadAction\",\"target\":[\"https:\\\/\\\/lospoliticosveracruz.com\\\/?p=85638\"]}]},{\"@type\":\"BreadcrumbList\",\"@id\":\"https:\\\/\\\/lospoliticosveracruz.com\\\/?p=85638#breadcrumb\",\"itemListElement\":[{\"@type\":\"ListItem\",\"position\":1,\"name\":\"Portada\",\"item\":\"https:\\\/\\\/lospoliticosveracruz.com\\\/\"},{\"@type\":\"ListItem\",\"position\":2,\"name\":\"Los LeBaron y Del R\u00edo Virgen\"}]},{\"@type\":\"WebSite\",\"@id\":\"https:\\\/\\\/lospoliticosveracruz.com\\\/#website\",\"url\":\"https:\\\/\\\/lospoliticosveracruz.com\\\/\",\"name\":\"Los pol\u00edticos Veracruz\",\"description\":\"\",\"publisher\":{\"@id\":\"https:\\\/\\\/lospoliticosveracruz.com\\\/#organization\"},\"potentialAction\":[{\"@type\":\"SearchAction\",\"target\":{\"@type\":\"EntryPoint\",\"urlTemplate\":\"https:\\\/\\\/lospoliticosveracruz.com\\\/?s={search_term_string}\"},\"query-input\":{\"@type\":\"PropertyValueSpecification\",\"valueRequired\":true,\"valueName\":\"search_term_string\"}}],\"inLanguage\":\"es\"},{\"@type\":\"Organization\",\"@id\":\"https:\\\/\\\/lospoliticosveracruz.com\\\/#organization\",\"name\":\"Los pol\u00edticos Veracruz\",\"url\":\"https:\\\/\\\/lospoliticosveracruz.com\\\/\",\"logo\":{\"@type\":\"ImageObject\",\"inLanguage\":\"es\",\"@id\":\"https:\\\/\\\/lospoliticosveracruz.com\\\/#\\\/schema\\\/logo\\\/image\\\/\",\"url\":\"https:\\\/\\\/lospoliticosveracruz.com\\\/wp-content\\\/uploads\\\/2025\\\/12\\\/Logo-Nuevo-LOS-POLITICOS-1.jpg\",\"contentUrl\":\"https:\\\/\\\/lospoliticosveracruz.com\\\/wp-content\\\/uploads\\\/2025\\\/12\\\/Logo-Nuevo-LOS-POLITICOS-1.jpg\",\"width\":260,\"height\":70,\"caption\":\"Los pol\u00edticos Veracruz\"},\"image\":{\"@id\":\"https:\\\/\\\/lospoliticosveracruz.com\\\/#\\\/schema\\\/logo\\\/image\\\/\"},\"sameAs\":[\"https:\\\/\\\/www.facebook.com\\\/people\\\/Notimemes-de-los-Polticos\\\/61565672886568\\\/\",\"https:\\\/\\\/x.com\\\/LosPoliticosVer\"]},{\"@type\":\"Person\",\"@id\":\"https:\\\/\\\/lospoliticosveracruz.com\\\/#\\\/schema\\\/person\\\/b8702bb0e538456e6efd07080bf2a4a2\",\"name\":\"Lo viste en Los Pol\u00edticos\",\"image\":{\"@type\":\"ImageObject\",\"inLanguage\":\"es\",\"@id\":\"https:\\\/\\\/secure.gravatar.com\\\/avatar\\\/3a8de04a2656d44082be478bd6c086daa447c4651605818287b9532d3d0bd435?s=96&d=mm&r=g\",\"url\":\"https:\\\/\\\/secure.gravatar.com\\\/avatar\\\/3a8de04a2656d44082be478bd6c086daa447c4651605818287b9532d3d0bd435?s=96&d=mm&r=g\",\"contentUrl\":\"https:\\\/\\\/secure.gravatar.com\\\/avatar\\\/3a8de04a2656d44082be478bd6c086daa447c4651605818287b9532d3d0bd435?s=96&d=mm&r=g\",\"caption\":\"Lo viste en Los Pol\u00edticos\"},\"url\":\"https:\\\/\\\/lospoliticosveracruz.com\\\/?author=2\"}]}<\/script>\n<!-- \/ Yoast SEO plugin. -->","yoast_head_json":{"title":"Los LeBaron y Del R\u00edo Virgen - Los pol\u00edticos Veracruz","robots":{"index":"index","follow":"follow","max-snippet":"max-snippet:-1","max-image-preview":"max-image-preview:large","max-video-preview":"max-video-preview:-1"},"canonical":"https:\/\/lospoliticosveracruz.com\/?p=85638","og_locale":"es_ES","og_type":"article","og_title":"Los LeBaron y Del R\u00edo Virgen - Los pol\u00edticos Veracruz","og_description":"Ricardo Ch\u00faaSale y Vale LOS LEBARON Y DEL R\u00cdO VIRGEN\u2026 En mensajes de voz a trav\u00e9s del \u00abwhatsapp\u00bb\u2026 Se sabe que Adri\u00e1n y Bryan Lebaron y el secretario T\u00e9cnico del Senado, hoy preso en Pacho Viejo por ser el presunto autor intelectual del asesinato de Ren\u00e9 Tovar en Cazones en 2021, Jos\u00e9 Manuel del R\u00edo [&hellip;]","og_url":"https:\/\/lospoliticosveracruz.com\/?p=85638","og_site_name":"Los pol\u00edticos Veracruz","article_publisher":"https:\/\/www.facebook.com\/people\/Notimemes-de-los-Polticos\/61565672886568\/","article_published_time":"2022-02-02T14:35:59+00:00","article_modified_time":"2022-02-02T14:36:05+00:00","og_image":[{"width":200,"height":200,"url":"https:\/\/lospoliticosveracruz.com\/wp-content\/uploads\/2016\/07\/Logo-Dor.jpg","type":"image\/jpeg"}],"author":"Lo viste en Los Pol\u00edticos","twitter_card":"summary_large_image","twitter_creator":"@LosPoliticosVer","twitter_site":"@LosPoliticosVer","twitter_misc":{"Escrito por":"Lo viste en Los Pol\u00edticos","Tiempo de lectura":"6 minutos"},"schema":{"@context":"https:\/\/schema.org","@graph":[{"@type":"Article","@id":"https:\/\/lospoliticosveracruz.com\/?p=85638#article","isPartOf":{"@id":"https:\/\/lospoliticosveracruz.com\/?p=85638"},"author":{"name":"Lo viste en Los Pol\u00edticos","@id":"https:\/\/lospoliticosveracruz.com\/#\/schema\/person\/b8702bb0e538456e6efd07080bf2a4a2"},"headline":"Los LeBaron y Del R\u00edo Virgen","datePublished":"2022-02-02T14:35:59+00:00","dateModified":"2022-02-02T14:36:05+00:00","mainEntityOfPage":{"@id":"https:\/\/lospoliticosveracruz.com\/?p=85638"},"wordCount":1184,"publisher":{"@id":"https:\/\/lospoliticosveracruz.com\/#organization"},"keywords":["Andr\u00e9s Manuel L\u00f3pez Obrador","Cuitl\u00e1huac Garc\u00eda Jim\u00e9nez","Dante Delgado","Javier Herrera Borunda","Manuel Huerta Ladr\u00f3n de Guevara","Morena","PVEM","Ricardo Ch\u00faa","Ricardo Monreal","Veracruz"],"articleSection":["De Opini\u00f3n"],"inLanguage":"es"},{"@type":"WebPage","@id":"https:\/\/lospoliticosveracruz.com\/?p=85638","url":"https:\/\/lospoliticosveracruz.com\/?p=85638","name":"Los LeBaron y Del R\u00edo Virgen - Los pol\u00edticos Veracruz","isPartOf":{"@id":"https:\/\/lospoliticosveracruz.com\/#website"},"datePublished":"2022-02-02T14:35:59+00:00","dateModified":"2022-02-02T14:36:05+00:00","breadcrumb":{"@id":"https:\/\/lospoliticosveracruz.com\/?p=85638#breadcrumb"},"inLanguage":"es","potentialAction":[{"@type":"ReadAction","target":["https:\/\/lospoliticosveracruz.com\/?p=85638"]}]},{"@type":"BreadcrumbList","@id":"https:\/\/lospoliticosveracruz.com\/?p=85638#breadcrumb","itemListElement":[{"@type":"ListItem","position":1,"name":"Portada","item":"https:\/\/lospoliticosveracruz.com\/"},{"@type":"ListItem","position":2,"name":"Los LeBaron y Del R\u00edo Virgen"}]},{"@type":"WebSite","@id":"https:\/\/lospoliticosveracruz.com\/#website","url":"https:\/\/lospoliticosveracruz.com\/","name":"Los pol\u00edticos Veracruz","description":"","publisher":{"@id":"https:\/\/lospoliticosveracruz.com\/#organization"},"potentialAction":[{"@type":"SearchAction","target":{"@type":"EntryPoint","urlTemplate":"https:\/\/lospoliticosveracruz.com\/?s={search_term_string}"},"query-input":{"@type":"PropertyValueSpecification","valueRequired":true,"valueName":"search_term_string"}}],"inLanguage":"es"},{"@type":"Organization","@id":"https:\/\/lospoliticosveracruz.com\/#organization","name":"Los pol\u00edticos Veracruz","url":"https:\/\/lospoliticosveracruz.com\/","logo":{"@type":"ImageObject","inLanguage":"es","@id":"https:\/\/lospoliticosveracruz.com\/#\/schema\/logo\/image\/","url":"https:\/\/lospoliticosveracruz.com\/wp-content\/uploads\/2025\/12\/Logo-Nuevo-LOS-POLITICOS-1.jpg","contentUrl":"https:\/\/lospoliticosveracruz.com\/wp-content\/uploads\/2025\/12\/Logo-Nuevo-LOS-POLITICOS-1.jpg","width":260,"height":70,"caption":"Los pol\u00edticos Veracruz"},"image":{"@id":"https:\/\/lospoliticosveracruz.com\/#\/schema\/logo\/image\/"},"sameAs":["https:\/\/www.facebook.com\/people\/Notimemes-de-los-Polticos\/61565672886568\/","https:\/\/x.com\/LosPoliticosVer"]},{"@type":"Person","@id":"https:\/\/lospoliticosveracruz.com\/#\/schema\/person\/b8702bb0e538456e6efd07080bf2a4a2","name":"Lo viste en Los Pol\u00edticos","image":{"@type":"ImageObject","inLanguage":"es","@id":"https:\/\/secure.gravatar.com\/avatar\/3a8de04a2656d44082be478bd6c086daa447c4651605818287b9532d3d0bd435?s=96&d=mm&r=g","url":"https:\/\/secure.gravatar.com\/avatar\/3a8de04a2656d44082be478bd6c086daa447c4651605818287b9532d3d0bd435?s=96&d=mm&r=g","contentUrl":"https:\/\/secure.gravatar.com\/avatar\/3a8de04a2656d44082be478bd6c086daa447c4651605818287b9532d3d0bd435?s=96&d=mm&r=g","caption":"Lo viste en Los Pol\u00edticos"},"url":"https:\/\/lospoliticosveracruz.com\/?author=2"}]}},"_links":{"self":[{"href":"https:\/\/lospoliticosveracruz.com\/index.php?rest_route=\/wp\/v2\/posts\/85638","targetHints":{"allow":["GET"]}}],"collection":[{"href":"https:\/\/lospoliticosveracruz.com\/index.php?rest_route=\/wp\/v2\/posts"}],"about":[{"href":"https:\/\/lospoliticosveracruz.com\/index.php?rest_route=\/wp\/v2\/types\/post"}],"author":[{"embeddable":true,"href":"https:\/\/lospoliticosveracruz.com\/index.php?rest_route=\/wp\/v2\/users\/2"}],"replies":[{"embeddable":true,"href":"https:\/\/lospoliticosveracruz.com\/index.php?rest_route=%2Fwp%2Fv2%2Fcomments&post=85638"}],"version-history":[{"count":1,"href":"https:\/\/lospoliticosveracruz.com\/index.php?rest_route=\/wp\/v2\/posts\/85638\/revisions"}],"predecessor-version":[{"id":85640,"href":"https:\/\/lospoliticosveracruz.com\/index.php?rest_route=\/wp\/v2\/posts\/85638\/revisions\/85640"}],"wp:attachment":[{"href":"https:\/\/lospoliticosveracruz.com\/index.php?rest_route=%2Fwp%2Fv2%2Fmedia&parent=85638"}],"wp:term":[{"taxonomy":"category","embeddable":true,"href":"https:\/\/lospoliticosveracruz.com\/index.php?rest_route=%2Fwp%2Fv2%2Fcategories&post=85638"},{"taxonomy":"post_tag","embeddable":true,"href":"https:\/\/lospoliticosveracruz.com\/index.php?rest_route=%2Fwp%2Fv2%2Ftags&post=85638"}],"curies":[{"name":"wp","href":"https:\/\/api.w.org\/{rel}","templated":true}]}}