{"id":85641,"date":"2022-02-02T10:08:20","date_gmt":"2022-02-02T16:08:20","guid":{"rendered":"https:\/\/lospoliticosveracruz.com.mx\/?p=85641"},"modified":"2022-02-02T10:08:27","modified_gmt":"2022-02-02T16:08:27","slug":"triunfo-post-mortem","status":"publish","type":"post","link":"https:\/\/lospoliticosveracruz.com\/?p=85641","title":{"rendered":"Triunfo post Mortem"},"content":{"rendered":"\n<p><\/p>\n\n\n\n<p><br><strong>Ignacio Alvarez<\/strong><br><em>Pluma Negra<\/em><\/p>\n\n\n\n<p><\/p>\n\n\n\n<p>El conflicto policiaco-pol\u00edtico que gener\u00f3 la aplicaci\u00f3n deliberada de la ley para detener por delitos de ultrajes a la autoridad en el estado de Veracruz, provoc\u00f3 el aborto de la Comisi\u00f3n Especial del Senado para investigar los abusos de autoridad, en raz\u00f3n de los ultrajes a la autoridad, pero tambi\u00e9n la muerte prematura del art\u00edculo 333 del C\u00f3digo Penal, que no alcanz\u00f3 el a\u00f1o de supervivencia, pues el Ejecutivo Estatal, ya envi\u00f3 la iniciativa para derogar del C\u00f3digo Penal, el concepto de ultrajes a la autoridad.<\/p>\n\n\n\n<p>El 11 de marzo del 2021, el Congreso de Veracruz aprob\u00f3 reformar disposiciones del C\u00f3digo Penal del Estado en materia de extorsi\u00f3n robos, despojos, ultrajes a la autoridad contra las instituciones de seguridad p\u00fablica y contra la comunidad, la ley se convirti\u00f3 en arma para que la polic\u00eda presentar\u00e1 a mil 33 presuntos delincuentes por ultrajes de a la autoridad en tan s\u00f3lo 10 meses.<\/p>\n\n\n\n<p>La predica popular dice que para que la cu\u00f1a apriete debe ser del mismo palo. Y se cumpli\u00f3 a cabalidad. El 13 de marzo, la Fiscal\u00eda General del estado estren\u00f3 con el perredista Rogelio Franco Cast\u00e1n el renovado C\u00f3digo y en Tuxpan fue detenido por el delito de ultrajes a la autoridad cuando se resisti\u00f3 a ser presentado por una denuncia dom\u00e9stica.<\/p>\n\n\n\n<p>Durante meses no pas\u00f3 nada y siguieron los detenidos, sin embargo, el 8 de septiembre fueron detenidos seis j\u00f3venes por ultrajes a la autoridad en una plaza comercial de Xalapa y el expediente escal\u00f3 en la sociedad y lleg\u00f3 a la C\u00e1mara de Senadores.<\/p>\n\n\n\n<p>El 18 de diciembre, el Senador y Presidente de la Junta de Coordinaci\u00f3n Pol\u00edtica del Senado, Ricardo Monreal de Morena, hizo presencia en el Penal de Pacho Viejo para exigir en un discurso implacable, la liberaci\u00f3n de los j\u00f3venes, los j\u00f3venes fueron liberados, pero 72 horas despu\u00e9s, fue detenido el Secretario T\u00e9cnico de la Junta de Coordinaci\u00f3n Pol\u00edtica, persona de todas las confianzas de Monreal.<\/p>\n\n\n\n<p>Del R\u00edo Virgen fue detenido por el presunto delito de homicidio doloso en contra del ex candidato a la alcald\u00eda de cazones de Herrera registrado el 5 de junio del 2021.<\/p>\n\n\n\n<p>El 21 de siembre, de la Comisi\u00f3n Nacional de Derechos Humanos emiti\u00f3 la la recomendaci\u00f3n 146\/2021 al Gobierno de Veracruz y a la Fiscal\u00eda General del Etado para derogar el delito de ultrajes a la autoridad a fin de prevenir nuevas violaciones a ls derechos humanos, tras la denuncia de los seis j\u00f3venes<\/p>\n\n\n\n<p>Semanas despu\u00e9s, llegaron a Veracruz los senadores, Ricardo Monreal de MORENA y Dante Delgado Rannauro de MC para exigir airadamente la liberaci\u00f3n de Del R\u00edo y denunciar una serie de abusos de autoridad de parte de la Fiscal\u00eda General del Estado de Veracruz que administra MORENA.<\/p>\n\n\n\n<p>Los senadores propusieron una Comisi\u00f3n Especial de Senadores con el fin de investigar los abusos de autoridad en Veracruz, sin embargo las presiones pol\u00edticas entre el Senado y el Gobierno de Veracruz, llegaron a su m\u00e1xima expresi\u00f3n en lo p\u00fablico y en lo privado. La fuerza de Veracruz fue tal que se abort\u00f3 la comisi\u00f3n, el caso qued\u00f3 en manos de la Comisi\u00f3n de Derechos Humanos del Senado.<\/p>\n\n\n\n<p>Y si bien no naci\u00f3 oficialmente la Comisi\u00f3n Especial, s\u00ed se alcanz\u00f3 el objetivo y todo indica que en los pr\u00f3ximos d\u00edas, el Congreso de Veracruz echar\u00e1 abajo los delitos de ultrajes a la autoridad por propuesta del propio Ejecutivo que hace menos de un a\u00f1o, propuso su aplicaci\u00f3n y que gener\u00f3 una guerra interna en las huestes de MORENA.<\/p>\n","protected":false},"excerpt":{"rendered":"<p>Ignacio AlvarezPluma Negra El conflicto policiaco-pol\u00edtico que gener\u00f3 la aplicaci\u00f3n deliberada de la ley para detener por delitos de ultrajes a la autoridad en el estado de Veracruz, provoc\u00f3 el aborto de la Comisi\u00f3n Especial del Senado para investigar los abusos de autoridad, en raz\u00f3n de los ultrajes a la autoridad, pero tambi\u00e9n la muerte [&hellip;]<\/p>\n","protected":false},"author":2,"featured_media":0,"comment_status":"closed","ping_status":"closed","sticky":false,"template":"","format":"standard","meta":{"tdm_status":"","tdm_grid_status":"","footnotes":""},"categories":[70],"tags":[331,1563,1006,28674,7909,1026,2944,808,26725,195],"class_list":{"0":"post-85641","1":"post","2":"type-post","3":"status-publish","4":"format-standard","6":"category-de-opinion","7":"tag-congreso-del-estado","8":"tag-cuitlahuac-garcia-jimenez","9":"tag-dante-delgado-rannauro","10":"tag-ignacio-alvarez","11":"tag-jose-manuel-del-rio-virgen","12":"tag-morena","13":"tag-ricardo-monreal-avila","14":"tag-rogelio-franco-castan","15":"tag-ultrajes-a-la-autoridad","16":"tag-veracruz"},"yoast_head":"<!-- This site is optimized with the Yoast SEO plugin v27.4 - https:\/\/yoast.com\/product\/yoast-seo-wordpress\/ -->\n<title>Triunfo post Mortem - Los pol\u00edticos Veracruz<\/title>\n<meta name=\"robots\" content=\"index, follow, max-snippet:-1, max-image-preview:large, max-video-preview:-1\" \/>\n<link rel=\"canonical\" href=\"https:\/\/lospoliticosveracruz.com\/?p=85641\" \/>\n<meta property=\"og:locale\" content=\"es_ES\" \/>\n<meta property=\"og:type\" content=\"article\" \/>\n<meta property=\"og:title\" content=\"Triunfo post Mortem - Los pol\u00edticos Veracruz\" \/>\n<meta property=\"og:description\" content=\"Ignacio AlvarezPluma Negra El conflicto policiaco-pol\u00edtico que gener\u00f3 la aplicaci\u00f3n deliberada de la ley para detener por delitos de ultrajes a la autoridad en el estado de Veracruz, provoc\u00f3 el aborto de la Comisi\u00f3n Especial del Senado para investigar los abusos de autoridad, en raz\u00f3n de los ultrajes a la autoridad, pero tambi\u00e9n la muerte [&hellip;]\" \/>\n<meta property=\"og:url\" content=\"https:\/\/lospoliticosveracruz.com\/?p=85641\" \/>\n<meta property=\"og:site_name\" content=\"Los pol\u00edticos Veracruz\" \/>\n<meta property=\"article:publisher\" content=\"https:\/\/www.facebook.com\/people\/Notimemes-de-los-Polticos\/61565672886568\/\" \/>\n<meta property=\"article:published_time\" content=\"2022-02-02T16:08:20+00:00\" \/>\n<meta property=\"article:modified_time\" content=\"2022-02-02T16:08:27+00:00\" \/>\n<meta property=\"og:image\" content=\"https:\/\/lospoliticosveracruz.com\/wp-content\/uploads\/2016\/07\/Logo-Dor.jpg\" \/>\n\t<meta property=\"og:image:width\" content=\"200\" \/>\n\t<meta property=\"og:image:height\" content=\"200\" \/>\n\t<meta property=\"og:image:type\" content=\"image\/jpeg\" \/>\n<meta name=\"author\" content=\"Lo viste en Los Pol\u00edticos\" \/>\n<meta name=\"twitter:card\" content=\"summary_large_image\" \/>\n<meta name=\"twitter:creator\" content=\"@LosPoliticosVer\" \/>\n<meta name=\"twitter:site\" content=\"@LosPoliticosVer\" \/>\n<meta name=\"twitter:label1\" content=\"Escrito por\" \/>\n\t<meta name=\"twitter:data1\" content=\"Lo viste en Los Pol\u00edticos\" \/>\n\t<meta name=\"twitter:label2\" content=\"Tiempo de lectura\" \/>\n\t<meta name=\"twitter:data2\" content=\"3 minutos\" \/>\n<script type=\"application\/ld+json\" class=\"yoast-schema-graph\">{\"@context\":\"https:\\\/\\\/schema.org\",\"@graph\":[{\"@type\":\"Article\",\"@id\":\"https:\\\/\\\/lospoliticosveracruz.com\\\/?p=85641#article\",\"isPartOf\":{\"@id\":\"https:\\\/\\\/lospoliticosveracruz.com\\\/?p=85641\"},\"author\":{\"name\":\"Lo viste en Los Pol\u00edticos\",\"@id\":\"https:\\\/\\\/lospoliticosveracruz.com\\\/#\\\/schema\\\/person\\\/b8702bb0e538456e6efd07080bf2a4a2\"},\"headline\":\"Triunfo post Mortem\",\"datePublished\":\"2022-02-02T16:08:20+00:00\",\"dateModified\":\"2022-02-02T16:08:27+00:00\",\"mainEntityOfPage\":{\"@id\":\"https:\\\/\\\/lospoliticosveracruz.com\\\/?p=85641\"},\"wordCount\":626,\"publisher\":{\"@id\":\"https:\\\/\\\/lospoliticosveracruz.com\\\/#organization\"},\"keywords\":[\"Congreso del Estado\",\"Cuitl\u00e1huac Garc\u00eda Jim\u00e9nez\",\"Dante Delgado Rannauro\",\"Ignacio Alvarez\",\"Jos\u00e9 Manuel del R\u00edo Virgen\",\"Morena\",\"Ricardo Monreal \u00c1vila\",\"Rogelio Franco Cast\u00e1n\",\"ultrajes a la autoridad\",\"Veracruz\"],\"articleSection\":[\"De Opini\u00f3n\"],\"inLanguage\":\"es\"},{\"@type\":\"WebPage\",\"@id\":\"https:\\\/\\\/lospoliticosveracruz.com\\\/?p=85641\",\"url\":\"https:\\\/\\\/lospoliticosveracruz.com\\\/?p=85641\",\"name\":\"Triunfo post Mortem - Los pol\u00edticos Veracruz\",\"isPartOf\":{\"@id\":\"https:\\\/\\\/lospoliticosveracruz.com\\\/#website\"},\"datePublished\":\"2022-02-02T16:08:20+00:00\",\"dateModified\":\"2022-02-02T16:08:27+00:00\",\"breadcrumb\":{\"@id\":\"https:\\\/\\\/lospoliticosveracruz.com\\\/?p=85641#breadcrumb\"},\"inLanguage\":\"es\",\"potentialAction\":[{\"@type\":\"ReadAction\",\"target\":[\"https:\\\/\\\/lospoliticosveracruz.com\\\/?p=85641\"]}]},{\"@type\":\"BreadcrumbList\",\"@id\":\"https:\\\/\\\/lospoliticosveracruz.com\\\/?p=85641#breadcrumb\",\"itemListElement\":[{\"@type\":\"ListItem\",\"position\":1,\"name\":\"Portada\",\"item\":\"https:\\\/\\\/lospoliticosveracruz.com\\\/\"},{\"@type\":\"ListItem\",\"position\":2,\"name\":\"Triunfo post Mortem\"}]},{\"@type\":\"WebSite\",\"@id\":\"https:\\\/\\\/lospoliticosveracruz.com\\\/#website\",\"url\":\"https:\\\/\\\/lospoliticosveracruz.com\\\/\",\"name\":\"Los pol\u00edticos Veracruz\",\"description\":\"\",\"publisher\":{\"@id\":\"https:\\\/\\\/lospoliticosveracruz.com\\\/#organization\"},\"potentialAction\":[{\"@type\":\"SearchAction\",\"target\":{\"@type\":\"EntryPoint\",\"urlTemplate\":\"https:\\\/\\\/lospoliticosveracruz.com\\\/?s={search_term_string}\"},\"query-input\":{\"@type\":\"PropertyValueSpecification\",\"valueRequired\":true,\"valueName\":\"search_term_string\"}}],\"inLanguage\":\"es\"},{\"@type\":\"Organization\",\"@id\":\"https:\\\/\\\/lospoliticosveracruz.com\\\/#organization\",\"name\":\"Los pol\u00edticos Veracruz\",\"url\":\"https:\\\/\\\/lospoliticosveracruz.com\\\/\",\"logo\":{\"@type\":\"ImageObject\",\"inLanguage\":\"es\",\"@id\":\"https:\\\/\\\/lospoliticosveracruz.com\\\/#\\\/schema\\\/logo\\\/image\\\/\",\"url\":\"https:\\\/\\\/lospoliticosveracruz.com\\\/wp-content\\\/uploads\\\/2025\\\/12\\\/Logo-Nuevo-LOS-POLITICOS-1.jpg\",\"contentUrl\":\"https:\\\/\\\/lospoliticosveracruz.com\\\/wp-content\\\/uploads\\\/2025\\\/12\\\/Logo-Nuevo-LOS-POLITICOS-1.jpg\",\"width\":260,\"height\":70,\"caption\":\"Los pol\u00edticos Veracruz\"},\"image\":{\"@id\":\"https:\\\/\\\/lospoliticosveracruz.com\\\/#\\\/schema\\\/logo\\\/image\\\/\"},\"sameAs\":[\"https:\\\/\\\/www.facebook.com\\\/people\\\/Notimemes-de-los-Polticos\\\/61565672886568\\\/\",\"https:\\\/\\\/x.com\\\/LosPoliticosVer\"]},{\"@type\":\"Person\",\"@id\":\"https:\\\/\\\/lospoliticosveracruz.com\\\/#\\\/schema\\\/person\\\/b8702bb0e538456e6efd07080bf2a4a2\",\"name\":\"Lo viste en Los Pol\u00edticos\",\"image\":{\"@type\":\"ImageObject\",\"inLanguage\":\"es\",\"@id\":\"https:\\\/\\\/secure.gravatar.com\\\/avatar\\\/3a8de04a2656d44082be478bd6c086daa447c4651605818287b9532d3d0bd435?s=96&d=mm&r=g\",\"url\":\"https:\\\/\\\/secure.gravatar.com\\\/avatar\\\/3a8de04a2656d44082be478bd6c086daa447c4651605818287b9532d3d0bd435?s=96&d=mm&r=g\",\"contentUrl\":\"https:\\\/\\\/secure.gravatar.com\\\/avatar\\\/3a8de04a2656d44082be478bd6c086daa447c4651605818287b9532d3d0bd435?s=96&d=mm&r=g\",\"caption\":\"Lo viste en Los Pol\u00edticos\"},\"url\":\"https:\\\/\\\/lospoliticosveracruz.com\\\/?author=2\"}]}<\/script>\n<!-- \/ Yoast SEO plugin. -->","yoast_head_json":{"title":"Triunfo post Mortem - Los pol\u00edticos Veracruz","robots":{"index":"index","follow":"follow","max-snippet":"max-snippet:-1","max-image-preview":"max-image-preview:large","max-video-preview":"max-video-preview:-1"},"canonical":"https:\/\/lospoliticosveracruz.com\/?p=85641","og_locale":"es_ES","og_type":"article","og_title":"Triunfo post Mortem - Los pol\u00edticos Veracruz","og_description":"Ignacio AlvarezPluma Negra El conflicto policiaco-pol\u00edtico que gener\u00f3 la aplicaci\u00f3n deliberada de la ley para detener por delitos de ultrajes a la autoridad en el estado de Veracruz, provoc\u00f3 el aborto de la Comisi\u00f3n Especial del Senado para investigar los abusos de autoridad, en raz\u00f3n de los ultrajes a la autoridad, pero tambi\u00e9n la muerte [&hellip;]","og_url":"https:\/\/lospoliticosveracruz.com\/?p=85641","og_site_name":"Los pol\u00edticos Veracruz","article_publisher":"https:\/\/www.facebook.com\/people\/Notimemes-de-los-Polticos\/61565672886568\/","article_published_time":"2022-02-02T16:08:20+00:00","article_modified_time":"2022-02-02T16:08:27+00:00","og_image":[{"width":200,"height":200,"url":"https:\/\/lospoliticosveracruz.com\/wp-content\/uploads\/2016\/07\/Logo-Dor.jpg","type":"image\/jpeg"}],"author":"Lo viste en Los Pol\u00edticos","twitter_card":"summary_large_image","twitter_creator":"@LosPoliticosVer","twitter_site":"@LosPoliticosVer","twitter_misc":{"Escrito por":"Lo viste en Los Pol\u00edticos","Tiempo de lectura":"3 minutos"},"schema":{"@context":"https:\/\/schema.org","@graph":[{"@type":"Article","@id":"https:\/\/lospoliticosveracruz.com\/?p=85641#article","isPartOf":{"@id":"https:\/\/lospoliticosveracruz.com\/?p=85641"},"author":{"name":"Lo viste en Los Pol\u00edticos","@id":"https:\/\/lospoliticosveracruz.com\/#\/schema\/person\/b8702bb0e538456e6efd07080bf2a4a2"},"headline":"Triunfo post Mortem","datePublished":"2022-02-02T16:08:20+00:00","dateModified":"2022-02-02T16:08:27+00:00","mainEntityOfPage":{"@id":"https:\/\/lospoliticosveracruz.com\/?p=85641"},"wordCount":626,"publisher":{"@id":"https:\/\/lospoliticosveracruz.com\/#organization"},"keywords":["Congreso del Estado","Cuitl\u00e1huac Garc\u00eda Jim\u00e9nez","Dante Delgado Rannauro","Ignacio Alvarez","Jos\u00e9 Manuel del R\u00edo Virgen","Morena","Ricardo Monreal \u00c1vila","Rogelio Franco Cast\u00e1n","ultrajes a la autoridad","Veracruz"],"articleSection":["De Opini\u00f3n"],"inLanguage":"es"},{"@type":"WebPage","@id":"https:\/\/lospoliticosveracruz.com\/?p=85641","url":"https:\/\/lospoliticosveracruz.com\/?p=85641","name":"Triunfo post Mortem - Los pol\u00edticos Veracruz","isPartOf":{"@id":"https:\/\/lospoliticosveracruz.com\/#website"},"datePublished":"2022-02-02T16:08:20+00:00","dateModified":"2022-02-02T16:08:27+00:00","breadcrumb":{"@id":"https:\/\/lospoliticosveracruz.com\/?p=85641#breadcrumb"},"inLanguage":"es","potentialAction":[{"@type":"ReadAction","target":["https:\/\/lospoliticosveracruz.com\/?p=85641"]}]},{"@type":"BreadcrumbList","@id":"https:\/\/lospoliticosveracruz.com\/?p=85641#breadcrumb","itemListElement":[{"@type":"ListItem","position":1,"name":"Portada","item":"https:\/\/lospoliticosveracruz.com\/"},{"@type":"ListItem","position":2,"name":"Triunfo post Mortem"}]},{"@type":"WebSite","@id":"https:\/\/lospoliticosveracruz.com\/#website","url":"https:\/\/lospoliticosveracruz.com\/","name":"Los pol\u00edticos Veracruz","description":"","publisher":{"@id":"https:\/\/lospoliticosveracruz.com\/#organization"},"potentialAction":[{"@type":"SearchAction","target":{"@type":"EntryPoint","urlTemplate":"https:\/\/lospoliticosveracruz.com\/?s={search_term_string}"},"query-input":{"@type":"PropertyValueSpecification","valueRequired":true,"valueName":"search_term_string"}}],"inLanguage":"es"},{"@type":"Organization","@id":"https:\/\/lospoliticosveracruz.com\/#organization","name":"Los pol\u00edticos Veracruz","url":"https:\/\/lospoliticosveracruz.com\/","logo":{"@type":"ImageObject","inLanguage":"es","@id":"https:\/\/lospoliticosveracruz.com\/#\/schema\/logo\/image\/","url":"https:\/\/lospoliticosveracruz.com\/wp-content\/uploads\/2025\/12\/Logo-Nuevo-LOS-POLITICOS-1.jpg","contentUrl":"https:\/\/lospoliticosveracruz.com\/wp-content\/uploads\/2025\/12\/Logo-Nuevo-LOS-POLITICOS-1.jpg","width":260,"height":70,"caption":"Los pol\u00edticos Veracruz"},"image":{"@id":"https:\/\/lospoliticosveracruz.com\/#\/schema\/logo\/image\/"},"sameAs":["https:\/\/www.facebook.com\/people\/Notimemes-de-los-Polticos\/61565672886568\/","https:\/\/x.com\/LosPoliticosVer"]},{"@type":"Person","@id":"https:\/\/lospoliticosveracruz.com\/#\/schema\/person\/b8702bb0e538456e6efd07080bf2a4a2","name":"Lo viste en Los Pol\u00edticos","image":{"@type":"ImageObject","inLanguage":"es","@id":"https:\/\/secure.gravatar.com\/avatar\/3a8de04a2656d44082be478bd6c086daa447c4651605818287b9532d3d0bd435?s=96&d=mm&r=g","url":"https:\/\/secure.gravatar.com\/avatar\/3a8de04a2656d44082be478bd6c086daa447c4651605818287b9532d3d0bd435?s=96&d=mm&r=g","contentUrl":"https:\/\/secure.gravatar.com\/avatar\/3a8de04a2656d44082be478bd6c086daa447c4651605818287b9532d3d0bd435?s=96&d=mm&r=g","caption":"Lo viste en Los Pol\u00edticos"},"url":"https:\/\/lospoliticosveracruz.com\/?author=2"}]}},"_links":{"self":[{"href":"https:\/\/lospoliticosveracruz.com\/index.php?rest_route=\/wp\/v2\/posts\/85641","targetHints":{"allow":["GET"]}}],"collection":[{"href":"https:\/\/lospoliticosveracruz.com\/index.php?rest_route=\/wp\/v2\/posts"}],"about":[{"href":"https:\/\/lospoliticosveracruz.com\/index.php?rest_route=\/wp\/v2\/types\/post"}],"author":[{"embeddable":true,"href":"https:\/\/lospoliticosveracruz.com\/index.php?rest_route=\/wp\/v2\/users\/2"}],"replies":[{"embeddable":true,"href":"https:\/\/lospoliticosveracruz.com\/index.php?rest_route=%2Fwp%2Fv2%2Fcomments&post=85641"}],"version-history":[{"count":1,"href":"https:\/\/lospoliticosveracruz.com\/index.php?rest_route=\/wp\/v2\/posts\/85641\/revisions"}],"predecessor-version":[{"id":85643,"href":"https:\/\/lospoliticosveracruz.com\/index.php?rest_route=\/wp\/v2\/posts\/85641\/revisions\/85643"}],"wp:attachment":[{"href":"https:\/\/lospoliticosveracruz.com\/index.php?rest_route=%2Fwp%2Fv2%2Fmedia&parent=85641"}],"wp:term":[{"taxonomy":"category","embeddable":true,"href":"https:\/\/lospoliticosveracruz.com\/index.php?rest_route=%2Fwp%2Fv2%2Fcategories&post=85641"},{"taxonomy":"post_tag","embeddable":true,"href":"https:\/\/lospoliticosveracruz.com\/index.php?rest_route=%2Fwp%2Fv2%2Ftags&post=85641"}],"curies":[{"name":"wp","href":"https:\/\/api.w.org\/{rel}","templated":true}]}}