{"id":85659,"date":"2022-02-02T16:55:30","date_gmt":"2022-02-02T22:55:30","guid":{"rendered":"https:\/\/lospoliticosveracruz.com.mx\/?p=85659"},"modified":"2022-02-02T16:56:11","modified_gmt":"2022-02-02T22:56:11","slug":"numeral-331","status":"publish","type":"post","link":"https:\/\/lospoliticosveracruz.com\/?p=85659","title":{"rendered":"Numeral 331"},"content":{"rendered":"\n<p><strong>Manolo Victorio<br><\/strong><em>Carpe Diem<\/em><\/p>\n\n\n\n<p><br>La escalada medi\u00e1tica inici\u00f3 el 8 de septiembre del a\u00f1o pasado con la detenci\u00f3n de seis j\u00f3venes detenidos por el delito de ultrajes en una plaza comercial de Xalapa.<br>Avezado, viejo zorro de la pol\u00edtica, Ricardo Monreal tom\u00f3 el caso en sus manos, como estrategia berrinchuda para llamar la atenci\u00f3n del presidente Andr\u00e9s Manuel L\u00f3pez Obrador, quien no lo enquist\u00f3 en la lista de suspirantes a la candidatura por la presidencia de la rep\u00fablica.<br>El asunto de la aplicaci\u00f3n de una ley anticonstitucional, habida cuenta que la ley de ultrajes de la autoridad violenta los derechos humanos de las personas, se hizo un mazacote indigerible<br>Han transcurrido seis meses de este episodio y el gobierno veracruzano encabezado por Cuitl\u00e1huac Garc\u00eda Jim\u00e9nez sigue en el ojo del hurac\u00e1n medi\u00e1tico.<br>Pese a que la Comisi\u00f3n Nacional de los Derechos Humanos (CNDH) emiti\u00f3 el 21 de diciembre del 2021, derivado del expediente CNDH\/2021\/10689\/Q, la recomendaci\u00f3n 146\/2021, en el que le pidi\u00f3 tomar acciones al titular del poder ejecutivo del estado de Veracruz de Ignacio de la Llave, el debate pol\u00edtico parlamentario parece que no cesar\u00e1 en el lapso inmediato.<br>La CNDH cuya titular es la morenista Rosario Piedra Ibarra, envi\u00f3 el documento referido bajo el argumento que \u00abmediante el accionar del proceso legislativo en el Estado, proponer, a la brevedad, la derogaci\u00f3n del numeral 331 del c\u00f3digo penal para el estado, a fin de prevenir nuevas violaciones o derechos humanos, en beneficio de la poblaci\u00f3n en general residente o que transita en la jurisdicci\u00f3n de esta entidad federativa\u00bb, donde precisa la necesidad de derogar este pol\u00e9mico art\u00edculo, toda vez que bajo su consigna hay mil 33 ciudadanos detenidos en las c\u00e1rceles veracruzanas.<br>\u00abEs prudente se\u00f1alar que la recomendaci\u00f3n de la Comisi\u00f3n Nacional de Derechos humanos solicita la derogaci\u00f3n del art\u00edculo 331 del C\u00f3digo Penal para el Estado de Veracruz; no obstante, el numeral 19 de la Constituci\u00f3n Pol\u00edtica de los Estados Unidos Mexicanos establece los delitos graves y la prisi\u00f3n preventiva oficiosa en caso de que un delito se realice con medios violentos como armas y explosivos, por lo que se advierte que se dejar\u00eda un vac\u00edo legal para tipificar la conducta de agresi\u00f3n con medios violentos hacia servidores p\u00fablicos, en espec\u00edfico a polic\u00edas y elementos de seguridad en el cumplimiento de su deber\u00bb, expuso el gobernador Cuitl\u00e1huac Garc\u00eda al aceptar la recomendaci\u00f3n de la CNDH, al tiempo que envi\u00f3 una iniciativa a la LXVI Legislatura para que se discute y en su caso, se apruebe, la derogaci\u00f3n de este art\u00edculo de marras.<br>La pelota est\u00e1 en la cancha del legislativo, poder que ha evidenciado una parsimonia distintiva del trabajo camaral, est\u00e1n los 50 legisladores &#8216;echados a la hamaca&#8217;, como dicen en la Cuenca.<br>La ley ser\u00e1 derogada, conf\u00eda el abogado penalista Jorge Reyes Peralta, quien sostiene que, una vez promulgada esta reforma al C\u00f3digo Penal, no significar\u00e1 en autom\u00e1tico la liberaci\u00f3n de estos mil 33 detenidos por ultrajes a la autoridad, sin que medie un juicio de sobreseimiento judicial promovido por los abogados defensores de los detenidos.<br>Desde la zona norte, Cuitl\u00e1huac Garc\u00eda Jim\u00e9nez martill\u00f3 el \u00faltimo clavo al ata\u00fad de la neonata Comisi\u00f3n Especial para investigar abusos de autoridad en Veracruz, devolviendo la bofetada al senador panista Julen Rementeria del Puerto, quien llam\u00f3 \u00abtruhan\u00bb (bandido) al maestro universitario, quien dijo que es m\u00e1s factible que el albiazul desaparezca del mapa pol\u00edtico-electoral en territorio veracruzano a que se mandate una desaparici\u00f3n de poderes en el estado.<br>Al loco frenes\u00ed parlamentario registrado en la C\u00e1mara de Senadores se contrapone la pachorruda calma de los 50 legisladores veracruzanos quienes no se inmutan ante la refriega verbal y patean el bote en la discusi\u00f3n del numeral 331 de la ley de ultrajes a la autoridad, como si la agenda legislativa estuviese atiborrada de iniciativas pendientes.<br>El 11 de marzo de 2021 se public\u00f3 en la Gaceta Oficial de Veracruz el Decreto N\u00famero 848 que reform\u00f3 diversas disposiciones del C\u00f3digo Penal del Estado Libre y Soberano de Veracruz, entre ellas el delito de ultrajes a la autoridad.<br>Si bien el delito de ultrajes ya era vigente -sostiene la organizaci\u00f3n defensora de periodistas Articulo 19- y establec\u00eda la imposici\u00f3n de \u00abseis meses a dos a\u00f1os de prisi\u00f3n y multa hasta de cuarenta d\u00edas de salario a quien amenace o agreda a un servidor p\u00fablico en el momento de ejercer sus funciones o con motivo de ellas\u00bb.<br>Con la reforma, se a\u00f1adieron supuestos que posibilitan el uso arbitrario de este tipo penal. ARTICLE 19 tiene documentado como \u00e9ste ha sido utilizado por las autoridades para restringir la labor period\u00edstica, el ejercicio de la protesta y el derecho a la libertad de expresi\u00f3n en general.<br>La reforma a\u00f1ade los siguientes supuestos:<br>Se le aplicar\u00e1 al responsable de este delito, adem\u00e1s de las sanciones anteriores, de cinco a siete a\u00f1os de prisi\u00f3n, cuando se actualicen cualquiera de los supuestos siguientes:<br>Se realice por una o m\u00e1s personas armadas o portando instrumentos peligrosos;<br>Se realice por medio de cualquier tipo de violencia contra la v\u00edctima;<br>III. Que el sujeto activo manifieste ser miembro de una pandilla, asociaci\u00f3n<\/p>\n\n\n\n<p>delictuosa o de la delincuencia organizada, real o ficticia o que por cualquier medio manifieste la intervenci\u00f3n de estos grupos en la comisi\u00f3n del delito; o<br>Que se realice a trav\u00e9s de cualquier otra circunstancia que disminuya las posibilidades de defensa o protecci\u00f3n del sujeto pasivo o lo ponga en condiciones de riesgo o desventaja.<br>Una vez derogado este delito, no habr\u00e1 delito porque no habr\u00e1 pena, Nullum crimen, nulla poena sine praevia lege (ning\u00fan delito, ninguna pena sin ley previa), por tanto, los mil 33 ciudadanos encarcelados, deber\u00e1n salir en libertad.<br>Una vez serenados los \u00e1nimos, se emitir\u00e1 la evaluaci\u00f3n de los alcances en la convivencia arm\u00f3nica entre gobierno y gobernados que se lograr\u00e1 con la derogaci\u00f3n del delito de ultrajes a la autoridad, lo que presupone una victoria no de Ricardo Monreal, no de Dante Delgado, sino de la sociedad veracruzana, de los ciudadanos que habr\u00e1n conquistado un triunfo m\u00e1s en la defensa de los derechos fundamentales consagrados en los primeros 28 art\u00edculos de la Constituci\u00f3n mexicana.<br>\u2026 de otro costal.<br>Petr\u00f3leos Mexicanos no produce ganancias para el pa\u00eds, pero s\u00ed es venero inagotable de noticias que corren por los ductos de la corrupci\u00f3n, la ant\u00edtesis de la filosof\u00eda juarista en el diario vivir y en la continuidad de las mafias en el poder.<br>Ricardo Aldana, el aprendiz m\u00e1s avezado de Joaqu\u00edn Hern\u00e1ndez Galicia y Carlos Romero Deschamps, ha sido tocado por el dedo protector que irradia incorruptibilidad y concede santificaci\u00f3n sindical y es ya el dirigente nacional del sindicato petrolero.<br>Los mexicanos que trabajan en Estados Unidos y que rompieron su propio r\u00e9cord en la generaci\u00f3n de divisas al enviar 51 mil millones de d\u00f3lares a M\u00e9xico en el 2021, dicen que la cuatrote aplica el gatopardismo: cambiar todo para que todo siga igual.<br>Incongruencias de un sistema que quiere cambiar al viejo sistema, Andr\u00e9s Manuel con mucha frecuencia recurre a la par\u00e1bola b\u00edblica del vino: no se echa vino nuevo en odres viejos.<br>\u00bfLa llegada de Aldana Prieto no derriba el dec\u00e1logo presidencial?<\/p>\n","protected":false},"excerpt":{"rendered":"<p>Manolo VictorioCarpe Diem La escalada medi\u00e1tica inici\u00f3 el 8 de septiembre del a\u00f1o pasado con la detenci\u00f3n de seis j\u00f3venes detenidos por el delito de ultrajes en una plaza comercial de Xalapa.Avezado, viejo zorro de la pol\u00edtica, Ricardo Monreal tom\u00f3 el caso en sus manos, como estrategia berrinchuda para llamar la atenci\u00f3n del presidente Andr\u00e9s [&hellip;]<\/p>\n","protected":false},"author":2,"featured_media":0,"comment_status":"closed","ping_status":"closed","sticky":false,"template":"","format":"standard","meta":{"tdm_status":"","tdm_grid_status":"","footnotes":""},"categories":[70],"tags":[618,28163,28396,1026,10353,15767,195],"class_list":{"0":"post-85659","1":"post","2":"type-post","3":"status-publish","4":"format-standard","6":"category-de-opinion","7":"tag-andres-manuel-lopez-obrador","8":"tag-julen-rementeria-del-puerto-2","9":"tag-manolo-victorio","10":"tag-morena","11":"tag-ricardo-monreal","12":"tag-rosario-piedra-ibarra","13":"tag-veracruz"},"yoast_head":"<!-- This site is optimized with the Yoast SEO plugin v27.4 - https:\/\/yoast.com\/product\/yoast-seo-wordpress\/ -->\n<title>Numeral 331 - Los pol\u00edticos Veracruz<\/title>\n<meta name=\"robots\" content=\"index, follow, max-snippet:-1, max-image-preview:large, max-video-preview:-1\" \/>\n<link rel=\"canonical\" href=\"https:\/\/lospoliticosveracruz.com\/?p=85659\" \/>\n<meta property=\"og:locale\" content=\"es_ES\" \/>\n<meta property=\"og:type\" content=\"article\" \/>\n<meta property=\"og:title\" content=\"Numeral 331 - Los pol\u00edticos Veracruz\" \/>\n<meta property=\"og:description\" content=\"Manolo VictorioCarpe Diem La escalada medi\u00e1tica inici\u00f3 el 8 de septiembre del a\u00f1o pasado con la detenci\u00f3n de seis j\u00f3venes detenidos por el delito de ultrajes en una plaza comercial de Xalapa.Avezado, viejo zorro de la pol\u00edtica, Ricardo Monreal tom\u00f3 el caso en sus manos, como estrategia berrinchuda para llamar la atenci\u00f3n del presidente Andr\u00e9s [&hellip;]\" \/>\n<meta property=\"og:url\" content=\"https:\/\/lospoliticosveracruz.com\/?p=85659\" \/>\n<meta property=\"og:site_name\" content=\"Los pol\u00edticos Veracruz\" \/>\n<meta property=\"article:publisher\" content=\"https:\/\/www.facebook.com\/people\/Notimemes-de-los-Polticos\/61565672886568\/\" \/>\n<meta property=\"article:published_time\" content=\"2022-02-02T22:55:30+00:00\" \/>\n<meta property=\"article:modified_time\" content=\"2022-02-02T22:56:11+00:00\" \/>\n<meta property=\"og:image\" content=\"https:\/\/lospoliticosveracruz.com\/wp-content\/uploads\/2016\/07\/Logo-Dor.jpg\" \/>\n\t<meta property=\"og:image:width\" content=\"200\" \/>\n\t<meta property=\"og:image:height\" content=\"200\" \/>\n\t<meta property=\"og:image:type\" content=\"image\/jpeg\" \/>\n<meta name=\"author\" content=\"Lo viste en Los Pol\u00edticos\" \/>\n<meta name=\"twitter:card\" content=\"summary_large_image\" \/>\n<meta name=\"twitter:creator\" content=\"@LosPoliticosVer\" \/>\n<meta name=\"twitter:site\" content=\"@LosPoliticosVer\" \/>\n<meta name=\"twitter:label1\" content=\"Escrito por\" \/>\n\t<meta name=\"twitter:data1\" content=\"Lo viste en Los Pol\u00edticos\" \/>\n\t<meta name=\"twitter:label2\" content=\"Tiempo de lectura\" \/>\n\t<meta name=\"twitter:data2\" content=\"6 minutos\" \/>\n<script type=\"application\/ld+json\" class=\"yoast-schema-graph\">{\"@context\":\"https:\\\/\\\/schema.org\",\"@graph\":[{\"@type\":\"Article\",\"@id\":\"https:\\\/\\\/lospoliticosveracruz.com\\\/?p=85659#article\",\"isPartOf\":{\"@id\":\"https:\\\/\\\/lospoliticosveracruz.com\\\/?p=85659\"},\"author\":{\"name\":\"Lo viste en Los Pol\u00edticos\",\"@id\":\"https:\\\/\\\/lospoliticosveracruz.com\\\/#\\\/schema\\\/person\\\/b8702bb0e538456e6efd07080bf2a4a2\"},\"headline\":\"Numeral 331\",\"datePublished\":\"2022-02-02T22:55:30+00:00\",\"dateModified\":\"2022-02-02T22:56:11+00:00\",\"mainEntityOfPage\":{\"@id\":\"https:\\\/\\\/lospoliticosveracruz.com\\\/?p=85659\"},\"wordCount\":1275,\"publisher\":{\"@id\":\"https:\\\/\\\/lospoliticosveracruz.com\\\/#organization\"},\"keywords\":[\"Andr\u00e9s Manuel L\u00f3pez Obrador\",\"Julen Rementeria del Puerto\",\"Manolo Victorio\",\"Morena\",\"Ricardo Monreal\",\"Rosario Piedra Ibarra\",\"Veracruz\"],\"articleSection\":[\"De Opini\u00f3n\"],\"inLanguage\":\"es\"},{\"@type\":\"WebPage\",\"@id\":\"https:\\\/\\\/lospoliticosveracruz.com\\\/?p=85659\",\"url\":\"https:\\\/\\\/lospoliticosveracruz.com\\\/?p=85659\",\"name\":\"Numeral 331 - Los pol\u00edticos Veracruz\",\"isPartOf\":{\"@id\":\"https:\\\/\\\/lospoliticosveracruz.com\\\/#website\"},\"datePublished\":\"2022-02-02T22:55:30+00:00\",\"dateModified\":\"2022-02-02T22:56:11+00:00\",\"breadcrumb\":{\"@id\":\"https:\\\/\\\/lospoliticosveracruz.com\\\/?p=85659#breadcrumb\"},\"inLanguage\":\"es\",\"potentialAction\":[{\"@type\":\"ReadAction\",\"target\":[\"https:\\\/\\\/lospoliticosveracruz.com\\\/?p=85659\"]}]},{\"@type\":\"BreadcrumbList\",\"@id\":\"https:\\\/\\\/lospoliticosveracruz.com\\\/?p=85659#breadcrumb\",\"itemListElement\":[{\"@type\":\"ListItem\",\"position\":1,\"name\":\"Portada\",\"item\":\"https:\\\/\\\/lospoliticosveracruz.com\\\/\"},{\"@type\":\"ListItem\",\"position\":2,\"name\":\"Numeral 331\"}]},{\"@type\":\"WebSite\",\"@id\":\"https:\\\/\\\/lospoliticosveracruz.com\\\/#website\",\"url\":\"https:\\\/\\\/lospoliticosveracruz.com\\\/\",\"name\":\"Los pol\u00edticos Veracruz\",\"description\":\"\",\"publisher\":{\"@id\":\"https:\\\/\\\/lospoliticosveracruz.com\\\/#organization\"},\"potentialAction\":[{\"@type\":\"SearchAction\",\"target\":{\"@type\":\"EntryPoint\",\"urlTemplate\":\"https:\\\/\\\/lospoliticosveracruz.com\\\/?s={search_term_string}\"},\"query-input\":{\"@type\":\"PropertyValueSpecification\",\"valueRequired\":true,\"valueName\":\"search_term_string\"}}],\"inLanguage\":\"es\"},{\"@type\":\"Organization\",\"@id\":\"https:\\\/\\\/lospoliticosveracruz.com\\\/#organization\",\"name\":\"Los pol\u00edticos Veracruz\",\"url\":\"https:\\\/\\\/lospoliticosveracruz.com\\\/\",\"logo\":{\"@type\":\"ImageObject\",\"inLanguage\":\"es\",\"@id\":\"https:\\\/\\\/lospoliticosveracruz.com\\\/#\\\/schema\\\/logo\\\/image\\\/\",\"url\":\"https:\\\/\\\/lospoliticosveracruz.com\\\/wp-content\\\/uploads\\\/2025\\\/12\\\/Logo-Nuevo-LOS-POLITICOS-1.jpg\",\"contentUrl\":\"https:\\\/\\\/lospoliticosveracruz.com\\\/wp-content\\\/uploads\\\/2025\\\/12\\\/Logo-Nuevo-LOS-POLITICOS-1.jpg\",\"width\":260,\"height\":70,\"caption\":\"Los pol\u00edticos Veracruz\"},\"image\":{\"@id\":\"https:\\\/\\\/lospoliticosveracruz.com\\\/#\\\/schema\\\/logo\\\/image\\\/\"},\"sameAs\":[\"https:\\\/\\\/www.facebook.com\\\/people\\\/Notimemes-de-los-Polticos\\\/61565672886568\\\/\",\"https:\\\/\\\/x.com\\\/LosPoliticosVer\"]},{\"@type\":\"Person\",\"@id\":\"https:\\\/\\\/lospoliticosveracruz.com\\\/#\\\/schema\\\/person\\\/b8702bb0e538456e6efd07080bf2a4a2\",\"name\":\"Lo viste en Los Pol\u00edticos\",\"image\":{\"@type\":\"ImageObject\",\"inLanguage\":\"es\",\"@id\":\"https:\\\/\\\/secure.gravatar.com\\\/avatar\\\/3a8de04a2656d44082be478bd6c086daa447c4651605818287b9532d3d0bd435?s=96&d=mm&r=g\",\"url\":\"https:\\\/\\\/secure.gravatar.com\\\/avatar\\\/3a8de04a2656d44082be478bd6c086daa447c4651605818287b9532d3d0bd435?s=96&d=mm&r=g\",\"contentUrl\":\"https:\\\/\\\/secure.gravatar.com\\\/avatar\\\/3a8de04a2656d44082be478bd6c086daa447c4651605818287b9532d3d0bd435?s=96&d=mm&r=g\",\"caption\":\"Lo viste en Los Pol\u00edticos\"},\"url\":\"https:\\\/\\\/lospoliticosveracruz.com\\\/?author=2\"}]}<\/script>\n<!-- \/ Yoast SEO plugin. -->","yoast_head_json":{"title":"Numeral 331 - Los pol\u00edticos Veracruz","robots":{"index":"index","follow":"follow","max-snippet":"max-snippet:-1","max-image-preview":"max-image-preview:large","max-video-preview":"max-video-preview:-1"},"canonical":"https:\/\/lospoliticosveracruz.com\/?p=85659","og_locale":"es_ES","og_type":"article","og_title":"Numeral 331 - Los pol\u00edticos Veracruz","og_description":"Manolo VictorioCarpe Diem La escalada medi\u00e1tica inici\u00f3 el 8 de septiembre del a\u00f1o pasado con la detenci\u00f3n de seis j\u00f3venes detenidos por el delito de ultrajes en una plaza comercial de Xalapa.Avezado, viejo zorro de la pol\u00edtica, Ricardo Monreal tom\u00f3 el caso en sus manos, como estrategia berrinchuda para llamar la atenci\u00f3n del presidente Andr\u00e9s [&hellip;]","og_url":"https:\/\/lospoliticosveracruz.com\/?p=85659","og_site_name":"Los pol\u00edticos Veracruz","article_publisher":"https:\/\/www.facebook.com\/people\/Notimemes-de-los-Polticos\/61565672886568\/","article_published_time":"2022-02-02T22:55:30+00:00","article_modified_time":"2022-02-02T22:56:11+00:00","og_image":[{"width":200,"height":200,"url":"https:\/\/lospoliticosveracruz.com\/wp-content\/uploads\/2016\/07\/Logo-Dor.jpg","type":"image\/jpeg"}],"author":"Lo viste en Los Pol\u00edticos","twitter_card":"summary_large_image","twitter_creator":"@LosPoliticosVer","twitter_site":"@LosPoliticosVer","twitter_misc":{"Escrito por":"Lo viste en Los Pol\u00edticos","Tiempo de lectura":"6 minutos"},"schema":{"@context":"https:\/\/schema.org","@graph":[{"@type":"Article","@id":"https:\/\/lospoliticosveracruz.com\/?p=85659#article","isPartOf":{"@id":"https:\/\/lospoliticosveracruz.com\/?p=85659"},"author":{"name":"Lo viste en Los Pol\u00edticos","@id":"https:\/\/lospoliticosveracruz.com\/#\/schema\/person\/b8702bb0e538456e6efd07080bf2a4a2"},"headline":"Numeral 331","datePublished":"2022-02-02T22:55:30+00:00","dateModified":"2022-02-02T22:56:11+00:00","mainEntityOfPage":{"@id":"https:\/\/lospoliticosveracruz.com\/?p=85659"},"wordCount":1275,"publisher":{"@id":"https:\/\/lospoliticosveracruz.com\/#organization"},"keywords":["Andr\u00e9s Manuel L\u00f3pez Obrador","Julen Rementeria del Puerto","Manolo Victorio","Morena","Ricardo Monreal","Rosario Piedra Ibarra","Veracruz"],"articleSection":["De Opini\u00f3n"],"inLanguage":"es"},{"@type":"WebPage","@id":"https:\/\/lospoliticosveracruz.com\/?p=85659","url":"https:\/\/lospoliticosveracruz.com\/?p=85659","name":"Numeral 331 - Los pol\u00edticos Veracruz","isPartOf":{"@id":"https:\/\/lospoliticosveracruz.com\/#website"},"datePublished":"2022-02-02T22:55:30+00:00","dateModified":"2022-02-02T22:56:11+00:00","breadcrumb":{"@id":"https:\/\/lospoliticosveracruz.com\/?p=85659#breadcrumb"},"inLanguage":"es","potentialAction":[{"@type":"ReadAction","target":["https:\/\/lospoliticosveracruz.com\/?p=85659"]}]},{"@type":"BreadcrumbList","@id":"https:\/\/lospoliticosveracruz.com\/?p=85659#breadcrumb","itemListElement":[{"@type":"ListItem","position":1,"name":"Portada","item":"https:\/\/lospoliticosveracruz.com\/"},{"@type":"ListItem","position":2,"name":"Numeral 331"}]},{"@type":"WebSite","@id":"https:\/\/lospoliticosveracruz.com\/#website","url":"https:\/\/lospoliticosveracruz.com\/","name":"Los pol\u00edticos Veracruz","description":"","publisher":{"@id":"https:\/\/lospoliticosveracruz.com\/#organization"},"potentialAction":[{"@type":"SearchAction","target":{"@type":"EntryPoint","urlTemplate":"https:\/\/lospoliticosveracruz.com\/?s={search_term_string}"},"query-input":{"@type":"PropertyValueSpecification","valueRequired":true,"valueName":"search_term_string"}}],"inLanguage":"es"},{"@type":"Organization","@id":"https:\/\/lospoliticosveracruz.com\/#organization","name":"Los pol\u00edticos Veracruz","url":"https:\/\/lospoliticosveracruz.com\/","logo":{"@type":"ImageObject","inLanguage":"es","@id":"https:\/\/lospoliticosveracruz.com\/#\/schema\/logo\/image\/","url":"https:\/\/lospoliticosveracruz.com\/wp-content\/uploads\/2025\/12\/Logo-Nuevo-LOS-POLITICOS-1.jpg","contentUrl":"https:\/\/lospoliticosveracruz.com\/wp-content\/uploads\/2025\/12\/Logo-Nuevo-LOS-POLITICOS-1.jpg","width":260,"height":70,"caption":"Los pol\u00edticos Veracruz"},"image":{"@id":"https:\/\/lospoliticosveracruz.com\/#\/schema\/logo\/image\/"},"sameAs":["https:\/\/www.facebook.com\/people\/Notimemes-de-los-Polticos\/61565672886568\/","https:\/\/x.com\/LosPoliticosVer"]},{"@type":"Person","@id":"https:\/\/lospoliticosveracruz.com\/#\/schema\/person\/b8702bb0e538456e6efd07080bf2a4a2","name":"Lo viste en Los Pol\u00edticos","image":{"@type":"ImageObject","inLanguage":"es","@id":"https:\/\/secure.gravatar.com\/avatar\/3a8de04a2656d44082be478bd6c086daa447c4651605818287b9532d3d0bd435?s=96&d=mm&r=g","url":"https:\/\/secure.gravatar.com\/avatar\/3a8de04a2656d44082be478bd6c086daa447c4651605818287b9532d3d0bd435?s=96&d=mm&r=g","contentUrl":"https:\/\/secure.gravatar.com\/avatar\/3a8de04a2656d44082be478bd6c086daa447c4651605818287b9532d3d0bd435?s=96&d=mm&r=g","caption":"Lo viste en Los Pol\u00edticos"},"url":"https:\/\/lospoliticosveracruz.com\/?author=2"}]}},"_links":{"self":[{"href":"https:\/\/lospoliticosveracruz.com\/index.php?rest_route=\/wp\/v2\/posts\/85659","targetHints":{"allow":["GET"]}}],"collection":[{"href":"https:\/\/lospoliticosveracruz.com\/index.php?rest_route=\/wp\/v2\/posts"}],"about":[{"href":"https:\/\/lospoliticosveracruz.com\/index.php?rest_route=\/wp\/v2\/types\/post"}],"author":[{"embeddable":true,"href":"https:\/\/lospoliticosveracruz.com\/index.php?rest_route=\/wp\/v2\/users\/2"}],"replies":[{"embeddable":true,"href":"https:\/\/lospoliticosveracruz.com\/index.php?rest_route=%2Fwp%2Fv2%2Fcomments&post=85659"}],"version-history":[{"count":1,"href":"https:\/\/lospoliticosveracruz.com\/index.php?rest_route=\/wp\/v2\/posts\/85659\/revisions"}],"predecessor-version":[{"id":85660,"href":"https:\/\/lospoliticosveracruz.com\/index.php?rest_route=\/wp\/v2\/posts\/85659\/revisions\/85660"}],"wp:attachment":[{"href":"https:\/\/lospoliticosveracruz.com\/index.php?rest_route=%2Fwp%2Fv2%2Fmedia&parent=85659"}],"wp:term":[{"taxonomy":"category","embeddable":true,"href":"https:\/\/lospoliticosveracruz.com\/index.php?rest_route=%2Fwp%2Fv2%2Fcategories&post=85659"},{"taxonomy":"post_tag","embeddable":true,"href":"https:\/\/lospoliticosveracruz.com\/index.php?rest_route=%2Fwp%2Fv2%2Ftags&post=85659"}],"curies":[{"name":"wp","href":"https:\/\/api.w.org\/{rel}","templated":true}]}}