{"id":85670,"date":"2022-02-03T03:51:00","date_gmt":"2022-02-03T09:51:00","guid":{"rendered":"https:\/\/lospoliticosveracruz.com.mx\/?p=85670"},"modified":"2022-02-02T21:58:50","modified_gmt":"2022-02-03T03:58:50","slug":"nahle-sergio-yunes-anilu","status":"publish","type":"post","link":"https:\/\/lospoliticosveracruz.com\/?p=85670","title":{"rendered":"Nahle, Sergio, Yunes\u2026 \u00a1Anil\u00fa!"},"content":{"rendered":"\n<p><strong>Salvador Mu\u00f1oz<br><\/strong><em>Los Pol\u00edticos<\/em><\/p>\n\n\n\n<p>\u00bfUna gobernadora para Veracruz?<br>De eso hablaba Brenda Caballero en sus <strong><em><a href=\"https:\/\/lospoliticosveracruz.com.mx\/?p=85473\">N\u00fameros Rojos<\/a><\/em><\/strong> al inicio de esta semana mencionando la posibilidad de que por Morena, la candidata sea Roc\u00edo Nahle, que eso no la hace de inmediato la mandona del Poder Ejecutivo en la entidad.<br>En torno a Nahle, hay un solo activo: la mencion\u00f3 AMLO y entre morenos, haga de cuenta que sintieron el viento de la Rosa de Guadalupe, o que las palabras del Presidente fueron como las del Rey Julien XIII a los o\u00eddos de Mort (tienen que ver Madagascar para entender la referencia)\u2026<br>El activo de Nahle, pues, en este momento, pesa y mucho\u2026 aunque de aqu\u00ed al 2024 todav\u00eda hay mucho tramo que recorrer y no se sabe qu\u00e9 otra casita puede salir a los hijos del Presidente; qu\u00e9 otras primas Jelipas tenga; cu\u00e1ntos videos comprometedores le aparezcan a P\u00edo; cu\u00e1ntas bodas en el extranjero se les ocurra a los subalternos de AMLO; o qu\u00e9 otro caso de acoso ha de surgir entre los morenos que se cobije en el manto protector de su presidente\u2026<br>El fen\u00f3meno AMLO permiti\u00f3 que los candidatos de Morena prescindieran de una caracter\u00edstica que incluso, est\u00e1 estampada en la figura de los ungidos: popular\u2026 de pueblo, pero tambi\u00e9n con sus extensiones sem\u00e1nticas: conocido.<br>De cierto modo, el fen\u00f3meno AMLO abri\u00f3 el campo de la pol\u00edtica al ciudadano com\u00fan, al activista, al de las marchas y protestas, al ama de casa, al maestro\u2026 creo que cada ciudadano, ajeno a fobias y filias, puede hablar de lo que fue su alcalde moreno, su diputado local o federal moreno; y lo que es hasta hoy, sus senadores y presidente morenos\u2026<br>Hay garbanzos de a Libra, s\u00ed\u2026 pero en su mayor\u00eda, hay garbanzos de a C\u00e1ncer! y si me apuran, hasta de a Tauro!<br>En los negativos de Nahle est\u00e1 esto: carece de qu\u00edmica con el ciudadano\u2026 que no con el moreno que s\u00f3lo se mueve por el balido\u2026<br>En su columna de este mi\u00e9rcoles, el periodista <strong><em><a href=\"http:\/\/alejandroaguirre.com.mx\/?p=1073\">Alejandro Aguirre<\/a><\/em><\/strong> pone la ant\u00edtesis de Nahle en la figura de Sergio Guti\u00e9rrez Luna, presidente de la C\u00e1mara de Diputados, quien ya a estas alturas del partido, est\u00e1 siendo considerado tanto en lo local como en lo nacional, un precandidato a la Gubernatura por Morena.<br>Se le llama la Ant\u00edtesis, porque el tipo, adem\u00e1s de tener los activos que le da pertenecer al partido m\u00e1s poderoso del pa\u00eds en este momento, hace qu\u00edmica con la gente. Y bien dice Alejandro Aguirre, si se mueve, es por dos razones: hay anuencia desde las m\u00e1s altas esferas; y porque sabe que tiene posibilidades.<br>Puede ser muy subjetivo el asunto, pero Sergio Guti\u00e9rrez emana veracruzanidad, cosa que no se le ve por ning\u00fan poro a Nahle y en eso, se parece a Eric \u201cBola 8\u201d Cisneros Burgos\u2026 muchos pudieran decir que es porque la se\u00f1ora es de Zacatecas y el otro, de Baja Cuencalifornia\u2026 pero la hip\u00f3tesis se vendr\u00eda abajo con Ahued, que por cualquier lado que se le vea al nativo de Pachuca, es xalape\u00f1o.<br>Otro dato que aporta Alejandro Aguirre, es la preocupaci\u00f3n u ocupaci\u00f3n que hay por los posibles candidatos de la Oposici\u00f3n para el 2024\u2026 hay una pregunta que Brenda Caballero hace en su columna pasada: \u00bfEstamos preparados para una Gobernadora?; bueno, pues en mi caso la pregunta ser\u00eda: \u00bfEstamos preparados los veracruzanos para tener oootra vez un candidato a la Gubernatura de apellido Yunes?<br>Haga memoria: 2018, dos Yunes; 2016, dos Yunes; 2010, un Yunes\u2026 \u00bfen serio el ciudadano (no hablo de pri\u00edstas o panistas) aguantar\u00eda otro Yunes en el 2024? Entonces aparece el senador Julen Rementer\u00eda entre los comentarios panistas\u2026 aunque si es as\u00ed, hasta el momento, habr\u00eda s\u00f3lo una mujer entre los precandidatos: Roc\u00edo Nahle\u2026 pero Alejandro Aguirre cita a una pri\u00edsta a la que Morena ya tiene entre ojos: Anil\u00fa Ingram, quien siendo subjetivos, cumple con la veracruzanidad al cien por ciento, es carism\u00e1tica, y es (junto con Ruth Callejas, Maribel Ram\u00edrez y por ah\u00ed, con Vero Pulido cual gato panzarriba) de las diputadas de la oposici\u00f3n que m\u00e1s fuerte ha alzado la voz, ha puesto en su lugar al secretario de Gobierno, atiende no s\u00f3lo peticiones ciudadanas sino iniciativas ciudadanas (con su respectivo cr\u00e9dito\u2026 lo reconoce) y es considerada la mejor posicionada en trabajo legislativo en el Congreso local.<br>Si eso fuera poco, es una pol\u00edtica que no s\u00f3lo se circuns\u2026 cicuns\u2026 cirscrip\u2026 corciscrip\u2026 \u00a1circunscribe! a su tierra, el Puerto jarocho, anda de la Ceca a la Meca, de arriba para abajo, recorriendo el estado porque se quiera o no, sin hacer mucho ruido, tiene una red pol\u00edtica interesante, aunque la m\u00e1s fuerte, sin duda, es la de amigos que ha hecho a lo largo y ancho del estado\u2026<br>Como sea, ah\u00ed est\u00e1 Nahle, pero tambi\u00e9n est\u00e1 Sergio empujando fuerte, y por la oposici\u00f3n, el nombre de Anil\u00fa a nivel nacional, ya empieza a hacer ruido.<\/p>\n\n\n\n<p>smcainito@gmail.com<\/p>\n","protected":false},"excerpt":{"rendered":"<p>Salvador Mu\u00f1ozLos Pol\u00edticos \u00bfUna gobernadora para Veracruz?De eso hablaba Brenda Caballero en sus N\u00fameros Rojos al inicio de esta semana mencionando la posibilidad de que por Morena, la candidata sea Roc\u00edo Nahle, que eso no la hace de inmediato la mandona del Poder Ejecutivo en la entidad.En torno a Nahle, hay un solo activo: la [&hellip;]<\/p>\n","protected":false},"author":2,"featured_media":0,"comment_status":"closed","ping_status":"closed","sticky":false,"template":"","format":"standard","meta":{"tdm_status":"","tdm_grid_status":"","footnotes":""},"categories":[70],"tags":[618,32124,1130,28577,1026,26717,1385,2646,16147,195],"class_list":{"0":"post-85670","1":"post","2":"type-post","3":"status-publish","4":"format-standard","6":"category-de-opinion","7":"tag-andres-manuel-lopez-obrador","8":"tag-eric-bola-8-cisneros-burgos","9":"tag-julen-rementeria","10":"tag-maribel-ramirez","11":"tag-morena","12":"tag-rocio-nahle-2","13":"tag-ruth-callejas","14":"tag-salvador-munoz","15":"tag-sergio-gutierrez-luna","16":"tag-veracruz"},"yoast_head":"<!-- This site is optimized with the Yoast SEO plugin v27.4 - https:\/\/yoast.com\/product\/yoast-seo-wordpress\/ -->\n<title>Nahle, Sergio, Yunes\u2026 \u00a1Anil\u00fa! - Los pol\u00edticos Veracruz<\/title>\n<meta name=\"robots\" content=\"index, follow, max-snippet:-1, max-image-preview:large, max-video-preview:-1\" \/>\n<link rel=\"canonical\" href=\"https:\/\/lospoliticosveracruz.com\/?p=85670\" \/>\n<meta property=\"og:locale\" content=\"es_ES\" \/>\n<meta property=\"og:type\" content=\"article\" \/>\n<meta property=\"og:title\" content=\"Nahle, Sergio, Yunes\u2026 \u00a1Anil\u00fa! - Los pol\u00edticos Veracruz\" \/>\n<meta property=\"og:description\" content=\"Salvador Mu\u00f1ozLos Pol\u00edticos \u00bfUna gobernadora para Veracruz?De eso hablaba Brenda Caballero en sus N\u00fameros Rojos al inicio de esta semana mencionando la posibilidad de que por Morena, la candidata sea Roc\u00edo Nahle, que eso no la hace de inmediato la mandona del Poder Ejecutivo en la entidad.En torno a Nahle, hay un solo activo: la [&hellip;]\" \/>\n<meta property=\"og:url\" content=\"https:\/\/lospoliticosveracruz.com\/?p=85670\" \/>\n<meta property=\"og:site_name\" content=\"Los pol\u00edticos Veracruz\" \/>\n<meta property=\"article:publisher\" content=\"https:\/\/www.facebook.com\/people\/Notimemes-de-los-Polticos\/61565672886568\/\" \/>\n<meta property=\"article:published_time\" content=\"2022-02-03T09:51:00+00:00\" \/>\n<meta property=\"og:image\" content=\"https:\/\/lospoliticosveracruz.com\/wp-content\/uploads\/2016\/07\/Logo-Dor.jpg\" \/>\n\t<meta property=\"og:image:width\" content=\"200\" \/>\n\t<meta property=\"og:image:height\" content=\"200\" \/>\n\t<meta property=\"og:image:type\" content=\"image\/jpeg\" \/>\n<meta name=\"author\" content=\"Lo viste en Los Pol\u00edticos\" \/>\n<meta name=\"twitter:card\" content=\"summary_large_image\" \/>\n<meta name=\"twitter:creator\" content=\"@LosPoliticosVer\" \/>\n<meta name=\"twitter:site\" content=\"@LosPoliticosVer\" \/>\n<meta name=\"twitter:label1\" content=\"Escrito por\" \/>\n\t<meta name=\"twitter:data1\" content=\"Lo viste en Los Pol\u00edticos\" \/>\n\t<meta name=\"twitter:label2\" content=\"Tiempo de lectura\" \/>\n\t<meta name=\"twitter:data2\" content=\"4 minutos\" \/>\n<script type=\"application\/ld+json\" class=\"yoast-schema-graph\">{\"@context\":\"https:\\\/\\\/schema.org\",\"@graph\":[{\"@type\":\"Article\",\"@id\":\"https:\\\/\\\/lospoliticosveracruz.com\\\/?p=85670#article\",\"isPartOf\":{\"@id\":\"https:\\\/\\\/lospoliticosveracruz.com\\\/?p=85670\"},\"author\":{\"name\":\"Lo viste en Los Pol\u00edticos\",\"@id\":\"https:\\\/\\\/lospoliticosveracruz.com\\\/#\\\/schema\\\/person\\\/b8702bb0e538456e6efd07080bf2a4a2\"},\"headline\":\"Nahle, Sergio, Yunes\u2026 \u00a1Anil\u00fa!\",\"datePublished\":\"2022-02-03T09:51:00+00:00\",\"mainEntityOfPage\":{\"@id\":\"https:\\\/\\\/lospoliticosveracruz.com\\\/?p=85670\"},\"wordCount\":878,\"publisher\":{\"@id\":\"https:\\\/\\\/lospoliticosveracruz.com\\\/#organization\"},\"keywords\":[\"Andr\u00e9s Manuel L\u00f3pez Obrador\",\"Eric \u201cBola 8\u201d Cisneros Burgos\",\"Julen Rementer\u00eda\",\"Maribel Ram\u00edrez\",\"Morena\",\"Rocio Nahle\",\"Ruth Callejas\",\"Salvador Mu\u00f1oz\",\"Sergio Guti\u00e9rrez Luna\",\"Veracruz\"],\"articleSection\":[\"De Opini\u00f3n\"],\"inLanguage\":\"es\"},{\"@type\":\"WebPage\",\"@id\":\"https:\\\/\\\/lospoliticosveracruz.com\\\/?p=85670\",\"url\":\"https:\\\/\\\/lospoliticosveracruz.com\\\/?p=85670\",\"name\":\"Nahle, Sergio, Yunes\u2026 \u00a1Anil\u00fa! - Los pol\u00edticos Veracruz\",\"isPartOf\":{\"@id\":\"https:\\\/\\\/lospoliticosveracruz.com\\\/#website\"},\"datePublished\":\"2022-02-03T09:51:00+00:00\",\"breadcrumb\":{\"@id\":\"https:\\\/\\\/lospoliticosveracruz.com\\\/?p=85670#breadcrumb\"},\"inLanguage\":\"es\",\"potentialAction\":[{\"@type\":\"ReadAction\",\"target\":[\"https:\\\/\\\/lospoliticosveracruz.com\\\/?p=85670\"]}]},{\"@type\":\"BreadcrumbList\",\"@id\":\"https:\\\/\\\/lospoliticosveracruz.com\\\/?p=85670#breadcrumb\",\"itemListElement\":[{\"@type\":\"ListItem\",\"position\":1,\"name\":\"Portada\",\"item\":\"https:\\\/\\\/lospoliticosveracruz.com\\\/\"},{\"@type\":\"ListItem\",\"position\":2,\"name\":\"Nahle, Sergio, Yunes\u2026 \u00a1Anil\u00fa!\"}]},{\"@type\":\"WebSite\",\"@id\":\"https:\\\/\\\/lospoliticosveracruz.com\\\/#website\",\"url\":\"https:\\\/\\\/lospoliticosveracruz.com\\\/\",\"name\":\"Los pol\u00edticos Veracruz\",\"description\":\"\",\"publisher\":{\"@id\":\"https:\\\/\\\/lospoliticosveracruz.com\\\/#organization\"},\"potentialAction\":[{\"@type\":\"SearchAction\",\"target\":{\"@type\":\"EntryPoint\",\"urlTemplate\":\"https:\\\/\\\/lospoliticosveracruz.com\\\/?s={search_term_string}\"},\"query-input\":{\"@type\":\"PropertyValueSpecification\",\"valueRequired\":true,\"valueName\":\"search_term_string\"}}],\"inLanguage\":\"es\"},{\"@type\":\"Organization\",\"@id\":\"https:\\\/\\\/lospoliticosveracruz.com\\\/#organization\",\"name\":\"Los pol\u00edticos Veracruz\",\"url\":\"https:\\\/\\\/lospoliticosveracruz.com\\\/\",\"logo\":{\"@type\":\"ImageObject\",\"inLanguage\":\"es\",\"@id\":\"https:\\\/\\\/lospoliticosveracruz.com\\\/#\\\/schema\\\/logo\\\/image\\\/\",\"url\":\"https:\\\/\\\/lospoliticosveracruz.com\\\/wp-content\\\/uploads\\\/2025\\\/12\\\/Logo-Nuevo-LOS-POLITICOS-1.jpg\",\"contentUrl\":\"https:\\\/\\\/lospoliticosveracruz.com\\\/wp-content\\\/uploads\\\/2025\\\/12\\\/Logo-Nuevo-LOS-POLITICOS-1.jpg\",\"width\":260,\"height\":70,\"caption\":\"Los pol\u00edticos Veracruz\"},\"image\":{\"@id\":\"https:\\\/\\\/lospoliticosveracruz.com\\\/#\\\/schema\\\/logo\\\/image\\\/\"},\"sameAs\":[\"https:\\\/\\\/www.facebook.com\\\/people\\\/Notimemes-de-los-Polticos\\\/61565672886568\\\/\",\"https:\\\/\\\/x.com\\\/LosPoliticosVer\"]},{\"@type\":\"Person\",\"@id\":\"https:\\\/\\\/lospoliticosveracruz.com\\\/#\\\/schema\\\/person\\\/b8702bb0e538456e6efd07080bf2a4a2\",\"name\":\"Lo viste en Los Pol\u00edticos\",\"image\":{\"@type\":\"ImageObject\",\"inLanguage\":\"es\",\"@id\":\"https:\\\/\\\/secure.gravatar.com\\\/avatar\\\/3a8de04a2656d44082be478bd6c086daa447c4651605818287b9532d3d0bd435?s=96&d=mm&r=g\",\"url\":\"https:\\\/\\\/secure.gravatar.com\\\/avatar\\\/3a8de04a2656d44082be478bd6c086daa447c4651605818287b9532d3d0bd435?s=96&d=mm&r=g\",\"contentUrl\":\"https:\\\/\\\/secure.gravatar.com\\\/avatar\\\/3a8de04a2656d44082be478bd6c086daa447c4651605818287b9532d3d0bd435?s=96&d=mm&r=g\",\"caption\":\"Lo viste en Los Pol\u00edticos\"},\"url\":\"https:\\\/\\\/lospoliticosveracruz.com\\\/?author=2\"}]}<\/script>\n<!-- \/ Yoast SEO plugin. -->","yoast_head_json":{"title":"Nahle, Sergio, Yunes\u2026 \u00a1Anil\u00fa! - Los pol\u00edticos Veracruz","robots":{"index":"index","follow":"follow","max-snippet":"max-snippet:-1","max-image-preview":"max-image-preview:large","max-video-preview":"max-video-preview:-1"},"canonical":"https:\/\/lospoliticosveracruz.com\/?p=85670","og_locale":"es_ES","og_type":"article","og_title":"Nahle, Sergio, Yunes\u2026 \u00a1Anil\u00fa! - Los pol\u00edticos Veracruz","og_description":"Salvador Mu\u00f1ozLos Pol\u00edticos \u00bfUna gobernadora para Veracruz?De eso hablaba Brenda Caballero en sus N\u00fameros Rojos al inicio de esta semana mencionando la posibilidad de que por Morena, la candidata sea Roc\u00edo Nahle, que eso no la hace de inmediato la mandona del Poder Ejecutivo en la entidad.En torno a Nahle, hay un solo activo: la [&hellip;]","og_url":"https:\/\/lospoliticosveracruz.com\/?p=85670","og_site_name":"Los pol\u00edticos Veracruz","article_publisher":"https:\/\/www.facebook.com\/people\/Notimemes-de-los-Polticos\/61565672886568\/","article_published_time":"2022-02-03T09:51:00+00:00","og_image":[{"width":200,"height":200,"url":"https:\/\/lospoliticosveracruz.com\/wp-content\/uploads\/2016\/07\/Logo-Dor.jpg","type":"image\/jpeg"}],"author":"Lo viste en Los Pol\u00edticos","twitter_card":"summary_large_image","twitter_creator":"@LosPoliticosVer","twitter_site":"@LosPoliticosVer","twitter_misc":{"Escrito por":"Lo viste en Los Pol\u00edticos","Tiempo de lectura":"4 minutos"},"schema":{"@context":"https:\/\/schema.org","@graph":[{"@type":"Article","@id":"https:\/\/lospoliticosveracruz.com\/?p=85670#article","isPartOf":{"@id":"https:\/\/lospoliticosveracruz.com\/?p=85670"},"author":{"name":"Lo viste en Los Pol\u00edticos","@id":"https:\/\/lospoliticosveracruz.com\/#\/schema\/person\/b8702bb0e538456e6efd07080bf2a4a2"},"headline":"Nahle, Sergio, Yunes\u2026 \u00a1Anil\u00fa!","datePublished":"2022-02-03T09:51:00+00:00","mainEntityOfPage":{"@id":"https:\/\/lospoliticosveracruz.com\/?p=85670"},"wordCount":878,"publisher":{"@id":"https:\/\/lospoliticosveracruz.com\/#organization"},"keywords":["Andr\u00e9s Manuel L\u00f3pez Obrador","Eric \u201cBola 8\u201d Cisneros Burgos","Julen Rementer\u00eda","Maribel Ram\u00edrez","Morena","Rocio Nahle","Ruth Callejas","Salvador Mu\u00f1oz","Sergio Guti\u00e9rrez Luna","Veracruz"],"articleSection":["De Opini\u00f3n"],"inLanguage":"es"},{"@type":"WebPage","@id":"https:\/\/lospoliticosveracruz.com\/?p=85670","url":"https:\/\/lospoliticosveracruz.com\/?p=85670","name":"Nahle, Sergio, Yunes\u2026 \u00a1Anil\u00fa! - Los pol\u00edticos Veracruz","isPartOf":{"@id":"https:\/\/lospoliticosveracruz.com\/#website"},"datePublished":"2022-02-03T09:51:00+00:00","breadcrumb":{"@id":"https:\/\/lospoliticosveracruz.com\/?p=85670#breadcrumb"},"inLanguage":"es","potentialAction":[{"@type":"ReadAction","target":["https:\/\/lospoliticosveracruz.com\/?p=85670"]}]},{"@type":"BreadcrumbList","@id":"https:\/\/lospoliticosveracruz.com\/?p=85670#breadcrumb","itemListElement":[{"@type":"ListItem","position":1,"name":"Portada","item":"https:\/\/lospoliticosveracruz.com\/"},{"@type":"ListItem","position":2,"name":"Nahle, Sergio, Yunes\u2026 \u00a1Anil\u00fa!"}]},{"@type":"WebSite","@id":"https:\/\/lospoliticosveracruz.com\/#website","url":"https:\/\/lospoliticosveracruz.com\/","name":"Los pol\u00edticos Veracruz","description":"","publisher":{"@id":"https:\/\/lospoliticosveracruz.com\/#organization"},"potentialAction":[{"@type":"SearchAction","target":{"@type":"EntryPoint","urlTemplate":"https:\/\/lospoliticosveracruz.com\/?s={search_term_string}"},"query-input":{"@type":"PropertyValueSpecification","valueRequired":true,"valueName":"search_term_string"}}],"inLanguage":"es"},{"@type":"Organization","@id":"https:\/\/lospoliticosveracruz.com\/#organization","name":"Los pol\u00edticos Veracruz","url":"https:\/\/lospoliticosveracruz.com\/","logo":{"@type":"ImageObject","inLanguage":"es","@id":"https:\/\/lospoliticosveracruz.com\/#\/schema\/logo\/image\/","url":"https:\/\/lospoliticosveracruz.com\/wp-content\/uploads\/2025\/12\/Logo-Nuevo-LOS-POLITICOS-1.jpg","contentUrl":"https:\/\/lospoliticosveracruz.com\/wp-content\/uploads\/2025\/12\/Logo-Nuevo-LOS-POLITICOS-1.jpg","width":260,"height":70,"caption":"Los pol\u00edticos Veracruz"},"image":{"@id":"https:\/\/lospoliticosveracruz.com\/#\/schema\/logo\/image\/"},"sameAs":["https:\/\/www.facebook.com\/people\/Notimemes-de-los-Polticos\/61565672886568\/","https:\/\/x.com\/LosPoliticosVer"]},{"@type":"Person","@id":"https:\/\/lospoliticosveracruz.com\/#\/schema\/person\/b8702bb0e538456e6efd07080bf2a4a2","name":"Lo viste en Los Pol\u00edticos","image":{"@type":"ImageObject","inLanguage":"es","@id":"https:\/\/secure.gravatar.com\/avatar\/3a8de04a2656d44082be478bd6c086daa447c4651605818287b9532d3d0bd435?s=96&d=mm&r=g","url":"https:\/\/secure.gravatar.com\/avatar\/3a8de04a2656d44082be478bd6c086daa447c4651605818287b9532d3d0bd435?s=96&d=mm&r=g","contentUrl":"https:\/\/secure.gravatar.com\/avatar\/3a8de04a2656d44082be478bd6c086daa447c4651605818287b9532d3d0bd435?s=96&d=mm&r=g","caption":"Lo viste en Los Pol\u00edticos"},"url":"https:\/\/lospoliticosveracruz.com\/?author=2"}]}},"_links":{"self":[{"href":"https:\/\/lospoliticosveracruz.com\/index.php?rest_route=\/wp\/v2\/posts\/85670","targetHints":{"allow":["GET"]}}],"collection":[{"href":"https:\/\/lospoliticosveracruz.com\/index.php?rest_route=\/wp\/v2\/posts"}],"about":[{"href":"https:\/\/lospoliticosveracruz.com\/index.php?rest_route=\/wp\/v2\/types\/post"}],"author":[{"embeddable":true,"href":"https:\/\/lospoliticosveracruz.com\/index.php?rest_route=\/wp\/v2\/users\/2"}],"replies":[{"embeddable":true,"href":"https:\/\/lospoliticosveracruz.com\/index.php?rest_route=%2Fwp%2Fv2%2Fcomments&post=85670"}],"version-history":[{"count":1,"href":"https:\/\/lospoliticosveracruz.com\/index.php?rest_route=\/wp\/v2\/posts\/85670\/revisions"}],"predecessor-version":[{"id":85672,"href":"https:\/\/lospoliticosveracruz.com\/index.php?rest_route=\/wp\/v2\/posts\/85670\/revisions\/85672"}],"wp:attachment":[{"href":"https:\/\/lospoliticosveracruz.com\/index.php?rest_route=%2Fwp%2Fv2%2Fmedia&parent=85670"}],"wp:term":[{"taxonomy":"category","embeddable":true,"href":"https:\/\/lospoliticosveracruz.com\/index.php?rest_route=%2Fwp%2Fv2%2Fcategories&post=85670"},{"taxonomy":"post_tag","embeddable":true,"href":"https:\/\/lospoliticosveracruz.com\/index.php?rest_route=%2Fwp%2Fv2%2Ftags&post=85670"}],"curies":[{"name":"wp","href":"https:\/\/api.w.org\/{rel}","templated":true}]}}