{"id":85873,"date":"2022-02-08T17:08:18","date_gmt":"2022-02-08T23:08:18","guid":{"rendered":"https:\/\/lospoliticosveracruz.com.mx\/?p=85873"},"modified":"2022-02-08T17:08:26","modified_gmt":"2022-02-08T23:08:26","slug":"transparentar-el-amor","status":"publish","type":"post","link":"https:\/\/lospoliticosveracruz.com\/?p=85873","title":{"rendered":"Transparentar el amor"},"content":{"rendered":"\n<p><strong><strong>Jorge Arturo Rodr\u00edguez<\/strong><\/strong><\/p>\n\n\n\n<p><em>Tierra de Babel<\/em><br><br><\/p>\n\n\n\n<p>Combinaci\u00f3n perfecta: amor y amistad. Pero si agregamos una porci\u00f3n exacta de paz y tolerancia, el brebaje resulta m\u00e1s efectivo; claro que si su paladar es m\u00e1s exigente, roc\u00edele confianza, respeto, optimismo, una raci\u00f3n de alegr\u00eda y lo que se le ocurra, siempre y cuando enriquezca el banquete de la existencia diaria, y disp\u00f3ngase a degustar los momentos del presente, s\u00f3lo as\u00ed se logra ser un Master de la vida que en estos tiempos se encuentra acorralada por el odio, el ego\u00edsmo, la insensatez, la ambici\u00f3n y por los \u00e1vidos de destrucci\u00f3n y auto destrucci\u00f3n. \u00bfMercenarios, en el fondo, somos todos? Vaya usted a saber. No olvidemos que latente vive la guerra y dem\u00e1s abatimientos causados por lo que quiera. Sucede porque sucede.<br>Del amor se ha dicho mucho. De la amistad tambi\u00e9n; aunque, sinceramente, pareciera que la amistad se est\u00e1 perdiendo o ha entrado en estado de coma.<br>En el mes de febrero, por el dichoso D\u00eda del Amor y la Amistad, se nos fugan sentimientos baratos o actitudes semintaloides, digamos \u2013sin agraviar- cursis. Pos all\u00e1 cada quien. El amor y la amistad soportan todo, \u00bfo no? Hay que aguantar y v\u00e1monos a consumir, que para eso nacimos. \u00a1Qu\u00e9 viva el Amor! Van mis honores, sea del lado que sea, arriba, abajo, las formas que gusten y, desde luego, ese Amor fraternal, comunitario, paternal, planetario, universal\u2026 \u00bfQu\u00e9? Quien entendi\u00f3, entendi\u00f3.<br>Bien, no nos pongamos sesudos sobre el tema. Vayamos a la pr\u00e1ctica; ah\u00ed los quiero ver\u2026 Dicen que los amigos son como los taxis, cuando hay mal tiempo escasean. Tambi\u00e9n dicen que los amigos son como la sangre, cuando se est\u00e1 herido acuden sin que se los llame.<br>Mi entra\u00f1able Luis Cernuda escribi\u00f3: \u201cNo es el amor quien muere, somos nosotros mismos\u201d En cuanto a la amistad, lo digo con Fran\u00e7ois de La Rochefoucauld, si quieres tener enemigos, supera a tus amigos; si quieres tener amigos, deja que tus amigos te superen.\u201d<br>Ah, pero eso s\u00ed, los verdaderos amigos se tienen que enfadar de vez en cuando, \u00bfo no, Louis Pasteurs? Amor y paz por siempre. No cometan el octavo pecado capital: el olvido.<\/p>\n\n\n\n<p>Los d\u00edas y los temas<\/p>\n\n\n\n<p>Claro, hay que transparentar el amor, sea de la naturaleza que sea, para qu\u00e9 ocultarlo. No seamos corruptos en el amor y la amistad. As\u00ed me coment\u00f3 mi amigo el taxista, Cris\u00f3foro, cuando me llev\u00f3 a casa luego de haberlo abordado a la salida de donde trabajo. No hablamos mucho. Iba pensando en lo que escribir\u00eda en mi siguiente colaboraci\u00f3n y es lo siguiente.<br>El pasado 31 de enero termin\u00f3 el primer periodo de sesiones ordinarias del primer a\u00f1o de ejercicio constitucional de la LXVI Legislatura del Congreso de Veracruz. No fue nada f\u00e1cil ni lo ser\u00e1 en los siguientes a\u00f1os, pues Veracruz necesita de un marco jur\u00eddico actualizado que responda a la poblaci\u00f3n en todos los \u00e1mbitos y esperamos sea anteponiendo los intereses de los veracruzanos y, sobre todo, el respeto al Estado de Derecho y a los derechos humanos que todas y todos y todes y etc. merecemos. Como siempre, hay mucho por hacer.<br>El diputado Juan Javier G\u00f3mez Cazar\u00edn, presidente de la Junta de Coordinaci\u00f3n Pol\u00edtica, refrend\u00f3, en nombre de la LXVI Legislatura, el compromiso de mantener la unidad y el di\u00e1logo, el trabajo responsable y el respeto invariable a la Ley, porque \u201c\u00e9sa es la v\u00eda para alcanzar la plenitud que nuestra dignidad de personas y de veracruzanos nos demanda. Es la misi\u00f3n a la que no podemos renunciar\u201d. As\u00ed sea.<br>En tanto, la diputada Lidia Irma Mezhua Campos cumple con sus representados. Asisti\u00f3 a todas y cada una de las catorce sesiones ordinarias del primer periodo de sesiones; cuestion\u00f3 a los titulares de las dependencias del estado durante las comparecencias para la Glosa del Tercer Informe de Gobierno de Veracruz, as\u00ed como de los organismos aut\u00f3nomos. No detuvo sus actividades de gesti\u00f3n social en la zona de Zongolica de donde es originaria.<br>Y no para. La Comisi\u00f3n Permanente de Transparencia, Acceso a la Informaci\u00f3n y Parlamento Abierto que preside, aprob\u00f3 su Programa Anual de Trabajo, como establece la Ley; y pa\u2019 luego es tarde, porque en este mes de febrero, realizar\u00e1, en coordinaci\u00f3n con el Instituto Veracruzano de Acceso a la Informaci\u00f3n y Protecci\u00f3n de Datos Personales (IVAI), los \u201cEncuentros Regionales de Capacitaci\u00f3n con Ayuntamientos, denominados \u201cA, B, C de la Transparencia\u201d,), en seis regiones de la entidad veracruzana, dirigida a ediles y titulares de las Unidades de Transparencia municipales, siendo sedes Xalapa, Zongolica, Acayucan Veracruz, Poza Rica y P\u00e1nuco.<br>S\u00ed, se trata de \u201cbrindar a las autoridades entrantes las herramientas necesarias para una correcta transparencia\u201d. Se trata, tambi\u00e9n, de no aflojar el paso.<br>Pero callaos, estamos en veda por la pr\u00f3xima consulta de revocaci\u00f3n de mandato. Pensemos nuestra decisi\u00f3n. Mientras, lo repito, transparentemos el amor\u2026<\/p>\n\n\n\n<p>De cinismo y anexas<\/p>\n\n\n\n<p>Cuando el r\u00edo suena\u2026 O cuando me r\u00edo, sue\u00f1o\u2026<\/p>\n\n\n\n<p>Una mujer se levanta por la ma\u00f1ana, despierta a su marido y le dice:<br>-Cari\u00f1o, he tenido un sue\u00f1o maravilloso. He so\u00f1ado que me regalabas un collar de diamantes para el 14 de febrero. \u00bfQu\u00e9 querr\u00e1 decir?<br>El marido con tono misterioso le contesta:<br>-Lo sabr\u00e1s en San Valent\u00edn mi amor\u2026Llega el D\u00eda de los Enamorados y el marido entra en casa con un paquete en la mano. La mujer emocionada se lo quita de las manos, rasga nerviosa el papel, abre r\u00e1pidamente la caja y encuentra un libro titulado \u00abLa interpretaci\u00f3n de los sue\u00f1os\u00bb, de Sigmund Freud.<\/p>\n\n\n\n<hr class=\"wp-block-separator\"\/>\n\n\n\n<p>Se acerca una chica al mostrador de una tienda y le dice al vendedor:<br>-\u00bfTienes tarjetas que digan \u201cPara mi \u00fanico y verdadero amor\u201d?<\/p>\n\n\n\n<ul class=\"wp-block-list\"><li>S\u00ed, se\u00f1orita, \u00bfquiere una?-. No, deme ocho, por favor.<\/li><\/ul>\n\n\n\n<hr class=\"wp-block-separator\"\/>\n\n\n\n<p>Llega un chico y le pregunta a su amigo:<br>-\u00bfViste el apag\u00f3n de anoche?<br>Y le contesta:<br>-No, en mi casa se fue la luz.<\/p>\n\n\n\n<hr class=\"wp-block-separator\"\/>\n\n\n\n<p>Van dos amigos por la calle y uno le dice al otro:<br>-\u00a1Mira! \u00a1Un reloj!<br>-S\u00ed, es m\u00edo, es que a veces se me adelanta.<\/p>\n\n\n\n<p>Ah\u00ed se ven.<\/p>\n","protected":false},"excerpt":{"rendered":"<p>Jorge Arturo Rodr\u00edguez Tierra de Babel Combinaci\u00f3n perfecta: amor y amistad. Pero si agregamos una porci\u00f3n exacta de paz y tolerancia, el brebaje resulta m\u00e1s efectivo; claro que si su paladar es m\u00e1s exigente, roc\u00edele confianza, respeto, optimismo, una raci\u00f3n de alegr\u00eda y lo que se le ocurra, siempre y cuando enriquezca el banquete de [&hellip;]<\/p>\n","protected":false},"author":2,"featured_media":0,"comment_status":"closed","ping_status":"closed","sticky":false,"template":"","format":"standard","meta":{"tdm_status":"","tdm_grid_status":"","footnotes":""},"categories":[70],"tags":[1721,12695],"class_list":{"0":"post-85873","1":"post","2":"type-post","3":"status-publish","4":"format-standard","6":"category-de-opinion","7":"tag-dia-del-amor-y-la-amistad","8":"tag-juan-javier-gomez-cazarin"},"yoast_head":"<!-- This site is optimized with the Yoast SEO plugin v27.4 - https:\/\/yoast.com\/product\/yoast-seo-wordpress\/ -->\n<title>Transparentar el amor - Los pol\u00edticos Veracruz<\/title>\n<meta name=\"robots\" content=\"index, follow, max-snippet:-1, max-image-preview:large, max-video-preview:-1\" \/>\n<link rel=\"canonical\" href=\"https:\/\/lospoliticosveracruz.com\/?p=85873\" \/>\n<meta property=\"og:locale\" content=\"es_ES\" \/>\n<meta property=\"og:type\" content=\"article\" \/>\n<meta property=\"og:title\" content=\"Transparentar el amor - Los pol\u00edticos Veracruz\" \/>\n<meta property=\"og:description\" content=\"Jorge Arturo Rodr\u00edguez Tierra de Babel Combinaci\u00f3n perfecta: amor y amistad. Pero si agregamos una porci\u00f3n exacta de paz y tolerancia, el brebaje resulta m\u00e1s efectivo; claro que si su paladar es m\u00e1s exigente, roc\u00edele confianza, respeto, optimismo, una raci\u00f3n de alegr\u00eda y lo que se le ocurra, siempre y cuando enriquezca el banquete de [&hellip;]\" \/>\n<meta property=\"og:url\" content=\"https:\/\/lospoliticosveracruz.com\/?p=85873\" \/>\n<meta property=\"og:site_name\" content=\"Los pol\u00edticos Veracruz\" \/>\n<meta property=\"article:publisher\" content=\"https:\/\/www.facebook.com\/people\/Notimemes-de-los-Polticos\/61565672886568\/\" \/>\n<meta property=\"article:published_time\" content=\"2022-02-08T23:08:18+00:00\" \/>\n<meta property=\"article:modified_time\" content=\"2022-02-08T23:08:26+00:00\" \/>\n<meta property=\"og:image\" content=\"https:\/\/lospoliticosveracruz.com\/wp-content\/uploads\/2016\/07\/Logo-Dor.jpg\" \/>\n\t<meta property=\"og:image:width\" content=\"200\" \/>\n\t<meta property=\"og:image:height\" content=\"200\" \/>\n\t<meta property=\"og:image:type\" content=\"image\/jpeg\" \/>\n<meta name=\"author\" content=\"Lo viste en Los Pol\u00edticos\" \/>\n<meta name=\"twitter:card\" content=\"summary_large_image\" \/>\n<meta name=\"twitter:creator\" content=\"@LosPoliticosVer\" \/>\n<meta name=\"twitter:site\" content=\"@LosPoliticosVer\" \/>\n<meta name=\"twitter:label1\" content=\"Escrito por\" \/>\n\t<meta name=\"twitter:data1\" content=\"Lo viste en Los Pol\u00edticos\" \/>\n\t<meta name=\"twitter:label2\" content=\"Tiempo de lectura\" \/>\n\t<meta name=\"twitter:data2\" content=\"5 minutos\" \/>\n<script type=\"application\/ld+json\" class=\"yoast-schema-graph\">{\"@context\":\"https:\\\/\\\/schema.org\",\"@graph\":[{\"@type\":\"Article\",\"@id\":\"https:\\\/\\\/lospoliticosveracruz.com\\\/?p=85873#article\",\"isPartOf\":{\"@id\":\"https:\\\/\\\/lospoliticosveracruz.com\\\/?p=85873\"},\"author\":{\"name\":\"Lo viste en Los Pol\u00edticos\",\"@id\":\"https:\\\/\\\/lospoliticosveracruz.com\\\/#\\\/schema\\\/person\\\/b8702bb0e538456e6efd07080bf2a4a2\"},\"headline\":\"Transparentar el amor\",\"datePublished\":\"2022-02-08T23:08:18+00:00\",\"dateModified\":\"2022-02-08T23:08:26+00:00\",\"mainEntityOfPage\":{\"@id\":\"https:\\\/\\\/lospoliticosveracruz.com\\\/?p=85873\"},\"wordCount\":1077,\"publisher\":{\"@id\":\"https:\\\/\\\/lospoliticosveracruz.com\\\/#organization\"},\"keywords\":[\"D\u00eda del Amor y la Amistad\",\"Juan Javier G\u00f3mez Cazar\u00edn\"],\"articleSection\":[\"De Opini\u00f3n\"],\"inLanguage\":\"es\"},{\"@type\":\"WebPage\",\"@id\":\"https:\\\/\\\/lospoliticosveracruz.com\\\/?p=85873\",\"url\":\"https:\\\/\\\/lospoliticosveracruz.com\\\/?p=85873\",\"name\":\"Transparentar el amor - Los pol\u00edticos Veracruz\",\"isPartOf\":{\"@id\":\"https:\\\/\\\/lospoliticosveracruz.com\\\/#website\"},\"datePublished\":\"2022-02-08T23:08:18+00:00\",\"dateModified\":\"2022-02-08T23:08:26+00:00\",\"breadcrumb\":{\"@id\":\"https:\\\/\\\/lospoliticosveracruz.com\\\/?p=85873#breadcrumb\"},\"inLanguage\":\"es\",\"potentialAction\":[{\"@type\":\"ReadAction\",\"target\":[\"https:\\\/\\\/lospoliticosveracruz.com\\\/?p=85873\"]}]},{\"@type\":\"BreadcrumbList\",\"@id\":\"https:\\\/\\\/lospoliticosveracruz.com\\\/?p=85873#breadcrumb\",\"itemListElement\":[{\"@type\":\"ListItem\",\"position\":1,\"name\":\"Portada\",\"item\":\"https:\\\/\\\/lospoliticosveracruz.com\\\/\"},{\"@type\":\"ListItem\",\"position\":2,\"name\":\"Transparentar el amor\"}]},{\"@type\":\"WebSite\",\"@id\":\"https:\\\/\\\/lospoliticosveracruz.com\\\/#website\",\"url\":\"https:\\\/\\\/lospoliticosveracruz.com\\\/\",\"name\":\"Los pol\u00edticos Veracruz\",\"description\":\"\",\"publisher\":{\"@id\":\"https:\\\/\\\/lospoliticosveracruz.com\\\/#organization\"},\"potentialAction\":[{\"@type\":\"SearchAction\",\"target\":{\"@type\":\"EntryPoint\",\"urlTemplate\":\"https:\\\/\\\/lospoliticosveracruz.com\\\/?s={search_term_string}\"},\"query-input\":{\"@type\":\"PropertyValueSpecification\",\"valueRequired\":true,\"valueName\":\"search_term_string\"}}],\"inLanguage\":\"es\"},{\"@type\":\"Organization\",\"@id\":\"https:\\\/\\\/lospoliticosveracruz.com\\\/#organization\",\"name\":\"Los pol\u00edticos Veracruz\",\"url\":\"https:\\\/\\\/lospoliticosveracruz.com\\\/\",\"logo\":{\"@type\":\"ImageObject\",\"inLanguage\":\"es\",\"@id\":\"https:\\\/\\\/lospoliticosveracruz.com\\\/#\\\/schema\\\/logo\\\/image\\\/\",\"url\":\"https:\\\/\\\/lospoliticosveracruz.com\\\/wp-content\\\/uploads\\\/2025\\\/12\\\/Logo-Nuevo-LOS-POLITICOS-1.jpg\",\"contentUrl\":\"https:\\\/\\\/lospoliticosveracruz.com\\\/wp-content\\\/uploads\\\/2025\\\/12\\\/Logo-Nuevo-LOS-POLITICOS-1.jpg\",\"width\":260,\"height\":70,\"caption\":\"Los pol\u00edticos Veracruz\"},\"image\":{\"@id\":\"https:\\\/\\\/lospoliticosveracruz.com\\\/#\\\/schema\\\/logo\\\/image\\\/\"},\"sameAs\":[\"https:\\\/\\\/www.facebook.com\\\/people\\\/Notimemes-de-los-Polticos\\\/61565672886568\\\/\",\"https:\\\/\\\/x.com\\\/LosPoliticosVer\"]},{\"@type\":\"Person\",\"@id\":\"https:\\\/\\\/lospoliticosveracruz.com\\\/#\\\/schema\\\/person\\\/b8702bb0e538456e6efd07080bf2a4a2\",\"name\":\"Lo viste en Los Pol\u00edticos\",\"image\":{\"@type\":\"ImageObject\",\"inLanguage\":\"es\",\"@id\":\"https:\\\/\\\/secure.gravatar.com\\\/avatar\\\/3a8de04a2656d44082be478bd6c086daa447c4651605818287b9532d3d0bd435?s=96&d=mm&r=g\",\"url\":\"https:\\\/\\\/secure.gravatar.com\\\/avatar\\\/3a8de04a2656d44082be478bd6c086daa447c4651605818287b9532d3d0bd435?s=96&d=mm&r=g\",\"contentUrl\":\"https:\\\/\\\/secure.gravatar.com\\\/avatar\\\/3a8de04a2656d44082be478bd6c086daa447c4651605818287b9532d3d0bd435?s=96&d=mm&r=g\",\"caption\":\"Lo viste en Los Pol\u00edticos\"},\"url\":\"https:\\\/\\\/lospoliticosveracruz.com\\\/?author=2\"}]}<\/script>\n<!-- \/ Yoast SEO plugin. -->","yoast_head_json":{"title":"Transparentar el amor - Los pol\u00edticos Veracruz","robots":{"index":"index","follow":"follow","max-snippet":"max-snippet:-1","max-image-preview":"max-image-preview:large","max-video-preview":"max-video-preview:-1"},"canonical":"https:\/\/lospoliticosveracruz.com\/?p=85873","og_locale":"es_ES","og_type":"article","og_title":"Transparentar el amor - Los pol\u00edticos Veracruz","og_description":"Jorge Arturo Rodr\u00edguez Tierra de Babel Combinaci\u00f3n perfecta: amor y amistad. Pero si agregamos una porci\u00f3n exacta de paz y tolerancia, el brebaje resulta m\u00e1s efectivo; claro que si su paladar es m\u00e1s exigente, roc\u00edele confianza, respeto, optimismo, una raci\u00f3n de alegr\u00eda y lo que se le ocurra, siempre y cuando enriquezca el banquete de [&hellip;]","og_url":"https:\/\/lospoliticosveracruz.com\/?p=85873","og_site_name":"Los pol\u00edticos Veracruz","article_publisher":"https:\/\/www.facebook.com\/people\/Notimemes-de-los-Polticos\/61565672886568\/","article_published_time":"2022-02-08T23:08:18+00:00","article_modified_time":"2022-02-08T23:08:26+00:00","og_image":[{"width":200,"height":200,"url":"https:\/\/lospoliticosveracruz.com\/wp-content\/uploads\/2016\/07\/Logo-Dor.jpg","type":"image\/jpeg"}],"author":"Lo viste en Los Pol\u00edticos","twitter_card":"summary_large_image","twitter_creator":"@LosPoliticosVer","twitter_site":"@LosPoliticosVer","twitter_misc":{"Escrito por":"Lo viste en Los Pol\u00edticos","Tiempo de lectura":"5 minutos"},"schema":{"@context":"https:\/\/schema.org","@graph":[{"@type":"Article","@id":"https:\/\/lospoliticosveracruz.com\/?p=85873#article","isPartOf":{"@id":"https:\/\/lospoliticosveracruz.com\/?p=85873"},"author":{"name":"Lo viste en Los Pol\u00edticos","@id":"https:\/\/lospoliticosveracruz.com\/#\/schema\/person\/b8702bb0e538456e6efd07080bf2a4a2"},"headline":"Transparentar el amor","datePublished":"2022-02-08T23:08:18+00:00","dateModified":"2022-02-08T23:08:26+00:00","mainEntityOfPage":{"@id":"https:\/\/lospoliticosveracruz.com\/?p=85873"},"wordCount":1077,"publisher":{"@id":"https:\/\/lospoliticosveracruz.com\/#organization"},"keywords":["D\u00eda del Amor y la Amistad","Juan Javier G\u00f3mez Cazar\u00edn"],"articleSection":["De Opini\u00f3n"],"inLanguage":"es"},{"@type":"WebPage","@id":"https:\/\/lospoliticosveracruz.com\/?p=85873","url":"https:\/\/lospoliticosveracruz.com\/?p=85873","name":"Transparentar el amor - Los pol\u00edticos Veracruz","isPartOf":{"@id":"https:\/\/lospoliticosveracruz.com\/#website"},"datePublished":"2022-02-08T23:08:18+00:00","dateModified":"2022-02-08T23:08:26+00:00","breadcrumb":{"@id":"https:\/\/lospoliticosveracruz.com\/?p=85873#breadcrumb"},"inLanguage":"es","potentialAction":[{"@type":"ReadAction","target":["https:\/\/lospoliticosveracruz.com\/?p=85873"]}]},{"@type":"BreadcrumbList","@id":"https:\/\/lospoliticosveracruz.com\/?p=85873#breadcrumb","itemListElement":[{"@type":"ListItem","position":1,"name":"Portada","item":"https:\/\/lospoliticosveracruz.com\/"},{"@type":"ListItem","position":2,"name":"Transparentar el amor"}]},{"@type":"WebSite","@id":"https:\/\/lospoliticosveracruz.com\/#website","url":"https:\/\/lospoliticosveracruz.com\/","name":"Los pol\u00edticos Veracruz","description":"","publisher":{"@id":"https:\/\/lospoliticosveracruz.com\/#organization"},"potentialAction":[{"@type":"SearchAction","target":{"@type":"EntryPoint","urlTemplate":"https:\/\/lospoliticosveracruz.com\/?s={search_term_string}"},"query-input":{"@type":"PropertyValueSpecification","valueRequired":true,"valueName":"search_term_string"}}],"inLanguage":"es"},{"@type":"Organization","@id":"https:\/\/lospoliticosveracruz.com\/#organization","name":"Los pol\u00edticos Veracruz","url":"https:\/\/lospoliticosveracruz.com\/","logo":{"@type":"ImageObject","inLanguage":"es","@id":"https:\/\/lospoliticosveracruz.com\/#\/schema\/logo\/image\/","url":"https:\/\/lospoliticosveracruz.com\/wp-content\/uploads\/2025\/12\/Logo-Nuevo-LOS-POLITICOS-1.jpg","contentUrl":"https:\/\/lospoliticosveracruz.com\/wp-content\/uploads\/2025\/12\/Logo-Nuevo-LOS-POLITICOS-1.jpg","width":260,"height":70,"caption":"Los pol\u00edticos Veracruz"},"image":{"@id":"https:\/\/lospoliticosveracruz.com\/#\/schema\/logo\/image\/"},"sameAs":["https:\/\/www.facebook.com\/people\/Notimemes-de-los-Polticos\/61565672886568\/","https:\/\/x.com\/LosPoliticosVer"]},{"@type":"Person","@id":"https:\/\/lospoliticosveracruz.com\/#\/schema\/person\/b8702bb0e538456e6efd07080bf2a4a2","name":"Lo viste en Los Pol\u00edticos","image":{"@type":"ImageObject","inLanguage":"es","@id":"https:\/\/secure.gravatar.com\/avatar\/3a8de04a2656d44082be478bd6c086daa447c4651605818287b9532d3d0bd435?s=96&d=mm&r=g","url":"https:\/\/secure.gravatar.com\/avatar\/3a8de04a2656d44082be478bd6c086daa447c4651605818287b9532d3d0bd435?s=96&d=mm&r=g","contentUrl":"https:\/\/secure.gravatar.com\/avatar\/3a8de04a2656d44082be478bd6c086daa447c4651605818287b9532d3d0bd435?s=96&d=mm&r=g","caption":"Lo viste en Los Pol\u00edticos"},"url":"https:\/\/lospoliticosveracruz.com\/?author=2"}]}},"_links":{"self":[{"href":"https:\/\/lospoliticosveracruz.com\/index.php?rest_route=\/wp\/v2\/posts\/85873","targetHints":{"allow":["GET"]}}],"collection":[{"href":"https:\/\/lospoliticosveracruz.com\/index.php?rest_route=\/wp\/v2\/posts"}],"about":[{"href":"https:\/\/lospoliticosveracruz.com\/index.php?rest_route=\/wp\/v2\/types\/post"}],"author":[{"embeddable":true,"href":"https:\/\/lospoliticosveracruz.com\/index.php?rest_route=\/wp\/v2\/users\/2"}],"replies":[{"embeddable":true,"href":"https:\/\/lospoliticosveracruz.com\/index.php?rest_route=%2Fwp%2Fv2%2Fcomments&post=85873"}],"version-history":[{"count":1,"href":"https:\/\/lospoliticosveracruz.com\/index.php?rest_route=\/wp\/v2\/posts\/85873\/revisions"}],"predecessor-version":[{"id":85875,"href":"https:\/\/lospoliticosveracruz.com\/index.php?rest_route=\/wp\/v2\/posts\/85873\/revisions\/85875"}],"wp:attachment":[{"href":"https:\/\/lospoliticosveracruz.com\/index.php?rest_route=%2Fwp%2Fv2%2Fmedia&parent=85873"}],"wp:term":[{"taxonomy":"category","embeddable":true,"href":"https:\/\/lospoliticosveracruz.com\/index.php?rest_route=%2Fwp%2Fv2%2Fcategories&post=85873"},{"taxonomy":"post_tag","embeddable":true,"href":"https:\/\/lospoliticosveracruz.com\/index.php?rest_route=%2Fwp%2Fv2%2Ftags&post=85873"}],"curies":[{"name":"wp","href":"https:\/\/api.w.org\/{rel}","templated":true}]}}