{"id":86065,"date":"2022-02-14T08:33:20","date_gmt":"2022-02-14T14:33:20","guid":{"rendered":"https:\/\/lospoliticosveracruz.com.mx\/?p=86065"},"modified":"2022-02-14T08:33:27","modified_gmt":"2022-02-14T14:33:27","slug":"dia-del-amor","status":"publish","type":"post","link":"https:\/\/lospoliticosveracruz.com\/?p=86065","title":{"rendered":"D\u00eda del Amor"},"content":{"rendered":"\n<p><strong>Ignacio Alvarez<br><\/strong><em>Pluma Negra<\/em><\/p>\n\n\n\n<p><br>Hoy es d\u00eda de San Valent\u00edn y en la mayor\u00eda de los municipios Veracruz, se realizan bodas colectivas, en otros como Nogales, habr\u00e1 tambi\u00e9n divorcios colectivos contra 46 parejas que ya se casaron el s\u00e1bado, pero no hay mejor actitud que predicar con el ejemplo, por eso el alcalde de Cotaxtla, Jos\u00e9 Saturnino Beltr\u00e1n V\u00e1squez y su esposa Carmelita Rodr\u00edguez firmar\u00e1n su matrimonio ante el juez del Registro Civil en el acto colectivo.<\/p>\n\n\n\n<p>Ah\u00ed en Cotaxtla se casaron 25 parejas, entre ellas el alcalde y su esposa la presidenta del DIF; mientras que en Actopan, la Presidenta del DIF Estatal, Rebeca Quintanar Barcel\u00f3, encabezar\u00e1 el acto de las bodas colectivas y en muchos otros lugares, los festejos del amor y la amistad, estar\u00e1n a plenitud.<\/p>\n\n\n\n<p><strong>Gobernador Cumplidor<br><\/strong>En el muy manoseado tema de los Ultrajes a la Autoridad, hasta ahora el gobernador Cuitl\u00e1huac ha cumplido con la Recomendaci\u00f3n 146 de la Comisi\u00f3n Nacional de Derechos Humanos para enviar la iniciativa a la Legislatura Local para derogar el Art\u00edculo 331 del C\u00f3digo Penal que establece el delito de Ultrajes a la Autoridad, aunque est\u00e1 pendiente su derogaci\u00f3n en el Congreso.<\/p>\n\n\n\n<p>La Fiscal\u00eda General del Estado cumpli\u00f3 tambi\u00e9n con otorgar la libertad a los seis j\u00f3venes que hab\u00edan sido detenidos en septiembre por ese delito en la ciudad de Xalapa.<\/p>\n\n\n\n<p>M\u00e1s all\u00e1 del cruce de declaraciones entre barras y colegios con el gobernador y la rega\u00f1ada que le dio a la periodista Sarah Landa; el gobernador cumple con la recomendaci\u00f3n de la CNDH y envi\u00f3 el pasado la iniciativa para derogar el Articulo 331 que establece prisi\u00f3n de cinco a siete a\u00f1os a quien falte o ponga en riesgo a la autoridad.<\/p>\n\n\n\n<p>Pero la iniciativa enviada al Congreso Local el 31 de enero por el gobernador, se limita al art\u00edculo 331 y no menciona al Art\u00edculo 371 quinqu\u00e9s que tambi\u00e9n fue reformado en marzo del a\u00f1o pasado y que soporta del delito en Contra de las Instituciones de Seguridad P\u00fablica con penas corporales de entre siete y 15 a\u00f1os y multas de 400 a 800 unidades de medida actualizadas diarias.<\/p>\n\n\n\n<p>Y es que, si el C\u00f3digo Penal de Veracruz mantiene el Delito en Contra de las Instituciones, aunque se derogue el de Ultrajes a la Autoridad, las instituciones de Seguridad Publica mantendr\u00e1n la decisi\u00f3n de encarcelar hasta, por 15 a personas que incurran en las 10 infracciones que marca el art\u00edculo 371.<\/p>\n\n\n\n<p>EL 18 de enero pasado, los diputados del PAN Ver\u00f3nica Pulido Herrera, Jaime Enrique de la Garza Mart\u00ednez, Miguel David Hermida Copado, Enrique Cambranis Torres, tambi\u00e9n presentaron la iniciativa para derogar los dos art\u00edculos, el 331 y el 371 y que propone<\/p>\n\n\n\n<p>En tanto, el Presidente de la Junta de Coordinaci\u00f3n Pol\u00edtica en el Congreso, Javier G\u00f3mez Cazar\u00edn abri\u00f3 la posibilidad de que se realicen foros con especialistas y los grupos sociales involucrados para que defina y fortalezca una propuesta viable que garantice la aplicaci\u00f3n justa de la ley sin poner en vulnerabilidad los derechos ciudadanos.<\/p>\n\n\n\n<p>La propuesta de los legisladores del PAN se inclina por una mayor capacitaci\u00f3n a los cuerpos de seguridad para evitar que acciones menores de los ciudadanos signifiquen un da\u00f1o psicol\u00f3gico a los elementos de la polic\u00eda y con ello comentan un delito que los lleve hasta 15 a\u00f1os e prisi\u00f3n.<\/p>\n\n\n\n<p>Y es que en la pr\u00e1ctica, una de las diligencias de la Fiscal\u00eda para probar, el delito de Ultrajes a la autoridad o el delito cometido Contra las Instituciones de Seguridad P\u00fablica, es la valoraci\u00f3n psicol\u00f3gica del polic\u00eda, es decir, que el elemento objeto de la agresi\u00f3n diga, a una psic\u00f3loga o psic\u00f3logo de la propia Fiscal\u00eda, que la persona detenida le ocasion\u00f3 miedo o temor cuando lo intervinieron, de ese modo se eval\u00faa las terapias que necesita el polic\u00eda por esa alteraci\u00f3n emocional o el temor de que cumplan sus agresiones f\u00edsicas o verbales.<\/p>\n","protected":false},"excerpt":{"rendered":"<p>Ignacio AlvarezPluma Negra Hoy es d\u00eda de San Valent\u00edn y en la mayor\u00eda de los municipios Veracruz, se realizan bodas colectivas, en otros como Nogales, habr\u00e1 tambi\u00e9n divorcios colectivos contra 46 parejas que ya se casaron el s\u00e1bado, pero no hay mejor actitud que predicar con el ejemplo, por eso el alcalde de Cotaxtla, Jos\u00e9 [&hellip;]<\/p>\n","protected":false},"author":2,"featured_media":0,"comment_status":"closed","ping_status":"closed","sticky":false,"template":"","format":"standard","meta":{"tdm_status":"","tdm_grid_status":"","footnotes":""},"categories":[70],"tags":[7192,1563,2399,28674,19596,32209,12695,25146,1026,16764,32175,177,26725],"class_list":{"0":"post-86065","1":"post","2":"type-post","3":"status-publish","4":"format-standard","6":"category-de-opinion","7":"tag-cotaxtla","8":"tag-cuitlahuac-garcia-jimenez","9":"tag-enrique-cambranis-torres","10":"tag-ignacio-alvarez","11":"tag-jaime-enrique-de-la-garza-martinez","12":"tag-jose-saturnino-beltran-vasquez","13":"tag-juan-javier-gomez-cazarin","14":"tag-miguel-david-hermida-copado","15":"tag-morena","16":"tag-rebeca-quintanar-barcelo","17":"tag-sarah-landa","18":"tag-seguridad-publica","19":"tag-ultrajes-a-la-autoridad"},"yoast_head":"<!-- This site is optimized with the Yoast SEO plugin v27.4 - https:\/\/yoast.com\/product\/yoast-seo-wordpress\/ -->\n<title>D\u00eda del Amor - Los pol\u00edticos Veracruz<\/title>\n<meta name=\"robots\" content=\"index, follow, max-snippet:-1, max-image-preview:large, max-video-preview:-1\" \/>\n<link rel=\"canonical\" href=\"https:\/\/lospoliticosveracruz.com\/?p=86065\" \/>\n<meta property=\"og:locale\" content=\"es_ES\" \/>\n<meta property=\"og:type\" content=\"article\" \/>\n<meta property=\"og:title\" content=\"D\u00eda del Amor - Los pol\u00edticos Veracruz\" \/>\n<meta property=\"og:description\" content=\"Ignacio AlvarezPluma Negra Hoy es d\u00eda de San Valent\u00edn y en la mayor\u00eda de los municipios Veracruz, se realizan bodas colectivas, en otros como Nogales, habr\u00e1 tambi\u00e9n divorcios colectivos contra 46 parejas que ya se casaron el s\u00e1bado, pero no hay mejor actitud que predicar con el ejemplo, por eso el alcalde de Cotaxtla, Jos\u00e9 [&hellip;]\" \/>\n<meta property=\"og:url\" content=\"https:\/\/lospoliticosveracruz.com\/?p=86065\" \/>\n<meta property=\"og:site_name\" content=\"Los pol\u00edticos Veracruz\" \/>\n<meta property=\"article:publisher\" content=\"https:\/\/www.facebook.com\/people\/Notimemes-de-los-Polticos\/61565672886568\/\" \/>\n<meta property=\"article:published_time\" content=\"2022-02-14T14:33:20+00:00\" \/>\n<meta property=\"article:modified_time\" content=\"2022-02-14T14:33:27+00:00\" \/>\n<meta property=\"og:image\" content=\"https:\/\/lospoliticosveracruz.com\/wp-content\/uploads\/2016\/07\/Logo-Dor.jpg\" \/>\n\t<meta property=\"og:image:width\" content=\"200\" \/>\n\t<meta property=\"og:image:height\" content=\"200\" \/>\n\t<meta property=\"og:image:type\" content=\"image\/jpeg\" \/>\n<meta name=\"author\" content=\"Lo viste en Los Pol\u00edticos\" \/>\n<meta name=\"twitter:card\" content=\"summary_large_image\" \/>\n<meta name=\"twitter:creator\" content=\"@LosPoliticosVer\" \/>\n<meta name=\"twitter:site\" content=\"@LosPoliticosVer\" \/>\n<meta name=\"twitter:label1\" content=\"Escrito por\" \/>\n\t<meta name=\"twitter:data1\" content=\"Lo viste en Los Pol\u00edticos\" \/>\n\t<meta name=\"twitter:label2\" content=\"Tiempo de lectura\" \/>\n\t<meta name=\"twitter:data2\" content=\"3 minutos\" \/>\n<script type=\"application\/ld+json\" class=\"yoast-schema-graph\">{\"@context\":\"https:\\\/\\\/schema.org\",\"@graph\":[{\"@type\":\"Article\",\"@id\":\"https:\\\/\\\/lospoliticosveracruz.com\\\/?p=86065#article\",\"isPartOf\":{\"@id\":\"https:\\\/\\\/lospoliticosveracruz.com\\\/?p=86065\"},\"author\":{\"name\":\"Lo viste en Los Pol\u00edticos\",\"@id\":\"https:\\\/\\\/lospoliticosveracruz.com\\\/#\\\/schema\\\/person\\\/b8702bb0e538456e6efd07080bf2a4a2\"},\"headline\":\"D\u00eda del Amor\",\"datePublished\":\"2022-02-14T14:33:20+00:00\",\"dateModified\":\"2022-02-14T14:33:27+00:00\",\"mainEntityOfPage\":{\"@id\":\"https:\\\/\\\/lospoliticosveracruz.com\\\/?p=86065\"},\"wordCount\":696,\"publisher\":{\"@id\":\"https:\\\/\\\/lospoliticosveracruz.com\\\/#organization\"},\"keywords\":[\"Cotaxtla\",\"Cuitl\u00e1huac Garc\u00eda Jim\u00e9nez\",\"Enrique Cambranis Torres\",\"Ignacio Alvarez\",\"Jaime Enrique de la Garza Mart\u00ednez\",\"Jos\u00e9 Saturnino Beltr\u00e1n V\u00e1squez\",\"Juan Javier G\u00f3mez Cazar\u00edn\",\"Miguel David Hermida Copado\",\"Morena\",\"Rebeca Quintanar Barcel\u00f3\",\"Sarah Landa\",\"Seguridad P\u00fablica\",\"ultrajes a la autoridad\"],\"articleSection\":[\"De Opini\u00f3n\"],\"inLanguage\":\"es\"},{\"@type\":\"WebPage\",\"@id\":\"https:\\\/\\\/lospoliticosveracruz.com\\\/?p=86065\",\"url\":\"https:\\\/\\\/lospoliticosveracruz.com\\\/?p=86065\",\"name\":\"D\u00eda del Amor - Los pol\u00edticos Veracruz\",\"isPartOf\":{\"@id\":\"https:\\\/\\\/lospoliticosveracruz.com\\\/#website\"},\"datePublished\":\"2022-02-14T14:33:20+00:00\",\"dateModified\":\"2022-02-14T14:33:27+00:00\",\"breadcrumb\":{\"@id\":\"https:\\\/\\\/lospoliticosveracruz.com\\\/?p=86065#breadcrumb\"},\"inLanguage\":\"es\",\"potentialAction\":[{\"@type\":\"ReadAction\",\"target\":[\"https:\\\/\\\/lospoliticosveracruz.com\\\/?p=86065\"]}]},{\"@type\":\"BreadcrumbList\",\"@id\":\"https:\\\/\\\/lospoliticosveracruz.com\\\/?p=86065#breadcrumb\",\"itemListElement\":[{\"@type\":\"ListItem\",\"position\":1,\"name\":\"Portada\",\"item\":\"https:\\\/\\\/lospoliticosveracruz.com\\\/\"},{\"@type\":\"ListItem\",\"position\":2,\"name\":\"D\u00eda del Amor\"}]},{\"@type\":\"WebSite\",\"@id\":\"https:\\\/\\\/lospoliticosveracruz.com\\\/#website\",\"url\":\"https:\\\/\\\/lospoliticosveracruz.com\\\/\",\"name\":\"Los pol\u00edticos Veracruz\",\"description\":\"\",\"publisher\":{\"@id\":\"https:\\\/\\\/lospoliticosveracruz.com\\\/#organization\"},\"potentialAction\":[{\"@type\":\"SearchAction\",\"target\":{\"@type\":\"EntryPoint\",\"urlTemplate\":\"https:\\\/\\\/lospoliticosveracruz.com\\\/?s={search_term_string}\"},\"query-input\":{\"@type\":\"PropertyValueSpecification\",\"valueRequired\":true,\"valueName\":\"search_term_string\"}}],\"inLanguage\":\"es\"},{\"@type\":\"Organization\",\"@id\":\"https:\\\/\\\/lospoliticosveracruz.com\\\/#organization\",\"name\":\"Los pol\u00edticos Veracruz\",\"url\":\"https:\\\/\\\/lospoliticosveracruz.com\\\/\",\"logo\":{\"@type\":\"ImageObject\",\"inLanguage\":\"es\",\"@id\":\"https:\\\/\\\/lospoliticosveracruz.com\\\/#\\\/schema\\\/logo\\\/image\\\/\",\"url\":\"https:\\\/\\\/lospoliticosveracruz.com\\\/wp-content\\\/uploads\\\/2025\\\/12\\\/Logo-Nuevo-LOS-POLITICOS-1.jpg\",\"contentUrl\":\"https:\\\/\\\/lospoliticosveracruz.com\\\/wp-content\\\/uploads\\\/2025\\\/12\\\/Logo-Nuevo-LOS-POLITICOS-1.jpg\",\"width\":260,\"height\":70,\"caption\":\"Los pol\u00edticos Veracruz\"},\"image\":{\"@id\":\"https:\\\/\\\/lospoliticosveracruz.com\\\/#\\\/schema\\\/logo\\\/image\\\/\"},\"sameAs\":[\"https:\\\/\\\/www.facebook.com\\\/people\\\/Notimemes-de-los-Polticos\\\/61565672886568\\\/\",\"https:\\\/\\\/x.com\\\/LosPoliticosVer\"]},{\"@type\":\"Person\",\"@id\":\"https:\\\/\\\/lospoliticosveracruz.com\\\/#\\\/schema\\\/person\\\/b8702bb0e538456e6efd07080bf2a4a2\",\"name\":\"Lo viste en Los Pol\u00edticos\",\"image\":{\"@type\":\"ImageObject\",\"inLanguage\":\"es\",\"@id\":\"https:\\\/\\\/secure.gravatar.com\\\/avatar\\\/3a8de04a2656d44082be478bd6c086daa447c4651605818287b9532d3d0bd435?s=96&d=mm&r=g\",\"url\":\"https:\\\/\\\/secure.gravatar.com\\\/avatar\\\/3a8de04a2656d44082be478bd6c086daa447c4651605818287b9532d3d0bd435?s=96&d=mm&r=g\",\"contentUrl\":\"https:\\\/\\\/secure.gravatar.com\\\/avatar\\\/3a8de04a2656d44082be478bd6c086daa447c4651605818287b9532d3d0bd435?s=96&d=mm&r=g\",\"caption\":\"Lo viste en Los Pol\u00edticos\"},\"url\":\"https:\\\/\\\/lospoliticosveracruz.com\\\/?author=2\"}]}<\/script>\n<!-- \/ Yoast SEO plugin. -->","yoast_head_json":{"title":"D\u00eda del Amor - Los pol\u00edticos Veracruz","robots":{"index":"index","follow":"follow","max-snippet":"max-snippet:-1","max-image-preview":"max-image-preview:large","max-video-preview":"max-video-preview:-1"},"canonical":"https:\/\/lospoliticosveracruz.com\/?p=86065","og_locale":"es_ES","og_type":"article","og_title":"D\u00eda del Amor - Los pol\u00edticos Veracruz","og_description":"Ignacio AlvarezPluma Negra Hoy es d\u00eda de San Valent\u00edn y en la mayor\u00eda de los municipios Veracruz, se realizan bodas colectivas, en otros como Nogales, habr\u00e1 tambi\u00e9n divorcios colectivos contra 46 parejas que ya se casaron el s\u00e1bado, pero no hay mejor actitud que predicar con el ejemplo, por eso el alcalde de Cotaxtla, Jos\u00e9 [&hellip;]","og_url":"https:\/\/lospoliticosveracruz.com\/?p=86065","og_site_name":"Los pol\u00edticos Veracruz","article_publisher":"https:\/\/www.facebook.com\/people\/Notimemes-de-los-Polticos\/61565672886568\/","article_published_time":"2022-02-14T14:33:20+00:00","article_modified_time":"2022-02-14T14:33:27+00:00","og_image":[{"width":200,"height":200,"url":"https:\/\/lospoliticosveracruz.com\/wp-content\/uploads\/2016\/07\/Logo-Dor.jpg","type":"image\/jpeg"}],"author":"Lo viste en Los Pol\u00edticos","twitter_card":"summary_large_image","twitter_creator":"@LosPoliticosVer","twitter_site":"@LosPoliticosVer","twitter_misc":{"Escrito por":"Lo viste en Los Pol\u00edticos","Tiempo de lectura":"3 minutos"},"schema":{"@context":"https:\/\/schema.org","@graph":[{"@type":"Article","@id":"https:\/\/lospoliticosveracruz.com\/?p=86065#article","isPartOf":{"@id":"https:\/\/lospoliticosveracruz.com\/?p=86065"},"author":{"name":"Lo viste en Los Pol\u00edticos","@id":"https:\/\/lospoliticosveracruz.com\/#\/schema\/person\/b8702bb0e538456e6efd07080bf2a4a2"},"headline":"D\u00eda del Amor","datePublished":"2022-02-14T14:33:20+00:00","dateModified":"2022-02-14T14:33:27+00:00","mainEntityOfPage":{"@id":"https:\/\/lospoliticosveracruz.com\/?p=86065"},"wordCount":696,"publisher":{"@id":"https:\/\/lospoliticosveracruz.com\/#organization"},"keywords":["Cotaxtla","Cuitl\u00e1huac Garc\u00eda Jim\u00e9nez","Enrique Cambranis Torres","Ignacio Alvarez","Jaime Enrique de la Garza Mart\u00ednez","Jos\u00e9 Saturnino Beltr\u00e1n V\u00e1squez","Juan Javier G\u00f3mez Cazar\u00edn","Miguel David Hermida Copado","Morena","Rebeca Quintanar Barcel\u00f3","Sarah Landa","Seguridad P\u00fablica","ultrajes a la autoridad"],"articleSection":["De Opini\u00f3n"],"inLanguage":"es"},{"@type":"WebPage","@id":"https:\/\/lospoliticosveracruz.com\/?p=86065","url":"https:\/\/lospoliticosveracruz.com\/?p=86065","name":"D\u00eda del Amor - Los pol\u00edticos Veracruz","isPartOf":{"@id":"https:\/\/lospoliticosveracruz.com\/#website"},"datePublished":"2022-02-14T14:33:20+00:00","dateModified":"2022-02-14T14:33:27+00:00","breadcrumb":{"@id":"https:\/\/lospoliticosveracruz.com\/?p=86065#breadcrumb"},"inLanguage":"es","potentialAction":[{"@type":"ReadAction","target":["https:\/\/lospoliticosveracruz.com\/?p=86065"]}]},{"@type":"BreadcrumbList","@id":"https:\/\/lospoliticosveracruz.com\/?p=86065#breadcrumb","itemListElement":[{"@type":"ListItem","position":1,"name":"Portada","item":"https:\/\/lospoliticosveracruz.com\/"},{"@type":"ListItem","position":2,"name":"D\u00eda del Amor"}]},{"@type":"WebSite","@id":"https:\/\/lospoliticosveracruz.com\/#website","url":"https:\/\/lospoliticosveracruz.com\/","name":"Los pol\u00edticos Veracruz","description":"","publisher":{"@id":"https:\/\/lospoliticosveracruz.com\/#organization"},"potentialAction":[{"@type":"SearchAction","target":{"@type":"EntryPoint","urlTemplate":"https:\/\/lospoliticosveracruz.com\/?s={search_term_string}"},"query-input":{"@type":"PropertyValueSpecification","valueRequired":true,"valueName":"search_term_string"}}],"inLanguage":"es"},{"@type":"Organization","@id":"https:\/\/lospoliticosveracruz.com\/#organization","name":"Los pol\u00edticos Veracruz","url":"https:\/\/lospoliticosveracruz.com\/","logo":{"@type":"ImageObject","inLanguage":"es","@id":"https:\/\/lospoliticosveracruz.com\/#\/schema\/logo\/image\/","url":"https:\/\/lospoliticosveracruz.com\/wp-content\/uploads\/2025\/12\/Logo-Nuevo-LOS-POLITICOS-1.jpg","contentUrl":"https:\/\/lospoliticosveracruz.com\/wp-content\/uploads\/2025\/12\/Logo-Nuevo-LOS-POLITICOS-1.jpg","width":260,"height":70,"caption":"Los pol\u00edticos Veracruz"},"image":{"@id":"https:\/\/lospoliticosveracruz.com\/#\/schema\/logo\/image\/"},"sameAs":["https:\/\/www.facebook.com\/people\/Notimemes-de-los-Polticos\/61565672886568\/","https:\/\/x.com\/LosPoliticosVer"]},{"@type":"Person","@id":"https:\/\/lospoliticosveracruz.com\/#\/schema\/person\/b8702bb0e538456e6efd07080bf2a4a2","name":"Lo viste en Los Pol\u00edticos","image":{"@type":"ImageObject","inLanguage":"es","@id":"https:\/\/secure.gravatar.com\/avatar\/3a8de04a2656d44082be478bd6c086daa447c4651605818287b9532d3d0bd435?s=96&d=mm&r=g","url":"https:\/\/secure.gravatar.com\/avatar\/3a8de04a2656d44082be478bd6c086daa447c4651605818287b9532d3d0bd435?s=96&d=mm&r=g","contentUrl":"https:\/\/secure.gravatar.com\/avatar\/3a8de04a2656d44082be478bd6c086daa447c4651605818287b9532d3d0bd435?s=96&d=mm&r=g","caption":"Lo viste en Los Pol\u00edticos"},"url":"https:\/\/lospoliticosveracruz.com\/?author=2"}]}},"_links":{"self":[{"href":"https:\/\/lospoliticosveracruz.com\/index.php?rest_route=\/wp\/v2\/posts\/86065","targetHints":{"allow":["GET"]}}],"collection":[{"href":"https:\/\/lospoliticosveracruz.com\/index.php?rest_route=\/wp\/v2\/posts"}],"about":[{"href":"https:\/\/lospoliticosveracruz.com\/index.php?rest_route=\/wp\/v2\/types\/post"}],"author":[{"embeddable":true,"href":"https:\/\/lospoliticosveracruz.com\/index.php?rest_route=\/wp\/v2\/users\/2"}],"replies":[{"embeddable":true,"href":"https:\/\/lospoliticosveracruz.com\/index.php?rest_route=%2Fwp%2Fv2%2Fcomments&post=86065"}],"version-history":[{"count":1,"href":"https:\/\/lospoliticosveracruz.com\/index.php?rest_route=\/wp\/v2\/posts\/86065\/revisions"}],"predecessor-version":[{"id":86067,"href":"https:\/\/lospoliticosveracruz.com\/index.php?rest_route=\/wp\/v2\/posts\/86065\/revisions\/86067"}],"wp:attachment":[{"href":"https:\/\/lospoliticosveracruz.com\/index.php?rest_route=%2Fwp%2Fv2%2Fmedia&parent=86065"}],"wp:term":[{"taxonomy":"category","embeddable":true,"href":"https:\/\/lospoliticosveracruz.com\/index.php?rest_route=%2Fwp%2Fv2%2Fcategories&post=86065"},{"taxonomy":"post_tag","embeddable":true,"href":"https:\/\/lospoliticosveracruz.com\/index.php?rest_route=%2Fwp%2Fv2%2Ftags&post=86065"}],"curies":[{"name":"wp","href":"https:\/\/api.w.org\/{rel}","templated":true}]}}