{"id":86241,"date":"2022-02-18T07:20:16","date_gmt":"2022-02-18T13:20:16","guid":{"rendered":"https:\/\/lospoliticosveracruz.com.mx\/?p=86241"},"modified":"2022-02-18T07:20:23","modified_gmt":"2022-02-18T13:20:23","slug":"democracia-registro-o-ambos","status":"publish","type":"post","link":"https:\/\/lospoliticosveracruz.com\/?p=86241","title":{"rendered":"Democracia, registro o ambos"},"content":{"rendered":"\n<p><strong>Salvador Mu\u00f1oz<br><\/strong><em>Los Pol\u00edticos<\/em><\/p>\n\n\n\n<p>Ya sali\u00f3 Paco Garrido S\u00e1nchez a corregirme la plana: No son 8 los partidos que hay en Veracruz\u2026 son 12\u2026 por las elecciones extraordinarias que est\u00e1n a la vuelta de la esquina. Supongo que se refiere a Podemos, Unidad Ciudadana, Redes Sociales Progresistas y Encuentro Solidario.<br>No creo que haya tomado en cuenta al Cardenista al ser el partido que a trancazos apenas si alcanz\u00f3 el 1 por ciento\u2026 y a lo mejor se le pas\u00f3 Todos por Veracruz\u2026 o a lo mejor sabe que no todos van a competir\u2026<br>Al final, concedemos la raz\u00f3n al entonces dirigente de Podemos, Paco Garrido S\u00e1nchez y abrimos la posibilidad de que con estas elecciones extraordinarias, a los ocho partidos que yo cit\u00e9, en una de \u00e9sas, pasados los comicios, se sume uno\u2026 no creo que se d\u00e9 m\u00e1s y eso, sin hacer presupuestos.<br>Me refiero a que, hablando de memoria, uno de estos cuatro partidos que vuelve a competir en los pr\u00f3ximos comicios, estaba a nada de porcentaje para alcanzar su anhelado 3 por ciento y cumplir con lo que la Ley establece para mantener su registro.<br>Es decir, si pasadas las elecciones el porcentaje de votos que haga se suma a lo obtenido en el 2021 y le da el 3 por ciento, \u00a1voil\u00e1! \u00a1Habemus partido!<br>En este caso, el partido que estar\u00eda m\u00e1s cerca de ello ser\u00eda Redes Sociales Progresistas, que si no se alteraron mucho los n\u00fameros, en municipios ten\u00eda 2.28 mientras que en curules, 2.72 por ciento\u2026<br>Es decir: Va por un .80 para obrar el milagro.<br>Se asume esto porque en el Tribunal Electoral de Veracruz, los magistrados est\u00e1n considerando que se debe tomar en cuenta el resultado de la extraordinaria para sumarlo a lo alcanzado en el 2021, inspirados en antecedentes de otras elecciones que resolvi\u00f3 el Tribunal Federal\u2026<br>El antecedente, refieren los que saben de elecciones, se dio hace como siete a\u00f1os, en el 2015\u2026 al PT le faltaba 0.04% para alcanzar el porcentaje requerido a nivel nacional y se hab\u00eda ca\u00eddo un distrito en Aguascalientes. Entonces, la esperanza de mantener el registro se concentr\u00f3 all\u00ed, no s\u00f3lo por el mismo partido, sino tambi\u00e9n por su principal aliado: Morena.<br>En aquella ocasi\u00f3n, Morena no puso candidato en Aguascalientes y se sum\u00f3 al PT en la extraordinaria \u00a1y salvaron el registro del PT!<br>Por supuesto que cada elecci\u00f3n puede tener similitudes pero jam\u00e1s ser\u00e1 igual\u2026 por eso dec\u00eda al inicio, que esto se hac\u00eda sin presupuesto, sin tener en mano qu\u00e9 tanto de votos y porcentaje podr\u00eda arrojar cada municipio en disputa.<br>\u00a1Vamos! Hay quienes aseguran que ni ganando en los cuatro municipios al 100 por ciento se lograr\u00eda que alguno de estos partidos citados la hicieran en grande\u2026 pero el asunto, dijeran los que gustan del juego democr\u00e1tico, no es ganar, sino competir\u2026 y todo suma, hasta un municipio que si bien, no te puede dar el registro, no deja de darte presencia\u2026 el chiste es hacer ruido.<\/p>\n\n\n\n<p>smcainito@gmail.com<\/p>\n","protected":false},"excerpt":{"rendered":"<p>Salvador Mu\u00f1ozLos Pol\u00edticos Ya sali\u00f3 Paco Garrido S\u00e1nchez a corregirme la plana: No son 8 los partidos que hay en Veracruz\u2026 son 12\u2026 por las elecciones extraordinarias que est\u00e1n a la vuelta de la esquina. Supongo que se refiere a Podemos, Unidad Ciudadana, Redes Sociales Progresistas y Encuentro Solidario.No creo que haya tomado en cuenta [&hellip;]<\/p>\n","protected":false},"author":2,"featured_media":0,"comment_status":"closed","ping_status":"closed","sticky":false,"template":"","format":"standard","meta":{"tdm_status":"","tdm_grid_status":"","footnotes":""},"categories":[70],"tags":[19838,3616,13365,2289,14281,2646,16226,18710],"class_list":{"0":"post-86241","1":"post","2":"type-post","3":"status-publish","4":"format-standard","6":"category-de-opinion","7":"tag-encuentro-solidario","8":"tag-paco-garrido-sanchez","9":"tag-podemos","10":"tag-pt","11":"tag-redes-sociales-progresistas","12":"tag-salvador-munoz","13":"tag-todos-por-veracruz","14":"tag-unidad-ciudadana"},"yoast_head":"<!-- This site is optimized with the Yoast SEO plugin v27.4 - https:\/\/yoast.com\/product\/yoast-seo-wordpress\/ -->\n<title>Democracia, registro o ambos - Los pol\u00edticos Veracruz<\/title>\n<meta name=\"robots\" content=\"index, follow, max-snippet:-1, max-image-preview:large, max-video-preview:-1\" \/>\n<link rel=\"canonical\" href=\"https:\/\/lospoliticosveracruz.com\/?p=86241\" \/>\n<meta property=\"og:locale\" content=\"es_ES\" \/>\n<meta property=\"og:type\" content=\"article\" \/>\n<meta property=\"og:title\" content=\"Democracia, registro o ambos - Los pol\u00edticos Veracruz\" \/>\n<meta property=\"og:description\" content=\"Salvador Mu\u00f1ozLos Pol\u00edticos Ya sali\u00f3 Paco Garrido S\u00e1nchez a corregirme la plana: No son 8 los partidos que hay en Veracruz\u2026 son 12\u2026 por las elecciones extraordinarias que est\u00e1n a la vuelta de la esquina. Supongo que se refiere a Podemos, Unidad Ciudadana, Redes Sociales Progresistas y Encuentro Solidario.No creo que haya tomado en cuenta [&hellip;]\" \/>\n<meta property=\"og:url\" content=\"https:\/\/lospoliticosveracruz.com\/?p=86241\" \/>\n<meta property=\"og:site_name\" content=\"Los pol\u00edticos Veracruz\" \/>\n<meta property=\"article:publisher\" content=\"https:\/\/www.facebook.com\/people\/Notimemes-de-los-Polticos\/61565672886568\/\" \/>\n<meta property=\"article:published_time\" content=\"2022-02-18T13:20:16+00:00\" \/>\n<meta property=\"article:modified_time\" content=\"2022-02-18T13:20:23+00:00\" \/>\n<meta property=\"og:image\" content=\"https:\/\/lospoliticosveracruz.com\/wp-content\/uploads\/2016\/07\/Logo-Dor.jpg\" \/>\n\t<meta property=\"og:image:width\" content=\"200\" \/>\n\t<meta property=\"og:image:height\" content=\"200\" \/>\n\t<meta property=\"og:image:type\" content=\"image\/jpeg\" \/>\n<meta name=\"author\" content=\"Lo viste en Los Pol\u00edticos\" \/>\n<meta name=\"twitter:card\" content=\"summary_large_image\" \/>\n<meta name=\"twitter:creator\" content=\"@LosPoliticosVer\" \/>\n<meta name=\"twitter:site\" content=\"@LosPoliticosVer\" \/>\n<meta name=\"twitter:label1\" content=\"Escrito por\" \/>\n\t<meta name=\"twitter:data1\" content=\"Lo viste en Los Pol\u00edticos\" \/>\n\t<meta name=\"twitter:label2\" content=\"Tiempo de lectura\" \/>\n\t<meta name=\"twitter:data2\" content=\"3 minutos\" \/>\n<script type=\"application\/ld+json\" class=\"yoast-schema-graph\">{\"@context\":\"https:\\\/\\\/schema.org\",\"@graph\":[{\"@type\":\"Article\",\"@id\":\"https:\\\/\\\/lospoliticosveracruz.com\\\/?p=86241#article\",\"isPartOf\":{\"@id\":\"https:\\\/\\\/lospoliticosveracruz.com\\\/?p=86241\"},\"author\":{\"name\":\"Lo viste en Los Pol\u00edticos\",\"@id\":\"https:\\\/\\\/lospoliticosveracruz.com\\\/#\\\/schema\\\/person\\\/b8702bb0e538456e6efd07080bf2a4a2\"},\"headline\":\"Democracia, registro o ambos\",\"datePublished\":\"2022-02-18T13:20:16+00:00\",\"dateModified\":\"2022-02-18T13:20:23+00:00\",\"mainEntityOfPage\":{\"@id\":\"https:\\\/\\\/lospoliticosveracruz.com\\\/?p=86241\"},\"wordCount\":518,\"publisher\":{\"@id\":\"https:\\\/\\\/lospoliticosveracruz.com\\\/#organization\"},\"keywords\":[\"Encuentro Solidario\",\"Paco Garrido S\u00e1nchez\",\"Podemos\",\"PT\",\"Redes Sociales Progresistas\",\"Salvador Mu\u00f1oz\",\"Todos por Veracruz\",\"Unidad Ciudadana\"],\"articleSection\":[\"De Opini\u00f3n\"],\"inLanguage\":\"es\"},{\"@type\":\"WebPage\",\"@id\":\"https:\\\/\\\/lospoliticosveracruz.com\\\/?p=86241\",\"url\":\"https:\\\/\\\/lospoliticosveracruz.com\\\/?p=86241\",\"name\":\"Democracia, registro o ambos - Los pol\u00edticos Veracruz\",\"isPartOf\":{\"@id\":\"https:\\\/\\\/lospoliticosveracruz.com\\\/#website\"},\"datePublished\":\"2022-02-18T13:20:16+00:00\",\"dateModified\":\"2022-02-18T13:20:23+00:00\",\"breadcrumb\":{\"@id\":\"https:\\\/\\\/lospoliticosveracruz.com\\\/?p=86241#breadcrumb\"},\"inLanguage\":\"es\",\"potentialAction\":[{\"@type\":\"ReadAction\",\"target\":[\"https:\\\/\\\/lospoliticosveracruz.com\\\/?p=86241\"]}]},{\"@type\":\"BreadcrumbList\",\"@id\":\"https:\\\/\\\/lospoliticosveracruz.com\\\/?p=86241#breadcrumb\",\"itemListElement\":[{\"@type\":\"ListItem\",\"position\":1,\"name\":\"Portada\",\"item\":\"https:\\\/\\\/lospoliticosveracruz.com\\\/\"},{\"@type\":\"ListItem\",\"position\":2,\"name\":\"Democracia, registro o ambos\"}]},{\"@type\":\"WebSite\",\"@id\":\"https:\\\/\\\/lospoliticosveracruz.com\\\/#website\",\"url\":\"https:\\\/\\\/lospoliticosveracruz.com\\\/\",\"name\":\"Los pol\u00edticos Veracruz\",\"description\":\"\",\"publisher\":{\"@id\":\"https:\\\/\\\/lospoliticosveracruz.com\\\/#organization\"},\"potentialAction\":[{\"@type\":\"SearchAction\",\"target\":{\"@type\":\"EntryPoint\",\"urlTemplate\":\"https:\\\/\\\/lospoliticosveracruz.com\\\/?s={search_term_string}\"},\"query-input\":{\"@type\":\"PropertyValueSpecification\",\"valueRequired\":true,\"valueName\":\"search_term_string\"}}],\"inLanguage\":\"es\"},{\"@type\":\"Organization\",\"@id\":\"https:\\\/\\\/lospoliticosveracruz.com\\\/#organization\",\"name\":\"Los pol\u00edticos Veracruz\",\"url\":\"https:\\\/\\\/lospoliticosveracruz.com\\\/\",\"logo\":{\"@type\":\"ImageObject\",\"inLanguage\":\"es\",\"@id\":\"https:\\\/\\\/lospoliticosveracruz.com\\\/#\\\/schema\\\/logo\\\/image\\\/\",\"url\":\"https:\\\/\\\/lospoliticosveracruz.com\\\/wp-content\\\/uploads\\\/2025\\\/12\\\/Logo-Nuevo-LOS-POLITICOS-1.jpg\",\"contentUrl\":\"https:\\\/\\\/lospoliticosveracruz.com\\\/wp-content\\\/uploads\\\/2025\\\/12\\\/Logo-Nuevo-LOS-POLITICOS-1.jpg\",\"width\":260,\"height\":70,\"caption\":\"Los pol\u00edticos Veracruz\"},\"image\":{\"@id\":\"https:\\\/\\\/lospoliticosveracruz.com\\\/#\\\/schema\\\/logo\\\/image\\\/\"},\"sameAs\":[\"https:\\\/\\\/www.facebook.com\\\/people\\\/Notimemes-de-los-Polticos\\\/61565672886568\\\/\",\"https:\\\/\\\/x.com\\\/LosPoliticosVer\"]},{\"@type\":\"Person\",\"@id\":\"https:\\\/\\\/lospoliticosveracruz.com\\\/#\\\/schema\\\/person\\\/b8702bb0e538456e6efd07080bf2a4a2\",\"name\":\"Lo viste en Los Pol\u00edticos\",\"image\":{\"@type\":\"ImageObject\",\"inLanguage\":\"es\",\"@id\":\"https:\\\/\\\/secure.gravatar.com\\\/avatar\\\/3a8de04a2656d44082be478bd6c086daa447c4651605818287b9532d3d0bd435?s=96&d=mm&r=g\",\"url\":\"https:\\\/\\\/secure.gravatar.com\\\/avatar\\\/3a8de04a2656d44082be478bd6c086daa447c4651605818287b9532d3d0bd435?s=96&d=mm&r=g\",\"contentUrl\":\"https:\\\/\\\/secure.gravatar.com\\\/avatar\\\/3a8de04a2656d44082be478bd6c086daa447c4651605818287b9532d3d0bd435?s=96&d=mm&r=g\",\"caption\":\"Lo viste en Los Pol\u00edticos\"},\"url\":\"https:\\\/\\\/lospoliticosveracruz.com\\\/?author=2\"}]}<\/script>\n<!-- \/ Yoast SEO plugin. -->","yoast_head_json":{"title":"Democracia, registro o ambos - Los pol\u00edticos Veracruz","robots":{"index":"index","follow":"follow","max-snippet":"max-snippet:-1","max-image-preview":"max-image-preview:large","max-video-preview":"max-video-preview:-1"},"canonical":"https:\/\/lospoliticosveracruz.com\/?p=86241","og_locale":"es_ES","og_type":"article","og_title":"Democracia, registro o ambos - Los pol\u00edticos Veracruz","og_description":"Salvador Mu\u00f1ozLos Pol\u00edticos Ya sali\u00f3 Paco Garrido S\u00e1nchez a corregirme la plana: No son 8 los partidos que hay en Veracruz\u2026 son 12\u2026 por las elecciones extraordinarias que est\u00e1n a la vuelta de la esquina. Supongo que se refiere a Podemos, Unidad Ciudadana, Redes Sociales Progresistas y Encuentro Solidario.No creo que haya tomado en cuenta [&hellip;]","og_url":"https:\/\/lospoliticosveracruz.com\/?p=86241","og_site_name":"Los pol\u00edticos Veracruz","article_publisher":"https:\/\/www.facebook.com\/people\/Notimemes-de-los-Polticos\/61565672886568\/","article_published_time":"2022-02-18T13:20:16+00:00","article_modified_time":"2022-02-18T13:20:23+00:00","og_image":[{"width":200,"height":200,"url":"https:\/\/lospoliticosveracruz.com\/wp-content\/uploads\/2016\/07\/Logo-Dor.jpg","type":"image\/jpeg"}],"author":"Lo viste en Los Pol\u00edticos","twitter_card":"summary_large_image","twitter_creator":"@LosPoliticosVer","twitter_site":"@LosPoliticosVer","twitter_misc":{"Escrito por":"Lo viste en Los Pol\u00edticos","Tiempo de lectura":"3 minutos"},"schema":{"@context":"https:\/\/schema.org","@graph":[{"@type":"Article","@id":"https:\/\/lospoliticosveracruz.com\/?p=86241#article","isPartOf":{"@id":"https:\/\/lospoliticosveracruz.com\/?p=86241"},"author":{"name":"Lo viste en Los Pol\u00edticos","@id":"https:\/\/lospoliticosveracruz.com\/#\/schema\/person\/b8702bb0e538456e6efd07080bf2a4a2"},"headline":"Democracia, registro o ambos","datePublished":"2022-02-18T13:20:16+00:00","dateModified":"2022-02-18T13:20:23+00:00","mainEntityOfPage":{"@id":"https:\/\/lospoliticosveracruz.com\/?p=86241"},"wordCount":518,"publisher":{"@id":"https:\/\/lospoliticosveracruz.com\/#organization"},"keywords":["Encuentro Solidario","Paco Garrido S\u00e1nchez","Podemos","PT","Redes Sociales Progresistas","Salvador Mu\u00f1oz","Todos por Veracruz","Unidad Ciudadana"],"articleSection":["De Opini\u00f3n"],"inLanguage":"es"},{"@type":"WebPage","@id":"https:\/\/lospoliticosveracruz.com\/?p=86241","url":"https:\/\/lospoliticosveracruz.com\/?p=86241","name":"Democracia, registro o ambos - Los pol\u00edticos Veracruz","isPartOf":{"@id":"https:\/\/lospoliticosveracruz.com\/#website"},"datePublished":"2022-02-18T13:20:16+00:00","dateModified":"2022-02-18T13:20:23+00:00","breadcrumb":{"@id":"https:\/\/lospoliticosveracruz.com\/?p=86241#breadcrumb"},"inLanguage":"es","potentialAction":[{"@type":"ReadAction","target":["https:\/\/lospoliticosveracruz.com\/?p=86241"]}]},{"@type":"BreadcrumbList","@id":"https:\/\/lospoliticosveracruz.com\/?p=86241#breadcrumb","itemListElement":[{"@type":"ListItem","position":1,"name":"Portada","item":"https:\/\/lospoliticosveracruz.com\/"},{"@type":"ListItem","position":2,"name":"Democracia, registro o ambos"}]},{"@type":"WebSite","@id":"https:\/\/lospoliticosveracruz.com\/#website","url":"https:\/\/lospoliticosveracruz.com\/","name":"Los pol\u00edticos Veracruz","description":"","publisher":{"@id":"https:\/\/lospoliticosveracruz.com\/#organization"},"potentialAction":[{"@type":"SearchAction","target":{"@type":"EntryPoint","urlTemplate":"https:\/\/lospoliticosveracruz.com\/?s={search_term_string}"},"query-input":{"@type":"PropertyValueSpecification","valueRequired":true,"valueName":"search_term_string"}}],"inLanguage":"es"},{"@type":"Organization","@id":"https:\/\/lospoliticosveracruz.com\/#organization","name":"Los pol\u00edticos Veracruz","url":"https:\/\/lospoliticosveracruz.com\/","logo":{"@type":"ImageObject","inLanguage":"es","@id":"https:\/\/lospoliticosveracruz.com\/#\/schema\/logo\/image\/","url":"https:\/\/lospoliticosveracruz.com\/wp-content\/uploads\/2025\/12\/Logo-Nuevo-LOS-POLITICOS-1.jpg","contentUrl":"https:\/\/lospoliticosveracruz.com\/wp-content\/uploads\/2025\/12\/Logo-Nuevo-LOS-POLITICOS-1.jpg","width":260,"height":70,"caption":"Los pol\u00edticos Veracruz"},"image":{"@id":"https:\/\/lospoliticosveracruz.com\/#\/schema\/logo\/image\/"},"sameAs":["https:\/\/www.facebook.com\/people\/Notimemes-de-los-Polticos\/61565672886568\/","https:\/\/x.com\/LosPoliticosVer"]},{"@type":"Person","@id":"https:\/\/lospoliticosveracruz.com\/#\/schema\/person\/b8702bb0e538456e6efd07080bf2a4a2","name":"Lo viste en Los Pol\u00edticos","image":{"@type":"ImageObject","inLanguage":"es","@id":"https:\/\/secure.gravatar.com\/avatar\/3a8de04a2656d44082be478bd6c086daa447c4651605818287b9532d3d0bd435?s=96&d=mm&r=g","url":"https:\/\/secure.gravatar.com\/avatar\/3a8de04a2656d44082be478bd6c086daa447c4651605818287b9532d3d0bd435?s=96&d=mm&r=g","contentUrl":"https:\/\/secure.gravatar.com\/avatar\/3a8de04a2656d44082be478bd6c086daa447c4651605818287b9532d3d0bd435?s=96&d=mm&r=g","caption":"Lo viste en Los Pol\u00edticos"},"url":"https:\/\/lospoliticosveracruz.com\/?author=2"}]}},"_links":{"self":[{"href":"https:\/\/lospoliticosveracruz.com\/index.php?rest_route=\/wp\/v2\/posts\/86241","targetHints":{"allow":["GET"]}}],"collection":[{"href":"https:\/\/lospoliticosveracruz.com\/index.php?rest_route=\/wp\/v2\/posts"}],"about":[{"href":"https:\/\/lospoliticosveracruz.com\/index.php?rest_route=\/wp\/v2\/types\/post"}],"author":[{"embeddable":true,"href":"https:\/\/lospoliticosveracruz.com\/index.php?rest_route=\/wp\/v2\/users\/2"}],"replies":[{"embeddable":true,"href":"https:\/\/lospoliticosveracruz.com\/index.php?rest_route=%2Fwp%2Fv2%2Fcomments&post=86241"}],"version-history":[{"count":1,"href":"https:\/\/lospoliticosveracruz.com\/index.php?rest_route=\/wp\/v2\/posts\/86241\/revisions"}],"predecessor-version":[{"id":86243,"href":"https:\/\/lospoliticosveracruz.com\/index.php?rest_route=\/wp\/v2\/posts\/86241\/revisions\/86243"}],"wp:attachment":[{"href":"https:\/\/lospoliticosveracruz.com\/index.php?rest_route=%2Fwp%2Fv2%2Fmedia&parent=86241"}],"wp:term":[{"taxonomy":"category","embeddable":true,"href":"https:\/\/lospoliticosveracruz.com\/index.php?rest_route=%2Fwp%2Fv2%2Fcategories&post=86241"},{"taxonomy":"post_tag","embeddable":true,"href":"https:\/\/lospoliticosveracruz.com\/index.php?rest_route=%2Fwp%2Fv2%2Ftags&post=86241"}],"curies":[{"name":"wp","href":"https:\/\/api.w.org\/{rel}","templated":true}]}}