{"id":86253,"date":"2022-02-18T08:13:10","date_gmt":"2022-02-18T14:13:10","guid":{"rendered":"https:\/\/lospoliticosveracruz.com.mx\/?p=86253"},"modified":"2022-02-18T08:13:16","modified_gmt":"2022-02-18T14:13:16","slug":"cambiar-para-seguir-igual-o-tal-vez-peor-ii","status":"publish","type":"post","link":"https:\/\/lospoliticosveracruz.com\/?p=86253","title":{"rendered":"Cambiar para seguir igual (o tal vez peor) II"},"content":{"rendered":"\n<p><\/p>\n\n\n\n<p><strong>Felipe de Jes\u00fas Fern\u00e1ndez Basilio<\/strong><br><em>Desde a Janela<\/em><br><\/p>\n\n\n\n<p>La vez pasada platicamos de los nobles fines para los que fue adoptado el modelo acusatorio de justicia penal en M\u00e9xico y vimos como principalmente los objetivos eran dos: que hubiera una certeza de cu\u00e1nto tiempo iba a durar un proceso penal, para lo cual se establecieron t\u00e9rminos precisos en los que debe de desarrollarse cada etapa procesal y que la prisi\u00f3n preventiva fuera verdaderamente excepcional, para lo cual se establecieron casos muy concretos en los que dicha figura operar\u00eda, as\u00ed como los periodos temporales en que dicha medida cautelar deb\u00eda de aplicarse.<br>Sin embargo, y aunque la intenci\u00f3n fue buena, nunca se cambi\u00f3 la mentalidad de los operadores involucrados en el procedimiento penal y eso ha hecho que los cambios que el constituyente permanente implement\u00f3, hayan quedado como letra muerta.<br>Siendo as\u00ed, que a\u00fan ahora a pr\u00e1cticamente una d\u00e9cada de que comenz\u00f3 la implementaci\u00f3n del sistema penal acusatorio, todav\u00eda es com\u00fan encontrarse a abogados que sostienen que el sistema vigente en relaci\u00f3n al anterior, \u201ces la misma gata, pero revolcada\u201d.<br>Y por desgracia, no les falta raz\u00f3n; ya que, si bien se implementaron y se cumplen muchas reformas en las etapas judiciales, en las fases previas a la judicializaci\u00f3n, pr\u00e1cticamente no ha habido un cambio en la forma de gestionarlas.<br>Y as\u00ed seguimos teniendo fiscales que siguen llevando a cabo las investigaciones, cuando esa ya no es su tarea y al hacerlo se saturan de trabajo con el consiguiente rezago que ello implica; la ley procesal es muy clara al enunciar que los fiscales coordinar\u00e1n la investigaci\u00f3n y en su caso ejercer\u00e1n la funci\u00f3n acusadora en nombre del Estado (las v\u00edctimas u ofendidos tienen su propia representaci\u00f3n particular) ante los \u00f3rganos jurisdiccionales y en su lugar las polic\u00edas ser\u00e1n las encargadas de llevar a cabo las investigaciones.<br>M\u00e1s la cultura general sigue siendo que desde que se presenta una denuncia o querella, \u00e9sta debe de presentarse ante la fiscal\u00eda, quien a su vez destina un gran n\u00famero de elementos para recibir y procesar denuncias, llevar a cabo fases conciliatorias; cuando, por el contrario, la pr\u00e1ctica generalmente utilizada en el mundo es que los fiscales no lleven a cabo ninguna de esas actividades y s\u00f3lo cuando la naturaleza del proceso lo amerite, requiera de las polic\u00edas y peritos la informaci\u00f3n necesaria para plantear el caso al juez de control.<br>Siendo ese monopolio que no legalmente pero s\u00ed en la pr\u00e1ctica, conserva la fiscal\u00eda en las fases previas a la judicializaci\u00f3n de un proceso penal, un factor preponderante en la lentitud de las investigaciones criminales, lo que siempre ha sido un mal end\u00e9mico en M\u00e9xico.<br>Llegando a tal grado esa situaci\u00f3n que s\u00f3lo para cubrir el requisito legal de la intervenci\u00f3n de la polic\u00eda en las pesquisas, los fiscales ordenan que la polic\u00eda interrogue a las mismas v\u00edctimas y testigos que ya el mismo fiscal entrevist\u00f3 y de quienes conoce perfectamente su testimonio y quienes l\u00f3gicamente van a repetir lo mismo a los polic\u00edas; situaci\u00f3n que demuestra que la entrevista policial aparte de no aportar nada nuevo a la investigaci\u00f3n, s\u00f3lo la demora.<br>De la misma manera, tenemos que los fiscales ordenan los peritajes que sean necesarios, cuando esa funci\u00f3n tambi\u00e9n le corresponde a la polic\u00eda y sucede lo mismo con las entrevistas a los investigados. No se ha entendido que la polic\u00eda es quien debe de realizar todas las investigaciones y que los fiscales solamente las coordinan para fines judiciales o en palabras m\u00e1s sencillas, la polic\u00eda es quien debe armar el rompecabezas.<br>Hasta aqu\u00ed vemos c\u00f3mo, aunque la ley se ha modificado, contin\u00faan las mismas pr\u00e1cticas de siempre en la integraci\u00f3n de las investigaciones, lo cual en nada abona a la agilizaci\u00f3n de la procuraci\u00f3n de justicia; en una pr\u00f3xima entrega profundizaremos en las razones que hacen que los cambios legales que hoy comentamos, no se lleven a cabo.<br>Comentarios aparte:<br>Primero: El delito de ultrajes a la autoridad va a seguir vigente en sus t\u00e9rminos por un buen tiempo debido a que la recomendaci\u00f3n de la CNDH tiene torta bajo el brazo y esa es que se enderez\u00f3 contra el gobernador y la fiscal\u00eda, pero no en contra de la legislatura y en esa \u00faltima la iniciativa va a dormir el sue\u00f1o de los (in)justos.<br>Segunda: El presidente de la Rep\u00fablica no se ha repuesto de la exhibida que recibi\u00f3 y con todo lo que hace y dice en su show diario, lo \u00fanico que est\u00e1 logrando es debilitar la investidura presidencial que cuando le conviene dice defender, ya que ahora todos los agraviados, con justa raz\u00f3n, le contestan con el mismo nivel de insultos que \u00e9l propaga.<br>felfebas@gmail.com<br>Twitter: @FelipeFBasilio<\/p>\n","protected":false},"excerpt":{"rendered":"<p>Felipe de Jes\u00fas Fern\u00e1ndez BasilioDesde a Janela La vez pasada platicamos de los nobles fines para los que fue adoptado el modelo acusatorio de justicia penal en M\u00e9xico y vimos como principalmente los objetivos eran dos: que hubiera una certeza de cu\u00e1nto tiempo iba a durar un proceso penal, para lo cual se establecieron t\u00e9rminos [&hellip;]<\/p>\n","protected":false},"author":2,"featured_media":0,"comment_status":"closed","ping_status":"closed","sticky":false,"template":"","format":"standard","meta":{"tdm_status":"","tdm_grid_status":"","footnotes":""},"categories":[70],"tags":[12710,4116],"class_list":{"0":"post-86253","1":"post","2":"type-post","3":"status-publish","4":"format-standard","6":"category-de-opinion","7":"tag-felipe-de-jesus-fernandez-basilio","8":"tag-fiscalia-general-del-estado"},"yoast_head":"<!-- This site is optimized with the Yoast SEO plugin v27.4 - https:\/\/yoast.com\/product\/yoast-seo-wordpress\/ -->\n<title>Cambiar para seguir igual (o tal vez peor) II - Los pol\u00edticos Veracruz<\/title>\n<meta name=\"robots\" content=\"index, follow, max-snippet:-1, max-image-preview:large, max-video-preview:-1\" \/>\n<link rel=\"canonical\" href=\"https:\/\/lospoliticosveracruz.com\/?p=86253\" \/>\n<meta property=\"og:locale\" content=\"es_ES\" \/>\n<meta property=\"og:type\" content=\"article\" \/>\n<meta property=\"og:title\" content=\"Cambiar para seguir igual (o tal vez peor) II - Los pol\u00edticos Veracruz\" \/>\n<meta property=\"og:description\" content=\"Felipe de Jes\u00fas Fern\u00e1ndez BasilioDesde a Janela La vez pasada platicamos de los nobles fines para los que fue adoptado el modelo acusatorio de justicia penal en M\u00e9xico y vimos como principalmente los objetivos eran dos: que hubiera una certeza de cu\u00e1nto tiempo iba a durar un proceso penal, para lo cual se establecieron t\u00e9rminos [&hellip;]\" \/>\n<meta property=\"og:url\" content=\"https:\/\/lospoliticosveracruz.com\/?p=86253\" \/>\n<meta property=\"og:site_name\" content=\"Los pol\u00edticos Veracruz\" \/>\n<meta property=\"article:publisher\" content=\"https:\/\/www.facebook.com\/people\/Notimemes-de-los-Polticos\/61565672886568\/\" \/>\n<meta property=\"article:published_time\" content=\"2022-02-18T14:13:10+00:00\" \/>\n<meta property=\"article:modified_time\" content=\"2022-02-18T14:13:16+00:00\" \/>\n<meta property=\"og:image\" content=\"https:\/\/lospoliticosveracruz.com\/wp-content\/uploads\/2016\/07\/Logo-Dor.jpg\" \/>\n\t<meta property=\"og:image:width\" content=\"200\" \/>\n\t<meta property=\"og:image:height\" content=\"200\" \/>\n\t<meta property=\"og:image:type\" content=\"image\/jpeg\" \/>\n<meta name=\"author\" content=\"Lo viste en Los Pol\u00edticos\" \/>\n<meta name=\"twitter:card\" content=\"summary_large_image\" \/>\n<meta name=\"twitter:creator\" content=\"@LosPoliticosVer\" \/>\n<meta name=\"twitter:site\" content=\"@LosPoliticosVer\" \/>\n<meta name=\"twitter:label1\" content=\"Escrito por\" \/>\n\t<meta name=\"twitter:data1\" content=\"Lo viste en Los Pol\u00edticos\" \/>\n\t<meta name=\"twitter:label2\" content=\"Tiempo de lectura\" \/>\n\t<meta name=\"twitter:data2\" content=\"4 minutos\" \/>\n<script type=\"application\/ld+json\" class=\"yoast-schema-graph\">{\"@context\":\"https:\\\/\\\/schema.org\",\"@graph\":[{\"@type\":\"Article\",\"@id\":\"https:\\\/\\\/lospoliticosveracruz.com\\\/?p=86253#article\",\"isPartOf\":{\"@id\":\"https:\\\/\\\/lospoliticosveracruz.com\\\/?p=86253\"},\"author\":{\"name\":\"Lo viste en Los Pol\u00edticos\",\"@id\":\"https:\\\/\\\/lospoliticosveracruz.com\\\/#\\\/schema\\\/person\\\/b8702bb0e538456e6efd07080bf2a4a2\"},\"headline\":\"Cambiar para seguir igual (o tal vez peor) II\",\"datePublished\":\"2022-02-18T14:13:10+00:00\",\"dateModified\":\"2022-02-18T14:13:16+00:00\",\"mainEntityOfPage\":{\"@id\":\"https:\\\/\\\/lospoliticosveracruz.com\\\/?p=86253\"},\"wordCount\":861,\"publisher\":{\"@id\":\"https:\\\/\\\/lospoliticosveracruz.com\\\/#organization\"},\"keywords\":[\"Felipe de Jes\u00fas Fern\u00e1ndez Basilio\",\"Fiscal\u00eda General del Estado\"],\"articleSection\":[\"De Opini\u00f3n\"],\"inLanguage\":\"es\"},{\"@type\":\"WebPage\",\"@id\":\"https:\\\/\\\/lospoliticosveracruz.com\\\/?p=86253\",\"url\":\"https:\\\/\\\/lospoliticosveracruz.com\\\/?p=86253\",\"name\":\"Cambiar para seguir igual (o tal vez peor) II - Los pol\u00edticos Veracruz\",\"isPartOf\":{\"@id\":\"https:\\\/\\\/lospoliticosveracruz.com\\\/#website\"},\"datePublished\":\"2022-02-18T14:13:10+00:00\",\"dateModified\":\"2022-02-18T14:13:16+00:00\",\"breadcrumb\":{\"@id\":\"https:\\\/\\\/lospoliticosveracruz.com\\\/?p=86253#breadcrumb\"},\"inLanguage\":\"es\",\"potentialAction\":[{\"@type\":\"ReadAction\",\"target\":[\"https:\\\/\\\/lospoliticosveracruz.com\\\/?p=86253\"]}]},{\"@type\":\"BreadcrumbList\",\"@id\":\"https:\\\/\\\/lospoliticosveracruz.com\\\/?p=86253#breadcrumb\",\"itemListElement\":[{\"@type\":\"ListItem\",\"position\":1,\"name\":\"Portada\",\"item\":\"https:\\\/\\\/lospoliticosveracruz.com\\\/\"},{\"@type\":\"ListItem\",\"position\":2,\"name\":\"Cambiar para seguir igual (o tal vez peor) II\"}]},{\"@type\":\"WebSite\",\"@id\":\"https:\\\/\\\/lospoliticosveracruz.com\\\/#website\",\"url\":\"https:\\\/\\\/lospoliticosveracruz.com\\\/\",\"name\":\"Los pol\u00edticos Veracruz\",\"description\":\"\",\"publisher\":{\"@id\":\"https:\\\/\\\/lospoliticosveracruz.com\\\/#organization\"},\"potentialAction\":[{\"@type\":\"SearchAction\",\"target\":{\"@type\":\"EntryPoint\",\"urlTemplate\":\"https:\\\/\\\/lospoliticosveracruz.com\\\/?s={search_term_string}\"},\"query-input\":{\"@type\":\"PropertyValueSpecification\",\"valueRequired\":true,\"valueName\":\"search_term_string\"}}],\"inLanguage\":\"es\"},{\"@type\":\"Organization\",\"@id\":\"https:\\\/\\\/lospoliticosveracruz.com\\\/#organization\",\"name\":\"Los pol\u00edticos Veracruz\",\"url\":\"https:\\\/\\\/lospoliticosveracruz.com\\\/\",\"logo\":{\"@type\":\"ImageObject\",\"inLanguage\":\"es\",\"@id\":\"https:\\\/\\\/lospoliticosveracruz.com\\\/#\\\/schema\\\/logo\\\/image\\\/\",\"url\":\"https:\\\/\\\/lospoliticosveracruz.com\\\/wp-content\\\/uploads\\\/2025\\\/12\\\/Logo-Nuevo-LOS-POLITICOS-1.jpg\",\"contentUrl\":\"https:\\\/\\\/lospoliticosveracruz.com\\\/wp-content\\\/uploads\\\/2025\\\/12\\\/Logo-Nuevo-LOS-POLITICOS-1.jpg\",\"width\":260,\"height\":70,\"caption\":\"Los pol\u00edticos Veracruz\"},\"image\":{\"@id\":\"https:\\\/\\\/lospoliticosveracruz.com\\\/#\\\/schema\\\/logo\\\/image\\\/\"},\"sameAs\":[\"https:\\\/\\\/www.facebook.com\\\/people\\\/Notimemes-de-los-Polticos\\\/61565672886568\\\/\",\"https:\\\/\\\/x.com\\\/LosPoliticosVer\"]},{\"@type\":\"Person\",\"@id\":\"https:\\\/\\\/lospoliticosveracruz.com\\\/#\\\/schema\\\/person\\\/b8702bb0e538456e6efd07080bf2a4a2\",\"name\":\"Lo viste en Los Pol\u00edticos\",\"image\":{\"@type\":\"ImageObject\",\"inLanguage\":\"es\",\"@id\":\"https:\\\/\\\/secure.gravatar.com\\\/avatar\\\/3a8de04a2656d44082be478bd6c086daa447c4651605818287b9532d3d0bd435?s=96&d=mm&r=g\",\"url\":\"https:\\\/\\\/secure.gravatar.com\\\/avatar\\\/3a8de04a2656d44082be478bd6c086daa447c4651605818287b9532d3d0bd435?s=96&d=mm&r=g\",\"contentUrl\":\"https:\\\/\\\/secure.gravatar.com\\\/avatar\\\/3a8de04a2656d44082be478bd6c086daa447c4651605818287b9532d3d0bd435?s=96&d=mm&r=g\",\"caption\":\"Lo viste en Los Pol\u00edticos\"},\"url\":\"https:\\\/\\\/lospoliticosveracruz.com\\\/?author=2\"}]}<\/script>\n<!-- \/ Yoast SEO plugin. -->","yoast_head_json":{"title":"Cambiar para seguir igual (o tal vez peor) II - Los pol\u00edticos Veracruz","robots":{"index":"index","follow":"follow","max-snippet":"max-snippet:-1","max-image-preview":"max-image-preview:large","max-video-preview":"max-video-preview:-1"},"canonical":"https:\/\/lospoliticosveracruz.com\/?p=86253","og_locale":"es_ES","og_type":"article","og_title":"Cambiar para seguir igual (o tal vez peor) II - Los pol\u00edticos Veracruz","og_description":"Felipe de Jes\u00fas Fern\u00e1ndez BasilioDesde a Janela La vez pasada platicamos de los nobles fines para los que fue adoptado el modelo acusatorio de justicia penal en M\u00e9xico y vimos como principalmente los objetivos eran dos: que hubiera una certeza de cu\u00e1nto tiempo iba a durar un proceso penal, para lo cual se establecieron t\u00e9rminos [&hellip;]","og_url":"https:\/\/lospoliticosveracruz.com\/?p=86253","og_site_name":"Los pol\u00edticos Veracruz","article_publisher":"https:\/\/www.facebook.com\/people\/Notimemes-de-los-Polticos\/61565672886568\/","article_published_time":"2022-02-18T14:13:10+00:00","article_modified_time":"2022-02-18T14:13:16+00:00","og_image":[{"width":200,"height":200,"url":"https:\/\/lospoliticosveracruz.com\/wp-content\/uploads\/2016\/07\/Logo-Dor.jpg","type":"image\/jpeg"}],"author":"Lo viste en Los Pol\u00edticos","twitter_card":"summary_large_image","twitter_creator":"@LosPoliticosVer","twitter_site":"@LosPoliticosVer","twitter_misc":{"Escrito por":"Lo viste en Los Pol\u00edticos","Tiempo de lectura":"4 minutos"},"schema":{"@context":"https:\/\/schema.org","@graph":[{"@type":"Article","@id":"https:\/\/lospoliticosveracruz.com\/?p=86253#article","isPartOf":{"@id":"https:\/\/lospoliticosveracruz.com\/?p=86253"},"author":{"name":"Lo viste en Los Pol\u00edticos","@id":"https:\/\/lospoliticosveracruz.com\/#\/schema\/person\/b8702bb0e538456e6efd07080bf2a4a2"},"headline":"Cambiar para seguir igual (o tal vez peor) II","datePublished":"2022-02-18T14:13:10+00:00","dateModified":"2022-02-18T14:13:16+00:00","mainEntityOfPage":{"@id":"https:\/\/lospoliticosveracruz.com\/?p=86253"},"wordCount":861,"publisher":{"@id":"https:\/\/lospoliticosveracruz.com\/#organization"},"keywords":["Felipe de Jes\u00fas Fern\u00e1ndez Basilio","Fiscal\u00eda General del Estado"],"articleSection":["De Opini\u00f3n"],"inLanguage":"es"},{"@type":"WebPage","@id":"https:\/\/lospoliticosveracruz.com\/?p=86253","url":"https:\/\/lospoliticosveracruz.com\/?p=86253","name":"Cambiar para seguir igual (o tal vez peor) II - Los pol\u00edticos Veracruz","isPartOf":{"@id":"https:\/\/lospoliticosveracruz.com\/#website"},"datePublished":"2022-02-18T14:13:10+00:00","dateModified":"2022-02-18T14:13:16+00:00","breadcrumb":{"@id":"https:\/\/lospoliticosveracruz.com\/?p=86253#breadcrumb"},"inLanguage":"es","potentialAction":[{"@type":"ReadAction","target":["https:\/\/lospoliticosveracruz.com\/?p=86253"]}]},{"@type":"BreadcrumbList","@id":"https:\/\/lospoliticosveracruz.com\/?p=86253#breadcrumb","itemListElement":[{"@type":"ListItem","position":1,"name":"Portada","item":"https:\/\/lospoliticosveracruz.com\/"},{"@type":"ListItem","position":2,"name":"Cambiar para seguir igual (o tal vez peor) II"}]},{"@type":"WebSite","@id":"https:\/\/lospoliticosveracruz.com\/#website","url":"https:\/\/lospoliticosveracruz.com\/","name":"Los pol\u00edticos Veracruz","description":"","publisher":{"@id":"https:\/\/lospoliticosveracruz.com\/#organization"},"potentialAction":[{"@type":"SearchAction","target":{"@type":"EntryPoint","urlTemplate":"https:\/\/lospoliticosveracruz.com\/?s={search_term_string}"},"query-input":{"@type":"PropertyValueSpecification","valueRequired":true,"valueName":"search_term_string"}}],"inLanguage":"es"},{"@type":"Organization","@id":"https:\/\/lospoliticosveracruz.com\/#organization","name":"Los pol\u00edticos Veracruz","url":"https:\/\/lospoliticosveracruz.com\/","logo":{"@type":"ImageObject","inLanguage":"es","@id":"https:\/\/lospoliticosveracruz.com\/#\/schema\/logo\/image\/","url":"https:\/\/lospoliticosveracruz.com\/wp-content\/uploads\/2025\/12\/Logo-Nuevo-LOS-POLITICOS-1.jpg","contentUrl":"https:\/\/lospoliticosveracruz.com\/wp-content\/uploads\/2025\/12\/Logo-Nuevo-LOS-POLITICOS-1.jpg","width":260,"height":70,"caption":"Los pol\u00edticos Veracruz"},"image":{"@id":"https:\/\/lospoliticosveracruz.com\/#\/schema\/logo\/image\/"},"sameAs":["https:\/\/www.facebook.com\/people\/Notimemes-de-los-Polticos\/61565672886568\/","https:\/\/x.com\/LosPoliticosVer"]},{"@type":"Person","@id":"https:\/\/lospoliticosveracruz.com\/#\/schema\/person\/b8702bb0e538456e6efd07080bf2a4a2","name":"Lo viste en Los Pol\u00edticos","image":{"@type":"ImageObject","inLanguage":"es","@id":"https:\/\/secure.gravatar.com\/avatar\/3a8de04a2656d44082be478bd6c086daa447c4651605818287b9532d3d0bd435?s=96&d=mm&r=g","url":"https:\/\/secure.gravatar.com\/avatar\/3a8de04a2656d44082be478bd6c086daa447c4651605818287b9532d3d0bd435?s=96&d=mm&r=g","contentUrl":"https:\/\/secure.gravatar.com\/avatar\/3a8de04a2656d44082be478bd6c086daa447c4651605818287b9532d3d0bd435?s=96&d=mm&r=g","caption":"Lo viste en Los Pol\u00edticos"},"url":"https:\/\/lospoliticosveracruz.com\/?author=2"}]}},"_links":{"self":[{"href":"https:\/\/lospoliticosveracruz.com\/index.php?rest_route=\/wp\/v2\/posts\/86253","targetHints":{"allow":["GET"]}}],"collection":[{"href":"https:\/\/lospoliticosveracruz.com\/index.php?rest_route=\/wp\/v2\/posts"}],"about":[{"href":"https:\/\/lospoliticosveracruz.com\/index.php?rest_route=\/wp\/v2\/types\/post"}],"author":[{"embeddable":true,"href":"https:\/\/lospoliticosveracruz.com\/index.php?rest_route=\/wp\/v2\/users\/2"}],"replies":[{"embeddable":true,"href":"https:\/\/lospoliticosveracruz.com\/index.php?rest_route=%2Fwp%2Fv2%2Fcomments&post=86253"}],"version-history":[{"count":1,"href":"https:\/\/lospoliticosveracruz.com\/index.php?rest_route=\/wp\/v2\/posts\/86253\/revisions"}],"predecessor-version":[{"id":86254,"href":"https:\/\/lospoliticosveracruz.com\/index.php?rest_route=\/wp\/v2\/posts\/86253\/revisions\/86254"}],"wp:attachment":[{"href":"https:\/\/lospoliticosveracruz.com\/index.php?rest_route=%2Fwp%2Fv2%2Fmedia&parent=86253"}],"wp:term":[{"taxonomy":"category","embeddable":true,"href":"https:\/\/lospoliticosveracruz.com\/index.php?rest_route=%2Fwp%2Fv2%2Fcategories&post=86253"},{"taxonomy":"post_tag","embeddable":true,"href":"https:\/\/lospoliticosveracruz.com\/index.php?rest_route=%2Fwp%2Fv2%2Ftags&post=86253"}],"curies":[{"name":"wp","href":"https:\/\/api.w.org\/{rel}","templated":true}]}}