{"id":86336,"date":"2022-02-21T07:59:36","date_gmt":"2022-02-21T13:59:36","guid":{"rendered":"https:\/\/lospoliticosveracruz.com.mx\/?p=86336"},"modified":"2022-02-21T07:59:42","modified_gmt":"2022-02-21T13:59:42","slug":"dos-bocas-bajo-la-lente-de-la-asf","status":"publish","type":"post","link":"https:\/\/lospoliticosveracruz.com\/?p=86336","title":{"rendered":"Dos Bocas bajo la lente de la ASF"},"content":{"rendered":"\n<p><br><strong>Omar Z\u00fa\u00f1iga<\/strong><br><em>De Primera Mano Taj\u00edn<\/em><\/p>\n\n\n\n<p><\/p>\n\n\n\n<p>Ayer domingo se soltaron los demonios en contra de un personaje que tiene reales posibilidades de convertirse en candidato en 2024 para la patria chica, tan obvio resulta de d\u00f3nde viene la pretendida campa\u00f1a de desprestigio que nuevamente resalta lo burda y mal hecha y por consiguiente la fuente: la esquina de Zaragoza y Parque Ju\u00e1rez, es decir Comunicaci\u00f3n Social.<br>Han estado tan raspados por los acontecimientos mediatos e inmediatos que ya no hallan qu\u00e9 hacer para salir del atolladero en que se han metido y que con cada movimiento que hacen se hunden m\u00e1s y m\u00e1s; como fardo en arenas movedizas.<br>Rega\u00f1os, llamadas de atenci\u00f3n del m\u00e1s alto nivel y levantadas de canasta, han derivado en el libelo que circul\u00f3, del m\u00e1s bajo nivel, digno de un personaje que estuvo plenamente identificado con el yunismo pero que sali\u00f3 muy mal con ellos y chaquete\u00f3 con la 4T, pero ni modo, todo sea por conseguir la chuleta.<br>El tema es que de vuelta a la desesperaci\u00f3n jarocha, ya no saben qu\u00e9 hacer para parar el paso de quien atacaron, que se ha convertido en un personaje 100 por ciento emp\u00e1tico con la poblaci\u00f3n, con los sectores m\u00e1s fuertes como el magisterio veracruzano, con las secciones 32 y 56, por s\u00f3lo poner un ejemplo, cosa que no tienen ni los operadores ni el titular del movimiento oficial veracruzano, mucho menos la secretaria que quieren sea candidata, de quien dicen los mismos personajes que la impulsan, que se trata de una persona que literalmente lleva a la Secretar\u00eda de Energ\u00eda en el cuerpo, pues cae tan pesado, que piensan que lo que circula por sus venas es chapopote.<br>Ayer mismo, con el resultado de la revisi\u00f3n de la Cuenta P\u00fablica 2020 de la Auditor\u00eda Superior de la Federaci\u00f3n al gobierno federal, se develaron probables irregularidades por casi 60 millones de pesos en la emblem\u00e1tica obra de la refiner\u00eda de Dos Bocas, precisamente liderada por Roc\u00edo Nahle.<br>Las irregularidades se\u00f1aladas tienen que ver con pagos indebidos, sobreprecios en el desmonte de selva (ley\u00f3 usted bien) y la famos\u00edsima adjudicaci\u00f3n directa de obra, (nota al calce, todo esto es lo que pretend\u00eda ocultar el presidente L\u00f3pez Obrador con la iniciativa para ubicar a estas obras emblem\u00e1ticas como asunto de \u00abSeguridad Nacional\u00bb, con lo que se brincar\u00eda todas estas observaciones y quedar\u00edan en total opacidad).<br>Este es el oscuro panorama para quienes detentan el \u00abpinche poder\u00bb, parafraseando al \u00ednclito.<br>Y para documentar el optimismo, todo este circo me remonta cuando el tremendo juez de la tremenda corte sentencia a Tres Patines por haberse robado una gallina y el acusado, a voz en cuello, le contesta -De ninguna manera se\u00f1or juez. Yo no me rob\u00e9 una gallina; \u00a1me rob\u00e9 una vaca!<\/p>\n\n\n\n<hr class=\"wp-block-separator\"\/>\n\n\n\n<p>Hoy a las 7:00 horas est\u00e1 convocada una manifestaci\u00f3n en las instalaciones de la Secretar\u00eda de Educaci\u00f3n de Veracruz en la avenida L\u00e1zaro C\u00e1rdenas de Xalapa. Los convocantes son docentes que no tiene plaza y argumentan una serie de consideraciones que para nada son desde\u00f1ables, por el contrario hay mucha raz\u00f3n y que se enfrentan a la cerraz\u00f3n del titular Zenyazen Escobar, a quien le siguen creciendo los enanos rumbo al 2024.<br>Por v\u00eda de mientras, aunque la convocatoria no est\u00e1 hecha para bloquear la avenida habr\u00e1 que estar prevenidos.<\/p>\n\n\n\n<p>\u00a1Qu\u00e9 barbaridad!<br>deprimera.mano2020@gmail.com<\/p>\n","protected":false},"excerpt":{"rendered":"<p>Omar Z\u00fa\u00f1igaDe Primera Mano Taj\u00edn Ayer domingo se soltaron los demonios en contra de un personaje que tiene reales posibilidades de convertirse en candidato en 2024 para la patria chica, tan obvio resulta de d\u00f3nde viene la pretendida campa\u00f1a de desprestigio que nuevamente resalta lo burda y mal hecha y por consiguiente la fuente: la [&hellip;]<\/p>\n","protected":false},"author":2,"featured_media":0,"comment_status":"closed","ping_status":"closed","sticky":false,"template":"","format":"standard","meta":{"tdm_status":"","tdm_grid_status":"","footnotes":""},"categories":[70],"tags":[17426,26350,28705,18172,4386],"class_list":{"0":"post-86336","1":"post","2":"type-post","3":"status-publish","4":"format-standard","6":"category-de-opinion","7":"tag-4t","8":"tag-cuenta-publica-2020","9":"tag-omar-zuniga","10":"tag-refineria-de-dos-bocas","11":"tag-rocio-nahle-garcia"},"yoast_head":"<!-- This site is optimized with the Yoast SEO plugin v27.4 - https:\/\/yoast.com\/product\/yoast-seo-wordpress\/ -->\n<title>Dos Bocas bajo la lente de la ASF - Los pol\u00edticos Veracruz<\/title>\n<meta name=\"robots\" content=\"index, follow, max-snippet:-1, max-image-preview:large, max-video-preview:-1\" \/>\n<link rel=\"canonical\" href=\"https:\/\/lospoliticosveracruz.com\/?p=86336\" \/>\n<meta property=\"og:locale\" content=\"es_ES\" \/>\n<meta property=\"og:type\" content=\"article\" \/>\n<meta property=\"og:title\" content=\"Dos Bocas bajo la lente de la ASF - Los pol\u00edticos Veracruz\" \/>\n<meta property=\"og:description\" content=\"Omar Z\u00fa\u00f1igaDe Primera Mano Taj\u00edn Ayer domingo se soltaron los demonios en contra de un personaje que tiene reales posibilidades de convertirse en candidato en 2024 para la patria chica, tan obvio resulta de d\u00f3nde viene la pretendida campa\u00f1a de desprestigio que nuevamente resalta lo burda y mal hecha y por consiguiente la fuente: la [&hellip;]\" \/>\n<meta property=\"og:url\" content=\"https:\/\/lospoliticosveracruz.com\/?p=86336\" \/>\n<meta property=\"og:site_name\" content=\"Los pol\u00edticos Veracruz\" \/>\n<meta property=\"article:publisher\" content=\"https:\/\/www.facebook.com\/people\/Notimemes-de-los-Polticos\/61565672886568\/\" \/>\n<meta property=\"article:published_time\" content=\"2022-02-21T13:59:36+00:00\" \/>\n<meta property=\"article:modified_time\" content=\"2022-02-21T13:59:42+00:00\" \/>\n<meta property=\"og:image\" content=\"https:\/\/lospoliticosveracruz.com\/wp-content\/uploads\/2016\/07\/Logo-Dor.jpg\" \/>\n\t<meta property=\"og:image:width\" content=\"200\" \/>\n\t<meta property=\"og:image:height\" content=\"200\" \/>\n\t<meta property=\"og:image:type\" content=\"image\/jpeg\" \/>\n<meta name=\"author\" content=\"Lo viste en Los Pol\u00edticos\" \/>\n<meta name=\"twitter:card\" content=\"summary_large_image\" \/>\n<meta name=\"twitter:creator\" content=\"@LosPoliticosVer\" \/>\n<meta name=\"twitter:site\" content=\"@LosPoliticosVer\" \/>\n<meta name=\"twitter:label1\" content=\"Escrito por\" \/>\n\t<meta name=\"twitter:data1\" content=\"Lo viste en Los Pol\u00edticos\" \/>\n\t<meta name=\"twitter:label2\" content=\"Tiempo de lectura\" \/>\n\t<meta name=\"twitter:data2\" content=\"3 minutos\" \/>\n<script type=\"application\/ld+json\" class=\"yoast-schema-graph\">{\"@context\":\"https:\\\/\\\/schema.org\",\"@graph\":[{\"@type\":\"Article\",\"@id\":\"https:\\\/\\\/lospoliticosveracruz.com\\\/?p=86336#article\",\"isPartOf\":{\"@id\":\"https:\\\/\\\/lospoliticosveracruz.com\\\/?p=86336\"},\"author\":{\"name\":\"Lo viste en Los Pol\u00edticos\",\"@id\":\"https:\\\/\\\/lospoliticosveracruz.com\\\/#\\\/schema\\\/person\\\/b8702bb0e538456e6efd07080bf2a4a2\"},\"headline\":\"Dos Bocas bajo la lente de la ASF\",\"datePublished\":\"2022-02-21T13:59:36+00:00\",\"dateModified\":\"2022-02-21T13:59:42+00:00\",\"mainEntityOfPage\":{\"@id\":\"https:\\\/\\\/lospoliticosveracruz.com\\\/?p=86336\"},\"wordCount\":601,\"publisher\":{\"@id\":\"https:\\\/\\\/lospoliticosveracruz.com\\\/#organization\"},\"keywords\":[\"4T\",\"cuenta p\u00fablica 2020\",\"Omar Z\u00fa\u00f1iga\",\"Refiner\u00eda de Dos Bocas\",\"Roc\u00edo Nahle Garc\u00eda\"],\"articleSection\":[\"De Opini\u00f3n\"],\"inLanguage\":\"es\"},{\"@type\":\"WebPage\",\"@id\":\"https:\\\/\\\/lospoliticosveracruz.com\\\/?p=86336\",\"url\":\"https:\\\/\\\/lospoliticosveracruz.com\\\/?p=86336\",\"name\":\"Dos Bocas bajo la lente de la ASF - Los pol\u00edticos Veracruz\",\"isPartOf\":{\"@id\":\"https:\\\/\\\/lospoliticosveracruz.com\\\/#website\"},\"datePublished\":\"2022-02-21T13:59:36+00:00\",\"dateModified\":\"2022-02-21T13:59:42+00:00\",\"breadcrumb\":{\"@id\":\"https:\\\/\\\/lospoliticosveracruz.com\\\/?p=86336#breadcrumb\"},\"inLanguage\":\"es\",\"potentialAction\":[{\"@type\":\"ReadAction\",\"target\":[\"https:\\\/\\\/lospoliticosveracruz.com\\\/?p=86336\"]}]},{\"@type\":\"BreadcrumbList\",\"@id\":\"https:\\\/\\\/lospoliticosveracruz.com\\\/?p=86336#breadcrumb\",\"itemListElement\":[{\"@type\":\"ListItem\",\"position\":1,\"name\":\"Portada\",\"item\":\"https:\\\/\\\/lospoliticosveracruz.com\\\/\"},{\"@type\":\"ListItem\",\"position\":2,\"name\":\"Dos Bocas bajo la lente de la ASF\"}]},{\"@type\":\"WebSite\",\"@id\":\"https:\\\/\\\/lospoliticosveracruz.com\\\/#website\",\"url\":\"https:\\\/\\\/lospoliticosveracruz.com\\\/\",\"name\":\"Los pol\u00edticos Veracruz\",\"description\":\"\",\"publisher\":{\"@id\":\"https:\\\/\\\/lospoliticosveracruz.com\\\/#organization\"},\"potentialAction\":[{\"@type\":\"SearchAction\",\"target\":{\"@type\":\"EntryPoint\",\"urlTemplate\":\"https:\\\/\\\/lospoliticosveracruz.com\\\/?s={search_term_string}\"},\"query-input\":{\"@type\":\"PropertyValueSpecification\",\"valueRequired\":true,\"valueName\":\"search_term_string\"}}],\"inLanguage\":\"es\"},{\"@type\":\"Organization\",\"@id\":\"https:\\\/\\\/lospoliticosveracruz.com\\\/#organization\",\"name\":\"Los pol\u00edticos Veracruz\",\"url\":\"https:\\\/\\\/lospoliticosveracruz.com\\\/\",\"logo\":{\"@type\":\"ImageObject\",\"inLanguage\":\"es\",\"@id\":\"https:\\\/\\\/lospoliticosveracruz.com\\\/#\\\/schema\\\/logo\\\/image\\\/\",\"url\":\"https:\\\/\\\/lospoliticosveracruz.com\\\/wp-content\\\/uploads\\\/2025\\\/12\\\/Logo-Nuevo-LOS-POLITICOS-1.jpg\",\"contentUrl\":\"https:\\\/\\\/lospoliticosveracruz.com\\\/wp-content\\\/uploads\\\/2025\\\/12\\\/Logo-Nuevo-LOS-POLITICOS-1.jpg\",\"width\":260,\"height\":70,\"caption\":\"Los pol\u00edticos Veracruz\"},\"image\":{\"@id\":\"https:\\\/\\\/lospoliticosveracruz.com\\\/#\\\/schema\\\/logo\\\/image\\\/\"},\"sameAs\":[\"https:\\\/\\\/www.facebook.com\\\/people\\\/Notimemes-de-los-Polticos\\\/61565672886568\\\/\",\"https:\\\/\\\/x.com\\\/LosPoliticosVer\"]},{\"@type\":\"Person\",\"@id\":\"https:\\\/\\\/lospoliticosveracruz.com\\\/#\\\/schema\\\/person\\\/b8702bb0e538456e6efd07080bf2a4a2\",\"name\":\"Lo viste en Los Pol\u00edticos\",\"image\":{\"@type\":\"ImageObject\",\"inLanguage\":\"es\",\"@id\":\"https:\\\/\\\/secure.gravatar.com\\\/avatar\\\/3a8de04a2656d44082be478bd6c086daa447c4651605818287b9532d3d0bd435?s=96&d=mm&r=g\",\"url\":\"https:\\\/\\\/secure.gravatar.com\\\/avatar\\\/3a8de04a2656d44082be478bd6c086daa447c4651605818287b9532d3d0bd435?s=96&d=mm&r=g\",\"contentUrl\":\"https:\\\/\\\/secure.gravatar.com\\\/avatar\\\/3a8de04a2656d44082be478bd6c086daa447c4651605818287b9532d3d0bd435?s=96&d=mm&r=g\",\"caption\":\"Lo viste en Los Pol\u00edticos\"},\"url\":\"https:\\\/\\\/lospoliticosveracruz.com\\\/?author=2\"}]}<\/script>\n<!-- \/ Yoast SEO plugin. -->","yoast_head_json":{"title":"Dos Bocas bajo la lente de la ASF - Los pol\u00edticos Veracruz","robots":{"index":"index","follow":"follow","max-snippet":"max-snippet:-1","max-image-preview":"max-image-preview:large","max-video-preview":"max-video-preview:-1"},"canonical":"https:\/\/lospoliticosveracruz.com\/?p=86336","og_locale":"es_ES","og_type":"article","og_title":"Dos Bocas bajo la lente de la ASF - Los pol\u00edticos Veracruz","og_description":"Omar Z\u00fa\u00f1igaDe Primera Mano Taj\u00edn Ayer domingo se soltaron los demonios en contra de un personaje que tiene reales posibilidades de convertirse en candidato en 2024 para la patria chica, tan obvio resulta de d\u00f3nde viene la pretendida campa\u00f1a de desprestigio que nuevamente resalta lo burda y mal hecha y por consiguiente la fuente: la [&hellip;]","og_url":"https:\/\/lospoliticosveracruz.com\/?p=86336","og_site_name":"Los pol\u00edticos Veracruz","article_publisher":"https:\/\/www.facebook.com\/people\/Notimemes-de-los-Polticos\/61565672886568\/","article_published_time":"2022-02-21T13:59:36+00:00","article_modified_time":"2022-02-21T13:59:42+00:00","og_image":[{"width":200,"height":200,"url":"https:\/\/lospoliticosveracruz.com\/wp-content\/uploads\/2016\/07\/Logo-Dor.jpg","type":"image\/jpeg"}],"author":"Lo viste en Los Pol\u00edticos","twitter_card":"summary_large_image","twitter_creator":"@LosPoliticosVer","twitter_site":"@LosPoliticosVer","twitter_misc":{"Escrito por":"Lo viste en Los Pol\u00edticos","Tiempo de lectura":"3 minutos"},"schema":{"@context":"https:\/\/schema.org","@graph":[{"@type":"Article","@id":"https:\/\/lospoliticosveracruz.com\/?p=86336#article","isPartOf":{"@id":"https:\/\/lospoliticosveracruz.com\/?p=86336"},"author":{"name":"Lo viste en Los Pol\u00edticos","@id":"https:\/\/lospoliticosveracruz.com\/#\/schema\/person\/b8702bb0e538456e6efd07080bf2a4a2"},"headline":"Dos Bocas bajo la lente de la ASF","datePublished":"2022-02-21T13:59:36+00:00","dateModified":"2022-02-21T13:59:42+00:00","mainEntityOfPage":{"@id":"https:\/\/lospoliticosveracruz.com\/?p=86336"},"wordCount":601,"publisher":{"@id":"https:\/\/lospoliticosveracruz.com\/#organization"},"keywords":["4T","cuenta p\u00fablica 2020","Omar Z\u00fa\u00f1iga","Refiner\u00eda de Dos Bocas","Roc\u00edo Nahle Garc\u00eda"],"articleSection":["De Opini\u00f3n"],"inLanguage":"es"},{"@type":"WebPage","@id":"https:\/\/lospoliticosveracruz.com\/?p=86336","url":"https:\/\/lospoliticosveracruz.com\/?p=86336","name":"Dos Bocas bajo la lente de la ASF - Los pol\u00edticos Veracruz","isPartOf":{"@id":"https:\/\/lospoliticosveracruz.com\/#website"},"datePublished":"2022-02-21T13:59:36+00:00","dateModified":"2022-02-21T13:59:42+00:00","breadcrumb":{"@id":"https:\/\/lospoliticosveracruz.com\/?p=86336#breadcrumb"},"inLanguage":"es","potentialAction":[{"@type":"ReadAction","target":["https:\/\/lospoliticosveracruz.com\/?p=86336"]}]},{"@type":"BreadcrumbList","@id":"https:\/\/lospoliticosveracruz.com\/?p=86336#breadcrumb","itemListElement":[{"@type":"ListItem","position":1,"name":"Portada","item":"https:\/\/lospoliticosveracruz.com\/"},{"@type":"ListItem","position":2,"name":"Dos Bocas bajo la lente de la ASF"}]},{"@type":"WebSite","@id":"https:\/\/lospoliticosveracruz.com\/#website","url":"https:\/\/lospoliticosveracruz.com\/","name":"Los pol\u00edticos Veracruz","description":"","publisher":{"@id":"https:\/\/lospoliticosveracruz.com\/#organization"},"potentialAction":[{"@type":"SearchAction","target":{"@type":"EntryPoint","urlTemplate":"https:\/\/lospoliticosveracruz.com\/?s={search_term_string}"},"query-input":{"@type":"PropertyValueSpecification","valueRequired":true,"valueName":"search_term_string"}}],"inLanguage":"es"},{"@type":"Organization","@id":"https:\/\/lospoliticosveracruz.com\/#organization","name":"Los pol\u00edticos Veracruz","url":"https:\/\/lospoliticosveracruz.com\/","logo":{"@type":"ImageObject","inLanguage":"es","@id":"https:\/\/lospoliticosveracruz.com\/#\/schema\/logo\/image\/","url":"https:\/\/lospoliticosveracruz.com\/wp-content\/uploads\/2025\/12\/Logo-Nuevo-LOS-POLITICOS-1.jpg","contentUrl":"https:\/\/lospoliticosveracruz.com\/wp-content\/uploads\/2025\/12\/Logo-Nuevo-LOS-POLITICOS-1.jpg","width":260,"height":70,"caption":"Los pol\u00edticos Veracruz"},"image":{"@id":"https:\/\/lospoliticosveracruz.com\/#\/schema\/logo\/image\/"},"sameAs":["https:\/\/www.facebook.com\/people\/Notimemes-de-los-Polticos\/61565672886568\/","https:\/\/x.com\/LosPoliticosVer"]},{"@type":"Person","@id":"https:\/\/lospoliticosveracruz.com\/#\/schema\/person\/b8702bb0e538456e6efd07080bf2a4a2","name":"Lo viste en Los Pol\u00edticos","image":{"@type":"ImageObject","inLanguage":"es","@id":"https:\/\/secure.gravatar.com\/avatar\/3a8de04a2656d44082be478bd6c086daa447c4651605818287b9532d3d0bd435?s=96&d=mm&r=g","url":"https:\/\/secure.gravatar.com\/avatar\/3a8de04a2656d44082be478bd6c086daa447c4651605818287b9532d3d0bd435?s=96&d=mm&r=g","contentUrl":"https:\/\/secure.gravatar.com\/avatar\/3a8de04a2656d44082be478bd6c086daa447c4651605818287b9532d3d0bd435?s=96&d=mm&r=g","caption":"Lo viste en Los Pol\u00edticos"},"url":"https:\/\/lospoliticosveracruz.com\/?author=2"}]}},"_links":{"self":[{"href":"https:\/\/lospoliticosveracruz.com\/index.php?rest_route=\/wp\/v2\/posts\/86336","targetHints":{"allow":["GET"]}}],"collection":[{"href":"https:\/\/lospoliticosveracruz.com\/index.php?rest_route=\/wp\/v2\/posts"}],"about":[{"href":"https:\/\/lospoliticosveracruz.com\/index.php?rest_route=\/wp\/v2\/types\/post"}],"author":[{"embeddable":true,"href":"https:\/\/lospoliticosveracruz.com\/index.php?rest_route=\/wp\/v2\/users\/2"}],"replies":[{"embeddable":true,"href":"https:\/\/lospoliticosveracruz.com\/index.php?rest_route=%2Fwp%2Fv2%2Fcomments&post=86336"}],"version-history":[{"count":1,"href":"https:\/\/lospoliticosveracruz.com\/index.php?rest_route=\/wp\/v2\/posts\/86336\/revisions"}],"predecessor-version":[{"id":86338,"href":"https:\/\/lospoliticosveracruz.com\/index.php?rest_route=\/wp\/v2\/posts\/86336\/revisions\/86338"}],"wp:attachment":[{"href":"https:\/\/lospoliticosveracruz.com\/index.php?rest_route=%2Fwp%2Fv2%2Fmedia&parent=86336"}],"wp:term":[{"taxonomy":"category","embeddable":true,"href":"https:\/\/lospoliticosveracruz.com\/index.php?rest_route=%2Fwp%2Fv2%2Fcategories&post=86336"},{"taxonomy":"post_tag","embeddable":true,"href":"https:\/\/lospoliticosveracruz.com\/index.php?rest_route=%2Fwp%2Fv2%2Ftags&post=86336"}],"curies":[{"name":"wp","href":"https:\/\/api.w.org\/{rel}","templated":true}]}}