{"id":86425,"date":"2022-02-22T17:23:25","date_gmt":"2022-02-22T23:23:25","guid":{"rendered":"https:\/\/lospoliticosveracruz.com.mx\/?p=86425"},"modified":"2022-02-22T17:23:32","modified_gmt":"2022-02-22T23:23:32","slug":"nada-del-otro-mundo","status":"publish","type":"post","link":"https:\/\/lospoliticosveracruz.com\/?p=86425","title":{"rendered":"Nada del otro mundo"},"content":{"rendered":"\n<p><\/p>\n\n\n\n<p><strong>Jorge Arturo Rodr\u00edguez<br><\/strong><\/p>\n\n\n\n<p><em>Tierra de Babel<br><\/em><\/p>\n\n\n\n<p>\u201cEs el fin del mundo todos los d\u00edas, para alguien.\u201d (Margaret Atwood).<\/p>\n\n\n\n<p><\/p>\n\n\n\n<p>En entrevista, Fidel Castro, sarc\u00e1stico y ocurrente, expres\u00f3 que sab\u00eda que se iba a morir, pero lo que no sab\u00eda era la fecha, lo cual, desde luego, es una obviedad que resalto ahora porque sabemos que vamos a morir, pero seguimos viviendo o sobreviviendo como si nada, ah\u00ed la llevamos. Y hete aqu\u00ed que percibimos, presentimos que algo anda mal. Nos da miedo y nos inmovilizamos; ni siquiera, para empezar, nos esforzamos por hacer conciencia. Al carajo, alg\u00fan d\u00eda vamos a morir, por la causa que sea, \u00bfo no? No importa que nos lleguen las noticias, aterradoras, como de ficci\u00f3n, como de pel\u00edcula\u2026 El agua a\u00fan no nos llega al cuello. \u00bfSer\u00e1?<br>Leo algunas notas, y cito a prop\u00f3sito, para que no digan que uno es el pesimista y apocal\u00edptico: \u201cEl grupo de bi\u00f3logos de la Universidad de Haw\u00e1i y el Museo Nacional de Historia Natural de Par\u00eds, advierte que estamos en los primeros momentos de otro evento de aniquilaci\u00f3n, similar al que marc\u00f3 el fin de los dinosaurios hace 65 millones de a\u00f1os. Sin embargo, precisaron que la extinci\u00f3n actual no es un fen\u00f3meno nuevo ya que ha estado ocurriendo desde el a\u00f1o 1500.<br>\u201cSeg\u00fan un informe del Mus\u00e9um National d&#8217;Histoire Naturelle (Par\u00eds), la Sexta Extinci\u00f3n Masiva (+75% de las especies extinguidas) est\u00e1 en marcha, esta vez causada completamente por actividad humana.\u201d (<strong><em><a href=\"http:\/\/sinembargo.mx\">sinembargo.mx<\/a><\/em><\/strong>, 21\/02\/22). Claro, esto nos lleva a la extinci\u00f3n de la humanidad.<br>Otra noticia: \u201cLos datos son desgarradores: en apenas siete d\u00e9cadas, el ser humano ha contaminado los ecosistemas acu\u00e1ticos con m\u00e1s de 140 millones de toneladas de pl\u00e1stico. En estos momentos, alrededor de 109 millones de toneladas de estos desechos se acumulan en los r\u00edos y lagos del mundo; otros 30 millones contaminan los oc\u00e9anos; y unos 1,4 millones est\u00e1n en tr\u00e1nsito desde los r\u00edos a los mares. Este es el balance de da\u00f1os que recoge un informe monogr\u00e1fico sobre esta poluci\u00f3n de la OCDE (Organizaci\u00f3n para la Cooperaci\u00f3n y el Desarrollo Econ\u00f3micos). El estudio, que se publica este martes, pone el foco en un problema que se est\u00e1 tratando en la asamblea de la ONU sobre el medio ambiente, que se celebra en Nairobi, Kenia, durante esta semana y la siguiente. Los representantes de 193 pa\u00edses est\u00e1n negociando en esta cita la forma de impulsar el primer tratado global para luchar contra la contaminaci\u00f3n por pl\u00e1stico.\u201d (<strong><em><a href=\"http:\/\/elpais.com\">elpais.com<\/a><\/em><\/strong>, 22\/02\/22).<br>Otra m\u00e1s: \u201cUn informe de la ONU revel\u00f3 que la contaminaci\u00f3n resulta ser m\u00e1s devastadora que la Covid-19, al causar nueve millones de muertes al a\u00f1o, lo que supone el doble de fallecimientos que el SARS-CoV-2 y advierte que la toxificaci\u00f3n de la Tierra se intensifica y concluye que \u201cel envenenamiento contin\u00faa\u201d.<br>\u201cAs\u00ed lo asegur\u00f3 el relator especial sobre la cuesti\u00f3n de las obligaciones de Derechos Humanos relacionadas con el disfrute de un medio ambiente sin riesgos, limpio, saludable y sostenible, David Boyd, quien alert\u00f3 que la contaminaci\u00f3n atmosf\u00e9rica es el mayor contribuyente ambiental a las muertes prematuras, al causar unos siete millones de ellas cada a\u00f1o.<br>\u201cAdem\u00e1s, se\u00f1al\u00f3 que una de cada seis muertes en el mundo est\u00e1 relacionada con enfermedades causadas por la contaminaci\u00f3n, una cifra que triplica la suma de las muertes por sida, malaria y tuberculosis y multiplica por 15 las muertes ocasionadas por las guerras, los asesinatos y otras formas de violencia.\u201d (<strong><em><a href=\"http:\/\/aristeguinoticias.com\">aristeguinoticias.com<\/a><\/em><\/strong>, 17\/02\/22).<br>Da terror. Nada del otro mundo, \u00bfverdad? De pil\u00f3n, ah\u00ed est\u00e1 la guerra amenazante, y nosotros pele\u00e1ndonos aqu\u00ed en M\u00e9xico. \u00bfPero qu\u00e9 necesidad? La necesidad de aniquilarnos. Isaac Asimov dijo que s\u00f3lo hay una guerra que puede permitirse el ser humano: la guerra contra su extinci\u00f3n. \u00bfA poco?<br>Ah\u00ed se las dejo de tarea.<\/p>\n\n\n\n<p><strong>Los d\u00edas y los temas<\/strong><\/p>\n\n\n\n<p>Dicen que la uni\u00f3n hace la fuerza, pero tambi\u00e9n: divide y vencer\u00e1s. En todo caso, la actriz Nailea Norvind, una de las protagonistas de la pel\u00edcula Manto de gemas, expres\u00f3: \u201cMe parece que existe una necesidad de uni\u00f3n humanitaria que estamos pidiendo a gritos porque parece que cada d\u00eda nos separamos m\u00e1s\u201d. Ah\u00ed est\u00e1 el detalle, chato.<br>Lo dijo La Fontaine: \u201cCualquier poder, si no se basa en la uni\u00f3n, es d\u00e9bil\u201d. \u00bfLes recuerda algo? Y Abraham Lincoln se\u00f1al\u00f3 que el lazo m\u00e1s fuerte de simpat\u00eda humana deber\u00eda ser unir a las personas de todas las naciones y todas las lenguas. \u00a1Qu\u00e9 tristeza! Somos testarudos. Me quedo con Oscar Wilde: \u201cEs absurdo dividir a la gente en buena y mala. La gente es tan s\u00f3lo encantadora o aburrida.\u201d<br>Ah\u00ed se ven.<\/p>\n","protected":false},"excerpt":{"rendered":"<p>Jorge Arturo Rodr\u00edguez Tierra de Babel \u201cEs el fin del mundo todos los d\u00edas, para alguien.\u201d (Margaret Atwood). En entrevista, Fidel Castro, sarc\u00e1stico y ocurrente, expres\u00f3 que sab\u00eda que se iba a morir, pero lo que no sab\u00eda era la fecha, lo cual, desde luego, es una obviedad que resalto ahora porque sabemos que vamos [&hellip;]<\/p>\n","protected":false},"author":2,"featured_media":0,"comment_status":"closed","ping_status":"closed","sticky":false,"template":"","format":"standard","meta":{"tdm_status":"","tdm_grid_status":"","footnotes":""},"categories":[70],"tags":[26577,2677,32292],"class_list":{"0":"post-86425","1":"post","2":"type-post","3":"status-publish","4":"format-standard","6":"category-de-opinion","7":"tag-covid-19-2","8":"tag-jorge-arturo-rodriguez","9":"tag-nailea-norvind"},"yoast_head":"<!-- This site is optimized with the Yoast SEO plugin v27.4 - https:\/\/yoast.com\/product\/yoast-seo-wordpress\/ -->\n<title>Nada del otro mundo - Los pol\u00edticos Veracruz<\/title>\n<meta name=\"robots\" content=\"index, follow, max-snippet:-1, max-image-preview:large, max-video-preview:-1\" \/>\n<link rel=\"canonical\" href=\"https:\/\/lospoliticosveracruz.com\/?p=86425\" \/>\n<meta property=\"og:locale\" content=\"es_ES\" \/>\n<meta property=\"og:type\" content=\"article\" \/>\n<meta property=\"og:title\" content=\"Nada del otro mundo - Los pol\u00edticos Veracruz\" \/>\n<meta property=\"og:description\" content=\"Jorge Arturo Rodr\u00edguez Tierra de Babel \u201cEs el fin del mundo todos los d\u00edas, para alguien.\u201d (Margaret Atwood). En entrevista, Fidel Castro, sarc\u00e1stico y ocurrente, expres\u00f3 que sab\u00eda que se iba a morir, pero lo que no sab\u00eda era la fecha, lo cual, desde luego, es una obviedad que resalto ahora porque sabemos que vamos [&hellip;]\" \/>\n<meta property=\"og:url\" content=\"https:\/\/lospoliticosveracruz.com\/?p=86425\" \/>\n<meta property=\"og:site_name\" content=\"Los pol\u00edticos Veracruz\" \/>\n<meta property=\"article:publisher\" content=\"https:\/\/www.facebook.com\/people\/Notimemes-de-los-Polticos\/61565672886568\/\" \/>\n<meta property=\"article:published_time\" content=\"2022-02-22T23:23:25+00:00\" \/>\n<meta property=\"article:modified_time\" content=\"2022-02-22T23:23:32+00:00\" \/>\n<meta property=\"og:image\" content=\"https:\/\/lospoliticosveracruz.com\/wp-content\/uploads\/2016\/07\/Logo-Dor.jpg\" \/>\n\t<meta property=\"og:image:width\" content=\"200\" \/>\n\t<meta property=\"og:image:height\" content=\"200\" \/>\n\t<meta property=\"og:image:type\" content=\"image\/jpeg\" \/>\n<meta name=\"author\" content=\"Lo viste en Los Pol\u00edticos\" \/>\n<meta name=\"twitter:card\" content=\"summary_large_image\" \/>\n<meta name=\"twitter:creator\" content=\"@LosPoliticosVer\" \/>\n<meta name=\"twitter:site\" content=\"@LosPoliticosVer\" \/>\n<meta name=\"twitter:label1\" content=\"Escrito por\" \/>\n\t<meta name=\"twitter:data1\" content=\"Lo viste en Los Pol\u00edticos\" \/>\n\t<meta name=\"twitter:label2\" content=\"Tiempo de lectura\" \/>\n\t<meta name=\"twitter:data2\" content=\"4 minutos\" \/>\n<script type=\"application\/ld+json\" class=\"yoast-schema-graph\">{\"@context\":\"https:\\\/\\\/schema.org\",\"@graph\":[{\"@type\":\"Article\",\"@id\":\"https:\\\/\\\/lospoliticosveracruz.com\\\/?p=86425#article\",\"isPartOf\":{\"@id\":\"https:\\\/\\\/lospoliticosveracruz.com\\\/?p=86425\"},\"author\":{\"name\":\"Lo viste en Los Pol\u00edticos\",\"@id\":\"https:\\\/\\\/lospoliticosveracruz.com\\\/#\\\/schema\\\/person\\\/b8702bb0e538456e6efd07080bf2a4a2\"},\"headline\":\"Nada del otro mundo\",\"datePublished\":\"2022-02-22T23:23:25+00:00\",\"dateModified\":\"2022-02-22T23:23:32+00:00\",\"mainEntityOfPage\":{\"@id\":\"https:\\\/\\\/lospoliticosveracruz.com\\\/?p=86425\"},\"wordCount\":833,\"publisher\":{\"@id\":\"https:\\\/\\\/lospoliticosveracruz.com\\\/#organization\"},\"keywords\":[\"Covid-19\",\"Jorge Arturo Rodr\u00edguez\",\"Nailea Norvind\"],\"articleSection\":[\"De Opini\u00f3n\"],\"inLanguage\":\"es\"},{\"@type\":\"WebPage\",\"@id\":\"https:\\\/\\\/lospoliticosveracruz.com\\\/?p=86425\",\"url\":\"https:\\\/\\\/lospoliticosveracruz.com\\\/?p=86425\",\"name\":\"Nada del otro mundo - Los pol\u00edticos Veracruz\",\"isPartOf\":{\"@id\":\"https:\\\/\\\/lospoliticosveracruz.com\\\/#website\"},\"datePublished\":\"2022-02-22T23:23:25+00:00\",\"dateModified\":\"2022-02-22T23:23:32+00:00\",\"breadcrumb\":{\"@id\":\"https:\\\/\\\/lospoliticosveracruz.com\\\/?p=86425#breadcrumb\"},\"inLanguage\":\"es\",\"potentialAction\":[{\"@type\":\"ReadAction\",\"target\":[\"https:\\\/\\\/lospoliticosveracruz.com\\\/?p=86425\"]}]},{\"@type\":\"BreadcrumbList\",\"@id\":\"https:\\\/\\\/lospoliticosveracruz.com\\\/?p=86425#breadcrumb\",\"itemListElement\":[{\"@type\":\"ListItem\",\"position\":1,\"name\":\"Portada\",\"item\":\"https:\\\/\\\/lospoliticosveracruz.com\\\/\"},{\"@type\":\"ListItem\",\"position\":2,\"name\":\"Nada del otro mundo\"}]},{\"@type\":\"WebSite\",\"@id\":\"https:\\\/\\\/lospoliticosveracruz.com\\\/#website\",\"url\":\"https:\\\/\\\/lospoliticosveracruz.com\\\/\",\"name\":\"Los pol\u00edticos Veracruz\",\"description\":\"\",\"publisher\":{\"@id\":\"https:\\\/\\\/lospoliticosveracruz.com\\\/#organization\"},\"potentialAction\":[{\"@type\":\"SearchAction\",\"target\":{\"@type\":\"EntryPoint\",\"urlTemplate\":\"https:\\\/\\\/lospoliticosveracruz.com\\\/?s={search_term_string}\"},\"query-input\":{\"@type\":\"PropertyValueSpecification\",\"valueRequired\":true,\"valueName\":\"search_term_string\"}}],\"inLanguage\":\"es\"},{\"@type\":\"Organization\",\"@id\":\"https:\\\/\\\/lospoliticosveracruz.com\\\/#organization\",\"name\":\"Los pol\u00edticos Veracruz\",\"url\":\"https:\\\/\\\/lospoliticosveracruz.com\\\/\",\"logo\":{\"@type\":\"ImageObject\",\"inLanguage\":\"es\",\"@id\":\"https:\\\/\\\/lospoliticosveracruz.com\\\/#\\\/schema\\\/logo\\\/image\\\/\",\"url\":\"https:\\\/\\\/lospoliticosveracruz.com\\\/wp-content\\\/uploads\\\/2025\\\/12\\\/Logo-Nuevo-LOS-POLITICOS-1.jpg\",\"contentUrl\":\"https:\\\/\\\/lospoliticosveracruz.com\\\/wp-content\\\/uploads\\\/2025\\\/12\\\/Logo-Nuevo-LOS-POLITICOS-1.jpg\",\"width\":260,\"height\":70,\"caption\":\"Los pol\u00edticos Veracruz\"},\"image\":{\"@id\":\"https:\\\/\\\/lospoliticosveracruz.com\\\/#\\\/schema\\\/logo\\\/image\\\/\"},\"sameAs\":[\"https:\\\/\\\/www.facebook.com\\\/people\\\/Notimemes-de-los-Polticos\\\/61565672886568\\\/\",\"https:\\\/\\\/x.com\\\/LosPoliticosVer\"]},{\"@type\":\"Person\",\"@id\":\"https:\\\/\\\/lospoliticosveracruz.com\\\/#\\\/schema\\\/person\\\/b8702bb0e538456e6efd07080bf2a4a2\",\"name\":\"Lo viste en Los Pol\u00edticos\",\"image\":{\"@type\":\"ImageObject\",\"inLanguage\":\"es\",\"@id\":\"https:\\\/\\\/secure.gravatar.com\\\/avatar\\\/3a8de04a2656d44082be478bd6c086daa447c4651605818287b9532d3d0bd435?s=96&d=mm&r=g\",\"url\":\"https:\\\/\\\/secure.gravatar.com\\\/avatar\\\/3a8de04a2656d44082be478bd6c086daa447c4651605818287b9532d3d0bd435?s=96&d=mm&r=g\",\"contentUrl\":\"https:\\\/\\\/secure.gravatar.com\\\/avatar\\\/3a8de04a2656d44082be478bd6c086daa447c4651605818287b9532d3d0bd435?s=96&d=mm&r=g\",\"caption\":\"Lo viste en Los Pol\u00edticos\"},\"url\":\"https:\\\/\\\/lospoliticosveracruz.com\\\/?author=2\"}]}<\/script>\n<!-- \/ Yoast SEO plugin. -->","yoast_head_json":{"title":"Nada del otro mundo - Los pol\u00edticos Veracruz","robots":{"index":"index","follow":"follow","max-snippet":"max-snippet:-1","max-image-preview":"max-image-preview:large","max-video-preview":"max-video-preview:-1"},"canonical":"https:\/\/lospoliticosveracruz.com\/?p=86425","og_locale":"es_ES","og_type":"article","og_title":"Nada del otro mundo - Los pol\u00edticos Veracruz","og_description":"Jorge Arturo Rodr\u00edguez Tierra de Babel \u201cEs el fin del mundo todos los d\u00edas, para alguien.\u201d (Margaret Atwood). En entrevista, Fidel Castro, sarc\u00e1stico y ocurrente, expres\u00f3 que sab\u00eda que se iba a morir, pero lo que no sab\u00eda era la fecha, lo cual, desde luego, es una obviedad que resalto ahora porque sabemos que vamos [&hellip;]","og_url":"https:\/\/lospoliticosveracruz.com\/?p=86425","og_site_name":"Los pol\u00edticos Veracruz","article_publisher":"https:\/\/www.facebook.com\/people\/Notimemes-de-los-Polticos\/61565672886568\/","article_published_time":"2022-02-22T23:23:25+00:00","article_modified_time":"2022-02-22T23:23:32+00:00","og_image":[{"width":200,"height":200,"url":"https:\/\/lospoliticosveracruz.com\/wp-content\/uploads\/2016\/07\/Logo-Dor.jpg","type":"image\/jpeg"}],"author":"Lo viste en Los Pol\u00edticos","twitter_card":"summary_large_image","twitter_creator":"@LosPoliticosVer","twitter_site":"@LosPoliticosVer","twitter_misc":{"Escrito por":"Lo viste en Los Pol\u00edticos","Tiempo de lectura":"4 minutos"},"schema":{"@context":"https:\/\/schema.org","@graph":[{"@type":"Article","@id":"https:\/\/lospoliticosveracruz.com\/?p=86425#article","isPartOf":{"@id":"https:\/\/lospoliticosveracruz.com\/?p=86425"},"author":{"name":"Lo viste en Los Pol\u00edticos","@id":"https:\/\/lospoliticosveracruz.com\/#\/schema\/person\/b8702bb0e538456e6efd07080bf2a4a2"},"headline":"Nada del otro mundo","datePublished":"2022-02-22T23:23:25+00:00","dateModified":"2022-02-22T23:23:32+00:00","mainEntityOfPage":{"@id":"https:\/\/lospoliticosveracruz.com\/?p=86425"},"wordCount":833,"publisher":{"@id":"https:\/\/lospoliticosveracruz.com\/#organization"},"keywords":["Covid-19","Jorge Arturo Rodr\u00edguez","Nailea Norvind"],"articleSection":["De Opini\u00f3n"],"inLanguage":"es"},{"@type":"WebPage","@id":"https:\/\/lospoliticosveracruz.com\/?p=86425","url":"https:\/\/lospoliticosveracruz.com\/?p=86425","name":"Nada del otro mundo - Los pol\u00edticos Veracruz","isPartOf":{"@id":"https:\/\/lospoliticosveracruz.com\/#website"},"datePublished":"2022-02-22T23:23:25+00:00","dateModified":"2022-02-22T23:23:32+00:00","breadcrumb":{"@id":"https:\/\/lospoliticosveracruz.com\/?p=86425#breadcrumb"},"inLanguage":"es","potentialAction":[{"@type":"ReadAction","target":["https:\/\/lospoliticosveracruz.com\/?p=86425"]}]},{"@type":"BreadcrumbList","@id":"https:\/\/lospoliticosveracruz.com\/?p=86425#breadcrumb","itemListElement":[{"@type":"ListItem","position":1,"name":"Portada","item":"https:\/\/lospoliticosveracruz.com\/"},{"@type":"ListItem","position":2,"name":"Nada del otro mundo"}]},{"@type":"WebSite","@id":"https:\/\/lospoliticosveracruz.com\/#website","url":"https:\/\/lospoliticosveracruz.com\/","name":"Los pol\u00edticos Veracruz","description":"","publisher":{"@id":"https:\/\/lospoliticosveracruz.com\/#organization"},"potentialAction":[{"@type":"SearchAction","target":{"@type":"EntryPoint","urlTemplate":"https:\/\/lospoliticosveracruz.com\/?s={search_term_string}"},"query-input":{"@type":"PropertyValueSpecification","valueRequired":true,"valueName":"search_term_string"}}],"inLanguage":"es"},{"@type":"Organization","@id":"https:\/\/lospoliticosveracruz.com\/#organization","name":"Los pol\u00edticos Veracruz","url":"https:\/\/lospoliticosveracruz.com\/","logo":{"@type":"ImageObject","inLanguage":"es","@id":"https:\/\/lospoliticosveracruz.com\/#\/schema\/logo\/image\/","url":"https:\/\/lospoliticosveracruz.com\/wp-content\/uploads\/2025\/12\/Logo-Nuevo-LOS-POLITICOS-1.jpg","contentUrl":"https:\/\/lospoliticosveracruz.com\/wp-content\/uploads\/2025\/12\/Logo-Nuevo-LOS-POLITICOS-1.jpg","width":260,"height":70,"caption":"Los pol\u00edticos Veracruz"},"image":{"@id":"https:\/\/lospoliticosveracruz.com\/#\/schema\/logo\/image\/"},"sameAs":["https:\/\/www.facebook.com\/people\/Notimemes-de-los-Polticos\/61565672886568\/","https:\/\/x.com\/LosPoliticosVer"]},{"@type":"Person","@id":"https:\/\/lospoliticosveracruz.com\/#\/schema\/person\/b8702bb0e538456e6efd07080bf2a4a2","name":"Lo viste en Los Pol\u00edticos","image":{"@type":"ImageObject","inLanguage":"es","@id":"https:\/\/secure.gravatar.com\/avatar\/3a8de04a2656d44082be478bd6c086daa447c4651605818287b9532d3d0bd435?s=96&d=mm&r=g","url":"https:\/\/secure.gravatar.com\/avatar\/3a8de04a2656d44082be478bd6c086daa447c4651605818287b9532d3d0bd435?s=96&d=mm&r=g","contentUrl":"https:\/\/secure.gravatar.com\/avatar\/3a8de04a2656d44082be478bd6c086daa447c4651605818287b9532d3d0bd435?s=96&d=mm&r=g","caption":"Lo viste en Los Pol\u00edticos"},"url":"https:\/\/lospoliticosveracruz.com\/?author=2"}]}},"_links":{"self":[{"href":"https:\/\/lospoliticosveracruz.com\/index.php?rest_route=\/wp\/v2\/posts\/86425","targetHints":{"allow":["GET"]}}],"collection":[{"href":"https:\/\/lospoliticosveracruz.com\/index.php?rest_route=\/wp\/v2\/posts"}],"about":[{"href":"https:\/\/lospoliticosveracruz.com\/index.php?rest_route=\/wp\/v2\/types\/post"}],"author":[{"embeddable":true,"href":"https:\/\/lospoliticosveracruz.com\/index.php?rest_route=\/wp\/v2\/users\/2"}],"replies":[{"embeddable":true,"href":"https:\/\/lospoliticosveracruz.com\/index.php?rest_route=%2Fwp%2Fv2%2Fcomments&post=86425"}],"version-history":[{"count":1,"href":"https:\/\/lospoliticosveracruz.com\/index.php?rest_route=\/wp\/v2\/posts\/86425\/revisions"}],"predecessor-version":[{"id":86427,"href":"https:\/\/lospoliticosveracruz.com\/index.php?rest_route=\/wp\/v2\/posts\/86425\/revisions\/86427"}],"wp:attachment":[{"href":"https:\/\/lospoliticosveracruz.com\/index.php?rest_route=%2Fwp%2Fv2%2Fmedia&parent=86425"}],"wp:term":[{"taxonomy":"category","embeddable":true,"href":"https:\/\/lospoliticosveracruz.com\/index.php?rest_route=%2Fwp%2Fv2%2Fcategories&post=86425"},{"taxonomy":"post_tag","embeddable":true,"href":"https:\/\/lospoliticosveracruz.com\/index.php?rest_route=%2Fwp%2Fv2%2Ftags&post=86425"}],"curies":[{"name":"wp","href":"https:\/\/api.w.org\/{rel}","templated":true}]}}