{"id":86702,"date":"2022-03-02T04:03:00","date_gmt":"2022-03-02T10:03:00","guid":{"rendered":"https:\/\/lospoliticosveracruz.com.mx\/?p=86702"},"modified":"2022-03-01T19:08:57","modified_gmt":"2022-03-02T01:08:57","slug":"ciudadania-2","status":"publish","type":"post","link":"https:\/\/lospoliticosveracruz.com\/?p=86702","title":{"rendered":"Ciudadan\u00eda"},"content":{"rendered":"\n<p><strong>Guadalupe H. Mar<br><\/strong><em>Mira Pol\u00edtica<\/em><\/p>\n\n\n\n<p><strong>EN APOYO DE LOS DEM\u00c1S\u2026<\/strong> Decenas de \u00abrunnners\u00bb o corredores veracruzanos, se han unido en una causa com\u00fan, llevar a cabo una carrera con causa, a campo traviesa, que han denominado \u00abDe la mano por la Ataxia\u00bb, con la cual recaudar\u00e1n recursos econ\u00f3micos que destinar\u00e1n para apoyar a las 19 ni\u00f1os de la localidad de Tuzamapan, perteneciente al municipio de Coatepec, ya conurbado con el de Xalapa, capital del estado de Veracruz, que padecen este trastorno motor que se caracteriza por la falta de coordinaci\u00f3n en los movimientos voluntarios y afecta las extremidades, por ende el caminar y el hablar.<\/p>\n\n\n\n<div class=\"wp-block-image\"><figure class=\"alignleft size-full is-resized\"><a href=\"https:\/\/lospoliticosveracruz.com.mx\/wp-content\/uploads\/2021\/10\/Zacauilt.jpg\"><img loading=\"lazy\" decoding=\"async\" src=\"https:\/\/lospoliticosveracruz.com.mx\/wp-content\/uploads\/2021\/10\/Zacauilt.jpg\" alt=\"\" class=\"wp-image-80558\" width=\"250\" height=\"500\"\/><\/a><\/figure><\/div>\n\n\n\n<p><br>De estas 19 personas de la comunidad coatepecana de Tuzamapan, gran parte son ni\u00f1os que pr\u00e1cticamente viven postrados y sin atenci\u00f3n m\u00e9dica por los escasos recursos de sus familiares.<br>El costo de la inscripci\u00f3n para esta carrera a campo traviesa que se llevar\u00e1 a cabo el domingo tres de abril, en Tuzamapan, ser\u00e1 de 100 pesos por participante y como dec\u00edamos, lo recaudado se repartir\u00e1 entre las familias de los 19 ni\u00f1os que padecen Ataxia, para apoyarlos en los tratamientos m\u00e9dicos de los menores afectados.<br><strong>FUERZA CIUDADANA \u2026<\/strong> Ya que hablamos de la participaci\u00f3n ciudadana en apoyo de los dem\u00e1s, este s\u00e1bado cinco de marzo, el Grupo de Caridad de la iglesia \u00abInmaculada Concepci\u00f3n\u00bb, de la colonia Petrolera, del municipio de Boca del R\u00edo, Veracruz, cerca de Plaza Am\u00e9ricas, realizar\u00e1 un Bingo para recaudar fondos que les permitan darle mantenimiento a la cocina y a un refrigerador que les donaron, los cuales utilizan para dar cursos gratuitos de reposter\u00eda a \u00b4personas de escasos recursos.<br>Este grupo de caridad realiza entre otras actividades, la recolecci\u00f3n de cabello para elaborar pelucas oncol\u00f3gicas destinadas a personas con c\u00e1ncer.<br>La campa\u00f1a que ellos realizan se denomina \u00abDona tu cabello por una sonrisa\u00bb, con la cual han apoyado a muchas personas que han perdido su cabello a causa de los tratamientos contra el c\u00e1ncer.<br>En sus promocionales para el Bingo que organizan, el Grupo de Caridad de la iglesia \u00abInmaculada Concepci\u00f3n\u00bb, de la colonia Petrolera, dicen estar conscientes de que la pandemia del Coronavirus ha dejado a muchas personas en muy mala situaci\u00f3n econ\u00f3mica, por lo que ofrecen cursos gratuitos con los cuales puedan hacerse de ingresos.<br>No cabe duda amables lectores que ante la ausencia y omisiones de esa entelequia llamada Estado, la ciudadan\u00eda se empodera.<br><strong>AAAAAALELUYA \u2026<\/strong> Dicen que no hay mal que por bien no venga y eso amables lectores, viene como anillo al dedo, pues luego de que la Suprema Corte de Justicia de la Naci\u00f3n declar\u00f3 como inconstitucional el delito de Ultrajes a la Autoridad en el estado de Veracruz, horas despu\u00e9s de que se diera el anuncio oficial de la determinaci\u00f3n de la SCJN, el gobernador del estado de Veracruz, el ingeniero Cuitl\u00e1huac Garc\u00eda Jim\u00e9nez anunci\u00f3 en rueda de prensa \u00abvamos a ponernos a trabajar con los equipos jur\u00eddicos\u00bb.<br>Tama\u00f1a determinaci\u00f3n del titular del Poder Ejecutivo en el estado de Veracruz la origin\u00f3 la necesidad, que no la necedad seg\u00fan se dijo, de elaborar una iniciativa para enviarla al Congreso del Estado, con la cual suplir el desaparecido delito de Ultrajes a la Autoridad.<br>Seguramente los bien pagados asesores jur\u00eddicos del gobierno del estado de Veracruz ya respondieron al llamado del jefe de \u00abponernos a trabajar\u00bb, pues el mismo mandatario estatal anunci\u00f3 que esta misma semana se habr\u00e1 elaborado la iniciativa para garantizar la protecci\u00f3n a los polic\u00edas veracruzanos.<br>Esperemos que ahora si, a diferencia de 2003, cuando los entonces legisladores aprobaron el Art\u00edculo 331 del C\u00f3digo Penal para el Estado de Veracruz y con ello el llamado delito de \u00abultrajes a la autoridad\u00bb, los de la LXVI Legislatura veracruzana se apliquen y al menos lean la iniciativa del jefe, perd\u00f3n, del titular del Poder Ejecutivo en el estado de Veracruz, para no incurrir nuevamente en problemas de<br>Taxatividad, consistente, seg\u00fan la Suprema Corte de Justicia de la Naci\u00f3n, en que los textos legales que contienen las normas penales \u00fanicamente deben describir con suficiente precisi\u00f3n qu\u00e9 conductas est\u00e1n prohibidas y qu\u00e9 sanciones se impondr\u00e1n a quienes incurran en ellas.<br>Obvio, para que este asunto quede listo y a la brevedad, no tendr\u00e1n que d\u00e1rselo a leer al presidente de la Junta de Coordinaci\u00f3n Pol\u00edtica de la LXVI Legislatura Veracruzana, Juan Javier G\u00f3mez Cazar\u00edn, pues sus sesudas observaciones podr\u00edan retrasar el proceso.<br>D\u00cdGALO SIN MIEDO \u2026Al correo electr\u00f3nico guadalupehmar@yahoo.com<\/p>\n","protected":false},"excerpt":{"rendered":"<p>Guadalupe H. MarMira Pol\u00edtica EN APOYO DE LOS DEM\u00c1S\u2026 Decenas de \u00abrunnners\u00bb o corredores veracruzanos, se han unido en una causa com\u00fan, llevar a cabo una carrera con causa, a campo traviesa, que han denominado \u00abDe la mano por la Ataxia\u00bb, con la cual recaudar\u00e1n recursos econ\u00f3micos que destinar\u00e1n para apoyar a las 19 ni\u00f1os [&hellip;]<\/p>\n","protected":false},"author":2,"featured_media":0,"comment_status":"closed","ping_status":"closed","sticky":false,"template":"","format":"standard","meta":{"tdm_status":"","tdm_grid_status":"","footnotes":""},"categories":[70],"tags":[277,1563,32352,1606,12695,1026,13166,195,96],"class_list":{"0":"post-86702","1":"post","2":"type-post","3":"status-publish","4":"format-standard","6":"category-de-opinion","7":"tag-coatepec","8":"tag-cuitlahuac-garcia-jimenez","9":"tag-de-la-mano-por-la-ataxia","10":"tag-guadalupe-h-mar","11":"tag-juan-javier-gomez-cazarin","12":"tag-morena","13":"tag-tuzamapan","14":"tag-veracruz","15":"tag-xalapa"},"yoast_head":"<!-- This site is optimized with the Yoast SEO plugin v27.4 - https:\/\/yoast.com\/product\/yoast-seo-wordpress\/ -->\n<title>Ciudadan\u00eda - Los pol\u00edticos Veracruz<\/title>\n<meta name=\"robots\" content=\"index, follow, max-snippet:-1, max-image-preview:large, max-video-preview:-1\" \/>\n<link rel=\"canonical\" href=\"https:\/\/lospoliticosveracruz.com\/?p=86702\" \/>\n<meta property=\"og:locale\" content=\"es_ES\" \/>\n<meta property=\"og:type\" content=\"article\" \/>\n<meta property=\"og:title\" content=\"Ciudadan\u00eda - Los pol\u00edticos Veracruz\" \/>\n<meta property=\"og:description\" content=\"Guadalupe H. MarMira Pol\u00edtica EN APOYO DE LOS DEM\u00c1S\u2026 Decenas de \u00abrunnners\u00bb o corredores veracruzanos, se han unido en una causa com\u00fan, llevar a cabo una carrera con causa, a campo traviesa, que han denominado \u00abDe la mano por la Ataxia\u00bb, con la cual recaudar\u00e1n recursos econ\u00f3micos que destinar\u00e1n para apoyar a las 19 ni\u00f1os [&hellip;]\" \/>\n<meta property=\"og:url\" content=\"https:\/\/lospoliticosveracruz.com\/?p=86702\" \/>\n<meta property=\"og:site_name\" content=\"Los pol\u00edticos Veracruz\" \/>\n<meta property=\"article:publisher\" content=\"https:\/\/www.facebook.com\/people\/Notimemes-de-los-Polticos\/61565672886568\/\" \/>\n<meta property=\"article:published_time\" content=\"2022-03-02T10:03:00+00:00\" \/>\n<meta property=\"og:image\" content=\"https:\/\/lospoliticosveracruz.com.mx\/wp-content\/uploads\/2021\/10\/Zacauilt.jpg\" \/>\n<meta name=\"author\" content=\"Lo viste en Los Pol\u00edticos\" \/>\n<meta name=\"twitter:card\" content=\"summary_large_image\" \/>\n<meta name=\"twitter:creator\" content=\"@LosPoliticosVer\" \/>\n<meta name=\"twitter:site\" content=\"@LosPoliticosVer\" \/>\n<meta name=\"twitter:label1\" content=\"Escrito por\" \/>\n\t<meta name=\"twitter:data1\" content=\"Lo viste en Los Pol\u00edticos\" \/>\n\t<meta name=\"twitter:label2\" content=\"Tiempo de lectura\" \/>\n\t<meta name=\"twitter:data2\" content=\"4 minutos\" \/>\n<script type=\"application\/ld+json\" class=\"yoast-schema-graph\">{\"@context\":\"https:\\\/\\\/schema.org\",\"@graph\":[{\"@type\":\"Article\",\"@id\":\"https:\\\/\\\/lospoliticosveracruz.com\\\/?p=86702#article\",\"isPartOf\":{\"@id\":\"https:\\\/\\\/lospoliticosveracruz.com\\\/?p=86702\"},\"author\":{\"name\":\"Lo viste en Los Pol\u00edticos\",\"@id\":\"https:\\\/\\\/lospoliticosveracruz.com\\\/#\\\/schema\\\/person\\\/b8702bb0e538456e6efd07080bf2a4a2\"},\"headline\":\"Ciudadan\u00eda\",\"datePublished\":\"2022-03-02T10:03:00+00:00\",\"mainEntityOfPage\":{\"@id\":\"https:\\\/\\\/lospoliticosveracruz.com\\\/?p=86702\"},\"wordCount\":791,\"publisher\":{\"@id\":\"https:\\\/\\\/lospoliticosveracruz.com\\\/#organization\"},\"image\":{\"@id\":\"https:\\\/\\\/lospoliticosveracruz.com\\\/?p=86702#primaryimage\"},\"thumbnailUrl\":\"https:\\\/\\\/lospoliticosveracruz.com.mx\\\/wp-content\\\/uploads\\\/2021\\\/10\\\/Zacauilt.jpg\",\"keywords\":[\"Coatepec\",\"Cuitl\u00e1huac Garc\u00eda Jim\u00e9nez\",\"De la mano por la Ataxia\",\"Guadalupe H. Mar\",\"Juan Javier G\u00f3mez Cazar\u00edn\",\"Morena\",\"Tuzamapan\",\"Veracruz\",\"Xalapa\"],\"articleSection\":[\"De Opini\u00f3n\"],\"inLanguage\":\"es\"},{\"@type\":\"WebPage\",\"@id\":\"https:\\\/\\\/lospoliticosveracruz.com\\\/?p=86702\",\"url\":\"https:\\\/\\\/lospoliticosveracruz.com\\\/?p=86702\",\"name\":\"Ciudadan\u00eda - Los pol\u00edticos Veracruz\",\"isPartOf\":{\"@id\":\"https:\\\/\\\/lospoliticosveracruz.com\\\/#website\"},\"primaryImageOfPage\":{\"@id\":\"https:\\\/\\\/lospoliticosveracruz.com\\\/?p=86702#primaryimage\"},\"image\":{\"@id\":\"https:\\\/\\\/lospoliticosveracruz.com\\\/?p=86702#primaryimage\"},\"thumbnailUrl\":\"https:\\\/\\\/lospoliticosveracruz.com.mx\\\/wp-content\\\/uploads\\\/2021\\\/10\\\/Zacauilt.jpg\",\"datePublished\":\"2022-03-02T10:03:00+00:00\",\"breadcrumb\":{\"@id\":\"https:\\\/\\\/lospoliticosveracruz.com\\\/?p=86702#breadcrumb\"},\"inLanguage\":\"es\",\"potentialAction\":[{\"@type\":\"ReadAction\",\"target\":[\"https:\\\/\\\/lospoliticosveracruz.com\\\/?p=86702\"]}]},{\"@type\":\"ImageObject\",\"inLanguage\":\"es\",\"@id\":\"https:\\\/\\\/lospoliticosveracruz.com\\\/?p=86702#primaryimage\",\"url\":\"https:\\\/\\\/lospoliticosveracruz.com.mx\\\/wp-content\\\/uploads\\\/2021\\\/10\\\/Zacauilt.jpg\",\"contentUrl\":\"https:\\\/\\\/lospoliticosveracruz.com.mx\\\/wp-content\\\/uploads\\\/2021\\\/10\\\/Zacauilt.jpg\"},{\"@type\":\"BreadcrumbList\",\"@id\":\"https:\\\/\\\/lospoliticosveracruz.com\\\/?p=86702#breadcrumb\",\"itemListElement\":[{\"@type\":\"ListItem\",\"position\":1,\"name\":\"Portada\",\"item\":\"https:\\\/\\\/lospoliticosveracruz.com\\\/\"},{\"@type\":\"ListItem\",\"position\":2,\"name\":\"Ciudadan\u00eda\"}]},{\"@type\":\"WebSite\",\"@id\":\"https:\\\/\\\/lospoliticosveracruz.com\\\/#website\",\"url\":\"https:\\\/\\\/lospoliticosveracruz.com\\\/\",\"name\":\"Los pol\u00edticos Veracruz\",\"description\":\"\",\"publisher\":{\"@id\":\"https:\\\/\\\/lospoliticosveracruz.com\\\/#organization\"},\"potentialAction\":[{\"@type\":\"SearchAction\",\"target\":{\"@type\":\"EntryPoint\",\"urlTemplate\":\"https:\\\/\\\/lospoliticosveracruz.com\\\/?s={search_term_string}\"},\"query-input\":{\"@type\":\"PropertyValueSpecification\",\"valueRequired\":true,\"valueName\":\"search_term_string\"}}],\"inLanguage\":\"es\"},{\"@type\":\"Organization\",\"@id\":\"https:\\\/\\\/lospoliticosveracruz.com\\\/#organization\",\"name\":\"Los pol\u00edticos Veracruz\",\"url\":\"https:\\\/\\\/lospoliticosveracruz.com\\\/\",\"logo\":{\"@type\":\"ImageObject\",\"inLanguage\":\"es\",\"@id\":\"https:\\\/\\\/lospoliticosveracruz.com\\\/#\\\/schema\\\/logo\\\/image\\\/\",\"url\":\"https:\\\/\\\/lospoliticosveracruz.com\\\/wp-content\\\/uploads\\\/2025\\\/12\\\/Logo-Nuevo-LOS-POLITICOS-1.jpg\",\"contentUrl\":\"https:\\\/\\\/lospoliticosveracruz.com\\\/wp-content\\\/uploads\\\/2025\\\/12\\\/Logo-Nuevo-LOS-POLITICOS-1.jpg\",\"width\":260,\"height\":70,\"caption\":\"Los pol\u00edticos Veracruz\"},\"image\":{\"@id\":\"https:\\\/\\\/lospoliticosveracruz.com\\\/#\\\/schema\\\/logo\\\/image\\\/\"},\"sameAs\":[\"https:\\\/\\\/www.facebook.com\\\/people\\\/Notimemes-de-los-Polticos\\\/61565672886568\\\/\",\"https:\\\/\\\/x.com\\\/LosPoliticosVer\"]},{\"@type\":\"Person\",\"@id\":\"https:\\\/\\\/lospoliticosveracruz.com\\\/#\\\/schema\\\/person\\\/b8702bb0e538456e6efd07080bf2a4a2\",\"name\":\"Lo viste en Los Pol\u00edticos\",\"image\":{\"@type\":\"ImageObject\",\"inLanguage\":\"es\",\"@id\":\"https:\\\/\\\/secure.gravatar.com\\\/avatar\\\/3a8de04a2656d44082be478bd6c086daa447c4651605818287b9532d3d0bd435?s=96&d=mm&r=g\",\"url\":\"https:\\\/\\\/secure.gravatar.com\\\/avatar\\\/3a8de04a2656d44082be478bd6c086daa447c4651605818287b9532d3d0bd435?s=96&d=mm&r=g\",\"contentUrl\":\"https:\\\/\\\/secure.gravatar.com\\\/avatar\\\/3a8de04a2656d44082be478bd6c086daa447c4651605818287b9532d3d0bd435?s=96&d=mm&r=g\",\"caption\":\"Lo viste en Los Pol\u00edticos\"},\"url\":\"https:\\\/\\\/lospoliticosveracruz.com\\\/?author=2\"}]}<\/script>\n<!-- \/ Yoast SEO plugin. -->","yoast_head_json":{"title":"Ciudadan\u00eda - Los pol\u00edticos Veracruz","robots":{"index":"index","follow":"follow","max-snippet":"max-snippet:-1","max-image-preview":"max-image-preview:large","max-video-preview":"max-video-preview:-1"},"canonical":"https:\/\/lospoliticosveracruz.com\/?p=86702","og_locale":"es_ES","og_type":"article","og_title":"Ciudadan\u00eda - Los pol\u00edticos Veracruz","og_description":"Guadalupe H. MarMira Pol\u00edtica EN APOYO DE LOS DEM\u00c1S\u2026 Decenas de \u00abrunnners\u00bb o corredores veracruzanos, se han unido en una causa com\u00fan, llevar a cabo una carrera con causa, a campo traviesa, que han denominado \u00abDe la mano por la Ataxia\u00bb, con la cual recaudar\u00e1n recursos econ\u00f3micos que destinar\u00e1n para apoyar a las 19 ni\u00f1os [&hellip;]","og_url":"https:\/\/lospoliticosveracruz.com\/?p=86702","og_site_name":"Los pol\u00edticos Veracruz","article_publisher":"https:\/\/www.facebook.com\/people\/Notimemes-de-los-Polticos\/61565672886568\/","article_published_time":"2022-03-02T10:03:00+00:00","og_image":[{"url":"https:\/\/lospoliticosveracruz.com.mx\/wp-content\/uploads\/2021\/10\/Zacauilt.jpg","type":"","width":"","height":""}],"author":"Lo viste en Los Pol\u00edticos","twitter_card":"summary_large_image","twitter_creator":"@LosPoliticosVer","twitter_site":"@LosPoliticosVer","twitter_misc":{"Escrito por":"Lo viste en Los Pol\u00edticos","Tiempo de lectura":"4 minutos"},"schema":{"@context":"https:\/\/schema.org","@graph":[{"@type":"Article","@id":"https:\/\/lospoliticosveracruz.com\/?p=86702#article","isPartOf":{"@id":"https:\/\/lospoliticosveracruz.com\/?p=86702"},"author":{"name":"Lo viste en Los Pol\u00edticos","@id":"https:\/\/lospoliticosveracruz.com\/#\/schema\/person\/b8702bb0e538456e6efd07080bf2a4a2"},"headline":"Ciudadan\u00eda","datePublished":"2022-03-02T10:03:00+00:00","mainEntityOfPage":{"@id":"https:\/\/lospoliticosveracruz.com\/?p=86702"},"wordCount":791,"publisher":{"@id":"https:\/\/lospoliticosveracruz.com\/#organization"},"image":{"@id":"https:\/\/lospoliticosveracruz.com\/?p=86702#primaryimage"},"thumbnailUrl":"https:\/\/lospoliticosveracruz.com.mx\/wp-content\/uploads\/2021\/10\/Zacauilt.jpg","keywords":["Coatepec","Cuitl\u00e1huac Garc\u00eda Jim\u00e9nez","De la mano por la Ataxia","Guadalupe H. Mar","Juan Javier G\u00f3mez Cazar\u00edn","Morena","Tuzamapan","Veracruz","Xalapa"],"articleSection":["De Opini\u00f3n"],"inLanguage":"es"},{"@type":"WebPage","@id":"https:\/\/lospoliticosveracruz.com\/?p=86702","url":"https:\/\/lospoliticosveracruz.com\/?p=86702","name":"Ciudadan\u00eda - Los pol\u00edticos Veracruz","isPartOf":{"@id":"https:\/\/lospoliticosveracruz.com\/#website"},"primaryImageOfPage":{"@id":"https:\/\/lospoliticosveracruz.com\/?p=86702#primaryimage"},"image":{"@id":"https:\/\/lospoliticosveracruz.com\/?p=86702#primaryimage"},"thumbnailUrl":"https:\/\/lospoliticosveracruz.com.mx\/wp-content\/uploads\/2021\/10\/Zacauilt.jpg","datePublished":"2022-03-02T10:03:00+00:00","breadcrumb":{"@id":"https:\/\/lospoliticosveracruz.com\/?p=86702#breadcrumb"},"inLanguage":"es","potentialAction":[{"@type":"ReadAction","target":["https:\/\/lospoliticosveracruz.com\/?p=86702"]}]},{"@type":"ImageObject","inLanguage":"es","@id":"https:\/\/lospoliticosveracruz.com\/?p=86702#primaryimage","url":"https:\/\/lospoliticosveracruz.com.mx\/wp-content\/uploads\/2021\/10\/Zacauilt.jpg","contentUrl":"https:\/\/lospoliticosveracruz.com.mx\/wp-content\/uploads\/2021\/10\/Zacauilt.jpg"},{"@type":"BreadcrumbList","@id":"https:\/\/lospoliticosveracruz.com\/?p=86702#breadcrumb","itemListElement":[{"@type":"ListItem","position":1,"name":"Portada","item":"https:\/\/lospoliticosveracruz.com\/"},{"@type":"ListItem","position":2,"name":"Ciudadan\u00eda"}]},{"@type":"WebSite","@id":"https:\/\/lospoliticosveracruz.com\/#website","url":"https:\/\/lospoliticosveracruz.com\/","name":"Los pol\u00edticos Veracruz","description":"","publisher":{"@id":"https:\/\/lospoliticosveracruz.com\/#organization"},"potentialAction":[{"@type":"SearchAction","target":{"@type":"EntryPoint","urlTemplate":"https:\/\/lospoliticosveracruz.com\/?s={search_term_string}"},"query-input":{"@type":"PropertyValueSpecification","valueRequired":true,"valueName":"search_term_string"}}],"inLanguage":"es"},{"@type":"Organization","@id":"https:\/\/lospoliticosveracruz.com\/#organization","name":"Los pol\u00edticos Veracruz","url":"https:\/\/lospoliticosveracruz.com\/","logo":{"@type":"ImageObject","inLanguage":"es","@id":"https:\/\/lospoliticosveracruz.com\/#\/schema\/logo\/image\/","url":"https:\/\/lospoliticosveracruz.com\/wp-content\/uploads\/2025\/12\/Logo-Nuevo-LOS-POLITICOS-1.jpg","contentUrl":"https:\/\/lospoliticosveracruz.com\/wp-content\/uploads\/2025\/12\/Logo-Nuevo-LOS-POLITICOS-1.jpg","width":260,"height":70,"caption":"Los pol\u00edticos Veracruz"},"image":{"@id":"https:\/\/lospoliticosveracruz.com\/#\/schema\/logo\/image\/"},"sameAs":["https:\/\/www.facebook.com\/people\/Notimemes-de-los-Polticos\/61565672886568\/","https:\/\/x.com\/LosPoliticosVer"]},{"@type":"Person","@id":"https:\/\/lospoliticosveracruz.com\/#\/schema\/person\/b8702bb0e538456e6efd07080bf2a4a2","name":"Lo viste en Los Pol\u00edticos","image":{"@type":"ImageObject","inLanguage":"es","@id":"https:\/\/secure.gravatar.com\/avatar\/3a8de04a2656d44082be478bd6c086daa447c4651605818287b9532d3d0bd435?s=96&d=mm&r=g","url":"https:\/\/secure.gravatar.com\/avatar\/3a8de04a2656d44082be478bd6c086daa447c4651605818287b9532d3d0bd435?s=96&d=mm&r=g","contentUrl":"https:\/\/secure.gravatar.com\/avatar\/3a8de04a2656d44082be478bd6c086daa447c4651605818287b9532d3d0bd435?s=96&d=mm&r=g","caption":"Lo viste en Los Pol\u00edticos"},"url":"https:\/\/lospoliticosveracruz.com\/?author=2"}]}},"_links":{"self":[{"href":"https:\/\/lospoliticosveracruz.com\/index.php?rest_route=\/wp\/v2\/posts\/86702","targetHints":{"allow":["GET"]}}],"collection":[{"href":"https:\/\/lospoliticosveracruz.com\/index.php?rest_route=\/wp\/v2\/posts"}],"about":[{"href":"https:\/\/lospoliticosveracruz.com\/index.php?rest_route=\/wp\/v2\/types\/post"}],"author":[{"embeddable":true,"href":"https:\/\/lospoliticosveracruz.com\/index.php?rest_route=\/wp\/v2\/users\/2"}],"replies":[{"embeddable":true,"href":"https:\/\/lospoliticosveracruz.com\/index.php?rest_route=%2Fwp%2Fv2%2Fcomments&post=86702"}],"version-history":[{"count":1,"href":"https:\/\/lospoliticosveracruz.com\/index.php?rest_route=\/wp\/v2\/posts\/86702\/revisions"}],"predecessor-version":[{"id":86707,"href":"https:\/\/lospoliticosveracruz.com\/index.php?rest_route=\/wp\/v2\/posts\/86702\/revisions\/86707"}],"wp:attachment":[{"href":"https:\/\/lospoliticosveracruz.com\/index.php?rest_route=%2Fwp%2Fv2%2Fmedia&parent=86702"}],"wp:term":[{"taxonomy":"category","embeddable":true,"href":"https:\/\/lospoliticosveracruz.com\/index.php?rest_route=%2Fwp%2Fv2%2Fcategories&post=86702"},{"taxonomy":"post_tag","embeddable":true,"href":"https:\/\/lospoliticosveracruz.com\/index.php?rest_route=%2Fwp%2Fv2%2Ftags&post=86702"}],"curies":[{"name":"wp","href":"https:\/\/api.w.org\/{rel}","templated":true}]}}