{"id":86719,"date":"2022-03-02T08:45:46","date_gmt":"2022-03-02T14:45:46","guid":{"rendered":"https:\/\/lospoliticosveracruz.com.mx\/?p=86719"},"modified":"2022-03-02T08:47:56","modified_gmt":"2022-03-02T14:47:56","slug":"violentan-veda-electoral","status":"publish","type":"post","link":"https:\/\/lospoliticosveracruz.com\/?p=86719","title":{"rendered":"Violentan veda electoral"},"content":{"rendered":"\n<p><strong>Ignacio Alvarez<br><\/strong><em>Pluma Negra<br><\/em><\/p>\n\n\n\n<p>El INE est\u00e1 obligado a investigar el despliegue de una abierta campa\u00f1a de particulares u organizaciones que fomentan a la participaci\u00f3n en el ejercicio de la Revocaci\u00f3n de Mandato con colores distintivos de MORENA y que desde la semana pasada se observa en espectaculares, taxis y en domicilios, toda vez que el \u00fanico organismo de promoci\u00f3n a participar es el propio Instituto Electoral.<\/p>\n\n\n\n<div class=\"wp-block-image\"><figure class=\"alignleft size-full is-resized\"><a href=\"https:\/\/lospoliticosveracruz.com.mx\/wp-content\/uploads\/2021\/10\/Zacauilt.jpg\"><img loading=\"lazy\" decoding=\"async\" src=\"https:\/\/lospoliticosveracruz.com.mx\/wp-content\/uploads\/2021\/10\/Zacauilt.jpg\" alt=\"\" class=\"wp-image-80558\" width=\"250\" height=\"500\"\/><\/a><\/figure><\/div>\n\n\n\n<p>Al igual que se investiga a los 17 gobernadores y a la jefa de gobierno de la la Ciudad de M\u00e9xico que el pasado 13 de febrero publicaron una carta de apoyo al Presidente Andr\u00e9s Manuel L\u00f3pez Obrador en la crisis medi\u00e1tica en contra de su hijo Jos\u00e9 Ramon L\u00f3pez Beltr\u00e1n; entre ellos al gobernador de Veracruz, Cuitl\u00e1huac Garc\u00eda Jimenez.<\/p>\n\n\n\n<p>El INE mantiene abierta la investigaci\u00f3n en contra de los gobernadores y est\u00e1 obligado a una resoluci\u00f3n por la violaci\u00f3n o no, a la veda electoral, al igual que las lonas y espectaculares que se despliegan al menos en el estado de Veracruz para apoyar la permanencia del Andr\u00e9s Manuel L\u00f3pez Obrador.<\/p>\n\n\n\n<p>De acuerdo a la Ley Federal de Revocaci\u00f3n de Mandato, el INE es el \u00fanico \u00f3rgano de promoci\u00f3n a la participaci\u00f3n, pero tambi\u00e9n el obligado a proceder en contra de quienes violenten la veda electoral, con el agravante, en caso de que corresponda a alguna autoridad de cualquiera de los tres niveles de gobierno.<\/p>\n\n\n\n<p>El ejercicio de la Renovaci\u00f3n de Mandato se realizar\u00e1 en condiciones distintas de lo que muchos pensaron y por supuesto no que no habr\u00e1 ciudadanos que se pronuncien por la salida del Presidente, pero s\u00ed es previsible que el ejercicio del 10 de abril no alcanzar\u00e1 el 40 por ciento de la participaci\u00f3n de una lista nominal de 92.5 millones de mexicanos con derechos electorales, sobretodo porque s\u00f3lo ser\u00e1n instaladas el 33 por ciento de las casillas que en cualquier elecci\u00f3n federal se colocan en los 300 distritos electorales del pa\u00eds.<\/p>\n\n\n\n<p><strong>Correcci\u00f3n a la plana<\/strong><\/p>\n\n\n\n<p>En la segunda legislatura consecutiva de control total de MORENA, se repite la correcci\u00f3n por parte de la Suprema Corte de Justicia de Naci\u00f3n a reformas o modificaciones a la legislaci\u00f3n veracruzana que no se plantean o soportan jur\u00eddicamente bien.<\/p>\n\n\n\n<p>En la LXVI Legislatura de Veracruz la falta de preparaci\u00f3n de quienes ocuparon la representaci\u00f3n social en el Congreso con una mayor\u00eda aplastante, se cometieron errores de primaria; en la Legislatura LXVII, cuando se cre\u00eda que ya se hab\u00eda superado la falta de preparaci\u00f3n, se vuelve a repetir el error en un escandaloso episodio de lucha interna entre los grupos en el poder.<\/p>\n\n\n\n<p>Lo cierto es que entre los diputados de MORENA y sus aliados que llevan la batuta en el Legislativo se observa la recurrente falta de experiencia o en el peor de lo casos de malas intenciones, el primer caso deber\u00eda renacer el problema para corregirlo antes de una nueva exhibici\u00f3n de la SCJN.<\/p>\n\n\n\n<p><strong>Chapito acusa a Monreal, teme un SCJNazo<\/strong><\/p>\n\n\n\n<p>El Chapo, Joaqu\u00edn Guzm\u00e1n Avil\u00e9s, candidato perdedor a la dirigencia estatal del PAN en diciembre pasado, que acept\u00f3 la derrota y luego pidi\u00f3 la intervenci\u00f3n del Tribunal Electoral de Veracruz que le dio la raz\u00f3n, ahora teme de la correcci\u00f3n de la Tribunal Electoral del Poder Judicial de la Federaci\u00f3n, le corrija la plana a la autoridad estatal como sucedi\u00f3 con con los ultrajes a la autoridad por parte de la SCJN.<\/p>\n\n\n\n<p>Despu\u00e9s de que el ex candidato a la dirigencia del Partido Acci\u00f3n Nacional (PAN), Federico Salom\u00f3n, anunciara su confianza en que la Sala Regional del Tribunal Electoral del Poder Judicial falle a favor de su planilla, su ex contrincante Joaqu\u00edn Guzm\u00e1n Avil\u00e9s se pronunci\u00f3 en contra y acus\u00f3 la intervenci\u00f3n del senador Ricardo Monreal para presionar a los magistrados.<\/p>\n\n\n\n<p>En un video en redes sociales, Guzm\u00e1n Avil\u00e9s se\u00f1al\u00f3 que los Yunes, que respaldan la planilla de Salom\u00f3n, pactan acuerdos en lo oscuro con el senador a fin de favorecerla ante las autoridades electorales, para seguir teniendo acceso a cargos plurinominales, porque \u00abno saben ganar elecciones\u00bb.<\/p>\n","protected":false},"excerpt":{"rendered":"<p>Ignacio AlvarezPluma Negra El INE est\u00e1 obligado a investigar el despliegue de una abierta campa\u00f1a de particulares u organizaciones que fomentan a la participaci\u00f3n en el ejercicio de la Revocaci\u00f3n de Mandato con colores distintivos de MORENA y que desde la semana pasada se observa en espectaculares, taxis y en domicilios, toda vez que el [&hellip;]<\/p>\n","protected":false},"author":2,"featured_media":0,"comment_status":"closed","ping_status":"closed","sticky":false,"template":"","format":"standard","meta":{"tdm_status":"","tdm_grid_status":"","footnotes":""},"categories":[70],"tags":[618,28674,554,3288,1026,14240,3965,6753,195],"class_list":{"0":"post-86719","1":"post","2":"type-post","3":"status-publish","4":"format-standard","6":"category-de-opinion","7":"tag-andres-manuel-lopez-obrador","8":"tag-ignacio-alvarez","9":"tag-ine","10":"tag-joaquin-guzman-aviles","11":"tag-morena","12":"tag-revocacion-de-mandato","13":"tag-scjn","14":"tag-tribunal-electoral-de-veracruz","15":"tag-veracruz"},"yoast_head":"<!-- This site is optimized with the Yoast SEO plugin v27.4 - https:\/\/yoast.com\/product\/yoast-seo-wordpress\/ -->\n<title>Violentan veda electoral - Los pol\u00edticos Veracruz<\/title>\n<meta name=\"robots\" content=\"index, follow, max-snippet:-1, max-image-preview:large, max-video-preview:-1\" \/>\n<link rel=\"canonical\" href=\"https:\/\/lospoliticosveracruz.com\/?p=86719\" \/>\n<meta property=\"og:locale\" content=\"es_ES\" \/>\n<meta property=\"og:type\" content=\"article\" \/>\n<meta property=\"og:title\" content=\"Violentan veda electoral - Los pol\u00edticos Veracruz\" \/>\n<meta property=\"og:description\" content=\"Ignacio AlvarezPluma Negra El INE est\u00e1 obligado a investigar el despliegue de una abierta campa\u00f1a de particulares u organizaciones que fomentan a la participaci\u00f3n en el ejercicio de la Revocaci\u00f3n de Mandato con colores distintivos de MORENA y que desde la semana pasada se observa en espectaculares, taxis y en domicilios, toda vez que el [&hellip;]\" \/>\n<meta property=\"og:url\" content=\"https:\/\/lospoliticosveracruz.com\/?p=86719\" \/>\n<meta property=\"og:site_name\" content=\"Los pol\u00edticos Veracruz\" \/>\n<meta property=\"article:publisher\" content=\"https:\/\/www.facebook.com\/people\/Notimemes-de-los-Polticos\/61565672886568\/\" \/>\n<meta property=\"article:published_time\" content=\"2022-03-02T14:45:46+00:00\" \/>\n<meta property=\"article:modified_time\" content=\"2022-03-02T14:47:56+00:00\" \/>\n<meta property=\"og:image\" content=\"https:\/\/lospoliticosveracruz.com.mx\/wp-content\/uploads\/2021\/10\/Zacauilt.jpg\" \/>\n<meta name=\"author\" content=\"Lo viste en Los Pol\u00edticos\" \/>\n<meta name=\"twitter:card\" content=\"summary_large_image\" \/>\n<meta name=\"twitter:creator\" content=\"@LosPoliticosVer\" \/>\n<meta name=\"twitter:site\" content=\"@LosPoliticosVer\" \/>\n<meta name=\"twitter:label1\" content=\"Escrito por\" \/>\n\t<meta name=\"twitter:data1\" content=\"Lo viste en Los Pol\u00edticos\" \/>\n\t<meta name=\"twitter:label2\" content=\"Tiempo de lectura\" \/>\n\t<meta name=\"twitter:data2\" content=\"4 minutos\" \/>\n<script type=\"application\/ld+json\" class=\"yoast-schema-graph\">{\"@context\":\"https:\\\/\\\/schema.org\",\"@graph\":[{\"@type\":\"Article\",\"@id\":\"https:\\\/\\\/lospoliticosveracruz.com\\\/?p=86719#article\",\"isPartOf\":{\"@id\":\"https:\\\/\\\/lospoliticosveracruz.com\\\/?p=86719\"},\"author\":{\"name\":\"Lo viste en Los Pol\u00edticos\",\"@id\":\"https:\\\/\\\/lospoliticosveracruz.com\\\/#\\\/schema\\\/person\\\/b8702bb0e538456e6efd07080bf2a4a2\"},\"headline\":\"Violentan veda electoral\",\"datePublished\":\"2022-03-02T14:45:46+00:00\",\"dateModified\":\"2022-03-02T14:47:56+00:00\",\"mainEntityOfPage\":{\"@id\":\"https:\\\/\\\/lospoliticosveracruz.com\\\/?p=86719\"},\"wordCount\":722,\"publisher\":{\"@id\":\"https:\\\/\\\/lospoliticosveracruz.com\\\/#organization\"},\"image\":{\"@id\":\"https:\\\/\\\/lospoliticosveracruz.com\\\/?p=86719#primaryimage\"},\"thumbnailUrl\":\"https:\\\/\\\/lospoliticosveracruz.com.mx\\\/wp-content\\\/uploads\\\/2021\\\/10\\\/Zacauilt.jpg\",\"keywords\":[\"Andr\u00e9s Manuel L\u00f3pez Obrador\",\"Ignacio Alvarez\",\"INE\",\"Joaqu\u00edn Guzm\u00e1n Avil\u00e9s\",\"Morena\",\"Revocaci\u00f3n de Mandato\",\"SCJN\",\"Tribunal Electoral de Veracruz\",\"Veracruz\"],\"articleSection\":[\"De Opini\u00f3n\"],\"inLanguage\":\"es\"},{\"@type\":\"WebPage\",\"@id\":\"https:\\\/\\\/lospoliticosveracruz.com\\\/?p=86719\",\"url\":\"https:\\\/\\\/lospoliticosveracruz.com\\\/?p=86719\",\"name\":\"Violentan veda electoral - Los pol\u00edticos Veracruz\",\"isPartOf\":{\"@id\":\"https:\\\/\\\/lospoliticosveracruz.com\\\/#website\"},\"primaryImageOfPage\":{\"@id\":\"https:\\\/\\\/lospoliticosveracruz.com\\\/?p=86719#primaryimage\"},\"image\":{\"@id\":\"https:\\\/\\\/lospoliticosveracruz.com\\\/?p=86719#primaryimage\"},\"thumbnailUrl\":\"https:\\\/\\\/lospoliticosveracruz.com.mx\\\/wp-content\\\/uploads\\\/2021\\\/10\\\/Zacauilt.jpg\",\"datePublished\":\"2022-03-02T14:45:46+00:00\",\"dateModified\":\"2022-03-02T14:47:56+00:00\",\"breadcrumb\":{\"@id\":\"https:\\\/\\\/lospoliticosveracruz.com\\\/?p=86719#breadcrumb\"},\"inLanguage\":\"es\",\"potentialAction\":[{\"@type\":\"ReadAction\",\"target\":[\"https:\\\/\\\/lospoliticosveracruz.com\\\/?p=86719\"]}]},{\"@type\":\"ImageObject\",\"inLanguage\":\"es\",\"@id\":\"https:\\\/\\\/lospoliticosveracruz.com\\\/?p=86719#primaryimage\",\"url\":\"https:\\\/\\\/lospoliticosveracruz.com.mx\\\/wp-content\\\/uploads\\\/2021\\\/10\\\/Zacauilt.jpg\",\"contentUrl\":\"https:\\\/\\\/lospoliticosveracruz.com.mx\\\/wp-content\\\/uploads\\\/2021\\\/10\\\/Zacauilt.jpg\"},{\"@type\":\"BreadcrumbList\",\"@id\":\"https:\\\/\\\/lospoliticosveracruz.com\\\/?p=86719#breadcrumb\",\"itemListElement\":[{\"@type\":\"ListItem\",\"position\":1,\"name\":\"Portada\",\"item\":\"https:\\\/\\\/lospoliticosveracruz.com\\\/\"},{\"@type\":\"ListItem\",\"position\":2,\"name\":\"Violentan veda electoral\"}]},{\"@type\":\"WebSite\",\"@id\":\"https:\\\/\\\/lospoliticosveracruz.com\\\/#website\",\"url\":\"https:\\\/\\\/lospoliticosveracruz.com\\\/\",\"name\":\"Los pol\u00edticos Veracruz\",\"description\":\"\",\"publisher\":{\"@id\":\"https:\\\/\\\/lospoliticosveracruz.com\\\/#organization\"},\"potentialAction\":[{\"@type\":\"SearchAction\",\"target\":{\"@type\":\"EntryPoint\",\"urlTemplate\":\"https:\\\/\\\/lospoliticosveracruz.com\\\/?s={search_term_string}\"},\"query-input\":{\"@type\":\"PropertyValueSpecification\",\"valueRequired\":true,\"valueName\":\"search_term_string\"}}],\"inLanguage\":\"es\"},{\"@type\":\"Organization\",\"@id\":\"https:\\\/\\\/lospoliticosveracruz.com\\\/#organization\",\"name\":\"Los pol\u00edticos Veracruz\",\"url\":\"https:\\\/\\\/lospoliticosveracruz.com\\\/\",\"logo\":{\"@type\":\"ImageObject\",\"inLanguage\":\"es\",\"@id\":\"https:\\\/\\\/lospoliticosveracruz.com\\\/#\\\/schema\\\/logo\\\/image\\\/\",\"url\":\"https:\\\/\\\/lospoliticosveracruz.com\\\/wp-content\\\/uploads\\\/2025\\\/12\\\/Logo-Nuevo-LOS-POLITICOS-1.jpg\",\"contentUrl\":\"https:\\\/\\\/lospoliticosveracruz.com\\\/wp-content\\\/uploads\\\/2025\\\/12\\\/Logo-Nuevo-LOS-POLITICOS-1.jpg\",\"width\":260,\"height\":70,\"caption\":\"Los pol\u00edticos Veracruz\"},\"image\":{\"@id\":\"https:\\\/\\\/lospoliticosveracruz.com\\\/#\\\/schema\\\/logo\\\/image\\\/\"},\"sameAs\":[\"https:\\\/\\\/www.facebook.com\\\/people\\\/Notimemes-de-los-Polticos\\\/61565672886568\\\/\",\"https:\\\/\\\/x.com\\\/LosPoliticosVer\"]},{\"@type\":\"Person\",\"@id\":\"https:\\\/\\\/lospoliticosveracruz.com\\\/#\\\/schema\\\/person\\\/b8702bb0e538456e6efd07080bf2a4a2\",\"name\":\"Lo viste en Los Pol\u00edticos\",\"image\":{\"@type\":\"ImageObject\",\"inLanguage\":\"es\",\"@id\":\"https:\\\/\\\/secure.gravatar.com\\\/avatar\\\/3a8de04a2656d44082be478bd6c086daa447c4651605818287b9532d3d0bd435?s=96&d=mm&r=g\",\"url\":\"https:\\\/\\\/secure.gravatar.com\\\/avatar\\\/3a8de04a2656d44082be478bd6c086daa447c4651605818287b9532d3d0bd435?s=96&d=mm&r=g\",\"contentUrl\":\"https:\\\/\\\/secure.gravatar.com\\\/avatar\\\/3a8de04a2656d44082be478bd6c086daa447c4651605818287b9532d3d0bd435?s=96&d=mm&r=g\",\"caption\":\"Lo viste en Los Pol\u00edticos\"},\"url\":\"https:\\\/\\\/lospoliticosveracruz.com\\\/?author=2\"}]}<\/script>\n<!-- \/ Yoast SEO plugin. -->","yoast_head_json":{"title":"Violentan veda electoral - Los pol\u00edticos Veracruz","robots":{"index":"index","follow":"follow","max-snippet":"max-snippet:-1","max-image-preview":"max-image-preview:large","max-video-preview":"max-video-preview:-1"},"canonical":"https:\/\/lospoliticosveracruz.com\/?p=86719","og_locale":"es_ES","og_type":"article","og_title":"Violentan veda electoral - Los pol\u00edticos Veracruz","og_description":"Ignacio AlvarezPluma Negra El INE est\u00e1 obligado a investigar el despliegue de una abierta campa\u00f1a de particulares u organizaciones que fomentan a la participaci\u00f3n en el ejercicio de la Revocaci\u00f3n de Mandato con colores distintivos de MORENA y que desde la semana pasada se observa en espectaculares, taxis y en domicilios, toda vez que el [&hellip;]","og_url":"https:\/\/lospoliticosveracruz.com\/?p=86719","og_site_name":"Los pol\u00edticos Veracruz","article_publisher":"https:\/\/www.facebook.com\/people\/Notimemes-de-los-Polticos\/61565672886568\/","article_published_time":"2022-03-02T14:45:46+00:00","article_modified_time":"2022-03-02T14:47:56+00:00","og_image":[{"url":"https:\/\/lospoliticosveracruz.com.mx\/wp-content\/uploads\/2021\/10\/Zacauilt.jpg","type":"","width":"","height":""}],"author":"Lo viste en Los Pol\u00edticos","twitter_card":"summary_large_image","twitter_creator":"@LosPoliticosVer","twitter_site":"@LosPoliticosVer","twitter_misc":{"Escrito por":"Lo viste en Los Pol\u00edticos","Tiempo de lectura":"4 minutos"},"schema":{"@context":"https:\/\/schema.org","@graph":[{"@type":"Article","@id":"https:\/\/lospoliticosveracruz.com\/?p=86719#article","isPartOf":{"@id":"https:\/\/lospoliticosveracruz.com\/?p=86719"},"author":{"name":"Lo viste en Los Pol\u00edticos","@id":"https:\/\/lospoliticosveracruz.com\/#\/schema\/person\/b8702bb0e538456e6efd07080bf2a4a2"},"headline":"Violentan veda electoral","datePublished":"2022-03-02T14:45:46+00:00","dateModified":"2022-03-02T14:47:56+00:00","mainEntityOfPage":{"@id":"https:\/\/lospoliticosveracruz.com\/?p=86719"},"wordCount":722,"publisher":{"@id":"https:\/\/lospoliticosveracruz.com\/#organization"},"image":{"@id":"https:\/\/lospoliticosveracruz.com\/?p=86719#primaryimage"},"thumbnailUrl":"https:\/\/lospoliticosveracruz.com.mx\/wp-content\/uploads\/2021\/10\/Zacauilt.jpg","keywords":["Andr\u00e9s Manuel L\u00f3pez Obrador","Ignacio Alvarez","INE","Joaqu\u00edn Guzm\u00e1n Avil\u00e9s","Morena","Revocaci\u00f3n de Mandato","SCJN","Tribunal Electoral de Veracruz","Veracruz"],"articleSection":["De Opini\u00f3n"],"inLanguage":"es"},{"@type":"WebPage","@id":"https:\/\/lospoliticosveracruz.com\/?p=86719","url":"https:\/\/lospoliticosveracruz.com\/?p=86719","name":"Violentan veda electoral - Los pol\u00edticos Veracruz","isPartOf":{"@id":"https:\/\/lospoliticosveracruz.com\/#website"},"primaryImageOfPage":{"@id":"https:\/\/lospoliticosveracruz.com\/?p=86719#primaryimage"},"image":{"@id":"https:\/\/lospoliticosveracruz.com\/?p=86719#primaryimage"},"thumbnailUrl":"https:\/\/lospoliticosveracruz.com.mx\/wp-content\/uploads\/2021\/10\/Zacauilt.jpg","datePublished":"2022-03-02T14:45:46+00:00","dateModified":"2022-03-02T14:47:56+00:00","breadcrumb":{"@id":"https:\/\/lospoliticosveracruz.com\/?p=86719#breadcrumb"},"inLanguage":"es","potentialAction":[{"@type":"ReadAction","target":["https:\/\/lospoliticosveracruz.com\/?p=86719"]}]},{"@type":"ImageObject","inLanguage":"es","@id":"https:\/\/lospoliticosveracruz.com\/?p=86719#primaryimage","url":"https:\/\/lospoliticosveracruz.com.mx\/wp-content\/uploads\/2021\/10\/Zacauilt.jpg","contentUrl":"https:\/\/lospoliticosveracruz.com.mx\/wp-content\/uploads\/2021\/10\/Zacauilt.jpg"},{"@type":"BreadcrumbList","@id":"https:\/\/lospoliticosveracruz.com\/?p=86719#breadcrumb","itemListElement":[{"@type":"ListItem","position":1,"name":"Portada","item":"https:\/\/lospoliticosveracruz.com\/"},{"@type":"ListItem","position":2,"name":"Violentan veda electoral"}]},{"@type":"WebSite","@id":"https:\/\/lospoliticosveracruz.com\/#website","url":"https:\/\/lospoliticosveracruz.com\/","name":"Los pol\u00edticos Veracruz","description":"","publisher":{"@id":"https:\/\/lospoliticosveracruz.com\/#organization"},"potentialAction":[{"@type":"SearchAction","target":{"@type":"EntryPoint","urlTemplate":"https:\/\/lospoliticosveracruz.com\/?s={search_term_string}"},"query-input":{"@type":"PropertyValueSpecification","valueRequired":true,"valueName":"search_term_string"}}],"inLanguage":"es"},{"@type":"Organization","@id":"https:\/\/lospoliticosveracruz.com\/#organization","name":"Los pol\u00edticos Veracruz","url":"https:\/\/lospoliticosveracruz.com\/","logo":{"@type":"ImageObject","inLanguage":"es","@id":"https:\/\/lospoliticosveracruz.com\/#\/schema\/logo\/image\/","url":"https:\/\/lospoliticosveracruz.com\/wp-content\/uploads\/2025\/12\/Logo-Nuevo-LOS-POLITICOS-1.jpg","contentUrl":"https:\/\/lospoliticosveracruz.com\/wp-content\/uploads\/2025\/12\/Logo-Nuevo-LOS-POLITICOS-1.jpg","width":260,"height":70,"caption":"Los pol\u00edticos Veracruz"},"image":{"@id":"https:\/\/lospoliticosveracruz.com\/#\/schema\/logo\/image\/"},"sameAs":["https:\/\/www.facebook.com\/people\/Notimemes-de-los-Polticos\/61565672886568\/","https:\/\/x.com\/LosPoliticosVer"]},{"@type":"Person","@id":"https:\/\/lospoliticosveracruz.com\/#\/schema\/person\/b8702bb0e538456e6efd07080bf2a4a2","name":"Lo viste en Los Pol\u00edticos","image":{"@type":"ImageObject","inLanguage":"es","@id":"https:\/\/secure.gravatar.com\/avatar\/3a8de04a2656d44082be478bd6c086daa447c4651605818287b9532d3d0bd435?s=96&d=mm&r=g","url":"https:\/\/secure.gravatar.com\/avatar\/3a8de04a2656d44082be478bd6c086daa447c4651605818287b9532d3d0bd435?s=96&d=mm&r=g","contentUrl":"https:\/\/secure.gravatar.com\/avatar\/3a8de04a2656d44082be478bd6c086daa447c4651605818287b9532d3d0bd435?s=96&d=mm&r=g","caption":"Lo viste en Los Pol\u00edticos"},"url":"https:\/\/lospoliticosveracruz.com\/?author=2"}]}},"_links":{"self":[{"href":"https:\/\/lospoliticosveracruz.com\/index.php?rest_route=\/wp\/v2\/posts\/86719","targetHints":{"allow":["GET"]}}],"collection":[{"href":"https:\/\/lospoliticosveracruz.com\/index.php?rest_route=\/wp\/v2\/posts"}],"about":[{"href":"https:\/\/lospoliticosveracruz.com\/index.php?rest_route=\/wp\/v2\/types\/post"}],"author":[{"embeddable":true,"href":"https:\/\/lospoliticosveracruz.com\/index.php?rest_route=\/wp\/v2\/users\/2"}],"replies":[{"embeddable":true,"href":"https:\/\/lospoliticosveracruz.com\/index.php?rest_route=%2Fwp%2Fv2%2Fcomments&post=86719"}],"version-history":[{"count":3,"href":"https:\/\/lospoliticosveracruz.com\/index.php?rest_route=\/wp\/v2\/posts\/86719\/revisions"}],"predecessor-version":[{"id":86723,"href":"https:\/\/lospoliticosveracruz.com\/index.php?rest_route=\/wp\/v2\/posts\/86719\/revisions\/86723"}],"wp:attachment":[{"href":"https:\/\/lospoliticosveracruz.com\/index.php?rest_route=%2Fwp%2Fv2%2Fmedia&parent=86719"}],"wp:term":[{"taxonomy":"category","embeddable":true,"href":"https:\/\/lospoliticosveracruz.com\/index.php?rest_route=%2Fwp%2Fv2%2Fcategories&post=86719"},{"taxonomy":"post_tag","embeddable":true,"href":"https:\/\/lospoliticosveracruz.com\/index.php?rest_route=%2Fwp%2Fv2%2Ftags&post=86719"}],"curies":[{"name":"wp","href":"https:\/\/api.w.org\/{rel}","templated":true}]}}