{"id":86733,"date":"2022-03-02T12:57:08","date_gmt":"2022-03-02T18:57:08","guid":{"rendered":"https:\/\/lospoliticosveracruz.com.mx\/?p=86733"},"modified":"2022-03-02T12:57:12","modified_gmt":"2022-03-02T18:57:12","slug":"en-cmas-huele-a-huelga","status":"publish","type":"post","link":"https:\/\/lospoliticosveracruz.com\/?p=86733","title":{"rendered":"En CMAS huele a huelga!"},"content":{"rendered":"\n<p><\/p>\n\n\n\n<p><\/p>\n\n\n\n<p>Para los trabajadores de la Comisi\u00f3n Municipal de Agua y Saneamiento de Xalapa, el \u00fanico problema que hay est\u00e1 lejos de \u00abn\u00fameros rojos\u00bb, sino en la actitud de la directora de Administraci\u00f3n, Mar\u00eda Esther Reyes Gonz\u00e1lez, quien desde enero que lleg\u00f3, implement\u00f3 el terrorismo laboral maltratando al personal, desacreditando al Director y hacer uso y goce de los miles de millones de pesos que le dej\u00f3 la ex administraci\u00f3n debido al reintegro del ISR participable.<\/p>\n\n\n\n<div class=\"wp-block-image\"><figure class=\"alignleft size-medium\"><a href=\"https:\/\/lospoliticosveracruz.com.mx\/wp-content\/uploads\/2022\/02\/CUMBRE-TAJIN-2022-.jpg\"><img decoding=\"async\" src=\"https:\/\/lospoliticosveracruz.com.mx\/wp-content\/uploads\/2022\/02\/CUMBRE-TAJIN-2022--227x300.jpg\" alt=\"\" class=\"wp-image-86651\"\/><\/a><\/figure><\/div>\n\n\n\n<p><br>Mar\u00eda Esther Reyes Gonz\u00e1lez fue tesorera del Gobierno de Cuitl\u00e1huac Garc\u00eda Jim\u00e9nez, en Sefiplan, pero \u00abrenunci\u00f3\u00bb a tal cargo en 2020, aunque los motivos que dejaron conocer los empleados de Finanzas, es que ya eran insostenibles las m\u00faltiples quejas de los trabajadores por el trato d\u00e9spota que ten\u00eda esta mujer para con ellos.<br>En carta enviada a este portal, describen a Reyes Gonz\u00e1lez como una persona sin profesionalismo y con caprichos absurdos, y \u00abdesde que arrib\u00f3 a la silla de Directora de Administraci\u00f3n, manejando as\u00ed todo el recurso de este Comisi\u00f3n, no ha hecho mas que humillar (al personal) y llenarse los bolsillos de dinero\u2026 vendiendo as\u00ed la mentira al actual Alcalde que dentro de la Comisi\u00f3n se vive un extenso problema, cuando el \u00fanico problema ha sido ella desde que se sent\u00f3 en esa silla (pues) junto con su equipo no se ha cansado de humillar al personal, trat\u00e1ndolos de nacos, inservibles y quitando as\u00ed a todo el personal de base de sus lugares con insultos y amenazas\u00bb.<br>Advierten los empleados que las cosas est\u00e1n mal, pero lo peor se avecina para el Alcalde Ricardo Ahued, pues con la imposici\u00f3n de esta se\u00f1ora est\u00e1 latente declararse en huelga \u00abya que se dice que a m\u00e1s de 60 personas eventuales les quitar\u00e1 contrato, no acceder\u00e1 a incremento en las negociaciones, metiendo a su gente a manejar cuestiones operativas, quitando as\u00ed la fuente de trabajo a personal que lleva a\u00f1os en esos puestos, alegando que no hay dinero, dinero que ella se lleva a la bolsa\u2026\u00bb<br>Los trabajadores de CMAS advierten tambi\u00e9n de las quejas de los usuarios debido al incremento y cero ajustes en las tarifas\u2026 \u00abnosotros no nos llevamos esos pesos a la bolsa, \u00a1es m\u00e1s, nos han bajado el salario!\u00bb mientras ella y su equipo se est\u00e1n poniendo sueldos estratosf\u00e9ricos; s\u00f3lo llegaron a servirse con la cuchara grande!<br>Piden a Ricardo Ahued que investigue c\u00f3mo est\u00e1n las cosas porque est\u00e1n obligando a renunciar por a muchos trabajadores los cuales ya tienen sus quejas en Derechos Humanos, y eran excelentes elementos para este Organismo; \u00aben unos d\u00edas se le har\u00e1 llegar un escrito firmado por todos los trabajadores de la inconformidad y terror que vivimos todos d\u00eda a d\u00eda en esta Comisi\u00f3n\u00bb.<\/p>\n","protected":false},"excerpt":{"rendered":"<p>Para los trabajadores de la Comisi\u00f3n Municipal de Agua y Saneamiento de Xalapa, el \u00fanico problema que hay est\u00e1 lejos de \u00abn\u00fameros rojos\u00bb, sino en la actitud de la directora de Administraci\u00f3n, Mar\u00eda Esther Reyes Gonz\u00e1lez, quien desde enero que lleg\u00f3, implement\u00f3 el terrorismo laboral maltratando al personal, desacreditando al Director y hacer uso y [&hellip;]<\/p>\n","protected":false},"author":2,"featured_media":0,"comment_status":"closed","ping_status":"closed","sticky":false,"template":"","format":"standard","meta":{"tdm_status":"","tdm_grid_status":"","footnotes":""},"categories":[74],"tags":[786,32355,9578,32356,1026,2812,96],"class_list":{"0":"post-86733","1":"post","2":"type-post","3":"status-publish","4":"format-standard","6":"category-lavadero","7":"tag-cmas","8":"tag-comision-municipal-de-agua","9":"tag-comision-municipal-de-agua-potable-y-saneamiento-de-xalapa","10":"tag-maria-esther-reyes-gonzalez","11":"tag-morena","12":"tag-ricardo-ahued-bardahuil","13":"tag-xalapa"},"yoast_head":"<!-- This site is optimized with the Yoast SEO plugin v27.4 - https:\/\/yoast.com\/product\/yoast-seo-wordpress\/ -->\n<title>En CMAS huele a huelga! - Los pol\u00edticos Veracruz<\/title>\n<meta name=\"robots\" content=\"index, follow, max-snippet:-1, max-image-preview:large, max-video-preview:-1\" \/>\n<link rel=\"canonical\" href=\"https:\/\/lospoliticosveracruz.com\/?p=86733\" \/>\n<meta property=\"og:locale\" content=\"es_ES\" \/>\n<meta property=\"og:type\" content=\"article\" \/>\n<meta property=\"og:title\" content=\"En CMAS huele a huelga! - Los pol\u00edticos Veracruz\" \/>\n<meta property=\"og:description\" content=\"Para los trabajadores de la Comisi\u00f3n Municipal de Agua y Saneamiento de Xalapa, el \u00fanico problema que hay est\u00e1 lejos de \u00abn\u00fameros rojos\u00bb, sino en la actitud de la directora de Administraci\u00f3n, Mar\u00eda Esther Reyes Gonz\u00e1lez, quien desde enero que lleg\u00f3, implement\u00f3 el terrorismo laboral maltratando al personal, desacreditando al Director y hacer uso y [&hellip;]\" \/>\n<meta property=\"og:url\" content=\"https:\/\/lospoliticosveracruz.com\/?p=86733\" \/>\n<meta property=\"og:site_name\" content=\"Los pol\u00edticos Veracruz\" \/>\n<meta property=\"article:publisher\" content=\"https:\/\/www.facebook.com\/people\/Notimemes-de-los-Polticos\/61565672886568\/\" \/>\n<meta property=\"article:published_time\" content=\"2022-03-02T18:57:08+00:00\" \/>\n<meta property=\"article:modified_time\" content=\"2022-03-02T18:57:12+00:00\" \/>\n<meta property=\"og:image\" content=\"https:\/\/lospoliticosveracruz.com.mx\/wp-content\/uploads\/2022\/02\/CUMBRE-TAJIN-2022--227x300.jpg\" \/>\n<meta name=\"author\" content=\"Lo viste en Los Pol\u00edticos\" \/>\n<meta name=\"twitter:card\" content=\"summary_large_image\" \/>\n<meta name=\"twitter:creator\" content=\"@LosPoliticosVer\" \/>\n<meta name=\"twitter:site\" content=\"@LosPoliticosVer\" \/>\n<meta name=\"twitter:label1\" content=\"Escrito por\" \/>\n\t<meta name=\"twitter:data1\" content=\"Lo viste en Los Pol\u00edticos\" \/>\n\t<meta name=\"twitter:label2\" content=\"Tiempo de lectura\" \/>\n\t<meta name=\"twitter:data2\" content=\"2 minutos\" \/>\n<script type=\"application\/ld+json\" class=\"yoast-schema-graph\">{\"@context\":\"https:\\\/\\\/schema.org\",\"@graph\":[{\"@type\":\"Article\",\"@id\":\"https:\\\/\\\/lospoliticosveracruz.com\\\/?p=86733#article\",\"isPartOf\":{\"@id\":\"https:\\\/\\\/lospoliticosveracruz.com\\\/?p=86733\"},\"author\":{\"name\":\"Lo viste en Los Pol\u00edticos\",\"@id\":\"https:\\\/\\\/lospoliticosveracruz.com\\\/#\\\/schema\\\/person\\\/b8702bb0e538456e6efd07080bf2a4a2\"},\"headline\":\"En CMAS huele a huelga!\",\"datePublished\":\"2022-03-02T18:57:08+00:00\",\"dateModified\":\"2022-03-02T18:57:12+00:00\",\"mainEntityOfPage\":{\"@id\":\"https:\\\/\\\/lospoliticosveracruz.com\\\/?p=86733\"},\"wordCount\":487,\"publisher\":{\"@id\":\"https:\\\/\\\/lospoliticosveracruz.com\\\/#organization\"},\"image\":{\"@id\":\"https:\\\/\\\/lospoliticosveracruz.com\\\/?p=86733#primaryimage\"},\"thumbnailUrl\":\"https:\\\/\\\/lospoliticosveracruz.com.mx\\\/wp-content\\\/uploads\\\/2022\\\/02\\\/CUMBRE-TAJIN-2022--227x300.jpg\",\"keywords\":[\"CMAS\",\"Comisi\u00f3n Municipal de Agua\",\"Comisi\u00f3n Municipal de Agua Potable y Saneamiento de Xalapa\",\"Mar\u00eda Esther Reyes Gonz\u00e1lez\",\"Morena\",\"Ricardo Ahued Bardahuil\",\"Xalapa\"],\"articleSection\":[\"Lavadero\"],\"inLanguage\":\"es\"},{\"@type\":\"WebPage\",\"@id\":\"https:\\\/\\\/lospoliticosveracruz.com\\\/?p=86733\",\"url\":\"https:\\\/\\\/lospoliticosveracruz.com\\\/?p=86733\",\"name\":\"En CMAS huele a huelga! - Los pol\u00edticos Veracruz\",\"isPartOf\":{\"@id\":\"https:\\\/\\\/lospoliticosveracruz.com\\\/#website\"},\"primaryImageOfPage\":{\"@id\":\"https:\\\/\\\/lospoliticosveracruz.com\\\/?p=86733#primaryimage\"},\"image\":{\"@id\":\"https:\\\/\\\/lospoliticosveracruz.com\\\/?p=86733#primaryimage\"},\"thumbnailUrl\":\"https:\\\/\\\/lospoliticosveracruz.com.mx\\\/wp-content\\\/uploads\\\/2022\\\/02\\\/CUMBRE-TAJIN-2022--227x300.jpg\",\"datePublished\":\"2022-03-02T18:57:08+00:00\",\"dateModified\":\"2022-03-02T18:57:12+00:00\",\"breadcrumb\":{\"@id\":\"https:\\\/\\\/lospoliticosveracruz.com\\\/?p=86733#breadcrumb\"},\"inLanguage\":\"es\",\"potentialAction\":[{\"@type\":\"ReadAction\",\"target\":[\"https:\\\/\\\/lospoliticosveracruz.com\\\/?p=86733\"]}]},{\"@type\":\"ImageObject\",\"inLanguage\":\"es\",\"@id\":\"https:\\\/\\\/lospoliticosveracruz.com\\\/?p=86733#primaryimage\",\"url\":\"https:\\\/\\\/lospoliticosveracruz.com.mx\\\/wp-content\\\/uploads\\\/2022\\\/02\\\/CUMBRE-TAJIN-2022--227x300.jpg\",\"contentUrl\":\"https:\\\/\\\/lospoliticosveracruz.com.mx\\\/wp-content\\\/uploads\\\/2022\\\/02\\\/CUMBRE-TAJIN-2022--227x300.jpg\"},{\"@type\":\"BreadcrumbList\",\"@id\":\"https:\\\/\\\/lospoliticosveracruz.com\\\/?p=86733#breadcrumb\",\"itemListElement\":[{\"@type\":\"ListItem\",\"position\":1,\"name\":\"Portada\",\"item\":\"https:\\\/\\\/lospoliticosveracruz.com\\\/\"},{\"@type\":\"ListItem\",\"position\":2,\"name\":\"En CMAS huele a huelga!\"}]},{\"@type\":\"WebSite\",\"@id\":\"https:\\\/\\\/lospoliticosveracruz.com\\\/#website\",\"url\":\"https:\\\/\\\/lospoliticosveracruz.com\\\/\",\"name\":\"Los pol\u00edticos Veracruz\",\"description\":\"\",\"publisher\":{\"@id\":\"https:\\\/\\\/lospoliticosveracruz.com\\\/#organization\"},\"potentialAction\":[{\"@type\":\"SearchAction\",\"target\":{\"@type\":\"EntryPoint\",\"urlTemplate\":\"https:\\\/\\\/lospoliticosveracruz.com\\\/?s={search_term_string}\"},\"query-input\":{\"@type\":\"PropertyValueSpecification\",\"valueRequired\":true,\"valueName\":\"search_term_string\"}}],\"inLanguage\":\"es\"},{\"@type\":\"Organization\",\"@id\":\"https:\\\/\\\/lospoliticosveracruz.com\\\/#organization\",\"name\":\"Los pol\u00edticos Veracruz\",\"url\":\"https:\\\/\\\/lospoliticosveracruz.com\\\/\",\"logo\":{\"@type\":\"ImageObject\",\"inLanguage\":\"es\",\"@id\":\"https:\\\/\\\/lospoliticosveracruz.com\\\/#\\\/schema\\\/logo\\\/image\\\/\",\"url\":\"https:\\\/\\\/lospoliticosveracruz.com\\\/wp-content\\\/uploads\\\/2025\\\/12\\\/Logo-Nuevo-LOS-POLITICOS-1.jpg\",\"contentUrl\":\"https:\\\/\\\/lospoliticosveracruz.com\\\/wp-content\\\/uploads\\\/2025\\\/12\\\/Logo-Nuevo-LOS-POLITICOS-1.jpg\",\"width\":260,\"height\":70,\"caption\":\"Los pol\u00edticos Veracruz\"},\"image\":{\"@id\":\"https:\\\/\\\/lospoliticosveracruz.com\\\/#\\\/schema\\\/logo\\\/image\\\/\"},\"sameAs\":[\"https:\\\/\\\/www.facebook.com\\\/people\\\/Notimemes-de-los-Polticos\\\/61565672886568\\\/\",\"https:\\\/\\\/x.com\\\/LosPoliticosVer\"]},{\"@type\":\"Person\",\"@id\":\"https:\\\/\\\/lospoliticosveracruz.com\\\/#\\\/schema\\\/person\\\/b8702bb0e538456e6efd07080bf2a4a2\",\"name\":\"Lo viste en Los Pol\u00edticos\",\"image\":{\"@type\":\"ImageObject\",\"inLanguage\":\"es\",\"@id\":\"https:\\\/\\\/secure.gravatar.com\\\/avatar\\\/3a8de04a2656d44082be478bd6c086daa447c4651605818287b9532d3d0bd435?s=96&d=mm&r=g\",\"url\":\"https:\\\/\\\/secure.gravatar.com\\\/avatar\\\/3a8de04a2656d44082be478bd6c086daa447c4651605818287b9532d3d0bd435?s=96&d=mm&r=g\",\"contentUrl\":\"https:\\\/\\\/secure.gravatar.com\\\/avatar\\\/3a8de04a2656d44082be478bd6c086daa447c4651605818287b9532d3d0bd435?s=96&d=mm&r=g\",\"caption\":\"Lo viste en Los Pol\u00edticos\"},\"url\":\"https:\\\/\\\/lospoliticosveracruz.com\\\/?author=2\"}]}<\/script>\n<!-- \/ Yoast SEO plugin. -->","yoast_head_json":{"title":"En CMAS huele a huelga! - Los pol\u00edticos Veracruz","robots":{"index":"index","follow":"follow","max-snippet":"max-snippet:-1","max-image-preview":"max-image-preview:large","max-video-preview":"max-video-preview:-1"},"canonical":"https:\/\/lospoliticosveracruz.com\/?p=86733","og_locale":"es_ES","og_type":"article","og_title":"En CMAS huele a huelga! - Los pol\u00edticos Veracruz","og_description":"Para los trabajadores de la Comisi\u00f3n Municipal de Agua y Saneamiento de Xalapa, el \u00fanico problema que hay est\u00e1 lejos de \u00abn\u00fameros rojos\u00bb, sino en la actitud de la directora de Administraci\u00f3n, Mar\u00eda Esther Reyes Gonz\u00e1lez, quien desde enero que lleg\u00f3, implement\u00f3 el terrorismo laboral maltratando al personal, desacreditando al Director y hacer uso y [&hellip;]","og_url":"https:\/\/lospoliticosveracruz.com\/?p=86733","og_site_name":"Los pol\u00edticos Veracruz","article_publisher":"https:\/\/www.facebook.com\/people\/Notimemes-de-los-Polticos\/61565672886568\/","article_published_time":"2022-03-02T18:57:08+00:00","article_modified_time":"2022-03-02T18:57:12+00:00","og_image":[{"url":"https:\/\/lospoliticosveracruz.com.mx\/wp-content\/uploads\/2022\/02\/CUMBRE-TAJIN-2022--227x300.jpg","type":"","width":"","height":""}],"author":"Lo viste en Los Pol\u00edticos","twitter_card":"summary_large_image","twitter_creator":"@LosPoliticosVer","twitter_site":"@LosPoliticosVer","twitter_misc":{"Escrito por":"Lo viste en Los Pol\u00edticos","Tiempo de lectura":"2 minutos"},"schema":{"@context":"https:\/\/schema.org","@graph":[{"@type":"Article","@id":"https:\/\/lospoliticosveracruz.com\/?p=86733#article","isPartOf":{"@id":"https:\/\/lospoliticosveracruz.com\/?p=86733"},"author":{"name":"Lo viste en Los Pol\u00edticos","@id":"https:\/\/lospoliticosveracruz.com\/#\/schema\/person\/b8702bb0e538456e6efd07080bf2a4a2"},"headline":"En CMAS huele a huelga!","datePublished":"2022-03-02T18:57:08+00:00","dateModified":"2022-03-02T18:57:12+00:00","mainEntityOfPage":{"@id":"https:\/\/lospoliticosveracruz.com\/?p=86733"},"wordCount":487,"publisher":{"@id":"https:\/\/lospoliticosveracruz.com\/#organization"},"image":{"@id":"https:\/\/lospoliticosveracruz.com\/?p=86733#primaryimage"},"thumbnailUrl":"https:\/\/lospoliticosveracruz.com.mx\/wp-content\/uploads\/2022\/02\/CUMBRE-TAJIN-2022--227x300.jpg","keywords":["CMAS","Comisi\u00f3n Municipal de Agua","Comisi\u00f3n Municipal de Agua Potable y Saneamiento de Xalapa","Mar\u00eda Esther Reyes Gonz\u00e1lez","Morena","Ricardo Ahued Bardahuil","Xalapa"],"articleSection":["Lavadero"],"inLanguage":"es"},{"@type":"WebPage","@id":"https:\/\/lospoliticosveracruz.com\/?p=86733","url":"https:\/\/lospoliticosveracruz.com\/?p=86733","name":"En CMAS huele a huelga! - Los pol\u00edticos Veracruz","isPartOf":{"@id":"https:\/\/lospoliticosveracruz.com\/#website"},"primaryImageOfPage":{"@id":"https:\/\/lospoliticosveracruz.com\/?p=86733#primaryimage"},"image":{"@id":"https:\/\/lospoliticosveracruz.com\/?p=86733#primaryimage"},"thumbnailUrl":"https:\/\/lospoliticosveracruz.com.mx\/wp-content\/uploads\/2022\/02\/CUMBRE-TAJIN-2022--227x300.jpg","datePublished":"2022-03-02T18:57:08+00:00","dateModified":"2022-03-02T18:57:12+00:00","breadcrumb":{"@id":"https:\/\/lospoliticosveracruz.com\/?p=86733#breadcrumb"},"inLanguage":"es","potentialAction":[{"@type":"ReadAction","target":["https:\/\/lospoliticosveracruz.com\/?p=86733"]}]},{"@type":"ImageObject","inLanguage":"es","@id":"https:\/\/lospoliticosveracruz.com\/?p=86733#primaryimage","url":"https:\/\/lospoliticosveracruz.com.mx\/wp-content\/uploads\/2022\/02\/CUMBRE-TAJIN-2022--227x300.jpg","contentUrl":"https:\/\/lospoliticosveracruz.com.mx\/wp-content\/uploads\/2022\/02\/CUMBRE-TAJIN-2022--227x300.jpg"},{"@type":"BreadcrumbList","@id":"https:\/\/lospoliticosveracruz.com\/?p=86733#breadcrumb","itemListElement":[{"@type":"ListItem","position":1,"name":"Portada","item":"https:\/\/lospoliticosveracruz.com\/"},{"@type":"ListItem","position":2,"name":"En CMAS huele a huelga!"}]},{"@type":"WebSite","@id":"https:\/\/lospoliticosveracruz.com\/#website","url":"https:\/\/lospoliticosveracruz.com\/","name":"Los pol\u00edticos Veracruz","description":"","publisher":{"@id":"https:\/\/lospoliticosveracruz.com\/#organization"},"potentialAction":[{"@type":"SearchAction","target":{"@type":"EntryPoint","urlTemplate":"https:\/\/lospoliticosveracruz.com\/?s={search_term_string}"},"query-input":{"@type":"PropertyValueSpecification","valueRequired":true,"valueName":"search_term_string"}}],"inLanguage":"es"},{"@type":"Organization","@id":"https:\/\/lospoliticosveracruz.com\/#organization","name":"Los pol\u00edticos Veracruz","url":"https:\/\/lospoliticosveracruz.com\/","logo":{"@type":"ImageObject","inLanguage":"es","@id":"https:\/\/lospoliticosveracruz.com\/#\/schema\/logo\/image\/","url":"https:\/\/lospoliticosveracruz.com\/wp-content\/uploads\/2025\/12\/Logo-Nuevo-LOS-POLITICOS-1.jpg","contentUrl":"https:\/\/lospoliticosveracruz.com\/wp-content\/uploads\/2025\/12\/Logo-Nuevo-LOS-POLITICOS-1.jpg","width":260,"height":70,"caption":"Los pol\u00edticos Veracruz"},"image":{"@id":"https:\/\/lospoliticosveracruz.com\/#\/schema\/logo\/image\/"},"sameAs":["https:\/\/www.facebook.com\/people\/Notimemes-de-los-Polticos\/61565672886568\/","https:\/\/x.com\/LosPoliticosVer"]},{"@type":"Person","@id":"https:\/\/lospoliticosveracruz.com\/#\/schema\/person\/b8702bb0e538456e6efd07080bf2a4a2","name":"Lo viste en Los Pol\u00edticos","image":{"@type":"ImageObject","inLanguage":"es","@id":"https:\/\/secure.gravatar.com\/avatar\/3a8de04a2656d44082be478bd6c086daa447c4651605818287b9532d3d0bd435?s=96&d=mm&r=g","url":"https:\/\/secure.gravatar.com\/avatar\/3a8de04a2656d44082be478bd6c086daa447c4651605818287b9532d3d0bd435?s=96&d=mm&r=g","contentUrl":"https:\/\/secure.gravatar.com\/avatar\/3a8de04a2656d44082be478bd6c086daa447c4651605818287b9532d3d0bd435?s=96&d=mm&r=g","caption":"Lo viste en Los Pol\u00edticos"},"url":"https:\/\/lospoliticosveracruz.com\/?author=2"}]}},"_links":{"self":[{"href":"https:\/\/lospoliticosveracruz.com\/index.php?rest_route=\/wp\/v2\/posts\/86733","targetHints":{"allow":["GET"]}}],"collection":[{"href":"https:\/\/lospoliticosveracruz.com\/index.php?rest_route=\/wp\/v2\/posts"}],"about":[{"href":"https:\/\/lospoliticosveracruz.com\/index.php?rest_route=\/wp\/v2\/types\/post"}],"author":[{"embeddable":true,"href":"https:\/\/lospoliticosveracruz.com\/index.php?rest_route=\/wp\/v2\/users\/2"}],"replies":[{"embeddable":true,"href":"https:\/\/lospoliticosveracruz.com\/index.php?rest_route=%2Fwp%2Fv2%2Fcomments&post=86733"}],"version-history":[{"count":1,"href":"https:\/\/lospoliticosveracruz.com\/index.php?rest_route=\/wp\/v2\/posts\/86733\/revisions"}],"predecessor-version":[{"id":86735,"href":"https:\/\/lospoliticosveracruz.com\/index.php?rest_route=\/wp\/v2\/posts\/86733\/revisions\/86735"}],"wp:attachment":[{"href":"https:\/\/lospoliticosveracruz.com\/index.php?rest_route=%2Fwp%2Fv2%2Fmedia&parent=86733"}],"wp:term":[{"taxonomy":"category","embeddable":true,"href":"https:\/\/lospoliticosveracruz.com\/index.php?rest_route=%2Fwp%2Fv2%2Fcategories&post=86733"},{"taxonomy":"post_tag","embeddable":true,"href":"https:\/\/lospoliticosveracruz.com\/index.php?rest_route=%2Fwp%2Fv2%2Ftags&post=86733"}],"curies":[{"name":"wp","href":"https:\/\/api.w.org\/{rel}","templated":true}]}}