{"id":86842,"date":"2022-03-04T07:43:37","date_gmt":"2022-03-04T13:43:37","guid":{"rendered":"https:\/\/lospoliticosveracruz.com.mx\/?p=86842"},"modified":"2022-03-04T07:43:43","modified_gmt":"2022-03-04T13:43:43","slug":"baker-hughes-y-nahle","status":"publish","type":"post","link":"https:\/\/lospoliticosveracruz.com\/?p=86842","title":{"rendered":"Baker Hughes y Nahle"},"content":{"rendered":"\n<p><strong>Ricardo Ch\u00faa<br><\/strong><em>Sale y Vale<\/em><\/p>\n\n\n\n<p>OJO\u2026 Cuentan los que saben que s\u00f3lo basto una llamada del secretario de Gobernaci\u00f3n, Ad\u00e1n Augusto L\u00f3pez Hern\u00e1ndez a un alto funcionario de Palacio Nacional para \u00abapagar el fuego\u00bb que hab\u00eda iniciado el gobernador, Cuitl\u00e1huac Garc\u00eda, al desechar la recomendaci\u00f3n de la Comisi\u00f3n Nacional de Derechos Humanos, por los delitos de ultrajes a la autoridad y su pleito con los Ministros de la Suprema Corte de Justicia de la Naci\u00f3n\u2026 Por derogarlos\u2026 Desde CDMX le llamaron a Xalapa y le dijeron: \u00abBASTA\u00bb\u2026 Y ah\u00ed acabo todo\u2026<\/p>\n\n\n\n<div class=\"wp-block-image\"><figure class=\"alignleft size-medium is-resized\"><a href=\"https:\/\/lospoliticosveracruz.com.mx\/wp-content\/uploads\/2022\/02\/CUMBRE-TAJIN-2022-.jpg\"><img loading=\"lazy\" decoding=\"async\" src=\"https:\/\/lospoliticosveracruz.com.mx\/wp-content\/uploads\/2022\/02\/CUMBRE-TAJIN-2022--227x300.jpg\" alt=\"\" class=\"wp-image-86651\" width=\"300\" height=\"450\"\/><\/a><\/figure><\/div>\n\n\n\n<p>Obvio las molestias en Bucareli fueron demasiadas por este tema\u2026 Hasta que canso al secretario de Gobernaci\u00f3n y a Palacio Nacional\u2026 Despu\u00e9s de la advertencia del gobernador con licencia tabasque\u00f1o\u2026 Por eso pararon a Cuitl\u00e1huac\u2026 Los ministros de la SCJN lo llamaban para preguntarle si el tema \u00abVeracruz\u00bb era un asunto de SEGOB\u2026 Y Ad\u00e1n Augusto siempre respond\u00eda: \u00abNo es tema de la federaci\u00f3n, es tema del gobernador\u00bb\u2026 Hasta que se cansaron y listo\u2026 TODO ACABO\u2026 TAN\u2026 TAN..<\/p>\n\n\n\n<p>NAHLE, \u00bfBAJO LUPA?\u2026 Despu\u00e9s de la publicaci\u00f3n del peri\u00f3dico \u00abReforma\u00bb, de que la empresa \u00abBaker Hughes\u00bb, conocida porque fue la firma texana que le rent\u00f3 la famosa \u00abCasa Gris\u00bb a Jos\u00e9 Ram\u00f3n L\u00f3pez Beltr\u00e1n, hijo del Presidente, Andr\u00e9s Manuel L\u00f3pez Obrador, estaba metida hasta el \u00abcuello\u00bb con obras y contratos en la Refiner\u00eda \u00abDos Bocas\u00bb en Tabasco, de m\u00e1s de 5 mil millones de pesos\u2026 Los ojos se pusieron encima de la titular de la SENER, Rocio Nahle\u2026 Pero sobre todo la de sus enemigos\u2026 No s\u00f3lo en Veracruz, sino en M\u00e9xico\u2026<\/p>\n\n\n\n<p>M\u00e1s cuando a ella la ven como una de las pr\u00f3ximas candidatas de MORENA al gobierno estatal de Veracruz en 2024 para suceder a Cuitl\u00e1huac Garc\u00eda\u2026 Las redes sociales no dejaron de \u00edrsele encima\u2026 Sobre todo cuando dentro del \u00abc\u00edrculo rojo\u00bb del poder\u2026 Saben que es la \u00abMente Brillante\u00bb que maneja al gobernador de Veracruz y a medio gabinete\u2026 Y que estas actitudes tomadas por Cuitl\u00e1huac Garc\u00eda en estos meses, de enfrentarse con todo mundo, son parecidas a las que tomaba ella cuando era diputada federal y ahora alta funcionaria federal\u2026<\/p>\n\n\n\n<p>Ya que tambi\u00e9n se\u00f1alaban estas redes sociales de que era sabida la cercan\u00eda que guarda Rocio Nahle con los hijos del Presidente, L\u00f3pez Obrador\u2026 Y que por eso, no era raro que este tipo de contratos llamados: \u00abInvitaci\u00f3n restringida a proveedores preseleccionados\u00bb y \u00abProceso de Selecci\u00f3n de Proveedor\u00bb, hayan sido entregados directamente a esta empresa texana en la refiner\u00eda \u00abDos Bocas\u00bb\u2026 Por ello, los comentarios se\u00f1alaban que el esc\u00e1ndalo de la \u00abCasa Gris\u00bb apuntaba tambi\u00e9n hasta SENER\u2026 Qu\u00e9 casos\u2026<\/p>\n\n\n\n<p>Algunos comentarios hasta se mofaban del tema Veracruz\u2026 Ya que se\u00f1alaban que hasta cre\u00edan que \u00abBaker Hughes\u00bb iba a \u00ababonar\u00bb lo necesario para las campa\u00f1as de MORENA en 2024\u2026 Hasta de ser necesario \u00abcomprar\u00bb la Casa Veracruz en Xalapa.. As\u00ed de fuertes estuvieron las anotaciones de las redes sociales que daban vuelo publicando la nota de el peri\u00f3dico \u00abReforma\u00bb\u2026 Y todo derivado por la \u00abCasa Gris\u00bb donde est\u00e1 involucrado el hijo mayor del Presidente de M\u00e9xico\u2026<\/p>\n\n\n\n<p>Otros comentarios, al respecto , fueron m\u00e1s all\u00e1\u2026 Ya que en el tema 2024 en Veracruz se\u00f1alaba que a Carlos Slim le interesaba sus inversiones en la entidad, v\u00eda Sergio Guti\u00e9rrez Luna\u2026 Que hasta una hamburguesa comieron en Sanborns\u2026 Mientras que a \u00abBaker\u00bb le interesa la zacatecana para que cuide sus intereses en Tabasco y a cambio le \u00abregalar\u00eda\u00bb el Palacio de Gobierno en Xalapa\u2026 Tal como sucedi\u00f3 con Jos\u00e9 Ram\u00f3n L\u00f3pez Beltr\u00e1n y la \u00abCasa Gris\u00bb en Texas\u2026<\/p>\n\n\n\n<p>Pero lo m\u00e1s grave\u2026 Son los fuertes comentarios, que se\u00f1alan las PRESUNTAS \u00abSOMBRAS\u00bb de la corrupci\u00f3n en el gobierno federal\u2026 Que rondan en la construcci\u00f3n de la Refiner\u00eda de \u00abDos Bocas\u00bb en Tabasco\u2026 Ya que aunque se niegue por parte de Palacio Nacional\u2026 El peri\u00f3dico \u00abReforma\u00bb dio a conocer, que la empresa \u00abBaker Hughes\u00bb participa con asignaci\u00f3n de obra\u2026 Que fue asignada sin licitaci\u00f3n, por esos 5 mil millones de pesos\u2026 CA\u00d1\u00d3N..<\/p>\n\n\n\n<p>Sobre todo porque este \u00abReformazo\u00bb\u2026. Se presenta a s\u00f3lo unas semanas, que \u00abMexicanos Contra la Corrupci\u00f3n\u00bb se\u00f1alar\u00e1 v\u00eda Carlos Loret, en su programa de investigaci\u00f3n period\u00edstica, de que dicha empresa petrolera texana\u2026 Estuviera implicada en un conflicto de intereses por prestarle una casa propiedad de uno de sus altos directivos, al hijo del presidente de la Rep\u00fablica, Jos\u00e9 Ram\u00f3n L\u00f3pez Beltran\u2026 Por eso ahora este asunto tiene a Rocio Nahle bajo sospecha\u2026<\/p>\n\n\n\n<p>Ya que todo hace pensar que en el tema de las obras y contratos que se dan en la construcci\u00f3n de la Refiner\u00eda \u00abDos Bocas\u00bb es la propia titular de la SENER, Roc\u00edo Nahle\u2026 Previo acuerdo con Palacio Nacional\u2026 As\u00ed que ser\u00eda ella, quien las asigna de manera directa\u2026 La cual despu\u00e9s de lo publicado por el peri\u00f3dico \u00abReforma\u00bb tendr\u00e1 mucho que explicar, por lo menos medi\u00e1ticamente, si este nuevo esc\u00e1ndalo \u00abestalla\u00bb en la opini\u00f3n p\u00fablica\u2026 Como sucedi\u00f3 con la Casa Gris\u2026<\/p>\n\n\n\n<p>As\u00ed que de seguir con denuncias medi\u00e1ticas sobre PRESUNTOS hechos de corrupci\u00f3n en la edificaci\u00f3n de esta refiner\u00eda en Tabasco\u2026 Obvio que va a ser un problema para la actual secretaria de Energ\u00eda\u2026 Pero su problema, m\u00e1s grave, que es lo que todos est\u00e1n esperando, ser\u00e1 que la refiner\u00eda realmente funcione o se convierta como el \u00abTren Maya\u00bb o el aeropuerto \u00abFelipe \u00c1ngeles\u00bb en \u00abelefantes blancos\u00bb o bien en obras in\u00fatiles\u2026. En ello le va su candidatura en 2024\u2026 AMEN\u2026<\/p>\n","protected":false},"excerpt":{"rendered":"<p>Ricardo Ch\u00faaSale y Vale OJO\u2026 Cuentan los que saben que s\u00f3lo basto una llamada del secretario de Gobernaci\u00f3n, Ad\u00e1n Augusto L\u00f3pez Hern\u00e1ndez a un alto funcionario de Palacio Nacional para \u00abapagar el fuego\u00bb que hab\u00eda iniciado el gobernador, Cuitl\u00e1huac Garc\u00eda, al desechar la recomendaci\u00f3n de la Comisi\u00f3n Nacional de Derechos Humanos, por los delitos de [&hellip;]<\/p>\n","protected":false},"author":2,"featured_media":0,"comment_status":"closed","ping_status":"closed","sticky":false,"template":"","format":"standard","meta":{"tdm_status":"","tdm_grid_status":"","footnotes":""},"categories":[70],"tags":[32388,1563,29753,1026,26717,16147,195],"class_list":{"0":"post-86842","1":"post","2":"type-post","3":"status-publish","4":"format-standard","6":"category-de-opinion","7":"tag-casa-gris","8":"tag-cuitlahuac-garcia-jimenez","9":"tag-jose-ramon-lopez-beltran","10":"tag-morena","11":"tag-rocio-nahle-2","12":"tag-sergio-gutierrez-luna","13":"tag-veracruz"},"yoast_head":"<!-- This site is optimized with the Yoast SEO plugin v27.4 - https:\/\/yoast.com\/product\/yoast-seo-wordpress\/ -->\n<title>Baker Hughes y Nahle - Los pol\u00edticos Veracruz<\/title>\n<meta name=\"robots\" content=\"index, follow, max-snippet:-1, max-image-preview:large, max-video-preview:-1\" \/>\n<link rel=\"canonical\" href=\"https:\/\/lospoliticosveracruz.com\/?p=86842\" \/>\n<meta property=\"og:locale\" content=\"es_ES\" \/>\n<meta property=\"og:type\" content=\"article\" \/>\n<meta property=\"og:title\" content=\"Baker Hughes y Nahle - Los pol\u00edticos Veracruz\" \/>\n<meta property=\"og:description\" content=\"Ricardo Ch\u00faaSale y Vale OJO\u2026 Cuentan los que saben que s\u00f3lo basto una llamada del secretario de Gobernaci\u00f3n, Ad\u00e1n Augusto L\u00f3pez Hern\u00e1ndez a un alto funcionario de Palacio Nacional para \u00abapagar el fuego\u00bb que hab\u00eda iniciado el gobernador, Cuitl\u00e1huac Garc\u00eda, al desechar la recomendaci\u00f3n de la Comisi\u00f3n Nacional de Derechos Humanos, por los delitos de [&hellip;]\" \/>\n<meta property=\"og:url\" content=\"https:\/\/lospoliticosveracruz.com\/?p=86842\" \/>\n<meta property=\"og:site_name\" content=\"Los pol\u00edticos Veracruz\" \/>\n<meta property=\"article:publisher\" content=\"https:\/\/www.facebook.com\/people\/Notimemes-de-los-Polticos\/61565672886568\/\" \/>\n<meta property=\"article:published_time\" content=\"2022-03-04T13:43:37+00:00\" \/>\n<meta property=\"article:modified_time\" content=\"2022-03-04T13:43:43+00:00\" \/>\n<meta property=\"og:image\" content=\"https:\/\/lospoliticosveracruz.com.mx\/wp-content\/uploads\/2022\/02\/CUMBRE-TAJIN-2022--227x300.jpg\" \/>\n<meta name=\"author\" content=\"Lo viste en Los Pol\u00edticos\" \/>\n<meta name=\"twitter:card\" content=\"summary_large_image\" \/>\n<meta name=\"twitter:creator\" content=\"@LosPoliticosVer\" \/>\n<meta name=\"twitter:site\" content=\"@LosPoliticosVer\" \/>\n<meta name=\"twitter:label1\" content=\"Escrito por\" \/>\n\t<meta name=\"twitter:data1\" content=\"Lo viste en Los Pol\u00edticos\" \/>\n\t<meta name=\"twitter:label2\" content=\"Tiempo de lectura\" \/>\n\t<meta name=\"twitter:data2\" content=\"5 minutos\" \/>\n<script type=\"application\/ld+json\" class=\"yoast-schema-graph\">{\"@context\":\"https:\\\/\\\/schema.org\",\"@graph\":[{\"@type\":\"Article\",\"@id\":\"https:\\\/\\\/lospoliticosveracruz.com\\\/?p=86842#article\",\"isPartOf\":{\"@id\":\"https:\\\/\\\/lospoliticosveracruz.com\\\/?p=86842\"},\"author\":{\"name\":\"Lo viste en Los Pol\u00edticos\",\"@id\":\"https:\\\/\\\/lospoliticosveracruz.com\\\/#\\\/schema\\\/person\\\/b8702bb0e538456e6efd07080bf2a4a2\"},\"headline\":\"Baker Hughes y Nahle\",\"datePublished\":\"2022-03-04T13:43:37+00:00\",\"dateModified\":\"2022-03-04T13:43:43+00:00\",\"mainEntityOfPage\":{\"@id\":\"https:\\\/\\\/lospoliticosveracruz.com\\\/?p=86842\"},\"wordCount\":987,\"publisher\":{\"@id\":\"https:\\\/\\\/lospoliticosveracruz.com\\\/#organization\"},\"image\":{\"@id\":\"https:\\\/\\\/lospoliticosveracruz.com\\\/?p=86842#primaryimage\"},\"thumbnailUrl\":\"https:\\\/\\\/lospoliticosveracruz.com.mx\\\/wp-content\\\/uploads\\\/2022\\\/02\\\/CUMBRE-TAJIN-2022--227x300.jpg\",\"keywords\":[\"Casa Gris\",\"Cuitl\u00e1huac Garc\u00eda Jim\u00e9nez\",\"Jos\u00e9 Ram\u00f3n L\u00f3pez Beltr\u00e1n\",\"Morena\",\"Rocio Nahle\",\"Sergio Guti\u00e9rrez Luna\",\"Veracruz\"],\"articleSection\":[\"De Opini\u00f3n\"],\"inLanguage\":\"es\"},{\"@type\":\"WebPage\",\"@id\":\"https:\\\/\\\/lospoliticosveracruz.com\\\/?p=86842\",\"url\":\"https:\\\/\\\/lospoliticosveracruz.com\\\/?p=86842\",\"name\":\"Baker Hughes y Nahle - Los pol\u00edticos Veracruz\",\"isPartOf\":{\"@id\":\"https:\\\/\\\/lospoliticosveracruz.com\\\/#website\"},\"primaryImageOfPage\":{\"@id\":\"https:\\\/\\\/lospoliticosveracruz.com\\\/?p=86842#primaryimage\"},\"image\":{\"@id\":\"https:\\\/\\\/lospoliticosveracruz.com\\\/?p=86842#primaryimage\"},\"thumbnailUrl\":\"https:\\\/\\\/lospoliticosveracruz.com.mx\\\/wp-content\\\/uploads\\\/2022\\\/02\\\/CUMBRE-TAJIN-2022--227x300.jpg\",\"datePublished\":\"2022-03-04T13:43:37+00:00\",\"dateModified\":\"2022-03-04T13:43:43+00:00\",\"breadcrumb\":{\"@id\":\"https:\\\/\\\/lospoliticosveracruz.com\\\/?p=86842#breadcrumb\"},\"inLanguage\":\"es\",\"potentialAction\":[{\"@type\":\"ReadAction\",\"target\":[\"https:\\\/\\\/lospoliticosveracruz.com\\\/?p=86842\"]}]},{\"@type\":\"ImageObject\",\"inLanguage\":\"es\",\"@id\":\"https:\\\/\\\/lospoliticosveracruz.com\\\/?p=86842#primaryimage\",\"url\":\"https:\\\/\\\/lospoliticosveracruz.com.mx\\\/wp-content\\\/uploads\\\/2022\\\/02\\\/CUMBRE-TAJIN-2022--227x300.jpg\",\"contentUrl\":\"https:\\\/\\\/lospoliticosveracruz.com.mx\\\/wp-content\\\/uploads\\\/2022\\\/02\\\/CUMBRE-TAJIN-2022--227x300.jpg\"},{\"@type\":\"BreadcrumbList\",\"@id\":\"https:\\\/\\\/lospoliticosveracruz.com\\\/?p=86842#breadcrumb\",\"itemListElement\":[{\"@type\":\"ListItem\",\"position\":1,\"name\":\"Portada\",\"item\":\"https:\\\/\\\/lospoliticosveracruz.com\\\/\"},{\"@type\":\"ListItem\",\"position\":2,\"name\":\"Baker Hughes y Nahle\"}]},{\"@type\":\"WebSite\",\"@id\":\"https:\\\/\\\/lospoliticosveracruz.com\\\/#website\",\"url\":\"https:\\\/\\\/lospoliticosveracruz.com\\\/\",\"name\":\"Los pol\u00edticos Veracruz\",\"description\":\"\",\"publisher\":{\"@id\":\"https:\\\/\\\/lospoliticosveracruz.com\\\/#organization\"},\"potentialAction\":[{\"@type\":\"SearchAction\",\"target\":{\"@type\":\"EntryPoint\",\"urlTemplate\":\"https:\\\/\\\/lospoliticosveracruz.com\\\/?s={search_term_string}\"},\"query-input\":{\"@type\":\"PropertyValueSpecification\",\"valueRequired\":true,\"valueName\":\"search_term_string\"}}],\"inLanguage\":\"es\"},{\"@type\":\"Organization\",\"@id\":\"https:\\\/\\\/lospoliticosveracruz.com\\\/#organization\",\"name\":\"Los pol\u00edticos Veracruz\",\"url\":\"https:\\\/\\\/lospoliticosveracruz.com\\\/\",\"logo\":{\"@type\":\"ImageObject\",\"inLanguage\":\"es\",\"@id\":\"https:\\\/\\\/lospoliticosveracruz.com\\\/#\\\/schema\\\/logo\\\/image\\\/\",\"url\":\"https:\\\/\\\/lospoliticosveracruz.com\\\/wp-content\\\/uploads\\\/2025\\\/12\\\/Logo-Nuevo-LOS-POLITICOS-1.jpg\",\"contentUrl\":\"https:\\\/\\\/lospoliticosveracruz.com\\\/wp-content\\\/uploads\\\/2025\\\/12\\\/Logo-Nuevo-LOS-POLITICOS-1.jpg\",\"width\":260,\"height\":70,\"caption\":\"Los pol\u00edticos Veracruz\"},\"image\":{\"@id\":\"https:\\\/\\\/lospoliticosveracruz.com\\\/#\\\/schema\\\/logo\\\/image\\\/\"},\"sameAs\":[\"https:\\\/\\\/www.facebook.com\\\/people\\\/Notimemes-de-los-Polticos\\\/61565672886568\\\/\",\"https:\\\/\\\/x.com\\\/LosPoliticosVer\"]},{\"@type\":\"Person\",\"@id\":\"https:\\\/\\\/lospoliticosveracruz.com\\\/#\\\/schema\\\/person\\\/b8702bb0e538456e6efd07080bf2a4a2\",\"name\":\"Lo viste en Los Pol\u00edticos\",\"image\":{\"@type\":\"ImageObject\",\"inLanguage\":\"es\",\"@id\":\"https:\\\/\\\/secure.gravatar.com\\\/avatar\\\/3a8de04a2656d44082be478bd6c086daa447c4651605818287b9532d3d0bd435?s=96&d=mm&r=g\",\"url\":\"https:\\\/\\\/secure.gravatar.com\\\/avatar\\\/3a8de04a2656d44082be478bd6c086daa447c4651605818287b9532d3d0bd435?s=96&d=mm&r=g\",\"contentUrl\":\"https:\\\/\\\/secure.gravatar.com\\\/avatar\\\/3a8de04a2656d44082be478bd6c086daa447c4651605818287b9532d3d0bd435?s=96&d=mm&r=g\",\"caption\":\"Lo viste en Los Pol\u00edticos\"},\"url\":\"https:\\\/\\\/lospoliticosveracruz.com\\\/?author=2\"}]}<\/script>\n<!-- \/ Yoast SEO plugin. -->","yoast_head_json":{"title":"Baker Hughes y Nahle - Los pol\u00edticos Veracruz","robots":{"index":"index","follow":"follow","max-snippet":"max-snippet:-1","max-image-preview":"max-image-preview:large","max-video-preview":"max-video-preview:-1"},"canonical":"https:\/\/lospoliticosveracruz.com\/?p=86842","og_locale":"es_ES","og_type":"article","og_title":"Baker Hughes y Nahle - Los pol\u00edticos Veracruz","og_description":"Ricardo Ch\u00faaSale y Vale OJO\u2026 Cuentan los que saben que s\u00f3lo basto una llamada del secretario de Gobernaci\u00f3n, Ad\u00e1n Augusto L\u00f3pez Hern\u00e1ndez a un alto funcionario de Palacio Nacional para \u00abapagar el fuego\u00bb que hab\u00eda iniciado el gobernador, Cuitl\u00e1huac Garc\u00eda, al desechar la recomendaci\u00f3n de la Comisi\u00f3n Nacional de Derechos Humanos, por los delitos de [&hellip;]","og_url":"https:\/\/lospoliticosveracruz.com\/?p=86842","og_site_name":"Los pol\u00edticos Veracruz","article_publisher":"https:\/\/www.facebook.com\/people\/Notimemes-de-los-Polticos\/61565672886568\/","article_published_time":"2022-03-04T13:43:37+00:00","article_modified_time":"2022-03-04T13:43:43+00:00","og_image":[{"url":"https:\/\/lospoliticosveracruz.com.mx\/wp-content\/uploads\/2022\/02\/CUMBRE-TAJIN-2022--227x300.jpg","type":"","width":"","height":""}],"author":"Lo viste en Los Pol\u00edticos","twitter_card":"summary_large_image","twitter_creator":"@LosPoliticosVer","twitter_site":"@LosPoliticosVer","twitter_misc":{"Escrito por":"Lo viste en Los Pol\u00edticos","Tiempo de lectura":"5 minutos"},"schema":{"@context":"https:\/\/schema.org","@graph":[{"@type":"Article","@id":"https:\/\/lospoliticosveracruz.com\/?p=86842#article","isPartOf":{"@id":"https:\/\/lospoliticosveracruz.com\/?p=86842"},"author":{"name":"Lo viste en Los Pol\u00edticos","@id":"https:\/\/lospoliticosveracruz.com\/#\/schema\/person\/b8702bb0e538456e6efd07080bf2a4a2"},"headline":"Baker Hughes y Nahle","datePublished":"2022-03-04T13:43:37+00:00","dateModified":"2022-03-04T13:43:43+00:00","mainEntityOfPage":{"@id":"https:\/\/lospoliticosveracruz.com\/?p=86842"},"wordCount":987,"publisher":{"@id":"https:\/\/lospoliticosveracruz.com\/#organization"},"image":{"@id":"https:\/\/lospoliticosveracruz.com\/?p=86842#primaryimage"},"thumbnailUrl":"https:\/\/lospoliticosveracruz.com.mx\/wp-content\/uploads\/2022\/02\/CUMBRE-TAJIN-2022--227x300.jpg","keywords":["Casa Gris","Cuitl\u00e1huac Garc\u00eda Jim\u00e9nez","Jos\u00e9 Ram\u00f3n L\u00f3pez Beltr\u00e1n","Morena","Rocio Nahle","Sergio Guti\u00e9rrez Luna","Veracruz"],"articleSection":["De Opini\u00f3n"],"inLanguage":"es"},{"@type":"WebPage","@id":"https:\/\/lospoliticosveracruz.com\/?p=86842","url":"https:\/\/lospoliticosveracruz.com\/?p=86842","name":"Baker Hughes y Nahle - Los pol\u00edticos Veracruz","isPartOf":{"@id":"https:\/\/lospoliticosveracruz.com\/#website"},"primaryImageOfPage":{"@id":"https:\/\/lospoliticosveracruz.com\/?p=86842#primaryimage"},"image":{"@id":"https:\/\/lospoliticosveracruz.com\/?p=86842#primaryimage"},"thumbnailUrl":"https:\/\/lospoliticosveracruz.com.mx\/wp-content\/uploads\/2022\/02\/CUMBRE-TAJIN-2022--227x300.jpg","datePublished":"2022-03-04T13:43:37+00:00","dateModified":"2022-03-04T13:43:43+00:00","breadcrumb":{"@id":"https:\/\/lospoliticosveracruz.com\/?p=86842#breadcrumb"},"inLanguage":"es","potentialAction":[{"@type":"ReadAction","target":["https:\/\/lospoliticosveracruz.com\/?p=86842"]}]},{"@type":"ImageObject","inLanguage":"es","@id":"https:\/\/lospoliticosveracruz.com\/?p=86842#primaryimage","url":"https:\/\/lospoliticosveracruz.com.mx\/wp-content\/uploads\/2022\/02\/CUMBRE-TAJIN-2022--227x300.jpg","contentUrl":"https:\/\/lospoliticosveracruz.com.mx\/wp-content\/uploads\/2022\/02\/CUMBRE-TAJIN-2022--227x300.jpg"},{"@type":"BreadcrumbList","@id":"https:\/\/lospoliticosveracruz.com\/?p=86842#breadcrumb","itemListElement":[{"@type":"ListItem","position":1,"name":"Portada","item":"https:\/\/lospoliticosveracruz.com\/"},{"@type":"ListItem","position":2,"name":"Baker Hughes y Nahle"}]},{"@type":"WebSite","@id":"https:\/\/lospoliticosveracruz.com\/#website","url":"https:\/\/lospoliticosveracruz.com\/","name":"Los pol\u00edticos Veracruz","description":"","publisher":{"@id":"https:\/\/lospoliticosveracruz.com\/#organization"},"potentialAction":[{"@type":"SearchAction","target":{"@type":"EntryPoint","urlTemplate":"https:\/\/lospoliticosveracruz.com\/?s={search_term_string}"},"query-input":{"@type":"PropertyValueSpecification","valueRequired":true,"valueName":"search_term_string"}}],"inLanguage":"es"},{"@type":"Organization","@id":"https:\/\/lospoliticosveracruz.com\/#organization","name":"Los pol\u00edticos Veracruz","url":"https:\/\/lospoliticosveracruz.com\/","logo":{"@type":"ImageObject","inLanguage":"es","@id":"https:\/\/lospoliticosveracruz.com\/#\/schema\/logo\/image\/","url":"https:\/\/lospoliticosveracruz.com\/wp-content\/uploads\/2025\/12\/Logo-Nuevo-LOS-POLITICOS-1.jpg","contentUrl":"https:\/\/lospoliticosveracruz.com\/wp-content\/uploads\/2025\/12\/Logo-Nuevo-LOS-POLITICOS-1.jpg","width":260,"height":70,"caption":"Los pol\u00edticos Veracruz"},"image":{"@id":"https:\/\/lospoliticosveracruz.com\/#\/schema\/logo\/image\/"},"sameAs":["https:\/\/www.facebook.com\/people\/Notimemes-de-los-Polticos\/61565672886568\/","https:\/\/x.com\/LosPoliticosVer"]},{"@type":"Person","@id":"https:\/\/lospoliticosveracruz.com\/#\/schema\/person\/b8702bb0e538456e6efd07080bf2a4a2","name":"Lo viste en Los Pol\u00edticos","image":{"@type":"ImageObject","inLanguage":"es","@id":"https:\/\/secure.gravatar.com\/avatar\/3a8de04a2656d44082be478bd6c086daa447c4651605818287b9532d3d0bd435?s=96&d=mm&r=g","url":"https:\/\/secure.gravatar.com\/avatar\/3a8de04a2656d44082be478bd6c086daa447c4651605818287b9532d3d0bd435?s=96&d=mm&r=g","contentUrl":"https:\/\/secure.gravatar.com\/avatar\/3a8de04a2656d44082be478bd6c086daa447c4651605818287b9532d3d0bd435?s=96&d=mm&r=g","caption":"Lo viste en Los Pol\u00edticos"},"url":"https:\/\/lospoliticosveracruz.com\/?author=2"}]}},"_links":{"self":[{"href":"https:\/\/lospoliticosveracruz.com\/index.php?rest_route=\/wp\/v2\/posts\/86842","targetHints":{"allow":["GET"]}}],"collection":[{"href":"https:\/\/lospoliticosveracruz.com\/index.php?rest_route=\/wp\/v2\/posts"}],"about":[{"href":"https:\/\/lospoliticosveracruz.com\/index.php?rest_route=\/wp\/v2\/types\/post"}],"author":[{"embeddable":true,"href":"https:\/\/lospoliticosveracruz.com\/index.php?rest_route=\/wp\/v2\/users\/2"}],"replies":[{"embeddable":true,"href":"https:\/\/lospoliticosveracruz.com\/index.php?rest_route=%2Fwp%2Fv2%2Fcomments&post=86842"}],"version-history":[{"count":1,"href":"https:\/\/lospoliticosveracruz.com\/index.php?rest_route=\/wp\/v2\/posts\/86842\/revisions"}],"predecessor-version":[{"id":86844,"href":"https:\/\/lospoliticosveracruz.com\/index.php?rest_route=\/wp\/v2\/posts\/86842\/revisions\/86844"}],"wp:attachment":[{"href":"https:\/\/lospoliticosveracruz.com\/index.php?rest_route=%2Fwp%2Fv2%2Fmedia&parent=86842"}],"wp:term":[{"taxonomy":"category","embeddable":true,"href":"https:\/\/lospoliticosveracruz.com\/index.php?rest_route=%2Fwp%2Fv2%2Fcategories&post=86842"},{"taxonomy":"post_tag","embeddable":true,"href":"https:\/\/lospoliticosveracruz.com\/index.php?rest_route=%2Fwp%2Fv2%2Ftags&post=86842"}],"curies":[{"name":"wp","href":"https:\/\/api.w.org\/{rel}","templated":true}]}}