{"id":86935,"date":"2022-03-07T07:51:52","date_gmt":"2022-03-07T13:51:52","guid":{"rendered":"https:\/\/lospoliticosveracruz.com.mx\/?p=86935"},"modified":"2022-03-07T08:12:26","modified_gmt":"2022-03-07T14:12:26","slug":"el-gallo-de-slim-en-veracruz","status":"publish","type":"post","link":"https:\/\/lospoliticosveracruz.com\/?p=86935","title":{"rendered":"El Gallo de Slim en Veracruz"},"content":{"rendered":"\n<p><\/p>\n\n\n\n<p><br><strong>Ricardo Ch\u00faa<\/strong><br><em>Sale y Vale<\/em><\/p>\n\n\n\n<p>Pese a que muchos en Veracruz y CDMX tomaron la realizaci\u00f3n de foros sobre la Reforma Energ\u00e9tica en Minatitl\u00e1n.. Como una lucha \u00abcuerpo a cuerpo\u00bb entre Rocio Nahle y Sergio Guti\u00e9rrez con miras a la sucesi\u00f3n estatal del 2024\u2026 Dentro de MORENA\u2026 NADIE CAPT\u00d3 el verdadero MENSAJE que mand\u00f3 el empresario m\u00e1s rico de M\u00e9xico y aliado desde 2000 de Andr\u00e9s Manuel L\u00f3pez Obrador\u2026 Que fue el hacer EVIDENTE que ya tiene \u00abgallo\u00bb en Veracruz y ese es Sergio Guti\u00e9rrez Luna\u2026<\/p>\n\n\n\n<div class=\"wp-block-image\"><figure class=\"alignleft size-full is-resized\"><a href=\"https:\/\/lospoliticosveracruz.com.mx\/wp-content\/uploads\/2022\/02\/CUMBRE-TAJIN-2022-.jpg\"><img loading=\"lazy\" decoding=\"async\" src=\"https:\/\/lospoliticosveracruz.com.mx\/wp-content\/uploads\/2022\/02\/CUMBRE-TAJIN-2022-.jpg\" alt=\"\" class=\"wp-image-86651\" width=\"350\" height=\"450\"\/><\/a><\/figure><\/div>\n\n\n\n<p>As\u00ed que para efectos pr\u00e1cticos, el tema de los dos foros realizados en Minatitl\u00e1n s\u00f3lo fueron para puro efecto medi\u00e1tico\u2026 Ya que esto bien lo pudieron hacer en CDMX en la c\u00e1mara de diputados federales y no pasaba nada.. Pero no\u2026 El tema era traerlo a la tierra de Guti\u00e9rrez Luna para que desde ese municipio petrolero\u2026 El mensaje llegar\u00e1 hasta SENER y la Refiner\u00eda \u00abDos Bocas\u00bb, el due\u00f1o del Grupo CARSO ten\u00eda un \u00abDelf\u00edn\u00bb para Veracruz como en 2006 lo hizo tambi\u00e9n en CDMX con Marcelo Ebrard\u2026 Y MIREN\u2026<\/p>\n\n\n\n<p>Este mensaje POL\u00cdTICO-MEDI\u00c1TICO fue transmitido directamente por el diputado federal de MORENA, Antonio P\u00e9rez Garibay\u2026 Padre del famoso corredor de autos de la F\u00f3rmula 1, Sergio \u00abEl Cheko\u00bb P\u00e9rez\u2026 Cuya escuder\u00eda es apoyada por TELMEX propiedad de Carlos Slim\u2026 Pr\u00e1cticamente la permanencia del \u00abCheko\u00bb en ese \u00abcereal\u00bb depende de la familia Slim Domit y Slim Hel\u00fa\u2026 Cuyas cabezas con Carlos Slim y Carlos Slim junior\u2026 As\u00ed que todo lo que dice Antonio P\u00e9rez Garibay siempre es cuidando los intereses del grupo \u00abCarso\u00bb\u2026<\/p>\n\n\n\n<p>En CDMX dentro del \u00abc\u00edrculo del poder\u00bb de MORENA\u2026 Saben muy bien, que Antonio P\u00e9rez Garibay es una persona reservada, que no acude a eventos p\u00fablicos que lo invitan por todos lados por ser cercano a Carlos Slim y por ser pap\u00e1 de \u00abCheko\u00bb P\u00e9rez\u2026 Es un legislador muy al estilo americano\u2026 Toda postura pol\u00edtica que toma en su car\u00e1cter de diputado federal, la consulta a ese grupo empresarial adem\u00e1s de Palacio Nacional\u2026 Es decir, sin \u00abautorizaci\u00f3n\u00bb simplemente no viene y vino a Minatitl\u00e1n\u2026 Con su otro \u00abCheko\u00bb\u2026 Pero \u00e9ste Guti\u00e9rrez Luna\u2026<\/p>\n\n\n\n<p>Ser\u00e1 el \u00absereno\u00bb pero fue P\u00e9rez Garibay\u2026 El que inici\u00f3 en Minatitl\u00e1n, en la comida a d\u00f3nde fueron los diputados federales despu\u00e9s del Foro.. Uno de los principales que empez\u00f3 a gritar a lado de Guti\u00e9rrez Luna: \u00abGobernador, gobernador, gobernador\u00bb\u2026 Nadie supo si lo hizo por el Minatitleco para Veracruz o por \u00e9l al estado de Jalisco\u2026 Los dos ser\u00edan para el 2024\u2026 Bien dicen que \u00abEn pol\u00edtica, las coincidencias no existen\u00bb\u2026 Pero por lo visto, para la VISI\u00d3N de un personaje como Carlos Slim, pues, tampoco\u2026 Los intereses y la pol\u00edtica van de la mano\u2026<\/p>\n\n\n\n<p>Por algo, el minatitleco llev\u00f3 al \u00abterru\u00f1o querido\u00bb a 50 legisladores federales de MORENA, PT y PVEM\u2026 Para este evento que culminar\u00e1 en las pr\u00f3ximas semanas donde se ver\u00e1 si la Reforma El\u00e9ctrica enviada por el titular del Poder Ejecutivo, es aprobada\u2026 Se vio el respaldo y la empat\u00eda de sus pares y al mismo tiempo el apoyo de los miembros de MORENA que no comulgan con Cuitl\u00e1huac Garc\u00eda y Rocio Nahle\u2026 Eso fue m\u00e1s que evidente..<\/p>\n\n\n\n<p>Mientras que en \u00abla casa de enfrente\u00bb\u2026 El equipo de Cuitl\u00e1huac-Nahle y G\u00f3mez Cazar\u00edn s\u00f3lo se\u00f1alaron que la titular de SENER tuvo m\u00e1s \u00abfuerza\u00bb que el minatitleco\u2026 Y que siendo aliada de L\u00f3pez Obrador, pues, todo el camino se le abr\u00eda al 2024\u2026 Dando entender que en esta zona sur manda la zacatecana\u2026 Siendo jefa de alcaldes, diputados locales y federales\u2026 Para su proyecto pol\u00edtico en Veracruz.. El problema para Nahle es que el principal ALIADO empresarial de AMLO tiene una VISI\u00d3N DISTINTA\u2026. Y ante eso CONSUMATUM EST\u2026<\/p>\n\n\n\n<p>PRD AL 2024\u2026 Los que siguen viendo la manera de penetrar a la opini\u00f3n p\u00fablica y ciudadan\u00eda con miras a la sucesi\u00f3n estatal del 2024 en Veracruz, es el PRD\u2026 Su dirigente estatal, Sergio Cadena Mart\u00ednez anda dialogando con todos los personajes que no han encontrado cabida en el partido de izquierda en el poder. MORENA y que est\u00e1n buscando participaci\u00f3n pol\u00edtica en la entidad, de los grupos que no son afines a Cuitl\u00e1huac Garc\u00eda o al gobierno de Veracruz..<\/p>\n\n\n\n<p>Al parecer est\u00e1n rescatando la formalidad de las \u00abviejas\u00bb formas de hacer pol\u00edtica\u2026 Las que no fallan por ser directas para obtener resultados\u2026 Y lo \u00fanico que le queda hacer al dirigente perredista para tener \u00e9xito en esto, es el di\u00e1logo, di\u00e1logo y m\u00e1s di\u00e1logo\u2026 Aprovechando la coyuntura que los hombres del poder de Palacio de Gobierno\u2026 No platican o hacen pol\u00edtica con nadie que no sea de su grupo o piense como ellos\u2026 Buscar acercamientos con representantes de distintos sectores para regresar al Veracruz de construcci\u00f3n y visi\u00f3n de futuro\u2026<\/p>\n\n\n\n<p>En estas reuniones, Cadena Mart\u00ednez, no tiene de otra que ofrecer apertura y cercan\u00eda para cerrar filas porque Veracruz no puede seguir extraviado sin caminar con rumbo al progreso y al futuro\u2026 Y la \u00fanica manera de lograrlo es sacudiendo conciencias\u2026 Se ve entonces que Cadena empez\u00f3 el 2022 \u00abapretando el acelerador\u00bb y el cabildeo cuerpo a cuerpo\u2026 Habr\u00e1 que ver los resultados de las reuniones sobre la necesidad de que haya cambios urgentes para el Estado\u2026 De esa manera, la izquierda veracruzana impedir\u00eda que MORENA siga simulando\u2026 AMEN<\/p>\n","protected":false},"excerpt":{"rendered":"<p>Ricardo Ch\u00faaSale y Vale Pese a que muchos en Veracruz y CDMX tomaron la realizaci\u00f3n de foros sobre la Reforma Energ\u00e9tica en Minatitl\u00e1n.. Como una lucha \u00abcuerpo a cuerpo\u00bb entre Rocio Nahle y Sergio Guti\u00e9rrez con miras a la sucesi\u00f3n estatal del 2024\u2026 Dentro de MORENA\u2026 NADIE CAPT\u00d3 el verdadero MENSAJE que mand\u00f3 el empresario [&hellip;]<\/p>\n","protected":false},"author":2,"featured_media":0,"comment_status":"closed","ping_status":"closed","sticky":false,"template":"","format":"standard","meta":{"tdm_status":"","tdm_grid_status":"","footnotes":""},"categories":[70],"tags":[1563,1026,13604,26717,16147,195],"class_list":{"0":"post-86935","1":"post","2":"type-post","3":"status-publish","4":"format-standard","6":"category-de-opinion","7":"tag-cuitlahuac-garcia-jimenez","8":"tag-morena","9":"tag-ricardo-chua","10":"tag-rocio-nahle-2","11":"tag-sergio-gutierrez-luna","12":"tag-veracruz"},"yoast_head":"<!-- This site is optimized with the Yoast SEO plugin v27.4 - https:\/\/yoast.com\/product\/yoast-seo-wordpress\/ -->\n<title>El Gallo de Slim en Veracruz - Los pol\u00edticos Veracruz<\/title>\n<meta name=\"robots\" content=\"index, follow, max-snippet:-1, max-image-preview:large, max-video-preview:-1\" \/>\n<link rel=\"canonical\" href=\"https:\/\/lospoliticosveracruz.com\/?p=86935\" \/>\n<meta property=\"og:locale\" content=\"es_ES\" \/>\n<meta property=\"og:type\" content=\"article\" \/>\n<meta property=\"og:title\" content=\"El Gallo de Slim en Veracruz - Los pol\u00edticos Veracruz\" \/>\n<meta property=\"og:description\" content=\"Ricardo Ch\u00faaSale y Vale Pese a que muchos en Veracruz y CDMX tomaron la realizaci\u00f3n de foros sobre la Reforma Energ\u00e9tica en Minatitl\u00e1n.. Como una lucha \u00abcuerpo a cuerpo\u00bb entre Rocio Nahle y Sergio Guti\u00e9rrez con miras a la sucesi\u00f3n estatal del 2024\u2026 Dentro de MORENA\u2026 NADIE CAPT\u00d3 el verdadero MENSAJE que mand\u00f3 el empresario [&hellip;]\" \/>\n<meta property=\"og:url\" content=\"https:\/\/lospoliticosveracruz.com\/?p=86935\" \/>\n<meta property=\"og:site_name\" content=\"Los pol\u00edticos Veracruz\" \/>\n<meta property=\"article:publisher\" content=\"https:\/\/www.facebook.com\/people\/Notimemes-de-los-Polticos\/61565672886568\/\" \/>\n<meta property=\"article:published_time\" content=\"2022-03-07T13:51:52+00:00\" \/>\n<meta property=\"article:modified_time\" content=\"2022-03-07T14:12:26+00:00\" \/>\n<meta property=\"og:image\" content=\"https:\/\/lospoliticosveracruz.com.mx\/wp-content\/uploads\/2022\/02\/CUMBRE-TAJIN-2022-.jpg\" \/>\n<meta name=\"author\" content=\"Lo viste en Los Pol\u00edticos\" \/>\n<meta name=\"twitter:card\" content=\"summary_large_image\" \/>\n<meta name=\"twitter:creator\" content=\"@LosPoliticosVer\" \/>\n<meta name=\"twitter:site\" content=\"@LosPoliticosVer\" \/>\n<meta name=\"twitter:label1\" content=\"Escrito por\" \/>\n\t<meta name=\"twitter:data1\" content=\"Lo viste en Los Pol\u00edticos\" \/>\n\t<meta name=\"twitter:label2\" content=\"Tiempo de lectura\" \/>\n\t<meta name=\"twitter:data2\" content=\"5 minutos\" \/>\n<script type=\"application\/ld+json\" class=\"yoast-schema-graph\">{\"@context\":\"https:\\\/\\\/schema.org\",\"@graph\":[{\"@type\":\"Article\",\"@id\":\"https:\\\/\\\/lospoliticosveracruz.com\\\/?p=86935#article\",\"isPartOf\":{\"@id\":\"https:\\\/\\\/lospoliticosveracruz.com\\\/?p=86935\"},\"author\":{\"name\":\"Lo viste en Los Pol\u00edticos\",\"@id\":\"https:\\\/\\\/lospoliticosveracruz.com\\\/#\\\/schema\\\/person\\\/b8702bb0e538456e6efd07080bf2a4a2\"},\"headline\":\"El Gallo de Slim en Veracruz\",\"datePublished\":\"2022-03-07T13:51:52+00:00\",\"dateModified\":\"2022-03-07T14:12:26+00:00\",\"mainEntityOfPage\":{\"@id\":\"https:\\\/\\\/lospoliticosveracruz.com\\\/?p=86935\"},\"wordCount\":955,\"publisher\":{\"@id\":\"https:\\\/\\\/lospoliticosveracruz.com\\\/#organization\"},\"image\":{\"@id\":\"https:\\\/\\\/lospoliticosveracruz.com\\\/?p=86935#primaryimage\"},\"thumbnailUrl\":\"https:\\\/\\\/lospoliticosveracruz.com.mx\\\/wp-content\\\/uploads\\\/2022\\\/02\\\/CUMBRE-TAJIN-2022-.jpg\",\"keywords\":[\"Cuitl\u00e1huac Garc\u00eda Jim\u00e9nez\",\"Morena\",\"Ricardo Ch\u00faa\",\"Rocio Nahle\",\"Sergio Guti\u00e9rrez Luna\",\"Veracruz\"],\"articleSection\":[\"De Opini\u00f3n\"],\"inLanguage\":\"es\"},{\"@type\":\"WebPage\",\"@id\":\"https:\\\/\\\/lospoliticosveracruz.com\\\/?p=86935\",\"url\":\"https:\\\/\\\/lospoliticosveracruz.com\\\/?p=86935\",\"name\":\"El Gallo de Slim en Veracruz - Los pol\u00edticos Veracruz\",\"isPartOf\":{\"@id\":\"https:\\\/\\\/lospoliticosveracruz.com\\\/#website\"},\"primaryImageOfPage\":{\"@id\":\"https:\\\/\\\/lospoliticosveracruz.com\\\/?p=86935#primaryimage\"},\"image\":{\"@id\":\"https:\\\/\\\/lospoliticosveracruz.com\\\/?p=86935#primaryimage\"},\"thumbnailUrl\":\"https:\\\/\\\/lospoliticosveracruz.com.mx\\\/wp-content\\\/uploads\\\/2022\\\/02\\\/CUMBRE-TAJIN-2022-.jpg\",\"datePublished\":\"2022-03-07T13:51:52+00:00\",\"dateModified\":\"2022-03-07T14:12:26+00:00\",\"breadcrumb\":{\"@id\":\"https:\\\/\\\/lospoliticosveracruz.com\\\/?p=86935#breadcrumb\"},\"inLanguage\":\"es\",\"potentialAction\":[{\"@type\":\"ReadAction\",\"target\":[\"https:\\\/\\\/lospoliticosveracruz.com\\\/?p=86935\"]}]},{\"@type\":\"ImageObject\",\"inLanguage\":\"es\",\"@id\":\"https:\\\/\\\/lospoliticosveracruz.com\\\/?p=86935#primaryimage\",\"url\":\"https:\\\/\\\/lospoliticosveracruz.com.mx\\\/wp-content\\\/uploads\\\/2022\\\/02\\\/CUMBRE-TAJIN-2022-.jpg\",\"contentUrl\":\"https:\\\/\\\/lospoliticosveracruz.com.mx\\\/wp-content\\\/uploads\\\/2022\\\/02\\\/CUMBRE-TAJIN-2022-.jpg\"},{\"@type\":\"BreadcrumbList\",\"@id\":\"https:\\\/\\\/lospoliticosveracruz.com\\\/?p=86935#breadcrumb\",\"itemListElement\":[{\"@type\":\"ListItem\",\"position\":1,\"name\":\"Portada\",\"item\":\"https:\\\/\\\/lospoliticosveracruz.com\\\/\"},{\"@type\":\"ListItem\",\"position\":2,\"name\":\"El Gallo de Slim en Veracruz\"}]},{\"@type\":\"WebSite\",\"@id\":\"https:\\\/\\\/lospoliticosveracruz.com\\\/#website\",\"url\":\"https:\\\/\\\/lospoliticosveracruz.com\\\/\",\"name\":\"Los pol\u00edticos Veracruz\",\"description\":\"\",\"publisher\":{\"@id\":\"https:\\\/\\\/lospoliticosveracruz.com\\\/#organization\"},\"potentialAction\":[{\"@type\":\"SearchAction\",\"target\":{\"@type\":\"EntryPoint\",\"urlTemplate\":\"https:\\\/\\\/lospoliticosveracruz.com\\\/?s={search_term_string}\"},\"query-input\":{\"@type\":\"PropertyValueSpecification\",\"valueRequired\":true,\"valueName\":\"search_term_string\"}}],\"inLanguage\":\"es\"},{\"@type\":\"Organization\",\"@id\":\"https:\\\/\\\/lospoliticosveracruz.com\\\/#organization\",\"name\":\"Los pol\u00edticos Veracruz\",\"url\":\"https:\\\/\\\/lospoliticosveracruz.com\\\/\",\"logo\":{\"@type\":\"ImageObject\",\"inLanguage\":\"es\",\"@id\":\"https:\\\/\\\/lospoliticosveracruz.com\\\/#\\\/schema\\\/logo\\\/image\\\/\",\"url\":\"https:\\\/\\\/lospoliticosveracruz.com\\\/wp-content\\\/uploads\\\/2025\\\/12\\\/Logo-Nuevo-LOS-POLITICOS-1.jpg\",\"contentUrl\":\"https:\\\/\\\/lospoliticosveracruz.com\\\/wp-content\\\/uploads\\\/2025\\\/12\\\/Logo-Nuevo-LOS-POLITICOS-1.jpg\",\"width\":260,\"height\":70,\"caption\":\"Los pol\u00edticos Veracruz\"},\"image\":{\"@id\":\"https:\\\/\\\/lospoliticosveracruz.com\\\/#\\\/schema\\\/logo\\\/image\\\/\"},\"sameAs\":[\"https:\\\/\\\/www.facebook.com\\\/people\\\/Notimemes-de-los-Polticos\\\/61565672886568\\\/\",\"https:\\\/\\\/x.com\\\/LosPoliticosVer\"]},{\"@type\":\"Person\",\"@id\":\"https:\\\/\\\/lospoliticosveracruz.com\\\/#\\\/schema\\\/person\\\/b8702bb0e538456e6efd07080bf2a4a2\",\"name\":\"Lo viste en Los Pol\u00edticos\",\"image\":{\"@type\":\"ImageObject\",\"inLanguage\":\"es\",\"@id\":\"https:\\\/\\\/secure.gravatar.com\\\/avatar\\\/3a8de04a2656d44082be478bd6c086daa447c4651605818287b9532d3d0bd435?s=96&d=mm&r=g\",\"url\":\"https:\\\/\\\/secure.gravatar.com\\\/avatar\\\/3a8de04a2656d44082be478bd6c086daa447c4651605818287b9532d3d0bd435?s=96&d=mm&r=g\",\"contentUrl\":\"https:\\\/\\\/secure.gravatar.com\\\/avatar\\\/3a8de04a2656d44082be478bd6c086daa447c4651605818287b9532d3d0bd435?s=96&d=mm&r=g\",\"caption\":\"Lo viste en Los Pol\u00edticos\"},\"url\":\"https:\\\/\\\/lospoliticosveracruz.com\\\/?author=2\"}]}<\/script>\n<!-- \/ Yoast SEO plugin. -->","yoast_head_json":{"title":"El Gallo de Slim en Veracruz - Los pol\u00edticos Veracruz","robots":{"index":"index","follow":"follow","max-snippet":"max-snippet:-1","max-image-preview":"max-image-preview:large","max-video-preview":"max-video-preview:-1"},"canonical":"https:\/\/lospoliticosveracruz.com\/?p=86935","og_locale":"es_ES","og_type":"article","og_title":"El Gallo de Slim en Veracruz - Los pol\u00edticos Veracruz","og_description":"Ricardo Ch\u00faaSale y Vale Pese a que muchos en Veracruz y CDMX tomaron la realizaci\u00f3n de foros sobre la Reforma Energ\u00e9tica en Minatitl\u00e1n.. Como una lucha \u00abcuerpo a cuerpo\u00bb entre Rocio Nahle y Sergio Guti\u00e9rrez con miras a la sucesi\u00f3n estatal del 2024\u2026 Dentro de MORENA\u2026 NADIE CAPT\u00d3 el verdadero MENSAJE que mand\u00f3 el empresario [&hellip;]","og_url":"https:\/\/lospoliticosveracruz.com\/?p=86935","og_site_name":"Los pol\u00edticos Veracruz","article_publisher":"https:\/\/www.facebook.com\/people\/Notimemes-de-los-Polticos\/61565672886568\/","article_published_time":"2022-03-07T13:51:52+00:00","article_modified_time":"2022-03-07T14:12:26+00:00","og_image":[{"url":"https:\/\/lospoliticosveracruz.com.mx\/wp-content\/uploads\/2022\/02\/CUMBRE-TAJIN-2022-.jpg","type":"","width":"","height":""}],"author":"Lo viste en Los Pol\u00edticos","twitter_card":"summary_large_image","twitter_creator":"@LosPoliticosVer","twitter_site":"@LosPoliticosVer","twitter_misc":{"Escrito por":"Lo viste en Los Pol\u00edticos","Tiempo de lectura":"5 minutos"},"schema":{"@context":"https:\/\/schema.org","@graph":[{"@type":"Article","@id":"https:\/\/lospoliticosveracruz.com\/?p=86935#article","isPartOf":{"@id":"https:\/\/lospoliticosveracruz.com\/?p=86935"},"author":{"name":"Lo viste en Los Pol\u00edticos","@id":"https:\/\/lospoliticosveracruz.com\/#\/schema\/person\/b8702bb0e538456e6efd07080bf2a4a2"},"headline":"El Gallo de Slim en Veracruz","datePublished":"2022-03-07T13:51:52+00:00","dateModified":"2022-03-07T14:12:26+00:00","mainEntityOfPage":{"@id":"https:\/\/lospoliticosveracruz.com\/?p=86935"},"wordCount":955,"publisher":{"@id":"https:\/\/lospoliticosveracruz.com\/#organization"},"image":{"@id":"https:\/\/lospoliticosveracruz.com\/?p=86935#primaryimage"},"thumbnailUrl":"https:\/\/lospoliticosveracruz.com.mx\/wp-content\/uploads\/2022\/02\/CUMBRE-TAJIN-2022-.jpg","keywords":["Cuitl\u00e1huac Garc\u00eda Jim\u00e9nez","Morena","Ricardo Ch\u00faa","Rocio Nahle","Sergio Guti\u00e9rrez Luna","Veracruz"],"articleSection":["De Opini\u00f3n"],"inLanguage":"es"},{"@type":"WebPage","@id":"https:\/\/lospoliticosveracruz.com\/?p=86935","url":"https:\/\/lospoliticosveracruz.com\/?p=86935","name":"El Gallo de Slim en Veracruz - Los pol\u00edticos Veracruz","isPartOf":{"@id":"https:\/\/lospoliticosveracruz.com\/#website"},"primaryImageOfPage":{"@id":"https:\/\/lospoliticosveracruz.com\/?p=86935#primaryimage"},"image":{"@id":"https:\/\/lospoliticosveracruz.com\/?p=86935#primaryimage"},"thumbnailUrl":"https:\/\/lospoliticosveracruz.com.mx\/wp-content\/uploads\/2022\/02\/CUMBRE-TAJIN-2022-.jpg","datePublished":"2022-03-07T13:51:52+00:00","dateModified":"2022-03-07T14:12:26+00:00","breadcrumb":{"@id":"https:\/\/lospoliticosveracruz.com\/?p=86935#breadcrumb"},"inLanguage":"es","potentialAction":[{"@type":"ReadAction","target":["https:\/\/lospoliticosveracruz.com\/?p=86935"]}]},{"@type":"ImageObject","inLanguage":"es","@id":"https:\/\/lospoliticosveracruz.com\/?p=86935#primaryimage","url":"https:\/\/lospoliticosveracruz.com.mx\/wp-content\/uploads\/2022\/02\/CUMBRE-TAJIN-2022-.jpg","contentUrl":"https:\/\/lospoliticosveracruz.com.mx\/wp-content\/uploads\/2022\/02\/CUMBRE-TAJIN-2022-.jpg"},{"@type":"BreadcrumbList","@id":"https:\/\/lospoliticosveracruz.com\/?p=86935#breadcrumb","itemListElement":[{"@type":"ListItem","position":1,"name":"Portada","item":"https:\/\/lospoliticosveracruz.com\/"},{"@type":"ListItem","position":2,"name":"El Gallo de Slim en Veracruz"}]},{"@type":"WebSite","@id":"https:\/\/lospoliticosveracruz.com\/#website","url":"https:\/\/lospoliticosveracruz.com\/","name":"Los pol\u00edticos Veracruz","description":"","publisher":{"@id":"https:\/\/lospoliticosveracruz.com\/#organization"},"potentialAction":[{"@type":"SearchAction","target":{"@type":"EntryPoint","urlTemplate":"https:\/\/lospoliticosveracruz.com\/?s={search_term_string}"},"query-input":{"@type":"PropertyValueSpecification","valueRequired":true,"valueName":"search_term_string"}}],"inLanguage":"es"},{"@type":"Organization","@id":"https:\/\/lospoliticosveracruz.com\/#organization","name":"Los pol\u00edticos Veracruz","url":"https:\/\/lospoliticosveracruz.com\/","logo":{"@type":"ImageObject","inLanguage":"es","@id":"https:\/\/lospoliticosveracruz.com\/#\/schema\/logo\/image\/","url":"https:\/\/lospoliticosveracruz.com\/wp-content\/uploads\/2025\/12\/Logo-Nuevo-LOS-POLITICOS-1.jpg","contentUrl":"https:\/\/lospoliticosveracruz.com\/wp-content\/uploads\/2025\/12\/Logo-Nuevo-LOS-POLITICOS-1.jpg","width":260,"height":70,"caption":"Los pol\u00edticos Veracruz"},"image":{"@id":"https:\/\/lospoliticosveracruz.com\/#\/schema\/logo\/image\/"},"sameAs":["https:\/\/www.facebook.com\/people\/Notimemes-de-los-Polticos\/61565672886568\/","https:\/\/x.com\/LosPoliticosVer"]},{"@type":"Person","@id":"https:\/\/lospoliticosveracruz.com\/#\/schema\/person\/b8702bb0e538456e6efd07080bf2a4a2","name":"Lo viste en Los Pol\u00edticos","image":{"@type":"ImageObject","inLanguage":"es","@id":"https:\/\/secure.gravatar.com\/avatar\/3a8de04a2656d44082be478bd6c086daa447c4651605818287b9532d3d0bd435?s=96&d=mm&r=g","url":"https:\/\/secure.gravatar.com\/avatar\/3a8de04a2656d44082be478bd6c086daa447c4651605818287b9532d3d0bd435?s=96&d=mm&r=g","contentUrl":"https:\/\/secure.gravatar.com\/avatar\/3a8de04a2656d44082be478bd6c086daa447c4651605818287b9532d3d0bd435?s=96&d=mm&r=g","caption":"Lo viste en Los Pol\u00edticos"},"url":"https:\/\/lospoliticosveracruz.com\/?author=2"}]}},"_links":{"self":[{"href":"https:\/\/lospoliticosveracruz.com\/index.php?rest_route=\/wp\/v2\/posts\/86935","targetHints":{"allow":["GET"]}}],"collection":[{"href":"https:\/\/lospoliticosveracruz.com\/index.php?rest_route=\/wp\/v2\/posts"}],"about":[{"href":"https:\/\/lospoliticosveracruz.com\/index.php?rest_route=\/wp\/v2\/types\/post"}],"author":[{"embeddable":true,"href":"https:\/\/lospoliticosveracruz.com\/index.php?rest_route=\/wp\/v2\/users\/2"}],"replies":[{"embeddable":true,"href":"https:\/\/lospoliticosveracruz.com\/index.php?rest_route=%2Fwp%2Fv2%2Fcomments&post=86935"}],"version-history":[{"count":2,"href":"https:\/\/lospoliticosveracruz.com\/index.php?rest_route=\/wp\/v2\/posts\/86935\/revisions"}],"predecessor-version":[{"id":86938,"href":"https:\/\/lospoliticosveracruz.com\/index.php?rest_route=\/wp\/v2\/posts\/86935\/revisions\/86938"}],"wp:attachment":[{"href":"https:\/\/lospoliticosveracruz.com\/index.php?rest_route=%2Fwp%2Fv2%2Fmedia&parent=86935"}],"wp:term":[{"taxonomy":"category","embeddable":true,"href":"https:\/\/lospoliticosveracruz.com\/index.php?rest_route=%2Fwp%2Fv2%2Fcategories&post=86935"},{"taxonomy":"post_tag","embeddable":true,"href":"https:\/\/lospoliticosveracruz.com\/index.php?rest_route=%2Fwp%2Fv2%2Ftags&post=86935"}],"curies":[{"name":"wp","href":"https:\/\/api.w.org\/{rel}","templated":true}]}}