{"id":87069,"date":"2022-03-09T17:36:40","date_gmt":"2022-03-09T23:36:40","guid":{"rendered":"https:\/\/lospoliticosveracruz.com.mx\/?p=87069"},"modified":"2022-03-09T17:36:47","modified_gmt":"2022-03-09T23:36:47","slug":"seguir-con-lo-que-sigue","status":"publish","type":"post","link":"https:\/\/lospoliticosveracruz.com\/?p=87069","title":{"rendered":"Seguir con lo que sigue"},"content":{"rendered":"\n<p><\/p>\n\n\n\n<p><br><strong>Jorge Arturo Rodr\u00edguez<\/strong><br><em>Tierra de Babel<\/em><\/p>\n\n\n\n<p><\/p>\n\n\n\n<p>Por qu\u00e9 aprendemos a temer el terrorismo pero no el racismo, no el sexismo\/machismo, no la homofobia? (Activista Angela Davis).<\/p>\n\n\n\n<p>Aclarando amanece; m\u00e1s clarito ni el agua; cuentas claras, amistades largas\u2026 Y as\u00ed por el estilo. El caso es que la realidad nos abofetea, por m\u00e1s palabras \u201cbonitas\u201d, alentadoras, que vociferemos; escondamos la verdad, nos quedemos con la \u201cverdad sospechosa\u201d y entonces vivimos \u201cde a mentiritas\u201d, ah\u00ed viene el lobo\u2026<br>Ahora resulta que seg\u00fan el INEGI, en febrero de 2022 el \u00cdndice Nacional de precios al Consumidor (INPC) aument\u00f3 0.83 por ciento respecto al mes anterior y, con este resultado, la inflaci\u00f3n general anual se ubic\u00f3 en 7.28 por ciento, por arriba de la inflaci\u00f3n de enero, cuando fue de 7.07 por ciento. O sea, los productos y servicios que registraron aumento de precios y tuvieron mayor incidencia en la inflaci\u00f3n general fueron: gas dom\u00e9stico LP; pollo; servicios en loncher\u00edas, fondas, torter\u00edas y taquer\u00edas; gasolina de bajo octanaje; lim\u00f3n; carne de res; vivienda propia; tortilla de ma\u00edz; autom\u00f3viles y aguacate.<br>Pero \u201cque no panda el c\u00fanico\u201d, esto estuvo contrarrestado por precios m\u00e1s bajos en el jitomate, chile poblano, tomate verde, calabacita, papa y otros tub\u00e9rculos, carne de cerdo, lechuga y col, otros chiles frescos, frijol y gas dom\u00e9stico natural. Tranquilos, todo est\u00e1 bajo control, dijera el Chapul\u00edn Colorado: \u201cMis antenitas de vinil detectan la presencia del enemigo\u201d.<br>Entretanto, acu\u00e9rdense que hay que seguir con lo que sigue. La Covid-19, seg\u00fan la OMS, nos ha dejado aislamiento social, miedo a la infecci\u00f3n, incapacidad de trabajar, duelo por la muerte de seres queridos, lo que deriva en estr\u00e9s, situaciones de ansiedad y depresi\u00f3n. \u00bfA poco?<br>La directora del Departamento de Salud Mental y Consumo de Sustancias de la OMS, D\u00e9vora Kestel, expreso hace unos d\u00edas: \u201cAunque la pandemia ha servido para aumentar el inter\u00e9s por la salud mental, tambi\u00e9n ha puesto de manifiesto la hist\u00f3rica falta de inversi\u00f3n en este \u00e1mbito. Los pa\u00edses deben actuar urgentemente para garantizar que el apoyo a la salud mental alcance a todos\u201d. Pos s\u00ed que estamos mal.<br>Al mal tiempo, buena cara, aunque sea con cubrebocas.<\/p>\n\n\n\n<p><strong>Los d\u00edas y los temas<\/strong><\/p>\n\n\n\n<p>El 7 marzo pasado fue el D\u00eda Mundial de la Lectura y, claro, a qui\u00e9n le importa si se lee a no, la vida sigue igual, o peor. Dicen que algunos de los beneficios de la lectura son:<br>-Agudiza la astucia.<br>-Estimula el intercambio de informaci\u00f3n y conocimiento.<br>-Estimula la percepci\u00f3n.<br>-Retarda la aparici\u00f3n de demencia.<br>-Estimula la concentraci\u00f3n.<\/p>\n\n\n\n<p>Dijera, creo, Miguel de Cervantes Saavedra, \u201cEl que lee mucho y anda mucho, ve mucho y sabe mucho\u201d.<br>O lo que es lo mismo, ah\u00ed se leen.<\/p>\n\n\n\n<p><strong>De cinismo y anexas<\/strong><\/p>\n\n\n\n<p>Juan Domingo Arg\u00fcelles, a prop\u00f3sito de su nuevo libro, El vicio de leer: Contra el fanatismo moralista y en defensa del placer del conocimiento, escribi\u00f3: \u201cCON MAGISTRAL IRON\u00cdA parad\u00f3jica, Oscar Wilde sentenci\u00f3: \u201ccuando la gente est\u00e1 de acuerdo conmigo, siempre tengo la sensaci\u00f3n de estar equivocado\u201d. No es mala idea cultivar esta sensaci\u00f3n, sobre todo cuando nos obstinamos en algo con lo que est\u00e1 de acuerdo una mayor\u00eda dominante. Un lector, cualquier lector, uno mismo, no es necesariamente noble o virtuoso nada m\u00e1s porque lee libros, y ni siquiera es necesariamente \u00e9tico porque lee o escribe libros de \u00e9tica. Hay que ir desechando de una buena vez la falsa idea de que los libros y la lectura nos hacen buenos per se. Hitler le\u00eda y ten\u00eda biblioteca, y hasta un reciente difunto (culpable de miles de asesinatos y atrocidades), fundador y dirigente, en Per\u00fa, de la banda criminal Sendero Luminoso (el nombre lo dice todo), Abimael Guzm\u00e1n, le\u00eda bajo la creencia de que mejorar\u00eda al mundo o por lo menos al Per\u00fa si exterminaba a cierta gente. Lo mismo que el Che Guevara, que ley\u00f3 muy buenos libros, s\u00f3lo para terminar gritando \u201c\u00a1Viva la muerte!\u201d.<br>Luego agreg\u00f3: \u201cEl moralismo, m\u00e1s que la moral, censura el placer, lo combate, oponiendo a \u00e9l la disciplina y la obediencia fan\u00e1tica en nombre de la utilidad. Michel Tournier escribi\u00f3: \u201cDesdichadamente, el horror hacia el placer se parece mucho al odio hacia la vida\u201d. Condenar el placer est\u00e9tico (el del arte y la cultura) es cosa castrense y de pol\u00edticos, de gobernantes y de militares, de guerrilleros y terroristas, pero tambi\u00e9n de algunos hombres y algunas mujeres de letras, o letrados por lo menos, que sirven o colaboran con el poder; gente que cree que el placer est\u00e9tico es insano sobre todo por un motivo: porque, al ser incontrolable, conspira contra el poder, no admite disciplinas, no acepta \u00f3rdenes.\u201d<br>Lectura obligada, la de su libro, y del art\u00edculo que titul\u00f3 \u201cPor qu\u00e9 escrib\u00ed El vicio de leer\u201d (larazon.com, 14\/01\/22).<br>Ah\u00ed se ven.<\/p>\n","protected":false},"excerpt":{"rendered":"<p>Jorge Arturo Rodr\u00edguezTierra de Babel Por qu\u00e9 aprendemos a temer el terrorismo pero no el racismo, no el sexismo\/machismo, no la homofobia? (Activista Angela Davis). Aclarando amanece; m\u00e1s clarito ni el agua; cuentas claras, amistades largas\u2026 Y as\u00ed por el estilo. El caso es que la realidad nos abofetea, por m\u00e1s palabras \u201cbonitas\u201d, alentadoras, que [&hellip;]<\/p>\n","protected":false},"author":2,"featured_media":0,"comment_status":"closed","ping_status":"closed","sticky":false,"template":"","format":"standard","meta":{"tdm_status":"","tdm_grid_status":"","footnotes":""},"categories":[70],"tags":[32449,2677],"class_list":{"0":"post-87069","1":"post","2":"type-post","3":"status-publish","4":"format-standard","6":"category-de-opinion","7":"tag-dia-mundial-de-la-lectura","8":"tag-jorge-arturo-rodriguez"},"yoast_head":"<!-- This site is optimized with the Yoast SEO plugin v27.4 - https:\/\/yoast.com\/product\/yoast-seo-wordpress\/ -->\n<title>Seguir con lo que sigue - Los pol\u00edticos Veracruz<\/title>\n<meta name=\"robots\" content=\"index, follow, max-snippet:-1, max-image-preview:large, max-video-preview:-1\" \/>\n<link rel=\"canonical\" href=\"https:\/\/lospoliticosveracruz.com\/?p=87069\" \/>\n<meta property=\"og:locale\" content=\"es_ES\" \/>\n<meta property=\"og:type\" content=\"article\" \/>\n<meta property=\"og:title\" content=\"Seguir con lo que sigue - Los pol\u00edticos Veracruz\" \/>\n<meta property=\"og:description\" content=\"Jorge Arturo Rodr\u00edguezTierra de Babel Por qu\u00e9 aprendemos a temer el terrorismo pero no el racismo, no el sexismo\/machismo, no la homofobia? (Activista Angela Davis). Aclarando amanece; m\u00e1s clarito ni el agua; cuentas claras, amistades largas\u2026 Y as\u00ed por el estilo. El caso es que la realidad nos abofetea, por m\u00e1s palabras \u201cbonitas\u201d, alentadoras, que [&hellip;]\" \/>\n<meta property=\"og:url\" content=\"https:\/\/lospoliticosveracruz.com\/?p=87069\" \/>\n<meta property=\"og:site_name\" content=\"Los pol\u00edticos Veracruz\" \/>\n<meta property=\"article:publisher\" content=\"https:\/\/www.facebook.com\/people\/Notimemes-de-los-Polticos\/61565672886568\/\" \/>\n<meta property=\"article:published_time\" content=\"2022-03-09T23:36:40+00:00\" \/>\n<meta property=\"article:modified_time\" content=\"2022-03-09T23:36:47+00:00\" \/>\n<meta property=\"og:image\" content=\"https:\/\/lospoliticosveracruz.com\/wp-content\/uploads\/2016\/07\/Logo-Dor.jpg\" \/>\n\t<meta property=\"og:image:width\" content=\"200\" \/>\n\t<meta property=\"og:image:height\" content=\"200\" \/>\n\t<meta property=\"og:image:type\" content=\"image\/jpeg\" \/>\n<meta name=\"author\" content=\"Lo viste en Los Pol\u00edticos\" \/>\n<meta name=\"twitter:card\" content=\"summary_large_image\" \/>\n<meta name=\"twitter:creator\" content=\"@LosPoliticosVer\" \/>\n<meta name=\"twitter:site\" content=\"@LosPoliticosVer\" \/>\n<meta name=\"twitter:label1\" content=\"Escrito por\" \/>\n\t<meta name=\"twitter:data1\" content=\"Lo viste en Los Pol\u00edticos\" \/>\n\t<meta name=\"twitter:label2\" content=\"Tiempo de lectura\" \/>\n\t<meta name=\"twitter:data2\" content=\"4 minutos\" \/>\n<script type=\"application\/ld+json\" class=\"yoast-schema-graph\">{\"@context\":\"https:\\\/\\\/schema.org\",\"@graph\":[{\"@type\":\"Article\",\"@id\":\"https:\\\/\\\/lospoliticosveracruz.com\\\/?p=87069#article\",\"isPartOf\":{\"@id\":\"https:\\\/\\\/lospoliticosveracruz.com\\\/?p=87069\"},\"author\":{\"name\":\"Lo viste en Los Pol\u00edticos\",\"@id\":\"https:\\\/\\\/lospoliticosveracruz.com\\\/#\\\/schema\\\/person\\\/b8702bb0e538456e6efd07080bf2a4a2\"},\"headline\":\"Seguir con lo que sigue\",\"datePublished\":\"2022-03-09T23:36:40+00:00\",\"dateModified\":\"2022-03-09T23:36:47+00:00\",\"mainEntityOfPage\":{\"@id\":\"https:\\\/\\\/lospoliticosveracruz.com\\\/?p=87069\"},\"wordCount\":848,\"publisher\":{\"@id\":\"https:\\\/\\\/lospoliticosveracruz.com\\\/#organization\"},\"keywords\":[\"D\u00eda Mundial de la Lectura\",\"Jorge Arturo Rodr\u00edguez\"],\"articleSection\":[\"De Opini\u00f3n\"],\"inLanguage\":\"es\"},{\"@type\":\"WebPage\",\"@id\":\"https:\\\/\\\/lospoliticosveracruz.com\\\/?p=87069\",\"url\":\"https:\\\/\\\/lospoliticosveracruz.com\\\/?p=87069\",\"name\":\"Seguir con lo que sigue - Los pol\u00edticos Veracruz\",\"isPartOf\":{\"@id\":\"https:\\\/\\\/lospoliticosveracruz.com\\\/#website\"},\"datePublished\":\"2022-03-09T23:36:40+00:00\",\"dateModified\":\"2022-03-09T23:36:47+00:00\",\"breadcrumb\":{\"@id\":\"https:\\\/\\\/lospoliticosveracruz.com\\\/?p=87069#breadcrumb\"},\"inLanguage\":\"es\",\"potentialAction\":[{\"@type\":\"ReadAction\",\"target\":[\"https:\\\/\\\/lospoliticosveracruz.com\\\/?p=87069\"]}]},{\"@type\":\"BreadcrumbList\",\"@id\":\"https:\\\/\\\/lospoliticosveracruz.com\\\/?p=87069#breadcrumb\",\"itemListElement\":[{\"@type\":\"ListItem\",\"position\":1,\"name\":\"Portada\",\"item\":\"https:\\\/\\\/lospoliticosveracruz.com\\\/\"},{\"@type\":\"ListItem\",\"position\":2,\"name\":\"Seguir con lo que sigue\"}]},{\"@type\":\"WebSite\",\"@id\":\"https:\\\/\\\/lospoliticosveracruz.com\\\/#website\",\"url\":\"https:\\\/\\\/lospoliticosveracruz.com\\\/\",\"name\":\"Los pol\u00edticos Veracruz\",\"description\":\"\",\"publisher\":{\"@id\":\"https:\\\/\\\/lospoliticosveracruz.com\\\/#organization\"},\"potentialAction\":[{\"@type\":\"SearchAction\",\"target\":{\"@type\":\"EntryPoint\",\"urlTemplate\":\"https:\\\/\\\/lospoliticosveracruz.com\\\/?s={search_term_string}\"},\"query-input\":{\"@type\":\"PropertyValueSpecification\",\"valueRequired\":true,\"valueName\":\"search_term_string\"}}],\"inLanguage\":\"es\"},{\"@type\":\"Organization\",\"@id\":\"https:\\\/\\\/lospoliticosveracruz.com\\\/#organization\",\"name\":\"Los pol\u00edticos Veracruz\",\"url\":\"https:\\\/\\\/lospoliticosveracruz.com\\\/\",\"logo\":{\"@type\":\"ImageObject\",\"inLanguage\":\"es\",\"@id\":\"https:\\\/\\\/lospoliticosveracruz.com\\\/#\\\/schema\\\/logo\\\/image\\\/\",\"url\":\"https:\\\/\\\/lospoliticosveracruz.com\\\/wp-content\\\/uploads\\\/2025\\\/12\\\/Logo-Nuevo-LOS-POLITICOS-1.jpg\",\"contentUrl\":\"https:\\\/\\\/lospoliticosveracruz.com\\\/wp-content\\\/uploads\\\/2025\\\/12\\\/Logo-Nuevo-LOS-POLITICOS-1.jpg\",\"width\":260,\"height\":70,\"caption\":\"Los pol\u00edticos Veracruz\"},\"image\":{\"@id\":\"https:\\\/\\\/lospoliticosveracruz.com\\\/#\\\/schema\\\/logo\\\/image\\\/\"},\"sameAs\":[\"https:\\\/\\\/www.facebook.com\\\/people\\\/Notimemes-de-los-Polticos\\\/61565672886568\\\/\",\"https:\\\/\\\/x.com\\\/LosPoliticosVer\"]},{\"@type\":\"Person\",\"@id\":\"https:\\\/\\\/lospoliticosveracruz.com\\\/#\\\/schema\\\/person\\\/b8702bb0e538456e6efd07080bf2a4a2\",\"name\":\"Lo viste en Los Pol\u00edticos\",\"image\":{\"@type\":\"ImageObject\",\"inLanguage\":\"es\",\"@id\":\"https:\\\/\\\/secure.gravatar.com\\\/avatar\\\/3a8de04a2656d44082be478bd6c086daa447c4651605818287b9532d3d0bd435?s=96&d=mm&r=g\",\"url\":\"https:\\\/\\\/secure.gravatar.com\\\/avatar\\\/3a8de04a2656d44082be478bd6c086daa447c4651605818287b9532d3d0bd435?s=96&d=mm&r=g\",\"contentUrl\":\"https:\\\/\\\/secure.gravatar.com\\\/avatar\\\/3a8de04a2656d44082be478bd6c086daa447c4651605818287b9532d3d0bd435?s=96&d=mm&r=g\",\"caption\":\"Lo viste en Los Pol\u00edticos\"},\"url\":\"https:\\\/\\\/lospoliticosveracruz.com\\\/?author=2\"}]}<\/script>\n<!-- \/ Yoast SEO plugin. -->","yoast_head_json":{"title":"Seguir con lo que sigue - Los pol\u00edticos Veracruz","robots":{"index":"index","follow":"follow","max-snippet":"max-snippet:-1","max-image-preview":"max-image-preview:large","max-video-preview":"max-video-preview:-1"},"canonical":"https:\/\/lospoliticosveracruz.com\/?p=87069","og_locale":"es_ES","og_type":"article","og_title":"Seguir con lo que sigue - Los pol\u00edticos Veracruz","og_description":"Jorge Arturo Rodr\u00edguezTierra de Babel Por qu\u00e9 aprendemos a temer el terrorismo pero no el racismo, no el sexismo\/machismo, no la homofobia? (Activista Angela Davis). Aclarando amanece; m\u00e1s clarito ni el agua; cuentas claras, amistades largas\u2026 Y as\u00ed por el estilo. El caso es que la realidad nos abofetea, por m\u00e1s palabras \u201cbonitas\u201d, alentadoras, que [&hellip;]","og_url":"https:\/\/lospoliticosveracruz.com\/?p=87069","og_site_name":"Los pol\u00edticos Veracruz","article_publisher":"https:\/\/www.facebook.com\/people\/Notimemes-de-los-Polticos\/61565672886568\/","article_published_time":"2022-03-09T23:36:40+00:00","article_modified_time":"2022-03-09T23:36:47+00:00","og_image":[{"width":200,"height":200,"url":"https:\/\/lospoliticosveracruz.com\/wp-content\/uploads\/2016\/07\/Logo-Dor.jpg","type":"image\/jpeg"}],"author":"Lo viste en Los Pol\u00edticos","twitter_card":"summary_large_image","twitter_creator":"@LosPoliticosVer","twitter_site":"@LosPoliticosVer","twitter_misc":{"Escrito por":"Lo viste en Los Pol\u00edticos","Tiempo de lectura":"4 minutos"},"schema":{"@context":"https:\/\/schema.org","@graph":[{"@type":"Article","@id":"https:\/\/lospoliticosveracruz.com\/?p=87069#article","isPartOf":{"@id":"https:\/\/lospoliticosveracruz.com\/?p=87069"},"author":{"name":"Lo viste en Los Pol\u00edticos","@id":"https:\/\/lospoliticosveracruz.com\/#\/schema\/person\/b8702bb0e538456e6efd07080bf2a4a2"},"headline":"Seguir con lo que sigue","datePublished":"2022-03-09T23:36:40+00:00","dateModified":"2022-03-09T23:36:47+00:00","mainEntityOfPage":{"@id":"https:\/\/lospoliticosveracruz.com\/?p=87069"},"wordCount":848,"publisher":{"@id":"https:\/\/lospoliticosveracruz.com\/#organization"},"keywords":["D\u00eda Mundial de la Lectura","Jorge Arturo Rodr\u00edguez"],"articleSection":["De Opini\u00f3n"],"inLanguage":"es"},{"@type":"WebPage","@id":"https:\/\/lospoliticosveracruz.com\/?p=87069","url":"https:\/\/lospoliticosveracruz.com\/?p=87069","name":"Seguir con lo que sigue - Los pol\u00edticos Veracruz","isPartOf":{"@id":"https:\/\/lospoliticosveracruz.com\/#website"},"datePublished":"2022-03-09T23:36:40+00:00","dateModified":"2022-03-09T23:36:47+00:00","breadcrumb":{"@id":"https:\/\/lospoliticosveracruz.com\/?p=87069#breadcrumb"},"inLanguage":"es","potentialAction":[{"@type":"ReadAction","target":["https:\/\/lospoliticosveracruz.com\/?p=87069"]}]},{"@type":"BreadcrumbList","@id":"https:\/\/lospoliticosveracruz.com\/?p=87069#breadcrumb","itemListElement":[{"@type":"ListItem","position":1,"name":"Portada","item":"https:\/\/lospoliticosveracruz.com\/"},{"@type":"ListItem","position":2,"name":"Seguir con lo que sigue"}]},{"@type":"WebSite","@id":"https:\/\/lospoliticosveracruz.com\/#website","url":"https:\/\/lospoliticosveracruz.com\/","name":"Los pol\u00edticos Veracruz","description":"","publisher":{"@id":"https:\/\/lospoliticosveracruz.com\/#organization"},"potentialAction":[{"@type":"SearchAction","target":{"@type":"EntryPoint","urlTemplate":"https:\/\/lospoliticosveracruz.com\/?s={search_term_string}"},"query-input":{"@type":"PropertyValueSpecification","valueRequired":true,"valueName":"search_term_string"}}],"inLanguage":"es"},{"@type":"Organization","@id":"https:\/\/lospoliticosveracruz.com\/#organization","name":"Los pol\u00edticos Veracruz","url":"https:\/\/lospoliticosveracruz.com\/","logo":{"@type":"ImageObject","inLanguage":"es","@id":"https:\/\/lospoliticosveracruz.com\/#\/schema\/logo\/image\/","url":"https:\/\/lospoliticosveracruz.com\/wp-content\/uploads\/2025\/12\/Logo-Nuevo-LOS-POLITICOS-1.jpg","contentUrl":"https:\/\/lospoliticosveracruz.com\/wp-content\/uploads\/2025\/12\/Logo-Nuevo-LOS-POLITICOS-1.jpg","width":260,"height":70,"caption":"Los pol\u00edticos Veracruz"},"image":{"@id":"https:\/\/lospoliticosveracruz.com\/#\/schema\/logo\/image\/"},"sameAs":["https:\/\/www.facebook.com\/people\/Notimemes-de-los-Polticos\/61565672886568\/","https:\/\/x.com\/LosPoliticosVer"]},{"@type":"Person","@id":"https:\/\/lospoliticosveracruz.com\/#\/schema\/person\/b8702bb0e538456e6efd07080bf2a4a2","name":"Lo viste en Los Pol\u00edticos","image":{"@type":"ImageObject","inLanguage":"es","@id":"https:\/\/secure.gravatar.com\/avatar\/3a8de04a2656d44082be478bd6c086daa447c4651605818287b9532d3d0bd435?s=96&d=mm&r=g","url":"https:\/\/secure.gravatar.com\/avatar\/3a8de04a2656d44082be478bd6c086daa447c4651605818287b9532d3d0bd435?s=96&d=mm&r=g","contentUrl":"https:\/\/secure.gravatar.com\/avatar\/3a8de04a2656d44082be478bd6c086daa447c4651605818287b9532d3d0bd435?s=96&d=mm&r=g","caption":"Lo viste en Los Pol\u00edticos"},"url":"https:\/\/lospoliticosveracruz.com\/?author=2"}]}},"_links":{"self":[{"href":"https:\/\/lospoliticosveracruz.com\/index.php?rest_route=\/wp\/v2\/posts\/87069","targetHints":{"allow":["GET"]}}],"collection":[{"href":"https:\/\/lospoliticosveracruz.com\/index.php?rest_route=\/wp\/v2\/posts"}],"about":[{"href":"https:\/\/lospoliticosveracruz.com\/index.php?rest_route=\/wp\/v2\/types\/post"}],"author":[{"embeddable":true,"href":"https:\/\/lospoliticosveracruz.com\/index.php?rest_route=\/wp\/v2\/users\/2"}],"replies":[{"embeddable":true,"href":"https:\/\/lospoliticosveracruz.com\/index.php?rest_route=%2Fwp%2Fv2%2Fcomments&post=87069"}],"version-history":[{"count":1,"href":"https:\/\/lospoliticosveracruz.com\/index.php?rest_route=\/wp\/v2\/posts\/87069\/revisions"}],"predecessor-version":[{"id":87071,"href":"https:\/\/lospoliticosveracruz.com\/index.php?rest_route=\/wp\/v2\/posts\/87069\/revisions\/87071"}],"wp:attachment":[{"href":"https:\/\/lospoliticosveracruz.com\/index.php?rest_route=%2Fwp%2Fv2%2Fmedia&parent=87069"}],"wp:term":[{"taxonomy":"category","embeddable":true,"href":"https:\/\/lospoliticosveracruz.com\/index.php?rest_route=%2Fwp%2Fv2%2Fcategories&post=87069"},{"taxonomy":"post_tag","embeddable":true,"href":"https:\/\/lospoliticosveracruz.com\/index.php?rest_route=%2Fwp%2Fv2%2Ftags&post=87069"}],"curies":[{"name":"wp","href":"https:\/\/api.w.org\/{rel}","templated":true}]}}