{"id":87145,"date":"2022-03-11T03:25:00","date_gmt":"2022-03-11T09:25:00","guid":{"rendered":"https:\/\/lospoliticosveracruz.com.mx\/?p=87145"},"modified":"2022-03-10T22:28:56","modified_gmt":"2022-03-11T04:28:56","slug":"la-corrupcion-en-tiempos-de-lopez-obrador-i-el-fiscal-perverso","status":"publish","type":"post","link":"https:\/\/lospoliticosveracruz.com\/?p=87145","title":{"rendered":"La corrupci\u00f3n en tiempos de L\u00f3pez Obrador I: El fiscal perverso"},"content":{"rendered":"\n<p><strong>Felipe de Jes\u00fas Fern\u00e1ndez Basilio<br><\/strong><em>Desde A Janela<\/em><\/p>\n\n\n\n<p><em><br><\/em>Hasta los mejores cuentos caen por su propio peso y, ese del combate a la corrupci\u00f3n de L\u00f3pez Obrador, hoy ya queda en el imaginario popular como otra de las muchas mentiras con las que muchos pol\u00edticos han enga\u00f1ado a los mexicanos a lo largo de toda la historia del M\u00e9xico independiente.<br>Y es que, todav\u00eda no sal\u00edan en el Palacio Real (hoy Nacional) del esc\u00e1ndalo de la mansi\u00f3n tejana, mejor conocida como la \u00abCasa Gris\u00bb, cuando estalla el audio esc\u00e1ndalo del \u00abFiscal no tan carnal\u00bb y no tan carnal, puesto que de aqu\u00ed al 24 el poder del fiscal va a ir aumentando, mientras que el del presidente va ir entrando en el ocaso; ya en ese a\u00f1o, un presidente nuevo lo va a poder cesar con la mano en la cintura, pero hoy por hoy el Fiscal es pr\u00e1cticamente intocable y eso \u00e9l lo sabe.<\/p>\n\n\n\n<div class=\"wp-block-image\"><figure class=\"alignleft size-large is-resized\"><a href=\"https:\/\/lospoliticosveracruz.com.mx\/wp-content\/uploads\/2021\/10\/WhatsApp-Image-2021-10-02-at-15.20.25.jpeg\"><img loading=\"lazy\" decoding=\"async\" src=\"https:\/\/lospoliticosveracruz.com.mx\/wp-content\/uploads\/2021\/10\/WhatsApp-Image-2021-10-02-at-15.20.25-724x1024.jpeg\" alt=\"\" class=\"wp-image-80177\" width=\"350\" height=\"500\"\/><\/a><\/figure><\/div>\n\n\n\n<p><br>Pero volvamos al esc\u00e1ndalo de la corrupci\u00f3n del fiscal Gertz Manero, pues resulta que se divulgaron unos audios, de los que cabe hacer la precisi\u00f3n de que, si bien su divulgaci\u00f3n fue ilegal, tambi\u00e9n es reveladora en cuanto a que se est\u00e1n cometiendo desde la fiscal\u00eda General de la Rep\u00fablica delitos a\u00fan m\u00e1s graves que la misma divulgaci\u00f3n de los audios privados.<br>Y es que esos audios contienen conversaciones del fiscal general con su principal colaborador en los que cometan con indignaci\u00f3n un proyecto de resoluci\u00f3n definitiva de un amparo atra\u00eddo por la Suprema Corte en el cual se propone amparar a una familiar del fiscal con quien tiene diferencias, quien fuera puesta en prisi\u00f3n cuando \u00e9l asumi\u00f3 el cargo.<br>Pero m\u00e1s all\u00e1 de las rencillas familiares de Gertz Manero, lo verdaderamente grave es que \u00e9l se ha valido del cargo para traficar influencias y\/o presionar a otras autoridades con la amenaza de iniciar carpetas de investigaci\u00f3n por hechos reales o ficticios, pero que pueden generar muchos problemas legales a su destinatario, para obtener toda clase de ventajas en sus litigios personales.<br>Siendo as\u00ed, como logr\u00f3 poner en prisi\u00f3n a sus familiares, intervino y puso en jaque a la Universidad de la Am\u00e9ricas de Puebla (por coincidir en el nombre con una que \u00e9l tiene) y hasta logr\u00f3 la ca\u00edda de un ministro de la Suprema Corte de Justicia.<br>Agrav\u00e1ndose lo anterior, porque en los tres a\u00f1os que Gertz lleva al frente de la Fiscal\u00eda General de la Rep\u00fablica, la inactividad de ese \u00f3rgano procurador de justicia ha sido de antolog\u00eda; ya que no se ha llevado ante la justicia a ning\u00fan l\u00edder del crimen organizado ni tampoco a ning\u00fan pol\u00edtico verdaderamente relevante de este o de gobiernos anteriores, de quienes es notorio el enriquecimiento il\u00edcito y las pr\u00e1cticas corruptas que tienen o tuvieron.<br>La FGR no combate casi ning\u00fan delito federal y sus empleados son usados como una especie GESTAPO para presionar a otras autoridades para que lleven a cabo los caprichos del fiscal general, lo cual ya de por s\u00ed es corrupci\u00f3n debido a que se distraen para fines particulares personas y recursos que deben de ser destinados para beneficiar a la sociedad y, desde luego, de esa corrupci\u00f3n emanan una serie de delitos que van a quedar en la impunidad por lo menos hasta el 24.<br>Y ese comportamiento perverso del fiscal se entiende, porque basta con ver su persona y la clase de litigios personales que lleva para darse cuenta de que es un tipo de cuidado; ya que a diferencia del presidente que es un megal\u00f3mano corto de entendederas, el fiscal es un personaje culto, fr\u00edo y calculador que se parece mucho a esos \u00abNazis reformados\u00bb que siguieron haciendo de las suyas en Alemania o en otros pa\u00edses en los que les dieron asilo; y no es de extra\u00f1ar que mientras aprehend\u00edan a su familiar o mientras tomaban la UDLAP, las huestes de Barbosa; Gertz disfrutara el momento con una copa de co\u00f1ac y escuchando un aria de \u00f3pera.<br>Y a todo esto se le suma el que L\u00f3pez Obrador lo haya respaldado diciendo que comprend\u00eda la situaci\u00f3n, que el pleito familiar era algo doloroso y que estaba en su derecho de entregarse en cuerpo y alma a \u00e9l y eso que es evidente como pretende manipular a la Corte; es decir, para el presidente es normal el abuso del poder y la violaci\u00f3n de la ley, siempre y cuando el que los comete sea de su camarilla.<br>Y el resultado de ello es que tenemos ahora un fiscal echado para adelante que dice que no se va y que va a seguir litigando sus negocios particulares con todos los medios a su alcance y lo m\u00e1s probable es que as\u00ed sea, al menos en lo que resta del gobierno de L\u00f3pez Obrador, ya que este no quiere, y tal vez no puede, desembarazar a M\u00e9xico de tan siniestro personaje.<br>Pero no es el \u00fanico personaje cuyos enjuagues en contra de la ley se van revelando y en la siguiente entrega, vamos a platicar de la maestra que en lugar de ense\u00f1ar y buscar lo mejor para los alumnos, se ha dedicado a todo lo contrario con el benepl\u00e1cito del presidente que prometi\u00f3 que en su administraci\u00f3n primero eran los pobres.<br>felfebas@gmail.com<br>Twitter: @FelipeFBasilio<\/p>\n","protected":false},"excerpt":{"rendered":"<p>Felipe de Jes\u00fas Fern\u00e1ndez BasilioDesde A Janela Hasta los mejores cuentos caen por su propio peso y, ese del combate a la corrupci\u00f3n de L\u00f3pez Obrador, hoy ya queda en el imaginario popular como otra de las muchas mentiras con las que muchos pol\u00edticos han enga\u00f1ado a los mexicanos a lo largo de toda la [&hellip;]<\/p>\n","protected":false},"author":2,"featured_media":0,"comment_status":"closed","ping_status":"closed","sticky":false,"template":"","format":"standard","meta":{"tdm_status":"","tdm_grid_status":"","footnotes":""},"categories":[70],"tags":[618,13669,12710,15567],"class_list":{"0":"post-87145","1":"post","2":"type-post","3":"status-publish","4":"format-standard","6":"category-de-opinion","7":"tag-andres-manuel-lopez-obrador","8":"tag-combate-a-la-corrupcion","9":"tag-felipe-de-jesus-fernandez-basilio","10":"tag-gertz-manero"},"yoast_head":"<!-- This site is optimized with the Yoast SEO plugin v27.4 - https:\/\/yoast.com\/product\/yoast-seo-wordpress\/ -->\n<title>La corrupci\u00f3n en tiempos de L\u00f3pez Obrador I: El fiscal perverso - Los pol\u00edticos Veracruz<\/title>\n<meta name=\"robots\" content=\"index, follow, max-snippet:-1, max-image-preview:large, max-video-preview:-1\" \/>\n<link rel=\"canonical\" href=\"https:\/\/lospoliticosveracruz.com\/?p=87145\" \/>\n<meta property=\"og:locale\" content=\"es_ES\" \/>\n<meta property=\"og:type\" content=\"article\" \/>\n<meta property=\"og:title\" content=\"La corrupci\u00f3n en tiempos de L\u00f3pez Obrador I: El fiscal perverso - Los pol\u00edticos Veracruz\" \/>\n<meta property=\"og:description\" content=\"Felipe de Jes\u00fas Fern\u00e1ndez BasilioDesde A Janela Hasta los mejores cuentos caen por su propio peso y, ese del combate a la corrupci\u00f3n de L\u00f3pez Obrador, hoy ya queda en el imaginario popular como otra de las muchas mentiras con las que muchos pol\u00edticos han enga\u00f1ado a los mexicanos a lo largo de toda la [&hellip;]\" \/>\n<meta property=\"og:url\" content=\"https:\/\/lospoliticosveracruz.com\/?p=87145\" \/>\n<meta property=\"og:site_name\" content=\"Los pol\u00edticos Veracruz\" \/>\n<meta property=\"article:publisher\" content=\"https:\/\/www.facebook.com\/people\/Notimemes-de-los-Polticos\/61565672886568\/\" \/>\n<meta property=\"article:published_time\" content=\"2022-03-11T09:25:00+00:00\" \/>\n<meta property=\"og:image\" content=\"https:\/\/lospoliticosveracruz.com.mx\/wp-content\/uploads\/2021\/10\/WhatsApp-Image-2021-10-02-at-15.20.25-724x1024.jpeg\" \/>\n<meta name=\"author\" content=\"Lo viste en Los Pol\u00edticos\" \/>\n<meta name=\"twitter:card\" content=\"summary_large_image\" \/>\n<meta name=\"twitter:creator\" content=\"@LosPoliticosVer\" \/>\n<meta name=\"twitter:site\" content=\"@LosPoliticosVer\" \/>\n<meta name=\"twitter:label1\" content=\"Escrito por\" \/>\n\t<meta name=\"twitter:data1\" content=\"Lo viste en Los Pol\u00edticos\" \/>\n\t<meta name=\"twitter:label2\" content=\"Tiempo de lectura\" \/>\n\t<meta name=\"twitter:data2\" content=\"5 minutos\" \/>\n<script type=\"application\/ld+json\" class=\"yoast-schema-graph\">{\"@context\":\"https:\\\/\\\/schema.org\",\"@graph\":[{\"@type\":\"Article\",\"@id\":\"https:\\\/\\\/lospoliticosveracruz.com\\\/?p=87145#article\",\"isPartOf\":{\"@id\":\"https:\\\/\\\/lospoliticosveracruz.com\\\/?p=87145\"},\"author\":{\"name\":\"Lo viste en Los Pol\u00edticos\",\"@id\":\"https:\\\/\\\/lospoliticosveracruz.com\\\/#\\\/schema\\\/person\\\/b8702bb0e538456e6efd07080bf2a4a2\"},\"headline\":\"La corrupci\u00f3n en tiempos de L\u00f3pez Obrador I: El fiscal perverso\",\"datePublished\":\"2022-03-11T09:25:00+00:00\",\"mainEntityOfPage\":{\"@id\":\"https:\\\/\\\/lospoliticosveracruz.com\\\/?p=87145\"},\"wordCount\":951,\"publisher\":{\"@id\":\"https:\\\/\\\/lospoliticosveracruz.com\\\/#organization\"},\"image\":{\"@id\":\"https:\\\/\\\/lospoliticosveracruz.com\\\/?p=87145#primaryimage\"},\"thumbnailUrl\":\"https:\\\/\\\/lospoliticosveracruz.com.mx\\\/wp-content\\\/uploads\\\/2021\\\/10\\\/WhatsApp-Image-2021-10-02-at-15.20.25-724x1024.jpeg\",\"keywords\":[\"Andr\u00e9s Manuel L\u00f3pez Obrador\",\"Combate a la Corrupci\u00f3n\",\"Felipe de Jes\u00fas Fern\u00e1ndez Basilio\",\"Gertz Manero\"],\"articleSection\":[\"De Opini\u00f3n\"],\"inLanguage\":\"es\"},{\"@type\":\"WebPage\",\"@id\":\"https:\\\/\\\/lospoliticosveracruz.com\\\/?p=87145\",\"url\":\"https:\\\/\\\/lospoliticosveracruz.com\\\/?p=87145\",\"name\":\"La corrupci\u00f3n en tiempos de L\u00f3pez Obrador I: El fiscal perverso - Los pol\u00edticos Veracruz\",\"isPartOf\":{\"@id\":\"https:\\\/\\\/lospoliticosveracruz.com\\\/#website\"},\"primaryImageOfPage\":{\"@id\":\"https:\\\/\\\/lospoliticosveracruz.com\\\/?p=87145#primaryimage\"},\"image\":{\"@id\":\"https:\\\/\\\/lospoliticosveracruz.com\\\/?p=87145#primaryimage\"},\"thumbnailUrl\":\"https:\\\/\\\/lospoliticosveracruz.com.mx\\\/wp-content\\\/uploads\\\/2021\\\/10\\\/WhatsApp-Image-2021-10-02-at-15.20.25-724x1024.jpeg\",\"datePublished\":\"2022-03-11T09:25:00+00:00\",\"breadcrumb\":{\"@id\":\"https:\\\/\\\/lospoliticosveracruz.com\\\/?p=87145#breadcrumb\"},\"inLanguage\":\"es\",\"potentialAction\":[{\"@type\":\"ReadAction\",\"target\":[\"https:\\\/\\\/lospoliticosveracruz.com\\\/?p=87145\"]}]},{\"@type\":\"ImageObject\",\"inLanguage\":\"es\",\"@id\":\"https:\\\/\\\/lospoliticosveracruz.com\\\/?p=87145#primaryimage\",\"url\":\"https:\\\/\\\/lospoliticosveracruz.com.mx\\\/wp-content\\\/uploads\\\/2021\\\/10\\\/WhatsApp-Image-2021-10-02-at-15.20.25-724x1024.jpeg\",\"contentUrl\":\"https:\\\/\\\/lospoliticosveracruz.com.mx\\\/wp-content\\\/uploads\\\/2021\\\/10\\\/WhatsApp-Image-2021-10-02-at-15.20.25-724x1024.jpeg\"},{\"@type\":\"BreadcrumbList\",\"@id\":\"https:\\\/\\\/lospoliticosveracruz.com\\\/?p=87145#breadcrumb\",\"itemListElement\":[{\"@type\":\"ListItem\",\"position\":1,\"name\":\"Portada\",\"item\":\"https:\\\/\\\/lospoliticosveracruz.com\\\/\"},{\"@type\":\"ListItem\",\"position\":2,\"name\":\"La corrupci\u00f3n en tiempos de L\u00f3pez Obrador I: El fiscal perverso\"}]},{\"@type\":\"WebSite\",\"@id\":\"https:\\\/\\\/lospoliticosveracruz.com\\\/#website\",\"url\":\"https:\\\/\\\/lospoliticosveracruz.com\\\/\",\"name\":\"Los pol\u00edticos Veracruz\",\"description\":\"\",\"publisher\":{\"@id\":\"https:\\\/\\\/lospoliticosveracruz.com\\\/#organization\"},\"potentialAction\":[{\"@type\":\"SearchAction\",\"target\":{\"@type\":\"EntryPoint\",\"urlTemplate\":\"https:\\\/\\\/lospoliticosveracruz.com\\\/?s={search_term_string}\"},\"query-input\":{\"@type\":\"PropertyValueSpecification\",\"valueRequired\":true,\"valueName\":\"search_term_string\"}}],\"inLanguage\":\"es\"},{\"@type\":\"Organization\",\"@id\":\"https:\\\/\\\/lospoliticosveracruz.com\\\/#organization\",\"name\":\"Los pol\u00edticos Veracruz\",\"url\":\"https:\\\/\\\/lospoliticosveracruz.com\\\/\",\"logo\":{\"@type\":\"ImageObject\",\"inLanguage\":\"es\",\"@id\":\"https:\\\/\\\/lospoliticosveracruz.com\\\/#\\\/schema\\\/logo\\\/image\\\/\",\"url\":\"https:\\\/\\\/lospoliticosveracruz.com\\\/wp-content\\\/uploads\\\/2025\\\/12\\\/Logo-Nuevo-LOS-POLITICOS-1.jpg\",\"contentUrl\":\"https:\\\/\\\/lospoliticosveracruz.com\\\/wp-content\\\/uploads\\\/2025\\\/12\\\/Logo-Nuevo-LOS-POLITICOS-1.jpg\",\"width\":260,\"height\":70,\"caption\":\"Los pol\u00edticos Veracruz\"},\"image\":{\"@id\":\"https:\\\/\\\/lospoliticosveracruz.com\\\/#\\\/schema\\\/logo\\\/image\\\/\"},\"sameAs\":[\"https:\\\/\\\/www.facebook.com\\\/people\\\/Notimemes-de-los-Polticos\\\/61565672886568\\\/\",\"https:\\\/\\\/x.com\\\/LosPoliticosVer\"]},{\"@type\":\"Person\",\"@id\":\"https:\\\/\\\/lospoliticosveracruz.com\\\/#\\\/schema\\\/person\\\/b8702bb0e538456e6efd07080bf2a4a2\",\"name\":\"Lo viste en Los Pol\u00edticos\",\"image\":{\"@type\":\"ImageObject\",\"inLanguage\":\"es\",\"@id\":\"https:\\\/\\\/secure.gravatar.com\\\/avatar\\\/3a8de04a2656d44082be478bd6c086daa447c4651605818287b9532d3d0bd435?s=96&d=mm&r=g\",\"url\":\"https:\\\/\\\/secure.gravatar.com\\\/avatar\\\/3a8de04a2656d44082be478bd6c086daa447c4651605818287b9532d3d0bd435?s=96&d=mm&r=g\",\"contentUrl\":\"https:\\\/\\\/secure.gravatar.com\\\/avatar\\\/3a8de04a2656d44082be478bd6c086daa447c4651605818287b9532d3d0bd435?s=96&d=mm&r=g\",\"caption\":\"Lo viste en Los Pol\u00edticos\"},\"url\":\"https:\\\/\\\/lospoliticosveracruz.com\\\/?author=2\"}]}<\/script>\n<!-- \/ Yoast SEO plugin. -->","yoast_head_json":{"title":"La corrupci\u00f3n en tiempos de L\u00f3pez Obrador I: El fiscal perverso - Los pol\u00edticos Veracruz","robots":{"index":"index","follow":"follow","max-snippet":"max-snippet:-1","max-image-preview":"max-image-preview:large","max-video-preview":"max-video-preview:-1"},"canonical":"https:\/\/lospoliticosveracruz.com\/?p=87145","og_locale":"es_ES","og_type":"article","og_title":"La corrupci\u00f3n en tiempos de L\u00f3pez Obrador I: El fiscal perverso - Los pol\u00edticos Veracruz","og_description":"Felipe de Jes\u00fas Fern\u00e1ndez BasilioDesde A Janela Hasta los mejores cuentos caen por su propio peso y, ese del combate a la corrupci\u00f3n de L\u00f3pez Obrador, hoy ya queda en el imaginario popular como otra de las muchas mentiras con las que muchos pol\u00edticos han enga\u00f1ado a los mexicanos a lo largo de toda la [&hellip;]","og_url":"https:\/\/lospoliticosveracruz.com\/?p=87145","og_site_name":"Los pol\u00edticos Veracruz","article_publisher":"https:\/\/www.facebook.com\/people\/Notimemes-de-los-Polticos\/61565672886568\/","article_published_time":"2022-03-11T09:25:00+00:00","og_image":[{"url":"https:\/\/lospoliticosveracruz.com.mx\/wp-content\/uploads\/2021\/10\/WhatsApp-Image-2021-10-02-at-15.20.25-724x1024.jpeg","type":"","width":"","height":""}],"author":"Lo viste en Los Pol\u00edticos","twitter_card":"summary_large_image","twitter_creator":"@LosPoliticosVer","twitter_site":"@LosPoliticosVer","twitter_misc":{"Escrito por":"Lo viste en Los Pol\u00edticos","Tiempo de lectura":"5 minutos"},"schema":{"@context":"https:\/\/schema.org","@graph":[{"@type":"Article","@id":"https:\/\/lospoliticosveracruz.com\/?p=87145#article","isPartOf":{"@id":"https:\/\/lospoliticosveracruz.com\/?p=87145"},"author":{"name":"Lo viste en Los Pol\u00edticos","@id":"https:\/\/lospoliticosveracruz.com\/#\/schema\/person\/b8702bb0e538456e6efd07080bf2a4a2"},"headline":"La corrupci\u00f3n en tiempos de L\u00f3pez Obrador I: El fiscal perverso","datePublished":"2022-03-11T09:25:00+00:00","mainEntityOfPage":{"@id":"https:\/\/lospoliticosveracruz.com\/?p=87145"},"wordCount":951,"publisher":{"@id":"https:\/\/lospoliticosveracruz.com\/#organization"},"image":{"@id":"https:\/\/lospoliticosveracruz.com\/?p=87145#primaryimage"},"thumbnailUrl":"https:\/\/lospoliticosveracruz.com.mx\/wp-content\/uploads\/2021\/10\/WhatsApp-Image-2021-10-02-at-15.20.25-724x1024.jpeg","keywords":["Andr\u00e9s Manuel L\u00f3pez Obrador","Combate a la Corrupci\u00f3n","Felipe de Jes\u00fas Fern\u00e1ndez Basilio","Gertz Manero"],"articleSection":["De Opini\u00f3n"],"inLanguage":"es"},{"@type":"WebPage","@id":"https:\/\/lospoliticosveracruz.com\/?p=87145","url":"https:\/\/lospoliticosveracruz.com\/?p=87145","name":"La corrupci\u00f3n en tiempos de L\u00f3pez Obrador I: El fiscal perverso - Los pol\u00edticos Veracruz","isPartOf":{"@id":"https:\/\/lospoliticosveracruz.com\/#website"},"primaryImageOfPage":{"@id":"https:\/\/lospoliticosveracruz.com\/?p=87145#primaryimage"},"image":{"@id":"https:\/\/lospoliticosveracruz.com\/?p=87145#primaryimage"},"thumbnailUrl":"https:\/\/lospoliticosveracruz.com.mx\/wp-content\/uploads\/2021\/10\/WhatsApp-Image-2021-10-02-at-15.20.25-724x1024.jpeg","datePublished":"2022-03-11T09:25:00+00:00","breadcrumb":{"@id":"https:\/\/lospoliticosveracruz.com\/?p=87145#breadcrumb"},"inLanguage":"es","potentialAction":[{"@type":"ReadAction","target":["https:\/\/lospoliticosveracruz.com\/?p=87145"]}]},{"@type":"ImageObject","inLanguage":"es","@id":"https:\/\/lospoliticosveracruz.com\/?p=87145#primaryimage","url":"https:\/\/lospoliticosveracruz.com.mx\/wp-content\/uploads\/2021\/10\/WhatsApp-Image-2021-10-02-at-15.20.25-724x1024.jpeg","contentUrl":"https:\/\/lospoliticosveracruz.com.mx\/wp-content\/uploads\/2021\/10\/WhatsApp-Image-2021-10-02-at-15.20.25-724x1024.jpeg"},{"@type":"BreadcrumbList","@id":"https:\/\/lospoliticosveracruz.com\/?p=87145#breadcrumb","itemListElement":[{"@type":"ListItem","position":1,"name":"Portada","item":"https:\/\/lospoliticosveracruz.com\/"},{"@type":"ListItem","position":2,"name":"La corrupci\u00f3n en tiempos de L\u00f3pez Obrador I: El fiscal perverso"}]},{"@type":"WebSite","@id":"https:\/\/lospoliticosveracruz.com\/#website","url":"https:\/\/lospoliticosveracruz.com\/","name":"Los pol\u00edticos Veracruz","description":"","publisher":{"@id":"https:\/\/lospoliticosveracruz.com\/#organization"},"potentialAction":[{"@type":"SearchAction","target":{"@type":"EntryPoint","urlTemplate":"https:\/\/lospoliticosveracruz.com\/?s={search_term_string}"},"query-input":{"@type":"PropertyValueSpecification","valueRequired":true,"valueName":"search_term_string"}}],"inLanguage":"es"},{"@type":"Organization","@id":"https:\/\/lospoliticosveracruz.com\/#organization","name":"Los pol\u00edticos Veracruz","url":"https:\/\/lospoliticosveracruz.com\/","logo":{"@type":"ImageObject","inLanguage":"es","@id":"https:\/\/lospoliticosveracruz.com\/#\/schema\/logo\/image\/","url":"https:\/\/lospoliticosveracruz.com\/wp-content\/uploads\/2025\/12\/Logo-Nuevo-LOS-POLITICOS-1.jpg","contentUrl":"https:\/\/lospoliticosveracruz.com\/wp-content\/uploads\/2025\/12\/Logo-Nuevo-LOS-POLITICOS-1.jpg","width":260,"height":70,"caption":"Los pol\u00edticos Veracruz"},"image":{"@id":"https:\/\/lospoliticosveracruz.com\/#\/schema\/logo\/image\/"},"sameAs":["https:\/\/www.facebook.com\/people\/Notimemes-de-los-Polticos\/61565672886568\/","https:\/\/x.com\/LosPoliticosVer"]},{"@type":"Person","@id":"https:\/\/lospoliticosveracruz.com\/#\/schema\/person\/b8702bb0e538456e6efd07080bf2a4a2","name":"Lo viste en Los Pol\u00edticos","image":{"@type":"ImageObject","inLanguage":"es","@id":"https:\/\/secure.gravatar.com\/avatar\/3a8de04a2656d44082be478bd6c086daa447c4651605818287b9532d3d0bd435?s=96&d=mm&r=g","url":"https:\/\/secure.gravatar.com\/avatar\/3a8de04a2656d44082be478bd6c086daa447c4651605818287b9532d3d0bd435?s=96&d=mm&r=g","contentUrl":"https:\/\/secure.gravatar.com\/avatar\/3a8de04a2656d44082be478bd6c086daa447c4651605818287b9532d3d0bd435?s=96&d=mm&r=g","caption":"Lo viste en Los Pol\u00edticos"},"url":"https:\/\/lospoliticosveracruz.com\/?author=2"}]}},"_links":{"self":[{"href":"https:\/\/lospoliticosveracruz.com\/index.php?rest_route=\/wp\/v2\/posts\/87145","targetHints":{"allow":["GET"]}}],"collection":[{"href":"https:\/\/lospoliticosveracruz.com\/index.php?rest_route=\/wp\/v2\/posts"}],"about":[{"href":"https:\/\/lospoliticosveracruz.com\/index.php?rest_route=\/wp\/v2\/types\/post"}],"author":[{"embeddable":true,"href":"https:\/\/lospoliticosveracruz.com\/index.php?rest_route=\/wp\/v2\/users\/2"}],"replies":[{"embeddable":true,"href":"https:\/\/lospoliticosveracruz.com\/index.php?rest_route=%2Fwp%2Fv2%2Fcomments&post=87145"}],"version-history":[{"count":1,"href":"https:\/\/lospoliticosveracruz.com\/index.php?rest_route=\/wp\/v2\/posts\/87145\/revisions"}],"predecessor-version":[{"id":87147,"href":"https:\/\/lospoliticosveracruz.com\/index.php?rest_route=\/wp\/v2\/posts\/87145\/revisions\/87147"}],"wp:attachment":[{"href":"https:\/\/lospoliticosveracruz.com\/index.php?rest_route=%2Fwp%2Fv2%2Fmedia&parent=87145"}],"wp:term":[{"taxonomy":"category","embeddable":true,"href":"https:\/\/lospoliticosveracruz.com\/index.php?rest_route=%2Fwp%2Fv2%2Fcategories&post=87145"},{"taxonomy":"post_tag","embeddable":true,"href":"https:\/\/lospoliticosveracruz.com\/index.php?rest_route=%2Fwp%2Fv2%2Ftags&post=87145"}],"curies":[{"name":"wp","href":"https:\/\/api.w.org\/{rel}","templated":true}]}}