{"id":87242,"date":"2022-03-14T07:00:00","date_gmt":"2022-03-14T13:00:00","guid":{"rendered":"https:\/\/lospoliticosveracruz.com.mx\/?p=87242"},"modified":"2022-03-14T07:41:45","modified_gmt":"2022-03-14T13:41:45","slug":"los-celos-de-bola-8","status":"publish","type":"post","link":"https:\/\/lospoliticosveracruz.com\/?p=87242","title":{"rendered":"Los celos de Bola 8"},"content":{"rendered":"\n<p><strong>Salvador Mu\u00f1oz<\/strong><\/p>\n\n\n\n<p><em>Los Pol\u00edticos<\/em><\/p>\n\n\n\n<p>Hay quienes hablan de un factor que tumb\u00f3 a Adri\u00e1n Gonz\u00e1lez Naveda, candidato natural por el distrito electoral federal de Veracruz 9, con cabecera en Coatepec aun cuando ten\u00eda todo para llegar a San L\u00e1zaro: Mario Delgado. Hay quienes hablan de un factor que tumba desde este momento, al candidato natural para competir por este distrito en el 2024: Bola 8.<\/p>\n\n\n\n<div class=\"wp-block-image\"><figure class=\"alignleft size-full is-resized\"><a href=\"https:\/\/lospoliticosveracruz.com.mx\/wp-content\/uploads\/2022\/02\/CUMBRE-TAJIN-2022-.jpg\"><img loading=\"lazy\" decoding=\"async\" src=\"https:\/\/lospoliticosveracruz.com.mx\/wp-content\/uploads\/2022\/02\/CUMBRE-TAJIN-2022-.jpg\" alt=\"\" class=\"wp-image-86651\" width=\"350\" height=\"450\"\/><\/a><\/figure><\/div>\n\n\n\n<p>El primer factor: Se cuenta que adem\u00e1s de haber sido compa\u00f1eros en el Senado, son egresados de la misma casa de estudios, el ITAM, lo que habla de una \u201chermandad\u201d entre Mario Delgado y Pepe Yunes Zorrilla. Las encuestas favorec\u00edan al funcionario de Bienestar pero moviendo piezas y acomodando por aqu\u00ed g\u00e9nero y j\u00f3venes, le dieron la candidatura a Carmen Mora, aun cuando la empresaria ya no le interesaba tanto la competencia por una curul como la candidatura de su hijo, por la alcald\u00eda del Pueblo M\u00e1gico.<\/p>\n\n\n\n<p>El segundo factor\u2026 Con excepci\u00f3n de la curul federal, Bola 8 (el secretario de Gobierno Eric Cisneros) tiene bajo su control el distrito local en la figura del diputado Luis Ronaldo Z\u00e1rate, as\u00ed como el Ayuntamiento del Pueblo M\u00e1gico, en la triste figura de Raymundo Andrade Rivera.<\/p>\n\n\n\n<p>Agreguen a ello las dos instrucciones de Bola 8 a los alcaldes morenos de la regi\u00f3n que compete el Distrito electoral federal 09:<\/p>\n\n\n\n<p>La primera: Cero acercamiento a las secretar\u00edas de Gobierno del Estado que no sea la suya\u2026 si algo quieren, deben acercarse a \u00e9l sin que ello implique que lo va a resolver\u2026 aunque nada que no solucione una pista de hielo o un festival del Orgullo Veracruzano\u2026 a cargo del erario municipal, por supuesto.<\/p>\n\n\n\n<p>La segunda: cero acercamiento al Diputado federal Pepe Yunes Zorrilla so pena de una \u201ccagotiza\u201d por parte de Bola 8.<\/p>\n\n\n\n<p>A ello se suma los vetos que Bola 8 tiene para con algunos pol\u00edticos adem\u00e1s del de Perote.<\/p>\n\n\n\n<p>El primero de los vetados es el mismo Adri\u00e1n Gonz\u00e1lez Naveda, a quien de plano, la instrucci\u00f3n precisa y maciza de Bola 8 a Raymundo Rivera Andrade es \u201cprohibido rotundamente que se aparezca por el Ayuntamiento\u201d este funcionario de Bienestar. A duras penas y entr\u00f3 un regidor de Adri\u00e1n, y eso porque all\u00ed ya no pudo hacer nada el de Baja Cuencalifornia.<\/p>\n\n\n\n<p>El otro vetado es Sergio Guti\u00e9rrez Luna, el presidente de la C\u00e1mara de Diputados y de eso, vaya que saben los alcaldes de Acajete, Tlacolulan y Rafael Lucio, que tras una visita a San L\u00e1zaro, la rega\u00f1iza estuvo de pel\u00edcula.<\/p>\n\n\n\n<p>\u00bfY por qu\u00e9 tanto celo por el Distrito electoral federal 09? Simple\u2026 todo indica que Bola 8 quiere preparar el terreno para el 2024 en aras de ser \u00e9l el candidato por una curul federal\u2026<\/p>\n\n\n\n<p>\u00bfY por qu\u00e9 no el distrito cuenque\u00f1o?<\/p>\n\n\n\n<p>Hay dos factores:<\/p>\n\n\n\n<p>El primero, colocar a un candidato a modo, as\u00ed, sumisos como el diputado local Luis Ronaldo Z\u00e1rate y el alcalde Raymundo Rivera en funci\u00f3n de tener por un lado, control en Cosamaloapan y por el otro, en Coatepec\u2026 ya hasta hablan de un nuevo municipio: \u00a1\u201cCoatetitl\u00e1n\u201d!<\/p>\n\n\n\n<p>El segundo factor es el miedo\u2026 pero no el que a \u00e9l le gusta generar, sino el que \u00e9l tiene: de seis guardaespaldas que ten\u00eda, hoy ya tiene 12\u2026 si es diputado federal, de cierto modo, pondr\u00eda distancia de la Cuenca y mantendr\u00eda presencia en Coatepec donde con la llegada del Cuartel de la Guardia Nacional le da m\u00e1s sosiego.<\/p>\n\n\n\n<p>El asunto es si los fundadores de Morena en Coatepec le dar\u00e1n el apoyo a Bola 8 porque el antecedente que les dej\u00f3, es amargo\u2026<\/p>\n\n\n\n<p>Cuentan que en la primera reuni\u00f3n que tuvo con los morenos de Coatepec, lanz\u00f3 una pregunta:<\/p>\n\n\n\n<p>\u2013Qui\u00e9n de ustedes quiere ser regidor?<\/p>\n\n\n\n<p>Por all\u00ed, una mano t\u00edmidamente se levant\u00f3\u2026 \u00a1para qu\u00e9!<\/p>\n\n\n\n<p>\u2013\u00a1A la chingada! \u00a1No estamos aqu\u00ed por puestos!<\/p>\n\n\n\n<p>A la larga, Bola 8 tuvo raz\u00f3n: no llegaron los morenos pero s\u00ed los Tizianos!<\/p>\n\n\n\n<p>S\u00ed, una cosa es Raymundo Andrade y Luis Ronaldo Z\u00e1rate, y otra, el esp\u00edritu real que dio forma a Morena en Coatepec\u2026 \u00bfde verdad tendr\u00e1 cara Bola 8 para ir a pedirles el voto en el 2024 despu\u00e9s de mandarlos a la chingada? Habr\u00e1 que ver porque Coatepec, al menos por Morena, el candidato natural ah\u00ed sigue, en la figura de Gonz\u00e1lez Naveda si no le hacen otra chicanada\u2026<\/p>\n\n\n\n<p>smcainito@gmail.com&nbsp;<\/p>\n","protected":false},"excerpt":{"rendered":"<p>Salvador Mu\u00f1oz Los Pol\u00edticos Hay quienes hablan de un factor que tumb\u00f3 a Adri\u00e1n Gonz\u00e1lez Naveda, candidato natural por el distrito electoral federal de Veracruz 9, con cabecera en Coatepec aun cuando ten\u00eda todo para llegar a San L\u00e1zaro: Mario Delgado. Hay quienes hablan de un factor que tumba desde este momento, al candidato natural [&hellip;]<\/p>\n","protected":false},"author":2,"featured_media":84614,"comment_status":"closed","ping_status":"closed","sticky":false,"template":"","format":"standard","meta":{"tdm_status":"","tdm_grid_status":"","footnotes":""},"categories":[70],"tags":[18598,15946,277,21458,12299,13546,26907,12596,1026,7835,246,26212,16147,195],"class_list":{"0":"post-87242","1":"post","2":"type-post","3":"status-publish","4":"format-standard","5":"has-post-thumbnail","7":"category-de-opinion","8":"tag-adrian-gonzalez-naveda","9":"tag-bola-8","10":"tag-coatepec","11":"tag-cosamalopan","12":"tag-eric-cisneros-burgos","13":"tag-itam","14":"tag-luis-ronaldo-zarate-diaz","15":"tag-mario-delgado","16":"tag-morena","17":"tag-otatitlan","18":"tag-pepe-yunes-zorrilla","19":"tag-raymundo-rivera-andrade","20":"tag-sergio-gutierrez-luna","21":"tag-veracruz"},"yoast_head":"<!-- This site is optimized with the Yoast SEO plugin v27.4 - https:\/\/yoast.com\/product\/yoast-seo-wordpress\/ -->\n<title>Los celos de Bola 8 - Los pol\u00edticos Veracruz<\/title>\n<meta name=\"robots\" content=\"index, follow, max-snippet:-1, max-image-preview:large, max-video-preview:-1\" \/>\n<link rel=\"canonical\" href=\"https:\/\/lospoliticosveracruz.com\/?p=87242\" \/>\n<meta property=\"og:locale\" content=\"es_ES\" \/>\n<meta property=\"og:type\" content=\"article\" \/>\n<meta property=\"og:title\" content=\"Los celos de Bola 8 - Los pol\u00edticos Veracruz\" \/>\n<meta property=\"og:description\" content=\"Salvador Mu\u00f1oz Los Pol\u00edticos Hay quienes hablan de un factor que tumb\u00f3 a Adri\u00e1n Gonz\u00e1lez Naveda, candidato natural por el distrito electoral federal de Veracruz 9, con cabecera en Coatepec aun cuando ten\u00eda todo para llegar a San L\u00e1zaro: Mario Delgado. Hay quienes hablan de un factor que tumba desde este momento, al candidato natural [&hellip;]\" \/>\n<meta property=\"og:url\" content=\"https:\/\/lospoliticosveracruz.com\/?p=87242\" \/>\n<meta property=\"og:site_name\" content=\"Los pol\u00edticos Veracruz\" \/>\n<meta property=\"article:publisher\" content=\"https:\/\/www.facebook.com\/people\/Notimemes-de-los-Polticos\/61565672886568\/\" \/>\n<meta property=\"article:published_time\" content=\"2022-03-14T13:00:00+00:00\" \/>\n<meta property=\"article:modified_time\" content=\"2022-03-14T13:41:45+00:00\" \/>\n<meta property=\"og:image\" content=\"https:\/\/lospoliticosveracruz.com\/wp-content\/uploads\/2022\/01\/Eric-Cisneros-dieta.jpg\" \/>\n\t<meta property=\"og:image:width\" content=\"600\" \/>\n\t<meta property=\"og:image:height\" content=\"320\" \/>\n\t<meta property=\"og:image:type\" content=\"image\/jpeg\" \/>\n<meta name=\"author\" content=\"Lo viste en Los Pol\u00edticos\" \/>\n<meta name=\"twitter:card\" content=\"summary_large_image\" \/>\n<meta name=\"twitter:creator\" content=\"@LosPoliticosVer\" \/>\n<meta name=\"twitter:site\" content=\"@LosPoliticosVer\" \/>\n<meta name=\"twitter:label1\" content=\"Escrito por\" \/>\n\t<meta name=\"twitter:data1\" content=\"Lo viste en Los Pol\u00edticos\" \/>\n\t<meta name=\"twitter:label2\" content=\"Tiempo de lectura\" \/>\n\t<meta name=\"twitter:data2\" content=\"4 minutos\" \/>\n<script type=\"application\/ld+json\" class=\"yoast-schema-graph\">{\"@context\":\"https:\\\/\\\/schema.org\",\"@graph\":[{\"@type\":\"Article\",\"@id\":\"https:\\\/\\\/lospoliticosveracruz.com\\\/?p=87242#article\",\"isPartOf\":{\"@id\":\"https:\\\/\\\/lospoliticosveracruz.com\\\/?p=87242\"},\"author\":{\"name\":\"Lo viste en Los Pol\u00edticos\",\"@id\":\"https:\\\/\\\/lospoliticosveracruz.com\\\/#\\\/schema\\\/person\\\/b8702bb0e538456e6efd07080bf2a4a2\"},\"headline\":\"Los celos de Bola 8\",\"datePublished\":\"2022-03-14T13:00:00+00:00\",\"dateModified\":\"2022-03-14T13:41:45+00:00\",\"mainEntityOfPage\":{\"@id\":\"https:\\\/\\\/lospoliticosveracruz.com\\\/?p=87242\"},\"wordCount\":752,\"publisher\":{\"@id\":\"https:\\\/\\\/lospoliticosveracruz.com\\\/#organization\"},\"image\":{\"@id\":\"https:\\\/\\\/lospoliticosveracruz.com\\\/?p=87242#primaryimage\"},\"thumbnailUrl\":\"https:\\\/\\\/lospoliticosveracruz.com\\\/wp-content\\\/uploads\\\/2022\\\/01\\\/Eric-Cisneros-dieta.jpg\",\"keywords\":[\"Adri\u00e1n Gonz\u00e1lez Naveda\",\"Bola 8\",\"Coatepec\",\"Cosamalopan\",\"Eric Cisneros Burgos\",\"ITAM\",\"Luis Ronaldo Z\u00e1rate D\u00edaz\",\"Mario Delgado\",\"Morena\",\"Otatitl\u00e1n\",\"Pepe Yunes Zorrilla\",\"Raymundo Rivera Andrade\",\"Sergio Guti\u00e9rrez Luna\",\"Veracruz\"],\"articleSection\":[\"De Opini\u00f3n\"],\"inLanguage\":\"es\"},{\"@type\":\"WebPage\",\"@id\":\"https:\\\/\\\/lospoliticosveracruz.com\\\/?p=87242\",\"url\":\"https:\\\/\\\/lospoliticosveracruz.com\\\/?p=87242\",\"name\":\"Los celos de Bola 8 - Los pol\u00edticos Veracruz\",\"isPartOf\":{\"@id\":\"https:\\\/\\\/lospoliticosveracruz.com\\\/#website\"},\"primaryImageOfPage\":{\"@id\":\"https:\\\/\\\/lospoliticosveracruz.com\\\/?p=87242#primaryimage\"},\"image\":{\"@id\":\"https:\\\/\\\/lospoliticosveracruz.com\\\/?p=87242#primaryimage\"},\"thumbnailUrl\":\"https:\\\/\\\/lospoliticosveracruz.com\\\/wp-content\\\/uploads\\\/2022\\\/01\\\/Eric-Cisneros-dieta.jpg\",\"datePublished\":\"2022-03-14T13:00:00+00:00\",\"dateModified\":\"2022-03-14T13:41:45+00:00\",\"breadcrumb\":{\"@id\":\"https:\\\/\\\/lospoliticosveracruz.com\\\/?p=87242#breadcrumb\"},\"inLanguage\":\"es\",\"potentialAction\":[{\"@type\":\"ReadAction\",\"target\":[\"https:\\\/\\\/lospoliticosveracruz.com\\\/?p=87242\"]}]},{\"@type\":\"ImageObject\",\"inLanguage\":\"es\",\"@id\":\"https:\\\/\\\/lospoliticosveracruz.com\\\/?p=87242#primaryimage\",\"url\":\"https:\\\/\\\/lospoliticosveracruz.com\\\/wp-content\\\/uploads\\\/2022\\\/01\\\/Eric-Cisneros-dieta.jpg\",\"contentUrl\":\"https:\\\/\\\/lospoliticosveracruz.com\\\/wp-content\\\/uploads\\\/2022\\\/01\\\/Eric-Cisneros-dieta.jpg\",\"width\":600,\"height\":320},{\"@type\":\"BreadcrumbList\",\"@id\":\"https:\\\/\\\/lospoliticosveracruz.com\\\/?p=87242#breadcrumb\",\"itemListElement\":[{\"@type\":\"ListItem\",\"position\":1,\"name\":\"Portada\",\"item\":\"https:\\\/\\\/lospoliticosveracruz.com\\\/\"},{\"@type\":\"ListItem\",\"position\":2,\"name\":\"Los celos de Bola 8\"}]},{\"@type\":\"WebSite\",\"@id\":\"https:\\\/\\\/lospoliticosveracruz.com\\\/#website\",\"url\":\"https:\\\/\\\/lospoliticosveracruz.com\\\/\",\"name\":\"Los pol\u00edticos Veracruz\",\"description\":\"\",\"publisher\":{\"@id\":\"https:\\\/\\\/lospoliticosveracruz.com\\\/#organization\"},\"potentialAction\":[{\"@type\":\"SearchAction\",\"target\":{\"@type\":\"EntryPoint\",\"urlTemplate\":\"https:\\\/\\\/lospoliticosveracruz.com\\\/?s={search_term_string}\"},\"query-input\":{\"@type\":\"PropertyValueSpecification\",\"valueRequired\":true,\"valueName\":\"search_term_string\"}}],\"inLanguage\":\"es\"},{\"@type\":\"Organization\",\"@id\":\"https:\\\/\\\/lospoliticosveracruz.com\\\/#organization\",\"name\":\"Los pol\u00edticos Veracruz\",\"url\":\"https:\\\/\\\/lospoliticosveracruz.com\\\/\",\"logo\":{\"@type\":\"ImageObject\",\"inLanguage\":\"es\",\"@id\":\"https:\\\/\\\/lospoliticosveracruz.com\\\/#\\\/schema\\\/logo\\\/image\\\/\",\"url\":\"https:\\\/\\\/lospoliticosveracruz.com\\\/wp-content\\\/uploads\\\/2025\\\/12\\\/Logo-Nuevo-LOS-POLITICOS-1.jpg\",\"contentUrl\":\"https:\\\/\\\/lospoliticosveracruz.com\\\/wp-content\\\/uploads\\\/2025\\\/12\\\/Logo-Nuevo-LOS-POLITICOS-1.jpg\",\"width\":260,\"height\":70,\"caption\":\"Los pol\u00edticos Veracruz\"},\"image\":{\"@id\":\"https:\\\/\\\/lospoliticosveracruz.com\\\/#\\\/schema\\\/logo\\\/image\\\/\"},\"sameAs\":[\"https:\\\/\\\/www.facebook.com\\\/people\\\/Notimemes-de-los-Polticos\\\/61565672886568\\\/\",\"https:\\\/\\\/x.com\\\/LosPoliticosVer\"]},{\"@type\":\"Person\",\"@id\":\"https:\\\/\\\/lospoliticosveracruz.com\\\/#\\\/schema\\\/person\\\/b8702bb0e538456e6efd07080bf2a4a2\",\"name\":\"Lo viste en Los Pol\u00edticos\",\"image\":{\"@type\":\"ImageObject\",\"inLanguage\":\"es\",\"@id\":\"https:\\\/\\\/secure.gravatar.com\\\/avatar\\\/3a8de04a2656d44082be478bd6c086daa447c4651605818287b9532d3d0bd435?s=96&d=mm&r=g\",\"url\":\"https:\\\/\\\/secure.gravatar.com\\\/avatar\\\/3a8de04a2656d44082be478bd6c086daa447c4651605818287b9532d3d0bd435?s=96&d=mm&r=g\",\"contentUrl\":\"https:\\\/\\\/secure.gravatar.com\\\/avatar\\\/3a8de04a2656d44082be478bd6c086daa447c4651605818287b9532d3d0bd435?s=96&d=mm&r=g\",\"caption\":\"Lo viste en Los Pol\u00edticos\"},\"url\":\"https:\\\/\\\/lospoliticosveracruz.com\\\/?author=2\"}]}<\/script>\n<!-- \/ Yoast SEO plugin. -->","yoast_head_json":{"title":"Los celos de Bola 8 - Los pol\u00edticos Veracruz","robots":{"index":"index","follow":"follow","max-snippet":"max-snippet:-1","max-image-preview":"max-image-preview:large","max-video-preview":"max-video-preview:-1"},"canonical":"https:\/\/lospoliticosveracruz.com\/?p=87242","og_locale":"es_ES","og_type":"article","og_title":"Los celos de Bola 8 - Los pol\u00edticos Veracruz","og_description":"Salvador Mu\u00f1oz Los Pol\u00edticos Hay quienes hablan de un factor que tumb\u00f3 a Adri\u00e1n Gonz\u00e1lez Naveda, candidato natural por el distrito electoral federal de Veracruz 9, con cabecera en Coatepec aun cuando ten\u00eda todo para llegar a San L\u00e1zaro: Mario Delgado. Hay quienes hablan de un factor que tumba desde este momento, al candidato natural [&hellip;]","og_url":"https:\/\/lospoliticosveracruz.com\/?p=87242","og_site_name":"Los pol\u00edticos Veracruz","article_publisher":"https:\/\/www.facebook.com\/people\/Notimemes-de-los-Polticos\/61565672886568\/","article_published_time":"2022-03-14T13:00:00+00:00","article_modified_time":"2022-03-14T13:41:45+00:00","og_image":[{"width":600,"height":320,"url":"https:\/\/lospoliticosveracruz.com\/wp-content\/uploads\/2022\/01\/Eric-Cisneros-dieta.jpg","type":"image\/jpeg"}],"author":"Lo viste en Los Pol\u00edticos","twitter_card":"summary_large_image","twitter_creator":"@LosPoliticosVer","twitter_site":"@LosPoliticosVer","twitter_misc":{"Escrito por":"Lo viste en Los Pol\u00edticos","Tiempo de lectura":"4 minutos"},"schema":{"@context":"https:\/\/schema.org","@graph":[{"@type":"Article","@id":"https:\/\/lospoliticosveracruz.com\/?p=87242#article","isPartOf":{"@id":"https:\/\/lospoliticosveracruz.com\/?p=87242"},"author":{"name":"Lo viste en Los Pol\u00edticos","@id":"https:\/\/lospoliticosveracruz.com\/#\/schema\/person\/b8702bb0e538456e6efd07080bf2a4a2"},"headline":"Los celos de Bola 8","datePublished":"2022-03-14T13:00:00+00:00","dateModified":"2022-03-14T13:41:45+00:00","mainEntityOfPage":{"@id":"https:\/\/lospoliticosveracruz.com\/?p=87242"},"wordCount":752,"publisher":{"@id":"https:\/\/lospoliticosveracruz.com\/#organization"},"image":{"@id":"https:\/\/lospoliticosveracruz.com\/?p=87242#primaryimage"},"thumbnailUrl":"https:\/\/lospoliticosveracruz.com\/wp-content\/uploads\/2022\/01\/Eric-Cisneros-dieta.jpg","keywords":["Adri\u00e1n Gonz\u00e1lez Naveda","Bola 8","Coatepec","Cosamalopan","Eric Cisneros Burgos","ITAM","Luis Ronaldo Z\u00e1rate D\u00edaz","Mario Delgado","Morena","Otatitl\u00e1n","Pepe Yunes Zorrilla","Raymundo Rivera Andrade","Sergio Guti\u00e9rrez Luna","Veracruz"],"articleSection":["De Opini\u00f3n"],"inLanguage":"es"},{"@type":"WebPage","@id":"https:\/\/lospoliticosveracruz.com\/?p=87242","url":"https:\/\/lospoliticosveracruz.com\/?p=87242","name":"Los celos de Bola 8 - Los pol\u00edticos Veracruz","isPartOf":{"@id":"https:\/\/lospoliticosveracruz.com\/#website"},"primaryImageOfPage":{"@id":"https:\/\/lospoliticosveracruz.com\/?p=87242#primaryimage"},"image":{"@id":"https:\/\/lospoliticosveracruz.com\/?p=87242#primaryimage"},"thumbnailUrl":"https:\/\/lospoliticosveracruz.com\/wp-content\/uploads\/2022\/01\/Eric-Cisneros-dieta.jpg","datePublished":"2022-03-14T13:00:00+00:00","dateModified":"2022-03-14T13:41:45+00:00","breadcrumb":{"@id":"https:\/\/lospoliticosveracruz.com\/?p=87242#breadcrumb"},"inLanguage":"es","potentialAction":[{"@type":"ReadAction","target":["https:\/\/lospoliticosveracruz.com\/?p=87242"]}]},{"@type":"ImageObject","inLanguage":"es","@id":"https:\/\/lospoliticosveracruz.com\/?p=87242#primaryimage","url":"https:\/\/lospoliticosveracruz.com\/wp-content\/uploads\/2022\/01\/Eric-Cisneros-dieta.jpg","contentUrl":"https:\/\/lospoliticosveracruz.com\/wp-content\/uploads\/2022\/01\/Eric-Cisneros-dieta.jpg","width":600,"height":320},{"@type":"BreadcrumbList","@id":"https:\/\/lospoliticosveracruz.com\/?p=87242#breadcrumb","itemListElement":[{"@type":"ListItem","position":1,"name":"Portada","item":"https:\/\/lospoliticosveracruz.com\/"},{"@type":"ListItem","position":2,"name":"Los celos de Bola 8"}]},{"@type":"WebSite","@id":"https:\/\/lospoliticosveracruz.com\/#website","url":"https:\/\/lospoliticosveracruz.com\/","name":"Los pol\u00edticos Veracruz","description":"","publisher":{"@id":"https:\/\/lospoliticosveracruz.com\/#organization"},"potentialAction":[{"@type":"SearchAction","target":{"@type":"EntryPoint","urlTemplate":"https:\/\/lospoliticosveracruz.com\/?s={search_term_string}"},"query-input":{"@type":"PropertyValueSpecification","valueRequired":true,"valueName":"search_term_string"}}],"inLanguage":"es"},{"@type":"Organization","@id":"https:\/\/lospoliticosveracruz.com\/#organization","name":"Los pol\u00edticos Veracruz","url":"https:\/\/lospoliticosveracruz.com\/","logo":{"@type":"ImageObject","inLanguage":"es","@id":"https:\/\/lospoliticosveracruz.com\/#\/schema\/logo\/image\/","url":"https:\/\/lospoliticosveracruz.com\/wp-content\/uploads\/2025\/12\/Logo-Nuevo-LOS-POLITICOS-1.jpg","contentUrl":"https:\/\/lospoliticosveracruz.com\/wp-content\/uploads\/2025\/12\/Logo-Nuevo-LOS-POLITICOS-1.jpg","width":260,"height":70,"caption":"Los pol\u00edticos Veracruz"},"image":{"@id":"https:\/\/lospoliticosveracruz.com\/#\/schema\/logo\/image\/"},"sameAs":["https:\/\/www.facebook.com\/people\/Notimemes-de-los-Polticos\/61565672886568\/","https:\/\/x.com\/LosPoliticosVer"]},{"@type":"Person","@id":"https:\/\/lospoliticosveracruz.com\/#\/schema\/person\/b8702bb0e538456e6efd07080bf2a4a2","name":"Lo viste en Los Pol\u00edticos","image":{"@type":"ImageObject","inLanguage":"es","@id":"https:\/\/secure.gravatar.com\/avatar\/3a8de04a2656d44082be478bd6c086daa447c4651605818287b9532d3d0bd435?s=96&d=mm&r=g","url":"https:\/\/secure.gravatar.com\/avatar\/3a8de04a2656d44082be478bd6c086daa447c4651605818287b9532d3d0bd435?s=96&d=mm&r=g","contentUrl":"https:\/\/secure.gravatar.com\/avatar\/3a8de04a2656d44082be478bd6c086daa447c4651605818287b9532d3d0bd435?s=96&d=mm&r=g","caption":"Lo viste en Los Pol\u00edticos"},"url":"https:\/\/lospoliticosveracruz.com\/?author=2"}]}},"_links":{"self":[{"href":"https:\/\/lospoliticosveracruz.com\/index.php?rest_route=\/wp\/v2\/posts\/87242","targetHints":{"allow":["GET"]}}],"collection":[{"href":"https:\/\/lospoliticosveracruz.com\/index.php?rest_route=\/wp\/v2\/posts"}],"about":[{"href":"https:\/\/lospoliticosveracruz.com\/index.php?rest_route=\/wp\/v2\/types\/post"}],"author":[{"embeddable":true,"href":"https:\/\/lospoliticosveracruz.com\/index.php?rest_route=\/wp\/v2\/users\/2"}],"replies":[{"embeddable":true,"href":"https:\/\/lospoliticosveracruz.com\/index.php?rest_route=%2Fwp%2Fv2%2Fcomments&post=87242"}],"version-history":[{"count":2,"href":"https:\/\/lospoliticosveracruz.com\/index.php?rest_route=\/wp\/v2\/posts\/87242\/revisions"}],"predecessor-version":[{"id":87262,"href":"https:\/\/lospoliticosveracruz.com\/index.php?rest_route=\/wp\/v2\/posts\/87242\/revisions\/87262"}],"wp:featuredmedia":[{"embeddable":true,"href":"https:\/\/lospoliticosveracruz.com\/index.php?rest_route=\/wp\/v2\/media\/84614"}],"wp:attachment":[{"href":"https:\/\/lospoliticosveracruz.com\/index.php?rest_route=%2Fwp%2Fv2%2Fmedia&parent=87242"}],"wp:term":[{"taxonomy":"category","embeddable":true,"href":"https:\/\/lospoliticosveracruz.com\/index.php?rest_route=%2Fwp%2Fv2%2Fcategories&post=87242"},{"taxonomy":"post_tag","embeddable":true,"href":"https:\/\/lospoliticosveracruz.com\/index.php?rest_route=%2Fwp%2Fv2%2Ftags&post=87242"}],"curies":[{"name":"wp","href":"https:\/\/api.w.org\/{rel}","templated":true}]}}