{"id":87305,"date":"2022-03-15T07:52:25","date_gmt":"2022-03-15T13:52:25","guid":{"rendered":"https:\/\/lospoliticosveracruz.com.mx\/?p=87305"},"modified":"2022-03-15T07:52:30","modified_gmt":"2022-03-15T13:52:30","slug":"carnaval-influencers-y-modelos","status":"publish","type":"post","link":"https:\/\/lospoliticosveracruz.com\/?p=87305","title":{"rendered":"Carnaval, influencers y modelos"},"content":{"rendered":"\n<p><\/p>\n\n\n\n<p><br><strong>Ricardo Ch\u00faa<\/strong><br><em>Sale y Vale<\/em><\/p>\n\n\n\n<p>Dentro de las actividades para la organizaci\u00f3n de las \u00abFiestas del Carnaval Veracruz 2022&#8243;\u2026 Empiezan a correr muchos rumores al respecto de las coronaciones de qui\u00e9n ser\u00e1 la Reina y Rey de estas festividades para el verano pr\u00f3ximo\u2026 Y es que como todo tema p\u00fablico en Veracruz, se vuelve pol\u00edtico\u2026 La primera versi\u00f3n que corre al respecto, es que est\u00e1n ocupando este evento como \u00abCortina de Humo\u00bb ante los problemas de la crisis econ\u00f3mica y de inseguridad que vive la entidad\u2026<\/p>\n\n\n\n<div class=\"wp-block-image\"><figure class=\"alignleft size-medium\"><a href=\"https:\/\/lospoliticosveracruz.com.mx\/wp-content\/uploads\/2022\/02\/CUMBRE-TAJIN-2022-.jpg\"><img decoding=\"async\" src=\"https:\/\/lospoliticosveracruz.com.mx\/wp-content\/uploads\/2022\/02\/CUMBRE-TAJIN-2022--227x300.jpg\" alt=\"\" class=\"wp-image-86651\"\/><\/a><\/figure><\/div>\n\n\n\n<p>Dice \u00abGarganta Profunda\u00bb que estas fiestas son propicias en este momento\u2026 Para evitar que la sociedad empiece a se\u00f1alar a gobernantes o partido en el poder como culpables de la \u00abinflaci\u00f3n\u00bb y alza descontrolada de precios en productos de canasta b\u00e1sica o alimento\u2026 Todo aument\u00f3 un 30 por ciento m\u00e1s al costo que se compraba hace 8 d\u00edas\u2026 Es terrible el momento econ\u00f3mico que vive Veracruz\u2026 Por ello, el rumor de que ocupan \u00abFiestas del Rey Momo\u00bb para distraer al pueblo\u2026 PAN Y CIRCO\u2026<\/p>\n\n\n\n<p>Ante ello, se ha comentado en el \u00abC\u00edrculo Rojo\u00bb del poder en Veracruz.. Que ahora se est\u00e1 propiciando y \u00abalentando\u00bb a que las personas que aspiran a ser Rey o Reina del Carnaval de Veracruz del 2022\u2026 Sean personajes pol\u00e9micos, con historias \u00abengarzadas\u00bb y que mantienen expectante a un p\u00fablico o sociedad habido de distractores ante las crisis que se viven en la entidad\u2026 Por eso, es que ahora, a diferencia de otros a\u00f1os, est\u00e1n permitiendo la participaci\u00f3n de \u00abinfluencers\u00bb o modelos para lograr este cargo y polemizar hasta su coronaci\u00f3n\u2026<\/p>\n\n\n\n<p>Estas se\u00f1oritas y mancebos (Hombres que han dejado de ser ni\u00f1os, pero no son adultos o muchacho de pocos a\u00f1os, como dice el Diccionario de la Real Academ\u00eda) le han dado \u00abrienda suelta\u00bb a sus deseos de participar\u2026 Han involucrado a muchas personas y sobre todo han generado pol\u00e9mica en redes sociales\u2026 Tirando indirectas entre ellas\u2026 Y sobre todo dando a entender, que har\u00e1n todo lo que est\u00e9 en sus manos para lograr coronarse como Soberanos de estas festividades\u2026<\/p>\n\n\n\n<p>Por ello, comenta \u00abGarganta Profunda\u00bb que hay dos versiones muy fuertes\u2026 La primera que es desde el gobierno de Cuitl\u00e1huac Garc\u00eda, que est\u00e1 ocupando el tema de la coronaci\u00f3n de la Carnaval para alejar la atenci\u00f3n a toda la crisis social, econ\u00f3mica, inseguridad y pol\u00edtica que vive la entidad\u2026 Sobre todo porque tienen conflictos con la organizaci\u00f3n de la consulta ciudadana del pr\u00f3ximo 10 de abril\u2026 Por eso, se alienta la participaci\u00f3n de influencers y modelos para que esto genere m\u00e1s expectaci\u00f3n de la normal\u2026 \u00abHaiga como haiga sido\u00bb\u2026<\/p>\n\n\n\n<p>Ahora sin ning\u00fan tipo de conflicto pol\u00edtico\u2026 Est\u00e1n permitiendo que altos funcionarios del gobierno de MORENA, empiecen a sostener reuniones de trabajo con la alcaldesa, Patricia Lobeira Rodr\u00edguez, cuando el mismo Cuitl\u00e1huac, no quiso venir a su toma de protesta como muestra de CIVILIDAD POL\u00cdTICA\u2026 Pero dos meses despu\u00e9s ya vinieron a verla: Zenyazen Escobar, Jos\u00e9 Luis Lima y Hugo Guti\u00e9rrez, que son del primer c\u00edrculo del gobernador\u2026 \u00bfRaro no?\u2026 En pol\u00edtica, las coincidencias no existen y con Cuitlahuac menos\u2026 Es obvio, no perverso\u2026<\/p>\n\n\n\n<p>Otra de las versiones que se manejan\u2026 Pero quiz\u00e1s es la menos cre\u00edble\u2026 Es un \u00absupuesto\u00bb acuerdo entre Los Yunes Azules y Cuitl\u00e1huac para que, en aras de apoyar el Carnaval y nadie quede mal, le \u00abpresten\u00bb el tema de la coronaci\u00f3n para que puedan hacer su \u00abcaja china\u00bb y cubrir las crisis del gobierno estatal\u2026 Algo que resulta inveros\u00edmil porque si algo conviene al Grupo de Los Yunes Azules, es que existan estos conflictos para el 2024\u2026 Pero como se dice en ciencia pol\u00edtica: \u00abLas peleas son abajo, arriba son acuerdos\u00bb\u2026 Y \u00abEl Pollo\u00bb lo sabe\u2026<\/p>\n\n\n\n<p>EN RESUMEN\u2026 Si esto sube de intensidad en pr\u00f3ximos d\u00edas y los esc\u00e1ndalos por la coronaci\u00f3n ser\u00e1n m\u00e1s interesantes que los \u00abpleitos\u00bb entre Cuitl\u00e1huac y Ricardo Monreal (El gobernador dijo que ya no se \u00absubir\u00e1 al ring\u00bb con el senador\u2026 \u00bfRaro no?) y en donde ni organizaciones, ni ex reinas o cualquier otro organismo que siempre opina diga nada sobre la pol\u00e9mica lucha por ser soberano\u2026 Esto entrar\u00e1 al terreno del \u00absospechosismo\u00bb, \u00abcompl\u00f3\u00bb y que es obra de \u00abconspiradores\u00bb o \u00abgolpistas\u00bb\u2026 Utilizan el Carnaval de \u00abCortina de Humo\u00bb\u2026 CONSUMATUM EST\u2026<\/p>\n\n\n\n<p>LOS ATAQUES AL PRD\u2026 Vaya escenario que enfrentan autoridades electorales de Veracruz (OPLE)\u2026 Sobre el pleito en Chiconamel, municipio que habr\u00e1 elecciones extraordinarias a la alcald\u00eda, en donde MORENA acus\u00f3 al PRD de violencia f\u00edsica electoral.. Pero ah\u00ed hay algo raro\u2026 Ya que si la \u00abbatalla\u00bb ser\u00e1 a muerte y los \u00e1nimos \u00abcaldeados\u00bb\u2026 La duda es porque los polic\u00edas estatales, no act\u00faan, ante presuntos hechos violentos, as\u00ed la \u00absangre\u00bb puede llegar al r\u00edo\u2026 Y no de los acusadores sino de los acusados\u2026<\/p>\n\n\n\n<p>S\u00f3lo basta ver los videos que circulan en redes sociales y que recogen algunos portales informativos a solicitud de las mismas autoridades para demostrar que MORENA est\u00e1 buscando inclinar a la opini\u00f3n p\u00fablica en contra de la oposici\u00f3n\u2026 Todo indica que estos hechos de violencia son producto de pleitos internos de los Morenos\u2026 Graban a sus correligionarios y cuando las cosas se salen de control\u2026 No queda otra que echar la culpa a la oposici\u00f3n cuando la violencia es entre ellos\u2026 Chiconamel se convirti\u00f3 en un punto de inflexi\u00f3n para MORENA\u2026<\/p>\n\n\n\n<p>Un claro ejemplo, son v\u00eddeos que difunde Mal\u00f3n Ram\u00edrez, dirigente estatal del PRI, donde se aprecia claramente a miembros de MORENA en colaboraci\u00f3n con autoridades municipales violando la ley\u2026 Est\u00e1n armando despensas y sac\u00e1ndole la gasolina a veh\u00edculos oficiales para poder moverse en la zona con carros del partido oficial\u2026 Tambi\u00e9n el PVEM tiene videos de movimientos que hace personal \u201coficial\u201d para cooptar el voto.. Pero no contaban con el descuido de los novatos Morenos y que por eso, ellos mismos se grabaron haciendo trampas\u2026<\/p>\n\n\n\n<p>Ellos se est\u00e1n haciendo pedazos al final de la contienda\u2026 La oposici\u00f3n arma un escenario ganar la elecci\u00f3n pese los bloqueos o distractores y no se han dado cuenta por donde llegar\u00e1 la \u00abestocada\u00bb final\u2026 Y si en MORENA no son capaces de ganar este peque\u00f1o municipio\u2026 OJO Cuitl\u00e1huac porque en 2024, la oposici\u00f3n se la va a jugar el todo por el todo\u2026 Marlon ya decidi\u00f3 a dar la \u00abbatalla\u00bb porque lo quieren avasallar\u2026 Habr\u00e1 que ver cu\u00e1l es la \u00abjugada\u00bb de Sergio Cadena y el PRD\u2026 Pero si gana la oposici\u00f3n habr\u00e1 mucho temor en MORENA\u2026 AMEN..<\/p>\n","protected":false},"excerpt":{"rendered":"<p>Ricardo Ch\u00faaSale y Vale Dentro de las actividades para la organizaci\u00f3n de las \u00abFiestas del Carnaval Veracruz 2022&#8243;\u2026 Empiezan a correr muchos rumores al respecto de las coronaciones de qui\u00e9n ser\u00e1 la Reina y Rey de estas festividades para el verano pr\u00f3ximo\u2026 Y es que como todo tema p\u00fablico en Veracruz, se vuelve pol\u00edtico\u2026 La [&hellip;]<\/p>\n","protected":false},"author":2,"featured_media":0,"comment_status":"closed","ping_status":"closed","sticky":false,"template":"","format":"standard","meta":{"tdm_status":"","tdm_grid_status":"","footnotes":""},"categories":[70],"tags":[32394,1563,2908,13604,10353,7887],"class_list":{"0":"post-87305","1":"post","2":"type-post","3":"status-publish","4":"format-standard","6":"category-de-opinion","7":"tag-carnaval-de-veracruz-2022","8":"tag-cuitlahuac-garcia-jimenez","9":"tag-marlon-ramirez-marin","10":"tag-ricardo-chua","11":"tag-ricardo-monreal","12":"tag-sergio-cadena-martinez"},"yoast_head":"<!-- This site is optimized with the Yoast SEO plugin v27.4 - https:\/\/yoast.com\/product\/yoast-seo-wordpress\/ -->\n<title>Carnaval, influencers y modelos - Los pol\u00edticos Veracruz<\/title>\n<meta name=\"robots\" content=\"index, follow, max-snippet:-1, max-image-preview:large, max-video-preview:-1\" \/>\n<link rel=\"canonical\" href=\"https:\/\/lospoliticosveracruz.com\/?p=87305\" \/>\n<meta property=\"og:locale\" content=\"es_ES\" \/>\n<meta property=\"og:type\" content=\"article\" \/>\n<meta property=\"og:title\" content=\"Carnaval, influencers y modelos - Los pol\u00edticos Veracruz\" \/>\n<meta property=\"og:description\" content=\"Ricardo Ch\u00faaSale y Vale Dentro de las actividades para la organizaci\u00f3n de las \u00abFiestas del Carnaval Veracruz 2022&#8243;\u2026 Empiezan a correr muchos rumores al respecto de las coronaciones de qui\u00e9n ser\u00e1 la Reina y Rey de estas festividades para el verano pr\u00f3ximo\u2026 Y es que como todo tema p\u00fablico en Veracruz, se vuelve pol\u00edtico\u2026 La [&hellip;]\" \/>\n<meta property=\"og:url\" content=\"https:\/\/lospoliticosveracruz.com\/?p=87305\" \/>\n<meta property=\"og:site_name\" content=\"Los pol\u00edticos Veracruz\" \/>\n<meta property=\"article:publisher\" content=\"https:\/\/www.facebook.com\/people\/Notimemes-de-los-Polticos\/61565672886568\/\" \/>\n<meta property=\"article:published_time\" content=\"2022-03-15T13:52:25+00:00\" \/>\n<meta property=\"article:modified_time\" content=\"2022-03-15T13:52:30+00:00\" \/>\n<meta property=\"og:image\" content=\"https:\/\/lospoliticosveracruz.com.mx\/wp-content\/uploads\/2022\/02\/CUMBRE-TAJIN-2022--227x300.jpg\" \/>\n<meta name=\"author\" content=\"Lo viste en Los Pol\u00edticos\" \/>\n<meta name=\"twitter:card\" content=\"summary_large_image\" \/>\n<meta name=\"twitter:creator\" content=\"@LosPoliticosVer\" \/>\n<meta name=\"twitter:site\" content=\"@LosPoliticosVer\" \/>\n<meta name=\"twitter:label1\" content=\"Escrito por\" \/>\n\t<meta name=\"twitter:data1\" content=\"Lo viste en Los Pol\u00edticos\" \/>\n\t<meta name=\"twitter:label2\" content=\"Tiempo de lectura\" \/>\n\t<meta name=\"twitter:data2\" content=\"6 minutos\" \/>\n<script type=\"application\/ld+json\" class=\"yoast-schema-graph\">{\"@context\":\"https:\\\/\\\/schema.org\",\"@graph\":[{\"@type\":\"Article\",\"@id\":\"https:\\\/\\\/lospoliticosveracruz.com\\\/?p=87305#article\",\"isPartOf\":{\"@id\":\"https:\\\/\\\/lospoliticosveracruz.com\\\/?p=87305\"},\"author\":{\"name\":\"Lo viste en Los Pol\u00edticos\",\"@id\":\"https:\\\/\\\/lospoliticosveracruz.com\\\/#\\\/schema\\\/person\\\/b8702bb0e538456e6efd07080bf2a4a2\"},\"headline\":\"Carnaval, influencers y modelos\",\"datePublished\":\"2022-03-15T13:52:25+00:00\",\"dateModified\":\"2022-03-15T13:52:30+00:00\",\"mainEntityOfPage\":{\"@id\":\"https:\\\/\\\/lospoliticosveracruz.com\\\/?p=87305\"},\"wordCount\":1144,\"publisher\":{\"@id\":\"https:\\\/\\\/lospoliticosveracruz.com\\\/#organization\"},\"image\":{\"@id\":\"https:\\\/\\\/lospoliticosveracruz.com\\\/?p=87305#primaryimage\"},\"thumbnailUrl\":\"https:\\\/\\\/lospoliticosveracruz.com.mx\\\/wp-content\\\/uploads\\\/2022\\\/02\\\/CUMBRE-TAJIN-2022--227x300.jpg\",\"keywords\":[\"Carnaval de Veracruz 2022\",\"Cuitl\u00e1huac Garc\u00eda Jim\u00e9nez\",\"Marlon Ram\u00edrez Mar\u00edn\",\"Ricardo Ch\u00faa\",\"Ricardo Monreal\",\"Sergio Cadena Mart\u00ednez\"],\"articleSection\":[\"De Opini\u00f3n\"],\"inLanguage\":\"es\"},{\"@type\":\"WebPage\",\"@id\":\"https:\\\/\\\/lospoliticosveracruz.com\\\/?p=87305\",\"url\":\"https:\\\/\\\/lospoliticosveracruz.com\\\/?p=87305\",\"name\":\"Carnaval, influencers y modelos - Los pol\u00edticos Veracruz\",\"isPartOf\":{\"@id\":\"https:\\\/\\\/lospoliticosveracruz.com\\\/#website\"},\"primaryImageOfPage\":{\"@id\":\"https:\\\/\\\/lospoliticosveracruz.com\\\/?p=87305#primaryimage\"},\"image\":{\"@id\":\"https:\\\/\\\/lospoliticosveracruz.com\\\/?p=87305#primaryimage\"},\"thumbnailUrl\":\"https:\\\/\\\/lospoliticosveracruz.com.mx\\\/wp-content\\\/uploads\\\/2022\\\/02\\\/CUMBRE-TAJIN-2022--227x300.jpg\",\"datePublished\":\"2022-03-15T13:52:25+00:00\",\"dateModified\":\"2022-03-15T13:52:30+00:00\",\"breadcrumb\":{\"@id\":\"https:\\\/\\\/lospoliticosveracruz.com\\\/?p=87305#breadcrumb\"},\"inLanguage\":\"es\",\"potentialAction\":[{\"@type\":\"ReadAction\",\"target\":[\"https:\\\/\\\/lospoliticosveracruz.com\\\/?p=87305\"]}]},{\"@type\":\"ImageObject\",\"inLanguage\":\"es\",\"@id\":\"https:\\\/\\\/lospoliticosveracruz.com\\\/?p=87305#primaryimage\",\"url\":\"https:\\\/\\\/lospoliticosveracruz.com.mx\\\/wp-content\\\/uploads\\\/2022\\\/02\\\/CUMBRE-TAJIN-2022--227x300.jpg\",\"contentUrl\":\"https:\\\/\\\/lospoliticosveracruz.com.mx\\\/wp-content\\\/uploads\\\/2022\\\/02\\\/CUMBRE-TAJIN-2022--227x300.jpg\"},{\"@type\":\"BreadcrumbList\",\"@id\":\"https:\\\/\\\/lospoliticosveracruz.com\\\/?p=87305#breadcrumb\",\"itemListElement\":[{\"@type\":\"ListItem\",\"position\":1,\"name\":\"Portada\",\"item\":\"https:\\\/\\\/lospoliticosveracruz.com\\\/\"},{\"@type\":\"ListItem\",\"position\":2,\"name\":\"Carnaval, influencers y modelos\"}]},{\"@type\":\"WebSite\",\"@id\":\"https:\\\/\\\/lospoliticosveracruz.com\\\/#website\",\"url\":\"https:\\\/\\\/lospoliticosveracruz.com\\\/\",\"name\":\"Los pol\u00edticos Veracruz\",\"description\":\"\",\"publisher\":{\"@id\":\"https:\\\/\\\/lospoliticosveracruz.com\\\/#organization\"},\"potentialAction\":[{\"@type\":\"SearchAction\",\"target\":{\"@type\":\"EntryPoint\",\"urlTemplate\":\"https:\\\/\\\/lospoliticosveracruz.com\\\/?s={search_term_string}\"},\"query-input\":{\"@type\":\"PropertyValueSpecification\",\"valueRequired\":true,\"valueName\":\"search_term_string\"}}],\"inLanguage\":\"es\"},{\"@type\":\"Organization\",\"@id\":\"https:\\\/\\\/lospoliticosveracruz.com\\\/#organization\",\"name\":\"Los pol\u00edticos Veracruz\",\"url\":\"https:\\\/\\\/lospoliticosveracruz.com\\\/\",\"logo\":{\"@type\":\"ImageObject\",\"inLanguage\":\"es\",\"@id\":\"https:\\\/\\\/lospoliticosveracruz.com\\\/#\\\/schema\\\/logo\\\/image\\\/\",\"url\":\"https:\\\/\\\/lospoliticosveracruz.com\\\/wp-content\\\/uploads\\\/2025\\\/12\\\/Logo-Nuevo-LOS-POLITICOS-1.jpg\",\"contentUrl\":\"https:\\\/\\\/lospoliticosveracruz.com\\\/wp-content\\\/uploads\\\/2025\\\/12\\\/Logo-Nuevo-LOS-POLITICOS-1.jpg\",\"width\":260,\"height\":70,\"caption\":\"Los pol\u00edticos Veracruz\"},\"image\":{\"@id\":\"https:\\\/\\\/lospoliticosveracruz.com\\\/#\\\/schema\\\/logo\\\/image\\\/\"},\"sameAs\":[\"https:\\\/\\\/www.facebook.com\\\/people\\\/Notimemes-de-los-Polticos\\\/61565672886568\\\/\",\"https:\\\/\\\/x.com\\\/LosPoliticosVer\"]},{\"@type\":\"Person\",\"@id\":\"https:\\\/\\\/lospoliticosveracruz.com\\\/#\\\/schema\\\/person\\\/b8702bb0e538456e6efd07080bf2a4a2\",\"name\":\"Lo viste en Los Pol\u00edticos\",\"image\":{\"@type\":\"ImageObject\",\"inLanguage\":\"es\",\"@id\":\"https:\\\/\\\/secure.gravatar.com\\\/avatar\\\/3a8de04a2656d44082be478bd6c086daa447c4651605818287b9532d3d0bd435?s=96&d=mm&r=g\",\"url\":\"https:\\\/\\\/secure.gravatar.com\\\/avatar\\\/3a8de04a2656d44082be478bd6c086daa447c4651605818287b9532d3d0bd435?s=96&d=mm&r=g\",\"contentUrl\":\"https:\\\/\\\/secure.gravatar.com\\\/avatar\\\/3a8de04a2656d44082be478bd6c086daa447c4651605818287b9532d3d0bd435?s=96&d=mm&r=g\",\"caption\":\"Lo viste en Los Pol\u00edticos\"},\"url\":\"https:\\\/\\\/lospoliticosveracruz.com\\\/?author=2\"}]}<\/script>\n<!-- \/ Yoast SEO plugin. -->","yoast_head_json":{"title":"Carnaval, influencers y modelos - Los pol\u00edticos Veracruz","robots":{"index":"index","follow":"follow","max-snippet":"max-snippet:-1","max-image-preview":"max-image-preview:large","max-video-preview":"max-video-preview:-1"},"canonical":"https:\/\/lospoliticosveracruz.com\/?p=87305","og_locale":"es_ES","og_type":"article","og_title":"Carnaval, influencers y modelos - Los pol\u00edticos Veracruz","og_description":"Ricardo Ch\u00faaSale y Vale Dentro de las actividades para la organizaci\u00f3n de las \u00abFiestas del Carnaval Veracruz 2022&#8243;\u2026 Empiezan a correr muchos rumores al respecto de las coronaciones de qui\u00e9n ser\u00e1 la Reina y Rey de estas festividades para el verano pr\u00f3ximo\u2026 Y es que como todo tema p\u00fablico en Veracruz, se vuelve pol\u00edtico\u2026 La [&hellip;]","og_url":"https:\/\/lospoliticosveracruz.com\/?p=87305","og_site_name":"Los pol\u00edticos Veracruz","article_publisher":"https:\/\/www.facebook.com\/people\/Notimemes-de-los-Polticos\/61565672886568\/","article_published_time":"2022-03-15T13:52:25+00:00","article_modified_time":"2022-03-15T13:52:30+00:00","og_image":[{"url":"https:\/\/lospoliticosveracruz.com.mx\/wp-content\/uploads\/2022\/02\/CUMBRE-TAJIN-2022--227x300.jpg","type":"","width":"","height":""}],"author":"Lo viste en Los Pol\u00edticos","twitter_card":"summary_large_image","twitter_creator":"@LosPoliticosVer","twitter_site":"@LosPoliticosVer","twitter_misc":{"Escrito por":"Lo viste en Los Pol\u00edticos","Tiempo de lectura":"6 minutos"},"schema":{"@context":"https:\/\/schema.org","@graph":[{"@type":"Article","@id":"https:\/\/lospoliticosveracruz.com\/?p=87305#article","isPartOf":{"@id":"https:\/\/lospoliticosveracruz.com\/?p=87305"},"author":{"name":"Lo viste en Los Pol\u00edticos","@id":"https:\/\/lospoliticosveracruz.com\/#\/schema\/person\/b8702bb0e538456e6efd07080bf2a4a2"},"headline":"Carnaval, influencers y modelos","datePublished":"2022-03-15T13:52:25+00:00","dateModified":"2022-03-15T13:52:30+00:00","mainEntityOfPage":{"@id":"https:\/\/lospoliticosveracruz.com\/?p=87305"},"wordCount":1144,"publisher":{"@id":"https:\/\/lospoliticosveracruz.com\/#organization"},"image":{"@id":"https:\/\/lospoliticosveracruz.com\/?p=87305#primaryimage"},"thumbnailUrl":"https:\/\/lospoliticosveracruz.com.mx\/wp-content\/uploads\/2022\/02\/CUMBRE-TAJIN-2022--227x300.jpg","keywords":["Carnaval de Veracruz 2022","Cuitl\u00e1huac Garc\u00eda Jim\u00e9nez","Marlon Ram\u00edrez Mar\u00edn","Ricardo Ch\u00faa","Ricardo Monreal","Sergio Cadena Mart\u00ednez"],"articleSection":["De Opini\u00f3n"],"inLanguage":"es"},{"@type":"WebPage","@id":"https:\/\/lospoliticosveracruz.com\/?p=87305","url":"https:\/\/lospoliticosveracruz.com\/?p=87305","name":"Carnaval, influencers y modelos - Los pol\u00edticos Veracruz","isPartOf":{"@id":"https:\/\/lospoliticosveracruz.com\/#website"},"primaryImageOfPage":{"@id":"https:\/\/lospoliticosveracruz.com\/?p=87305#primaryimage"},"image":{"@id":"https:\/\/lospoliticosveracruz.com\/?p=87305#primaryimage"},"thumbnailUrl":"https:\/\/lospoliticosveracruz.com.mx\/wp-content\/uploads\/2022\/02\/CUMBRE-TAJIN-2022--227x300.jpg","datePublished":"2022-03-15T13:52:25+00:00","dateModified":"2022-03-15T13:52:30+00:00","breadcrumb":{"@id":"https:\/\/lospoliticosveracruz.com\/?p=87305#breadcrumb"},"inLanguage":"es","potentialAction":[{"@type":"ReadAction","target":["https:\/\/lospoliticosveracruz.com\/?p=87305"]}]},{"@type":"ImageObject","inLanguage":"es","@id":"https:\/\/lospoliticosveracruz.com\/?p=87305#primaryimage","url":"https:\/\/lospoliticosveracruz.com.mx\/wp-content\/uploads\/2022\/02\/CUMBRE-TAJIN-2022--227x300.jpg","contentUrl":"https:\/\/lospoliticosveracruz.com.mx\/wp-content\/uploads\/2022\/02\/CUMBRE-TAJIN-2022--227x300.jpg"},{"@type":"BreadcrumbList","@id":"https:\/\/lospoliticosveracruz.com\/?p=87305#breadcrumb","itemListElement":[{"@type":"ListItem","position":1,"name":"Portada","item":"https:\/\/lospoliticosveracruz.com\/"},{"@type":"ListItem","position":2,"name":"Carnaval, influencers y modelos"}]},{"@type":"WebSite","@id":"https:\/\/lospoliticosveracruz.com\/#website","url":"https:\/\/lospoliticosveracruz.com\/","name":"Los pol\u00edticos Veracruz","description":"","publisher":{"@id":"https:\/\/lospoliticosveracruz.com\/#organization"},"potentialAction":[{"@type":"SearchAction","target":{"@type":"EntryPoint","urlTemplate":"https:\/\/lospoliticosveracruz.com\/?s={search_term_string}"},"query-input":{"@type":"PropertyValueSpecification","valueRequired":true,"valueName":"search_term_string"}}],"inLanguage":"es"},{"@type":"Organization","@id":"https:\/\/lospoliticosveracruz.com\/#organization","name":"Los pol\u00edticos Veracruz","url":"https:\/\/lospoliticosveracruz.com\/","logo":{"@type":"ImageObject","inLanguage":"es","@id":"https:\/\/lospoliticosveracruz.com\/#\/schema\/logo\/image\/","url":"https:\/\/lospoliticosveracruz.com\/wp-content\/uploads\/2025\/12\/Logo-Nuevo-LOS-POLITICOS-1.jpg","contentUrl":"https:\/\/lospoliticosveracruz.com\/wp-content\/uploads\/2025\/12\/Logo-Nuevo-LOS-POLITICOS-1.jpg","width":260,"height":70,"caption":"Los pol\u00edticos Veracruz"},"image":{"@id":"https:\/\/lospoliticosveracruz.com\/#\/schema\/logo\/image\/"},"sameAs":["https:\/\/www.facebook.com\/people\/Notimemes-de-los-Polticos\/61565672886568\/","https:\/\/x.com\/LosPoliticosVer"]},{"@type":"Person","@id":"https:\/\/lospoliticosveracruz.com\/#\/schema\/person\/b8702bb0e538456e6efd07080bf2a4a2","name":"Lo viste en Los Pol\u00edticos","image":{"@type":"ImageObject","inLanguage":"es","@id":"https:\/\/secure.gravatar.com\/avatar\/3a8de04a2656d44082be478bd6c086daa447c4651605818287b9532d3d0bd435?s=96&d=mm&r=g","url":"https:\/\/secure.gravatar.com\/avatar\/3a8de04a2656d44082be478bd6c086daa447c4651605818287b9532d3d0bd435?s=96&d=mm&r=g","contentUrl":"https:\/\/secure.gravatar.com\/avatar\/3a8de04a2656d44082be478bd6c086daa447c4651605818287b9532d3d0bd435?s=96&d=mm&r=g","caption":"Lo viste en Los Pol\u00edticos"},"url":"https:\/\/lospoliticosveracruz.com\/?author=2"}]}},"_links":{"self":[{"href":"https:\/\/lospoliticosveracruz.com\/index.php?rest_route=\/wp\/v2\/posts\/87305","targetHints":{"allow":["GET"]}}],"collection":[{"href":"https:\/\/lospoliticosveracruz.com\/index.php?rest_route=\/wp\/v2\/posts"}],"about":[{"href":"https:\/\/lospoliticosveracruz.com\/index.php?rest_route=\/wp\/v2\/types\/post"}],"author":[{"embeddable":true,"href":"https:\/\/lospoliticosveracruz.com\/index.php?rest_route=\/wp\/v2\/users\/2"}],"replies":[{"embeddable":true,"href":"https:\/\/lospoliticosveracruz.com\/index.php?rest_route=%2Fwp%2Fv2%2Fcomments&post=87305"}],"version-history":[{"count":1,"href":"https:\/\/lospoliticosveracruz.com\/index.php?rest_route=\/wp\/v2\/posts\/87305\/revisions"}],"predecessor-version":[{"id":87307,"href":"https:\/\/lospoliticosveracruz.com\/index.php?rest_route=\/wp\/v2\/posts\/87305\/revisions\/87307"}],"wp:attachment":[{"href":"https:\/\/lospoliticosveracruz.com\/index.php?rest_route=%2Fwp%2Fv2%2Fmedia&parent=87305"}],"wp:term":[{"taxonomy":"category","embeddable":true,"href":"https:\/\/lospoliticosveracruz.com\/index.php?rest_route=%2Fwp%2Fv2%2Fcategories&post=87305"},{"taxonomy":"post_tag","embeddable":true,"href":"https:\/\/lospoliticosveracruz.com\/index.php?rest_route=%2Fwp%2Fv2%2Ftags&post=87305"}],"curies":[{"name":"wp","href":"https:\/\/api.w.org\/{rel}","templated":true}]}}