{"id":87308,"date":"2022-03-15T09:17:21","date_gmt":"2022-03-15T15:17:21","guid":{"rendered":"https:\/\/lospoliticosveracruz.com.mx\/?p=87308"},"modified":"2022-03-15T09:17:29","modified_gmt":"2022-03-15T15:17:29","slug":"dialogos-sobre-la-reforma-electrica-en-veracruz","status":"publish","type":"post","link":"https:\/\/lospoliticosveracruz.com\/?p=87308","title":{"rendered":"Di\u00e1logos sobre la Reforma el\u00e9ctrica en Veracruz"},"content":{"rendered":"\n<p><\/p>\n\n\n\n<p><br><strong>Yair Ademar Dom\u00ednguez<\/strong><br><em>Punto y Coma<\/em><\/p>\n\n\n\n<p><\/p>\n\n\n\n<p>En un largo recorrido que ha realizado por todo el territorio estatal, primero en Coatzacoalcos, luego en Amatitl\u00e1n, Tlacotepec, \u00c1lamo Temapache y Chiconamel, la Secretaria General del CEN de MORENA, Citlalli Hern\u00e1ndez Mora, ha hablado fuerte y claro en Foros Ciudadanos, sobre la Reforma El\u00e9ctrica.<\/p>\n\n\n\n<div class=\"wp-block-image\"><figure class=\"alignleft size-medium\"><a href=\"https:\/\/lospoliticosveracruz.com.mx\/wp-content\/uploads\/2022\/02\/CUMBRE-TAJIN-2022-.jpg\"><img decoding=\"async\" src=\"https:\/\/lospoliticosveracruz.com.mx\/wp-content\/uploads\/2022\/02\/CUMBRE-TAJIN-2022--227x300.jpg\" alt=\"\" class=\"wp-image-86651\"\/><\/a><\/figure><\/div>\n\n\n\n<p>Citlalli Hern\u00e1ndez ha escuchado a la militancia morenista en el territorio veracruzano y ha hablado claro y fuerte: los legisladores que voten en contra de la propuesta presidencial de reforma el\u00e9ctrica demostrar\u00e1n que est\u00e1n del lado de los intereses de empresas transnacionales del sector. No hay vuelta de hoja. M\u00e1s claro, ni el agua.<\/p>\n\n\n\n<p>La energ\u00eda el\u00e9ctrica es un derecho humano ha dicho puntual la compa\u00f1era y este derecho no se puede supeditar a intereses de particulares, sean empresas nacionales o extranjeras. Si algo tenemos claro, si de algo estamos convencidos profundamente es de que no podemos entregar los recursos del pa\u00eds a intereses particulares. Eso se hizo en la \u00e9poca del neoliberalismo, pero se acab\u00f3, es cosa del pasado.<\/p>\n\n\n\n<p>La he seguido en su recorrido por el estado, la he escuchado y he visto a una mujer comprometida, aferrada con la defensa de nuestra naci\u00f3n. En Amatitl\u00e1n, por ejemplo, indic\u00f3 que lo \u00fanico que se busca es no perder la soberan\u00eda sobre el sector y record\u00f3 que, en esta reforma, el 54 por ciento de los recursos energ\u00e9ticos quedar\u00e1n en manos de nuestro pa\u00eds y s\u00f3lo al 46 por ciento se le permitir\u00eda entrar en manos de empresas privadas.<\/p>\n\n\n\n<p>M\u00e1s claro ni el agua. Su visita nos ha permitido recorrer nuevamente lugares rec\u00f3nditos de Veracruz, de sur a norte. Los veracruzanos se encuentran animados, interesados en defender la soberan\u00eda energ\u00e9tica de nuestro pa\u00eds. En sus rostros se ve el \u00e1nimo, la esperanza y la convicci\u00f3n de seguir por esta ruta.<\/p>\n\n\n\n<p><em><strong>LISTOS PARA LAS EXTRAORDINARIAS<\/strong><\/em><\/p>\n\n\n\n<p>El Movimiento de Regeneraci\u00f3n Nacional se encuentra listo para el Proceso Electoral Local Extraordinario 2022 en los municipios de Chiconamel, Tlacotepec de Mej\u00eda, Amatitl\u00e1n y Jes\u00fas Carranza. Una vez m\u00e1s el partido demostrar\u00e1 su tama\u00f1o y popularidad.<\/p>\n\n\n\n<p>Los representantes de casilla y la estructura est\u00e1n preparados para cuidar y vigilar la transparencia de las votaciones y el respeto de sus resultados. Estamos acreditando al 100 por ciento de los representantes; ser\u00e1n aproximadamente 144 hombres y mujeres.<\/p>\n\n\n\n<p>El pasado 9 de marzo inici\u00f3 la campa\u00f1a para este proceso electoral extraordinario. Nuestros candidatos han iniciado una intensa campa\u00f1a en los cuatro municipios y hasta el 23 de marzo se realizar\u00e1 una gran difusi\u00f3n con la finalidad de lograr que la Transformaci\u00f3n y la esperanza llegue a cada uno de estos municipios. No hay elecci\u00f3n peque\u00f1a. El partido seguir\u00e1 demostrando que se encuentra en las preferencias ciudadanas y as\u00ed quedar\u00e1 demostrado el pr\u00f3ximo 27 de marzo.<\/p>\n\n\n\n<p><em><strong>NO A LA VIOLENCIA<\/strong><\/em><\/p>\n\n\n\n<p>Desde este espacio hacemos un llamado a evitar la violencia en el proceso electoral extraordinario. Los \u00e1nimos se deben contener, se debe privilegiar el di\u00e1logo, las buenas pr\u00e1cticas. La pol\u00edtica es para eso, para participar, para ponernos de acuerdo, para contender civilizadamente.<\/p>\n\n\n\n<p>Este fin de semana, en Chiconamel, fueron agredidos militantes de nuestro partido, Morena, quienes realizaban brigadas de informaci\u00f3n, por simpatizantes del PRD, identificados como gente cercana del candidato Alejandro S\u00e1nchez Franco. Los perredistas cercaron a nuestros compa\u00f1eros, los golpearon, da\u00f1aron su veh\u00edculo y los amenazaron de muerte. No podemos quedarnos callados. Tenemos que denunciar, pero tambi\u00e9n llamar a la paz y a la civilidad. Sabemos que est\u00e1n desesperados, porque ya se saben perdidos, pero esa no es manera de participar en pol\u00edtica.<\/p>\n\n\n\n<p><em>Comentarios: Facebook Yair Ademar Dominguez Twitter @YairAdemar<\/em><\/p>\n","protected":false},"excerpt":{"rendered":"<p>Yair Ademar Dom\u00ednguezPunto y Coma En un largo recorrido que ha realizado por todo el territorio estatal, primero en Coatzacoalcos, luego en Amatitl\u00e1n, Tlacotepec, \u00c1lamo Temapache y Chiconamel, la Secretaria General del CEN de MORENA, Citlalli Hern\u00e1ndez Mora, ha hablado fuerte y claro en Foros Ciudadanos, sobre la Reforma El\u00e9ctrica. Citlalli Hern\u00e1ndez ha escuchado a [&hellip;]<\/p>\n","protected":false},"author":2,"featured_media":0,"comment_status":"closed","ping_status":"closed","sticky":false,"template":"","format":"standard","meta":{"tdm_status":"","tdm_grid_status":"","footnotes":""},"categories":[70],"tags":[22295,1026,26326],"class_list":{"0":"post-87308","1":"post","2":"type-post","3":"status-publish","4":"format-standard","6":"category-de-opinion","7":"tag-citlalli-hernandez-mora","8":"tag-morena","9":"tag-reforma-electrica"},"yoast_head":"<!-- This site is optimized with the Yoast SEO plugin v27.4 - https:\/\/yoast.com\/product\/yoast-seo-wordpress\/ -->\n<title>Di\u00e1logos sobre la Reforma el\u00e9ctrica en Veracruz - Los pol\u00edticos Veracruz<\/title>\n<meta name=\"robots\" content=\"index, follow, max-snippet:-1, max-image-preview:large, max-video-preview:-1\" \/>\n<link rel=\"canonical\" href=\"https:\/\/lospoliticosveracruz.com\/?p=87308\" \/>\n<meta property=\"og:locale\" content=\"es_ES\" \/>\n<meta property=\"og:type\" content=\"article\" \/>\n<meta property=\"og:title\" content=\"Di\u00e1logos sobre la Reforma el\u00e9ctrica en Veracruz - Los pol\u00edticos Veracruz\" \/>\n<meta property=\"og:description\" content=\"Yair Ademar Dom\u00ednguezPunto y Coma En un largo recorrido que ha realizado por todo el territorio estatal, primero en Coatzacoalcos, luego en Amatitl\u00e1n, Tlacotepec, \u00c1lamo Temapache y Chiconamel, la Secretaria General del CEN de MORENA, Citlalli Hern\u00e1ndez Mora, ha hablado fuerte y claro en Foros Ciudadanos, sobre la Reforma El\u00e9ctrica. Citlalli Hern\u00e1ndez ha escuchado a [&hellip;]\" \/>\n<meta property=\"og:url\" content=\"https:\/\/lospoliticosveracruz.com\/?p=87308\" \/>\n<meta property=\"og:site_name\" content=\"Los pol\u00edticos Veracruz\" \/>\n<meta property=\"article:publisher\" content=\"https:\/\/www.facebook.com\/people\/Notimemes-de-los-Polticos\/61565672886568\/\" \/>\n<meta property=\"article:published_time\" content=\"2022-03-15T15:17:21+00:00\" \/>\n<meta property=\"article:modified_time\" content=\"2022-03-15T15:17:29+00:00\" \/>\n<meta property=\"og:image\" content=\"https:\/\/lospoliticosveracruz.com.mx\/wp-content\/uploads\/2022\/02\/CUMBRE-TAJIN-2022--227x300.jpg\" \/>\n<meta name=\"author\" content=\"Lo viste en Los Pol\u00edticos\" \/>\n<meta name=\"twitter:card\" content=\"summary_large_image\" \/>\n<meta name=\"twitter:creator\" content=\"@LosPoliticosVer\" \/>\n<meta name=\"twitter:site\" content=\"@LosPoliticosVer\" \/>\n<meta name=\"twitter:label1\" content=\"Escrito por\" \/>\n\t<meta name=\"twitter:data1\" content=\"Lo viste en Los Pol\u00edticos\" \/>\n\t<meta name=\"twitter:label2\" content=\"Tiempo de lectura\" \/>\n\t<meta name=\"twitter:data2\" content=\"3 minutos\" \/>\n<script type=\"application\/ld+json\" class=\"yoast-schema-graph\">{\"@context\":\"https:\\\/\\\/schema.org\",\"@graph\":[{\"@type\":\"Article\",\"@id\":\"https:\\\/\\\/lospoliticosveracruz.com\\\/?p=87308#article\",\"isPartOf\":{\"@id\":\"https:\\\/\\\/lospoliticosveracruz.com\\\/?p=87308\"},\"author\":{\"name\":\"Lo viste en Los Pol\u00edticos\",\"@id\":\"https:\\\/\\\/lospoliticosveracruz.com\\\/#\\\/schema\\\/person\\\/b8702bb0e538456e6efd07080bf2a4a2\"},\"headline\":\"Di\u00e1logos sobre la Reforma el\u00e9ctrica en Veracruz\",\"datePublished\":\"2022-03-15T15:17:21+00:00\",\"dateModified\":\"2022-03-15T15:17:29+00:00\",\"mainEntityOfPage\":{\"@id\":\"https:\\\/\\\/lospoliticosveracruz.com\\\/?p=87308\"},\"wordCount\":648,\"publisher\":{\"@id\":\"https:\\\/\\\/lospoliticosveracruz.com\\\/#organization\"},\"image\":{\"@id\":\"https:\\\/\\\/lospoliticosveracruz.com\\\/?p=87308#primaryimage\"},\"thumbnailUrl\":\"https:\\\/\\\/lospoliticosveracruz.com.mx\\\/wp-content\\\/uploads\\\/2022\\\/02\\\/CUMBRE-TAJIN-2022--227x300.jpg\",\"keywords\":[\"Citlalli Hern\u00e1ndez Mora\",\"Morena\",\"Reforma El\u00e9ctrica\"],\"articleSection\":[\"De Opini\u00f3n\"],\"inLanguage\":\"es\"},{\"@type\":\"WebPage\",\"@id\":\"https:\\\/\\\/lospoliticosveracruz.com\\\/?p=87308\",\"url\":\"https:\\\/\\\/lospoliticosveracruz.com\\\/?p=87308\",\"name\":\"Di\u00e1logos sobre la Reforma el\u00e9ctrica en Veracruz - Los pol\u00edticos Veracruz\",\"isPartOf\":{\"@id\":\"https:\\\/\\\/lospoliticosveracruz.com\\\/#website\"},\"primaryImageOfPage\":{\"@id\":\"https:\\\/\\\/lospoliticosveracruz.com\\\/?p=87308#primaryimage\"},\"image\":{\"@id\":\"https:\\\/\\\/lospoliticosveracruz.com\\\/?p=87308#primaryimage\"},\"thumbnailUrl\":\"https:\\\/\\\/lospoliticosveracruz.com.mx\\\/wp-content\\\/uploads\\\/2022\\\/02\\\/CUMBRE-TAJIN-2022--227x300.jpg\",\"datePublished\":\"2022-03-15T15:17:21+00:00\",\"dateModified\":\"2022-03-15T15:17:29+00:00\",\"breadcrumb\":{\"@id\":\"https:\\\/\\\/lospoliticosveracruz.com\\\/?p=87308#breadcrumb\"},\"inLanguage\":\"es\",\"potentialAction\":[{\"@type\":\"ReadAction\",\"target\":[\"https:\\\/\\\/lospoliticosveracruz.com\\\/?p=87308\"]}]},{\"@type\":\"ImageObject\",\"inLanguage\":\"es\",\"@id\":\"https:\\\/\\\/lospoliticosveracruz.com\\\/?p=87308#primaryimage\",\"url\":\"https:\\\/\\\/lospoliticosveracruz.com.mx\\\/wp-content\\\/uploads\\\/2022\\\/02\\\/CUMBRE-TAJIN-2022--227x300.jpg\",\"contentUrl\":\"https:\\\/\\\/lospoliticosveracruz.com.mx\\\/wp-content\\\/uploads\\\/2022\\\/02\\\/CUMBRE-TAJIN-2022--227x300.jpg\"},{\"@type\":\"BreadcrumbList\",\"@id\":\"https:\\\/\\\/lospoliticosveracruz.com\\\/?p=87308#breadcrumb\",\"itemListElement\":[{\"@type\":\"ListItem\",\"position\":1,\"name\":\"Portada\",\"item\":\"https:\\\/\\\/lospoliticosveracruz.com\\\/\"},{\"@type\":\"ListItem\",\"position\":2,\"name\":\"Di\u00e1logos sobre la Reforma el\u00e9ctrica en Veracruz\"}]},{\"@type\":\"WebSite\",\"@id\":\"https:\\\/\\\/lospoliticosveracruz.com\\\/#website\",\"url\":\"https:\\\/\\\/lospoliticosveracruz.com\\\/\",\"name\":\"Los pol\u00edticos Veracruz\",\"description\":\"\",\"publisher\":{\"@id\":\"https:\\\/\\\/lospoliticosveracruz.com\\\/#organization\"},\"potentialAction\":[{\"@type\":\"SearchAction\",\"target\":{\"@type\":\"EntryPoint\",\"urlTemplate\":\"https:\\\/\\\/lospoliticosveracruz.com\\\/?s={search_term_string}\"},\"query-input\":{\"@type\":\"PropertyValueSpecification\",\"valueRequired\":true,\"valueName\":\"search_term_string\"}}],\"inLanguage\":\"es\"},{\"@type\":\"Organization\",\"@id\":\"https:\\\/\\\/lospoliticosveracruz.com\\\/#organization\",\"name\":\"Los pol\u00edticos Veracruz\",\"url\":\"https:\\\/\\\/lospoliticosveracruz.com\\\/\",\"logo\":{\"@type\":\"ImageObject\",\"inLanguage\":\"es\",\"@id\":\"https:\\\/\\\/lospoliticosveracruz.com\\\/#\\\/schema\\\/logo\\\/image\\\/\",\"url\":\"https:\\\/\\\/lospoliticosveracruz.com\\\/wp-content\\\/uploads\\\/2025\\\/12\\\/Logo-Nuevo-LOS-POLITICOS-1.jpg\",\"contentUrl\":\"https:\\\/\\\/lospoliticosveracruz.com\\\/wp-content\\\/uploads\\\/2025\\\/12\\\/Logo-Nuevo-LOS-POLITICOS-1.jpg\",\"width\":260,\"height\":70,\"caption\":\"Los pol\u00edticos Veracruz\"},\"image\":{\"@id\":\"https:\\\/\\\/lospoliticosveracruz.com\\\/#\\\/schema\\\/logo\\\/image\\\/\"},\"sameAs\":[\"https:\\\/\\\/www.facebook.com\\\/people\\\/Notimemes-de-los-Polticos\\\/61565672886568\\\/\",\"https:\\\/\\\/x.com\\\/LosPoliticosVer\"]},{\"@type\":\"Person\",\"@id\":\"https:\\\/\\\/lospoliticosveracruz.com\\\/#\\\/schema\\\/person\\\/b8702bb0e538456e6efd07080bf2a4a2\",\"name\":\"Lo viste en Los Pol\u00edticos\",\"image\":{\"@type\":\"ImageObject\",\"inLanguage\":\"es\",\"@id\":\"https:\\\/\\\/secure.gravatar.com\\\/avatar\\\/3a8de04a2656d44082be478bd6c086daa447c4651605818287b9532d3d0bd435?s=96&d=mm&r=g\",\"url\":\"https:\\\/\\\/secure.gravatar.com\\\/avatar\\\/3a8de04a2656d44082be478bd6c086daa447c4651605818287b9532d3d0bd435?s=96&d=mm&r=g\",\"contentUrl\":\"https:\\\/\\\/secure.gravatar.com\\\/avatar\\\/3a8de04a2656d44082be478bd6c086daa447c4651605818287b9532d3d0bd435?s=96&d=mm&r=g\",\"caption\":\"Lo viste en Los Pol\u00edticos\"},\"url\":\"https:\\\/\\\/lospoliticosveracruz.com\\\/?author=2\"}]}<\/script>\n<!-- \/ Yoast SEO plugin. -->","yoast_head_json":{"title":"Di\u00e1logos sobre la Reforma el\u00e9ctrica en Veracruz - Los pol\u00edticos Veracruz","robots":{"index":"index","follow":"follow","max-snippet":"max-snippet:-1","max-image-preview":"max-image-preview:large","max-video-preview":"max-video-preview:-1"},"canonical":"https:\/\/lospoliticosveracruz.com\/?p=87308","og_locale":"es_ES","og_type":"article","og_title":"Di\u00e1logos sobre la Reforma el\u00e9ctrica en Veracruz - Los pol\u00edticos Veracruz","og_description":"Yair Ademar Dom\u00ednguezPunto y Coma En un largo recorrido que ha realizado por todo el territorio estatal, primero en Coatzacoalcos, luego en Amatitl\u00e1n, Tlacotepec, \u00c1lamo Temapache y Chiconamel, la Secretaria General del CEN de MORENA, Citlalli Hern\u00e1ndez Mora, ha hablado fuerte y claro en Foros Ciudadanos, sobre la Reforma El\u00e9ctrica. Citlalli Hern\u00e1ndez ha escuchado a [&hellip;]","og_url":"https:\/\/lospoliticosveracruz.com\/?p=87308","og_site_name":"Los pol\u00edticos Veracruz","article_publisher":"https:\/\/www.facebook.com\/people\/Notimemes-de-los-Polticos\/61565672886568\/","article_published_time":"2022-03-15T15:17:21+00:00","article_modified_time":"2022-03-15T15:17:29+00:00","og_image":[{"url":"https:\/\/lospoliticosveracruz.com.mx\/wp-content\/uploads\/2022\/02\/CUMBRE-TAJIN-2022--227x300.jpg","type":"","width":"","height":""}],"author":"Lo viste en Los Pol\u00edticos","twitter_card":"summary_large_image","twitter_creator":"@LosPoliticosVer","twitter_site":"@LosPoliticosVer","twitter_misc":{"Escrito por":"Lo viste en Los Pol\u00edticos","Tiempo de lectura":"3 minutos"},"schema":{"@context":"https:\/\/schema.org","@graph":[{"@type":"Article","@id":"https:\/\/lospoliticosveracruz.com\/?p=87308#article","isPartOf":{"@id":"https:\/\/lospoliticosveracruz.com\/?p=87308"},"author":{"name":"Lo viste en Los Pol\u00edticos","@id":"https:\/\/lospoliticosveracruz.com\/#\/schema\/person\/b8702bb0e538456e6efd07080bf2a4a2"},"headline":"Di\u00e1logos sobre la Reforma el\u00e9ctrica en Veracruz","datePublished":"2022-03-15T15:17:21+00:00","dateModified":"2022-03-15T15:17:29+00:00","mainEntityOfPage":{"@id":"https:\/\/lospoliticosveracruz.com\/?p=87308"},"wordCount":648,"publisher":{"@id":"https:\/\/lospoliticosveracruz.com\/#organization"},"image":{"@id":"https:\/\/lospoliticosveracruz.com\/?p=87308#primaryimage"},"thumbnailUrl":"https:\/\/lospoliticosveracruz.com.mx\/wp-content\/uploads\/2022\/02\/CUMBRE-TAJIN-2022--227x300.jpg","keywords":["Citlalli Hern\u00e1ndez Mora","Morena","Reforma El\u00e9ctrica"],"articleSection":["De Opini\u00f3n"],"inLanguage":"es"},{"@type":"WebPage","@id":"https:\/\/lospoliticosveracruz.com\/?p=87308","url":"https:\/\/lospoliticosveracruz.com\/?p=87308","name":"Di\u00e1logos sobre la Reforma el\u00e9ctrica en Veracruz - Los pol\u00edticos Veracruz","isPartOf":{"@id":"https:\/\/lospoliticosveracruz.com\/#website"},"primaryImageOfPage":{"@id":"https:\/\/lospoliticosveracruz.com\/?p=87308#primaryimage"},"image":{"@id":"https:\/\/lospoliticosveracruz.com\/?p=87308#primaryimage"},"thumbnailUrl":"https:\/\/lospoliticosveracruz.com.mx\/wp-content\/uploads\/2022\/02\/CUMBRE-TAJIN-2022--227x300.jpg","datePublished":"2022-03-15T15:17:21+00:00","dateModified":"2022-03-15T15:17:29+00:00","breadcrumb":{"@id":"https:\/\/lospoliticosveracruz.com\/?p=87308#breadcrumb"},"inLanguage":"es","potentialAction":[{"@type":"ReadAction","target":["https:\/\/lospoliticosveracruz.com\/?p=87308"]}]},{"@type":"ImageObject","inLanguage":"es","@id":"https:\/\/lospoliticosveracruz.com\/?p=87308#primaryimage","url":"https:\/\/lospoliticosveracruz.com.mx\/wp-content\/uploads\/2022\/02\/CUMBRE-TAJIN-2022--227x300.jpg","contentUrl":"https:\/\/lospoliticosveracruz.com.mx\/wp-content\/uploads\/2022\/02\/CUMBRE-TAJIN-2022--227x300.jpg"},{"@type":"BreadcrumbList","@id":"https:\/\/lospoliticosveracruz.com\/?p=87308#breadcrumb","itemListElement":[{"@type":"ListItem","position":1,"name":"Portada","item":"https:\/\/lospoliticosveracruz.com\/"},{"@type":"ListItem","position":2,"name":"Di\u00e1logos sobre la Reforma el\u00e9ctrica en Veracruz"}]},{"@type":"WebSite","@id":"https:\/\/lospoliticosveracruz.com\/#website","url":"https:\/\/lospoliticosveracruz.com\/","name":"Los pol\u00edticos Veracruz","description":"","publisher":{"@id":"https:\/\/lospoliticosveracruz.com\/#organization"},"potentialAction":[{"@type":"SearchAction","target":{"@type":"EntryPoint","urlTemplate":"https:\/\/lospoliticosveracruz.com\/?s={search_term_string}"},"query-input":{"@type":"PropertyValueSpecification","valueRequired":true,"valueName":"search_term_string"}}],"inLanguage":"es"},{"@type":"Organization","@id":"https:\/\/lospoliticosveracruz.com\/#organization","name":"Los pol\u00edticos Veracruz","url":"https:\/\/lospoliticosveracruz.com\/","logo":{"@type":"ImageObject","inLanguage":"es","@id":"https:\/\/lospoliticosveracruz.com\/#\/schema\/logo\/image\/","url":"https:\/\/lospoliticosveracruz.com\/wp-content\/uploads\/2025\/12\/Logo-Nuevo-LOS-POLITICOS-1.jpg","contentUrl":"https:\/\/lospoliticosveracruz.com\/wp-content\/uploads\/2025\/12\/Logo-Nuevo-LOS-POLITICOS-1.jpg","width":260,"height":70,"caption":"Los pol\u00edticos Veracruz"},"image":{"@id":"https:\/\/lospoliticosveracruz.com\/#\/schema\/logo\/image\/"},"sameAs":["https:\/\/www.facebook.com\/people\/Notimemes-de-los-Polticos\/61565672886568\/","https:\/\/x.com\/LosPoliticosVer"]},{"@type":"Person","@id":"https:\/\/lospoliticosveracruz.com\/#\/schema\/person\/b8702bb0e538456e6efd07080bf2a4a2","name":"Lo viste en Los Pol\u00edticos","image":{"@type":"ImageObject","inLanguage":"es","@id":"https:\/\/secure.gravatar.com\/avatar\/3a8de04a2656d44082be478bd6c086daa447c4651605818287b9532d3d0bd435?s=96&d=mm&r=g","url":"https:\/\/secure.gravatar.com\/avatar\/3a8de04a2656d44082be478bd6c086daa447c4651605818287b9532d3d0bd435?s=96&d=mm&r=g","contentUrl":"https:\/\/secure.gravatar.com\/avatar\/3a8de04a2656d44082be478bd6c086daa447c4651605818287b9532d3d0bd435?s=96&d=mm&r=g","caption":"Lo viste en Los Pol\u00edticos"},"url":"https:\/\/lospoliticosveracruz.com\/?author=2"}]}},"_links":{"self":[{"href":"https:\/\/lospoliticosveracruz.com\/index.php?rest_route=\/wp\/v2\/posts\/87308","targetHints":{"allow":["GET"]}}],"collection":[{"href":"https:\/\/lospoliticosveracruz.com\/index.php?rest_route=\/wp\/v2\/posts"}],"about":[{"href":"https:\/\/lospoliticosveracruz.com\/index.php?rest_route=\/wp\/v2\/types\/post"}],"author":[{"embeddable":true,"href":"https:\/\/lospoliticosveracruz.com\/index.php?rest_route=\/wp\/v2\/users\/2"}],"replies":[{"embeddable":true,"href":"https:\/\/lospoliticosveracruz.com\/index.php?rest_route=%2Fwp%2Fv2%2Fcomments&post=87308"}],"version-history":[{"count":1,"href":"https:\/\/lospoliticosveracruz.com\/index.php?rest_route=\/wp\/v2\/posts\/87308\/revisions"}],"predecessor-version":[{"id":87310,"href":"https:\/\/lospoliticosveracruz.com\/index.php?rest_route=\/wp\/v2\/posts\/87308\/revisions\/87310"}],"wp:attachment":[{"href":"https:\/\/lospoliticosveracruz.com\/index.php?rest_route=%2Fwp%2Fv2%2Fmedia&parent=87308"}],"wp:term":[{"taxonomy":"category","embeddable":true,"href":"https:\/\/lospoliticosveracruz.com\/index.php?rest_route=%2Fwp%2Fv2%2Fcategories&post=87308"},{"taxonomy":"post_tag","embeddable":true,"href":"https:\/\/lospoliticosveracruz.com\/index.php?rest_route=%2Fwp%2Fv2%2Ftags&post=87308"}],"curies":[{"name":"wp","href":"https:\/\/api.w.org\/{rel}","templated":true}]}}