{"id":87393,"date":"2022-03-17T07:33:07","date_gmt":"2022-03-17T13:33:07","guid":{"rendered":"https:\/\/lospoliticosveracruz.com.mx\/?p=87393"},"modified":"2022-03-17T07:33:13","modified_gmt":"2022-03-17T13:33:13","slug":"tres-naranjas-para-el-24","status":"publish","type":"post","link":"https:\/\/lospoliticosveracruz.com\/?p=87393","title":{"rendered":"Tres naranjas para el 24"},"content":{"rendered":"\n<p><strong>Salvador Mu\u00f1oz<br><\/strong><em>Los Pol\u00edticos<\/em><\/p>\n\n\n\n<p>La detenci\u00f3n del Bronco, Jaime Rodr\u00edguez Calder\u00f3n, ex gobernador de Nuevo Le\u00f3n, para muchos, hace que Samuel Garc\u00eda, actual mandatario neoleon\u00e9s, tenga pase autom\u00e1tico entre los aspirantes a competir por la grande este 2024. \u00bfPor qu\u00e9 no? Tiene todav\u00eda dos a\u00f1os para afianzar no s\u00f3lo su imagen en el estado, sino proyectarla a nivel nacional como \u00e9l y su esposa saben hacerlo y por supuesto, en uno de los sectores m\u00e1s fuertes e importantes que hay en el pa\u00eds, como es el joven.<\/p>\n\n\n\n<div class=\"wp-block-image\"><figure class=\"alignleft size-medium\"><a href=\"https:\/\/lospoliticosveracruz.com.mx\/wp-content\/uploads\/2022\/02\/CUMBRE-TAJIN-2022-.jpg\"><img decoding=\"async\" src=\"https:\/\/lospoliticosveracruz.com.mx\/wp-content\/uploads\/2022\/02\/CUMBRE-TAJIN-2022--227x300.jpg\" alt=\"\" class=\"wp-image-86651\"\/><\/a><\/figure><\/div>\n\n\n\n<p><br>Hay quienes suponen que de ese modo, cierra de tajo el camino del presidente municipal de Monterrey, Luis Donaldo Colosio Riojas, quienes los rom\u00e1nticos de la pol\u00edtica han colocado como una carta de Movimiento Ciudadano para el 2024.<br>Se les cita como \u201cRom\u00e1nticos de la Pol\u00edtica\u201d porque a trav\u00e9s de un discurso pronunciado por el malogrado candidato a la presidencia de la Rep\u00fablica en 1994, idealizaron un M\u00e9xico que pudo haber sido posible si el nativo de Magdalena de Kino, Sonora, no hubiera sido asesinado\u2026<br>Se les cita como \u201cRom\u00e1nticos de la Pol\u00edtica\u201d porque reencarnan en el hijo de Luis Donaldo Colosio Murrieta, ese ideal que para ellos puede ser posible si el presidente municipal de Monterrey llega a ser Presidente de la Rep\u00fablica.<br>\u201cEl pase autom\u00e1tico\u201d de Samuel Garc\u00eda por la detenci\u00f3n del Bronco, tambi\u00e9n genera un estado de ascuas hacia Movimiento Ciudadano en dos sentidos:<br>Por un lado, junto con el mandatario estatal norte\u00f1o, nos muestra otra carta de las dos que tiene (no descartemos a Colosio), entre ellas, el otro Gobernador naranja: Enrique Alfaro Ram\u00edrez, que si bien, pintan como excelente su trabajo como Gobernador, no deja de tener tintes pol\u00e9micos.<br>Por otro lado, no hay una idea clara de a qu\u00e9 juega Movimiento Ciudadano rumbo al 2024 y la silla presidencial\u2026 ya en 2021 quiso demostrar que por s\u00ed solo, al menos en Veracruz, no necesit\u00f3 de las alianzas para mantener su registro mientras que en las estatales, su mayor triunfo est\u00e1 en Nuevo L\u00e9on precisamente\u2026 La pregunta es: \u00bfir\u00e1 en alianza nacional este 2024 con PAN, PRI y PRD?<br>Atendiendo esta \u00faltima idea, Movimiento Ciudadano les estar\u00eda mandando un mensaje a sus potenciales aliados que m\u00ednimo, tiene tres barajas y para todos los gustos: Samuel, Colosio y Alfaro\u2026 \u00bfy cu\u00e1les tienen ellos? \u00bfAlito y Alfredo del Mazo por el PRI?, \u00bfMauricio Vila y Francisco Dom\u00ednguez por el PAN? \u00bfY del PRD?<br>Hoy por hoy, la detenci\u00f3n del Bronco, \u201chaiga sido como haiga sido\u201d, pone la mira en Samuel Garc\u00eda, un joven que hace un a\u00f1o, nadie daba un peso por \u00e9l y de repente, empez\u00f3 a crecer curiosamente, por la divisi\u00f3n del PAN, por un mal candidato del PRI y por la desinflada de la candidata de Morena y a tal grado creci\u00f3, que hoy ya lo ven como el invitado con pase autom\u00e1tico al 2024 gracias al Bronco, aunque falta algo que observar: As\u00ed como Samuel \u201cdetuvo\u201d a su antecesor, Jaime Rodr\u00edguez hizo lo mismo con Rodrigo Medina\u2026 el asunto fue que el ex gobernador emanado del PRI estuvo 19 horas en el penal de Topo Chico y eso no ayud\u00f3 mucho al Bronco\u2026 ahora, hay que ver si la Ley se aplica en favor de Samuel, no vaya a ser que le pase lo mismo que al Bronco con Medina y todo se vueva debut y despedida al 2024 para el Fosfo fosfo con raspada al Movimiento Naranja.<\/p>\n\n\n\n<p>smcainito@gmail.com<\/p>\n","protected":false},"excerpt":{"rendered":"<p>Salvador Mu\u00f1ozLos Pol\u00edticos La detenci\u00f3n del Bronco, Jaime Rodr\u00edguez Calder\u00f3n, ex gobernador de Nuevo Le\u00f3n, para muchos, hace que Samuel Garc\u00eda, actual mandatario neoleon\u00e9s, tenga pase autom\u00e1tico entre los aspirantes a competir por la grande este 2024. \u00bfPor qu\u00e9 no? Tiene todav\u00eda dos a\u00f1os para afianzar no s\u00f3lo su imagen en el estado, sino proyectarla [&hellip;]<\/p>\n","protected":false},"author":2,"featured_media":0,"comment_status":"closed","ping_status":"closed","sticky":false,"template":"","format":"standard","meta":{"tdm_status":"","tdm_grid_status":"","footnotes":""},"categories":[70],"tags":[3579,14187,2811,10975,1242,2327,2646,15997],"class_list":{"0":"post-87393","1":"post","2":"type-post","3":"status-publish","4":"format-standard","6":"category-de-opinion","7":"tag-bronco","8":"tag-enrique-alfaro-ramirez","9":"tag-jaime-rodriguez-calderon","10":"tag-luis-donaldo-colosio-riojas","11":"tag-monterrey","12":"tag-movimiento-ciudadano","13":"tag-salvador-munoz","14":"tag-samuel-garcia"},"yoast_head":"<!-- This site is optimized with the Yoast SEO plugin v27.4 - https:\/\/yoast.com\/product\/yoast-seo-wordpress\/ -->\n<title>Tres naranjas para el 24 - Los pol\u00edticos Veracruz<\/title>\n<meta name=\"robots\" content=\"index, follow, max-snippet:-1, max-image-preview:large, max-video-preview:-1\" \/>\n<link rel=\"canonical\" href=\"https:\/\/lospoliticosveracruz.com\/?p=87393\" \/>\n<meta property=\"og:locale\" content=\"es_ES\" \/>\n<meta property=\"og:type\" content=\"article\" \/>\n<meta property=\"og:title\" content=\"Tres naranjas para el 24 - Los pol\u00edticos Veracruz\" \/>\n<meta property=\"og:description\" content=\"Salvador Mu\u00f1ozLos Pol\u00edticos La detenci\u00f3n del Bronco, Jaime Rodr\u00edguez Calder\u00f3n, ex gobernador de Nuevo Le\u00f3n, para muchos, hace que Samuel Garc\u00eda, actual mandatario neoleon\u00e9s, tenga pase autom\u00e1tico entre los aspirantes a competir por la grande este 2024. \u00bfPor qu\u00e9 no? Tiene todav\u00eda dos a\u00f1os para afianzar no s\u00f3lo su imagen en el estado, sino proyectarla [&hellip;]\" \/>\n<meta property=\"og:url\" content=\"https:\/\/lospoliticosveracruz.com\/?p=87393\" \/>\n<meta property=\"og:site_name\" content=\"Los pol\u00edticos Veracruz\" \/>\n<meta property=\"article:publisher\" content=\"https:\/\/www.facebook.com\/people\/Notimemes-de-los-Polticos\/61565672886568\/\" \/>\n<meta property=\"article:published_time\" content=\"2022-03-17T13:33:07+00:00\" \/>\n<meta property=\"article:modified_time\" content=\"2022-03-17T13:33:13+00:00\" \/>\n<meta property=\"og:image\" content=\"https:\/\/lospoliticosveracruz.com.mx\/wp-content\/uploads\/2022\/02\/CUMBRE-TAJIN-2022--227x300.jpg\" \/>\n<meta name=\"author\" content=\"Lo viste en Los Pol\u00edticos\" \/>\n<meta name=\"twitter:card\" content=\"summary_large_image\" \/>\n<meta name=\"twitter:creator\" content=\"@LosPoliticosVer\" \/>\n<meta name=\"twitter:site\" content=\"@LosPoliticosVer\" \/>\n<meta name=\"twitter:label1\" content=\"Escrito por\" \/>\n\t<meta name=\"twitter:data1\" content=\"Lo viste en Los Pol\u00edticos\" \/>\n\t<meta name=\"twitter:label2\" content=\"Tiempo de lectura\" \/>\n\t<meta name=\"twitter:data2\" content=\"3 minutos\" \/>\n<script type=\"application\/ld+json\" class=\"yoast-schema-graph\">{\"@context\":\"https:\\\/\\\/schema.org\",\"@graph\":[{\"@type\":\"Article\",\"@id\":\"https:\\\/\\\/lospoliticosveracruz.com\\\/?p=87393#article\",\"isPartOf\":{\"@id\":\"https:\\\/\\\/lospoliticosveracruz.com\\\/?p=87393\"},\"author\":{\"name\":\"Lo viste en Los Pol\u00edticos\",\"@id\":\"https:\\\/\\\/lospoliticosveracruz.com\\\/#\\\/schema\\\/person\\\/b8702bb0e538456e6efd07080bf2a4a2\"},\"headline\":\"Tres naranjas para el 24\",\"datePublished\":\"2022-03-17T13:33:07+00:00\",\"dateModified\":\"2022-03-17T13:33:13+00:00\",\"mainEntityOfPage\":{\"@id\":\"https:\\\/\\\/lospoliticosveracruz.com\\\/?p=87393\"},\"wordCount\":612,\"publisher\":{\"@id\":\"https:\\\/\\\/lospoliticosveracruz.com\\\/#organization\"},\"image\":{\"@id\":\"https:\\\/\\\/lospoliticosveracruz.com\\\/?p=87393#primaryimage\"},\"thumbnailUrl\":\"https:\\\/\\\/lospoliticosveracruz.com.mx\\\/wp-content\\\/uploads\\\/2022\\\/02\\\/CUMBRE-TAJIN-2022--227x300.jpg\",\"keywords\":[\"Bronco\",\"Enrique Alfaro Ram\u00edrez\",\"Jaime Rodr\u00edguez Calder\u00f3n\",\"Luis Donaldo Colosio Riojas\",\"Monterrey\",\"Movimiento Ciudadano\",\"Salvador Mu\u00f1oz\",\"Samuel Garc\u00eda\"],\"articleSection\":[\"De Opini\u00f3n\"],\"inLanguage\":\"es\"},{\"@type\":\"WebPage\",\"@id\":\"https:\\\/\\\/lospoliticosveracruz.com\\\/?p=87393\",\"url\":\"https:\\\/\\\/lospoliticosveracruz.com\\\/?p=87393\",\"name\":\"Tres naranjas para el 24 - Los pol\u00edticos Veracruz\",\"isPartOf\":{\"@id\":\"https:\\\/\\\/lospoliticosveracruz.com\\\/#website\"},\"primaryImageOfPage\":{\"@id\":\"https:\\\/\\\/lospoliticosveracruz.com\\\/?p=87393#primaryimage\"},\"image\":{\"@id\":\"https:\\\/\\\/lospoliticosveracruz.com\\\/?p=87393#primaryimage\"},\"thumbnailUrl\":\"https:\\\/\\\/lospoliticosveracruz.com.mx\\\/wp-content\\\/uploads\\\/2022\\\/02\\\/CUMBRE-TAJIN-2022--227x300.jpg\",\"datePublished\":\"2022-03-17T13:33:07+00:00\",\"dateModified\":\"2022-03-17T13:33:13+00:00\",\"breadcrumb\":{\"@id\":\"https:\\\/\\\/lospoliticosveracruz.com\\\/?p=87393#breadcrumb\"},\"inLanguage\":\"es\",\"potentialAction\":[{\"@type\":\"ReadAction\",\"target\":[\"https:\\\/\\\/lospoliticosveracruz.com\\\/?p=87393\"]}]},{\"@type\":\"ImageObject\",\"inLanguage\":\"es\",\"@id\":\"https:\\\/\\\/lospoliticosveracruz.com\\\/?p=87393#primaryimage\",\"url\":\"https:\\\/\\\/lospoliticosveracruz.com.mx\\\/wp-content\\\/uploads\\\/2022\\\/02\\\/CUMBRE-TAJIN-2022--227x300.jpg\",\"contentUrl\":\"https:\\\/\\\/lospoliticosveracruz.com.mx\\\/wp-content\\\/uploads\\\/2022\\\/02\\\/CUMBRE-TAJIN-2022--227x300.jpg\"},{\"@type\":\"BreadcrumbList\",\"@id\":\"https:\\\/\\\/lospoliticosveracruz.com\\\/?p=87393#breadcrumb\",\"itemListElement\":[{\"@type\":\"ListItem\",\"position\":1,\"name\":\"Portada\",\"item\":\"https:\\\/\\\/lospoliticosveracruz.com\\\/\"},{\"@type\":\"ListItem\",\"position\":2,\"name\":\"Tres naranjas para el 24\"}]},{\"@type\":\"WebSite\",\"@id\":\"https:\\\/\\\/lospoliticosveracruz.com\\\/#website\",\"url\":\"https:\\\/\\\/lospoliticosveracruz.com\\\/\",\"name\":\"Los pol\u00edticos Veracruz\",\"description\":\"\",\"publisher\":{\"@id\":\"https:\\\/\\\/lospoliticosveracruz.com\\\/#organization\"},\"potentialAction\":[{\"@type\":\"SearchAction\",\"target\":{\"@type\":\"EntryPoint\",\"urlTemplate\":\"https:\\\/\\\/lospoliticosveracruz.com\\\/?s={search_term_string}\"},\"query-input\":{\"@type\":\"PropertyValueSpecification\",\"valueRequired\":true,\"valueName\":\"search_term_string\"}}],\"inLanguage\":\"es\"},{\"@type\":\"Organization\",\"@id\":\"https:\\\/\\\/lospoliticosveracruz.com\\\/#organization\",\"name\":\"Los pol\u00edticos Veracruz\",\"url\":\"https:\\\/\\\/lospoliticosveracruz.com\\\/\",\"logo\":{\"@type\":\"ImageObject\",\"inLanguage\":\"es\",\"@id\":\"https:\\\/\\\/lospoliticosveracruz.com\\\/#\\\/schema\\\/logo\\\/image\\\/\",\"url\":\"https:\\\/\\\/lospoliticosveracruz.com\\\/wp-content\\\/uploads\\\/2025\\\/12\\\/Logo-Nuevo-LOS-POLITICOS-1.jpg\",\"contentUrl\":\"https:\\\/\\\/lospoliticosveracruz.com\\\/wp-content\\\/uploads\\\/2025\\\/12\\\/Logo-Nuevo-LOS-POLITICOS-1.jpg\",\"width\":260,\"height\":70,\"caption\":\"Los pol\u00edticos Veracruz\"},\"image\":{\"@id\":\"https:\\\/\\\/lospoliticosveracruz.com\\\/#\\\/schema\\\/logo\\\/image\\\/\"},\"sameAs\":[\"https:\\\/\\\/www.facebook.com\\\/people\\\/Notimemes-de-los-Polticos\\\/61565672886568\\\/\",\"https:\\\/\\\/x.com\\\/LosPoliticosVer\"]},{\"@type\":\"Person\",\"@id\":\"https:\\\/\\\/lospoliticosveracruz.com\\\/#\\\/schema\\\/person\\\/b8702bb0e538456e6efd07080bf2a4a2\",\"name\":\"Lo viste en Los Pol\u00edticos\",\"image\":{\"@type\":\"ImageObject\",\"inLanguage\":\"es\",\"@id\":\"https:\\\/\\\/secure.gravatar.com\\\/avatar\\\/3a8de04a2656d44082be478bd6c086daa447c4651605818287b9532d3d0bd435?s=96&d=mm&r=g\",\"url\":\"https:\\\/\\\/secure.gravatar.com\\\/avatar\\\/3a8de04a2656d44082be478bd6c086daa447c4651605818287b9532d3d0bd435?s=96&d=mm&r=g\",\"contentUrl\":\"https:\\\/\\\/secure.gravatar.com\\\/avatar\\\/3a8de04a2656d44082be478bd6c086daa447c4651605818287b9532d3d0bd435?s=96&d=mm&r=g\",\"caption\":\"Lo viste en Los Pol\u00edticos\"},\"url\":\"https:\\\/\\\/lospoliticosveracruz.com\\\/?author=2\"}]}<\/script>\n<!-- \/ Yoast SEO plugin. -->","yoast_head_json":{"title":"Tres naranjas para el 24 - Los pol\u00edticos Veracruz","robots":{"index":"index","follow":"follow","max-snippet":"max-snippet:-1","max-image-preview":"max-image-preview:large","max-video-preview":"max-video-preview:-1"},"canonical":"https:\/\/lospoliticosveracruz.com\/?p=87393","og_locale":"es_ES","og_type":"article","og_title":"Tres naranjas para el 24 - Los pol\u00edticos Veracruz","og_description":"Salvador Mu\u00f1ozLos Pol\u00edticos La detenci\u00f3n del Bronco, Jaime Rodr\u00edguez Calder\u00f3n, ex gobernador de Nuevo Le\u00f3n, para muchos, hace que Samuel Garc\u00eda, actual mandatario neoleon\u00e9s, tenga pase autom\u00e1tico entre los aspirantes a competir por la grande este 2024. \u00bfPor qu\u00e9 no? Tiene todav\u00eda dos a\u00f1os para afianzar no s\u00f3lo su imagen en el estado, sino proyectarla [&hellip;]","og_url":"https:\/\/lospoliticosveracruz.com\/?p=87393","og_site_name":"Los pol\u00edticos Veracruz","article_publisher":"https:\/\/www.facebook.com\/people\/Notimemes-de-los-Polticos\/61565672886568\/","article_published_time":"2022-03-17T13:33:07+00:00","article_modified_time":"2022-03-17T13:33:13+00:00","og_image":[{"url":"https:\/\/lospoliticosveracruz.com.mx\/wp-content\/uploads\/2022\/02\/CUMBRE-TAJIN-2022--227x300.jpg","type":"","width":"","height":""}],"author":"Lo viste en Los Pol\u00edticos","twitter_card":"summary_large_image","twitter_creator":"@LosPoliticosVer","twitter_site":"@LosPoliticosVer","twitter_misc":{"Escrito por":"Lo viste en Los Pol\u00edticos","Tiempo de lectura":"3 minutos"},"schema":{"@context":"https:\/\/schema.org","@graph":[{"@type":"Article","@id":"https:\/\/lospoliticosveracruz.com\/?p=87393#article","isPartOf":{"@id":"https:\/\/lospoliticosveracruz.com\/?p=87393"},"author":{"name":"Lo viste en Los Pol\u00edticos","@id":"https:\/\/lospoliticosveracruz.com\/#\/schema\/person\/b8702bb0e538456e6efd07080bf2a4a2"},"headline":"Tres naranjas para el 24","datePublished":"2022-03-17T13:33:07+00:00","dateModified":"2022-03-17T13:33:13+00:00","mainEntityOfPage":{"@id":"https:\/\/lospoliticosveracruz.com\/?p=87393"},"wordCount":612,"publisher":{"@id":"https:\/\/lospoliticosveracruz.com\/#organization"},"image":{"@id":"https:\/\/lospoliticosveracruz.com\/?p=87393#primaryimage"},"thumbnailUrl":"https:\/\/lospoliticosveracruz.com.mx\/wp-content\/uploads\/2022\/02\/CUMBRE-TAJIN-2022--227x300.jpg","keywords":["Bronco","Enrique Alfaro Ram\u00edrez","Jaime Rodr\u00edguez Calder\u00f3n","Luis Donaldo Colosio Riojas","Monterrey","Movimiento Ciudadano","Salvador Mu\u00f1oz","Samuel Garc\u00eda"],"articleSection":["De Opini\u00f3n"],"inLanguage":"es"},{"@type":"WebPage","@id":"https:\/\/lospoliticosveracruz.com\/?p=87393","url":"https:\/\/lospoliticosveracruz.com\/?p=87393","name":"Tres naranjas para el 24 - Los pol\u00edticos Veracruz","isPartOf":{"@id":"https:\/\/lospoliticosveracruz.com\/#website"},"primaryImageOfPage":{"@id":"https:\/\/lospoliticosveracruz.com\/?p=87393#primaryimage"},"image":{"@id":"https:\/\/lospoliticosveracruz.com\/?p=87393#primaryimage"},"thumbnailUrl":"https:\/\/lospoliticosveracruz.com.mx\/wp-content\/uploads\/2022\/02\/CUMBRE-TAJIN-2022--227x300.jpg","datePublished":"2022-03-17T13:33:07+00:00","dateModified":"2022-03-17T13:33:13+00:00","breadcrumb":{"@id":"https:\/\/lospoliticosveracruz.com\/?p=87393#breadcrumb"},"inLanguage":"es","potentialAction":[{"@type":"ReadAction","target":["https:\/\/lospoliticosveracruz.com\/?p=87393"]}]},{"@type":"ImageObject","inLanguage":"es","@id":"https:\/\/lospoliticosveracruz.com\/?p=87393#primaryimage","url":"https:\/\/lospoliticosveracruz.com.mx\/wp-content\/uploads\/2022\/02\/CUMBRE-TAJIN-2022--227x300.jpg","contentUrl":"https:\/\/lospoliticosveracruz.com.mx\/wp-content\/uploads\/2022\/02\/CUMBRE-TAJIN-2022--227x300.jpg"},{"@type":"BreadcrumbList","@id":"https:\/\/lospoliticosveracruz.com\/?p=87393#breadcrumb","itemListElement":[{"@type":"ListItem","position":1,"name":"Portada","item":"https:\/\/lospoliticosveracruz.com\/"},{"@type":"ListItem","position":2,"name":"Tres naranjas para el 24"}]},{"@type":"WebSite","@id":"https:\/\/lospoliticosveracruz.com\/#website","url":"https:\/\/lospoliticosveracruz.com\/","name":"Los pol\u00edticos Veracruz","description":"","publisher":{"@id":"https:\/\/lospoliticosveracruz.com\/#organization"},"potentialAction":[{"@type":"SearchAction","target":{"@type":"EntryPoint","urlTemplate":"https:\/\/lospoliticosveracruz.com\/?s={search_term_string}"},"query-input":{"@type":"PropertyValueSpecification","valueRequired":true,"valueName":"search_term_string"}}],"inLanguage":"es"},{"@type":"Organization","@id":"https:\/\/lospoliticosveracruz.com\/#organization","name":"Los pol\u00edticos Veracruz","url":"https:\/\/lospoliticosveracruz.com\/","logo":{"@type":"ImageObject","inLanguage":"es","@id":"https:\/\/lospoliticosveracruz.com\/#\/schema\/logo\/image\/","url":"https:\/\/lospoliticosveracruz.com\/wp-content\/uploads\/2025\/12\/Logo-Nuevo-LOS-POLITICOS-1.jpg","contentUrl":"https:\/\/lospoliticosveracruz.com\/wp-content\/uploads\/2025\/12\/Logo-Nuevo-LOS-POLITICOS-1.jpg","width":260,"height":70,"caption":"Los pol\u00edticos Veracruz"},"image":{"@id":"https:\/\/lospoliticosveracruz.com\/#\/schema\/logo\/image\/"},"sameAs":["https:\/\/www.facebook.com\/people\/Notimemes-de-los-Polticos\/61565672886568\/","https:\/\/x.com\/LosPoliticosVer"]},{"@type":"Person","@id":"https:\/\/lospoliticosveracruz.com\/#\/schema\/person\/b8702bb0e538456e6efd07080bf2a4a2","name":"Lo viste en Los Pol\u00edticos","image":{"@type":"ImageObject","inLanguage":"es","@id":"https:\/\/secure.gravatar.com\/avatar\/3a8de04a2656d44082be478bd6c086daa447c4651605818287b9532d3d0bd435?s=96&d=mm&r=g","url":"https:\/\/secure.gravatar.com\/avatar\/3a8de04a2656d44082be478bd6c086daa447c4651605818287b9532d3d0bd435?s=96&d=mm&r=g","contentUrl":"https:\/\/secure.gravatar.com\/avatar\/3a8de04a2656d44082be478bd6c086daa447c4651605818287b9532d3d0bd435?s=96&d=mm&r=g","caption":"Lo viste en Los Pol\u00edticos"},"url":"https:\/\/lospoliticosveracruz.com\/?author=2"}]}},"_links":{"self":[{"href":"https:\/\/lospoliticosveracruz.com\/index.php?rest_route=\/wp\/v2\/posts\/87393","targetHints":{"allow":["GET"]}}],"collection":[{"href":"https:\/\/lospoliticosveracruz.com\/index.php?rest_route=\/wp\/v2\/posts"}],"about":[{"href":"https:\/\/lospoliticosveracruz.com\/index.php?rest_route=\/wp\/v2\/types\/post"}],"author":[{"embeddable":true,"href":"https:\/\/lospoliticosveracruz.com\/index.php?rest_route=\/wp\/v2\/users\/2"}],"replies":[{"embeddable":true,"href":"https:\/\/lospoliticosveracruz.com\/index.php?rest_route=%2Fwp%2Fv2%2Fcomments&post=87393"}],"version-history":[{"count":1,"href":"https:\/\/lospoliticosveracruz.com\/index.php?rest_route=\/wp\/v2\/posts\/87393\/revisions"}],"predecessor-version":[{"id":87395,"href":"https:\/\/lospoliticosveracruz.com\/index.php?rest_route=\/wp\/v2\/posts\/87393\/revisions\/87395"}],"wp:attachment":[{"href":"https:\/\/lospoliticosveracruz.com\/index.php?rest_route=%2Fwp%2Fv2%2Fmedia&parent=87393"}],"wp:term":[{"taxonomy":"category","embeddable":true,"href":"https:\/\/lospoliticosveracruz.com\/index.php?rest_route=%2Fwp%2Fv2%2Fcategories&post=87393"},{"taxonomy":"post_tag","embeddable":true,"href":"https:\/\/lospoliticosveracruz.com\/index.php?rest_route=%2Fwp%2Fv2%2Ftags&post=87393"}],"curies":[{"name":"wp","href":"https:\/\/api.w.org\/{rel}","templated":true}]}}