{"id":87399,"date":"2022-03-17T07:41:46","date_gmt":"2022-03-17T13:41:46","guid":{"rendered":"https:\/\/lospoliticosveracruz.com.mx\/?p=87399"},"modified":"2022-03-17T07:41:53","modified_gmt":"2022-03-17T13:41:53","slug":"trabajo-mata-grilla-2","status":"publish","type":"post","link":"https:\/\/lospoliticosveracruz.com\/?p=87399","title":{"rendered":"Trabajo mata grilla"},"content":{"rendered":"\n<p><strong>Ricardo Ch\u00faa<br><\/strong><em>Sale y Vale<\/em><\/p>\n\n\n\n<p>OJO\u2026 Muy buena acci\u00f3n de gobierno federal y municipales se vio en Veracruz.. Cuando los alcaldes de Alvarado y Boca del R\u00edo, Lizzette Alvarez y Juan Manuel Unanue, se reunieron con el director de centro SCT, Ram\u00f3n Alvarez Fontan, para ver el tema del puente veh\u00edcular de Boca del R\u00edo, que conecta este municipio con la \u00abRiviera Veracruzana\u00bb de los \u00abRicos y Sabrosos\u00bb y es la salida al municipio alvarade\u00f1o\u2026 Y adem\u00e1s de buscar la manera de arreglar esa insuficiencia que este puente para traslado en \u00abhoras picos\u00bb\u2026Lo piden es que el flujo sea r\u00e1pido\u2026<\/p>\n\n\n\n<div class=\"wp-block-image\"><figure class=\"alignleft size-medium is-resized\"><a href=\"https:\/\/lospoliticosveracruz.com.mx\/wp-content\/uploads\/2021\/10\/WhatsApp-Image-2021-10-02-at-15.20.25.jpeg\"><img decoding=\"async\" src=\"https:\/\/lospoliticosveracruz.com.mx\/wp-content\/uploads\/2021\/10\/WhatsApp-Image-2021-10-02-at-15.20.25-212x300.jpeg\" alt=\"\" class=\"wp-image-80177\" width=\"350\" srcset=\"https:\/\/lospoliticosveracruz.com\/wp-content\/uploads\/2021\/10\/WhatsApp-Image-2021-10-02-at-15.20.25-212x300.jpeg 212w, https:\/\/lospoliticosveracruz.com\/wp-content\/uploads\/2021\/10\/WhatsApp-Image-2021-10-02-at-15.20.25-724x1024.jpeg 724w, https:\/\/lospoliticosveracruz.com\/wp-content\/uploads\/2021\/10\/WhatsApp-Image-2021-10-02-at-15.20.25-768x1086.jpeg 768w, https:\/\/lospoliticosveracruz.com\/wp-content\/uploads\/2021\/10\/WhatsApp-Image-2021-10-02-at-15.20.25.jpeg 905w\" sizes=\"(max-width: 212px) 100vw, 212px\" \/><\/a><\/figure><\/div>\n\n\n\n<p>Lo adverso es el DESINTER\u00c9S que muestra el gobierno de Cuitl\u00e1huac Garc\u00eda por lo que pase en Veracruz-Boca del R\u00edo y Alvarado, como si no existiera\u2026 Se re\u00fane y toma foto con Ricardo Ahued anunciando 90 obras para Xalapa (Habr\u00e1 que ver si las cumple) pero aqu\u00ed ni porque la federaci\u00f3n mete la mano\u2026 Se apareci\u00f3 alguien de SIOP\u2026 Andan m\u00e1s preocupados por fiestas y que no los interrumpa Esteban Ram\u00edrez Zepeta en sus bodas en la \u00fanica riviera que les interesa\u2026 Que es la del c\u00e1ribe mexicano\u2026 AMEN\u2026 Bien por Ram\u00f3n Alvarez y los alcaldes\u2026<\/p>\n\n\n\n<p>VERACRUZ, LA RISA DE MONREAL\u2026 Cuentan que cuando informaron en el Senado a Ricardo Monreal, de que en Veracruz, un grupo de diputados federales de MORENA vinieron por orden del Palacio de Gobierno a \u00abecharle tierra\u00bb a su persona y pedirle que \u00absuelte\u00bb a la entidad y que se ocupe de la inseguridad en Zacatecas\u2026 Dicen que el legislador no paraba de carcajearse y s\u00f3lo se\u00f1al\u00f3: \u00abNo se acuerdan que esto acaba en 2024 y s\u00f3lo queda menos de dos a\u00f1os\u00bb\u2026 La interpretaci\u00f3n es cosa de cada qui\u00e9n\u2026 Qui\u00e9n va a \u00absobrevivir\u00bb\u2026<\/p>\n\n\n\n<p>S\u00f3lo hay que recordar\u2026 Que de los 21 diputados federales que tiene MORENA por Veracruz, s\u00f3lo 7 de ellos, est\u00e1n con Cuitl\u00e1huac Garc\u00eda, encabezados por el legislador de P\u00e1nuco, Armando G\u00f3mez Betancurt, ex alcalde de Ozuluama, que es diputado por el PVEM, no por los Morenos, pero es un \u00abbrazo ejecutor\u00bb de Palacio de Gobierno\u2026 Y lo mandan para \u00abgolpear\u00bb a Monreal\u2026 Este diputado no tiene ni noci\u00f3n de pol\u00edtica, es un profesor que lleg\u00f3 por el PANAL a la alcald\u00eda, luego se \u00abbrinco\u00bb con el PAN con los Garc\u00eda Guzm\u00e1n\u2026 Pura traici\u00f3n\u2026<\/p>\n\n\n\n<p>Luego se fue con los \u00abVerdes\u00bb buscando protecci\u00f3n, hoy es \u00abprotegido\u00bb de Eric Cisneros y cuida sus intereses en el norte.. La lectura es que se acabaron los \u00abvoceros\u00bb a MORENA y tiene que \u00abechar mano\u00bb de todo para \u00abfrenar\u00bb su descomposici\u00f3n interna\u2026 No hay control de diputados federales\u2026 Obvio que Monreal se \u00abpitorrea\u00bb\u2026 Se olvidan en Veracruz del tema de CNDH del incumplimiento del delito de ultrajes a la autoridad\u2026 Van a caer en sus manos en el Senado.. La vida es de ida y vueltas.. Nada es para siempre\u2026 EL QUE ENTENDI\u00d3\u2026 ENTENDI\u00d3<\/p>\n\n\n\n<p>EL AVANCE DE GUTI\u00c9RREZ LUNA\u2026 A pesar de una oposici\u00f3n de diputados federales de la entidad veracruzana\u2026 Que est\u00e1n al servicio del Palacio de Gobierno, que lo mismo atacan al senador, Ricardo Monreal, como a su hom\u00f3logo, Sergio Guti\u00e9rrez Luna, con tal que Roc\u00edo Nahle, secretaria de Energ\u00eda federal, no tenga allanado el camino a la candidatura a la gubernatura de Veracruz en 2024\u2026 Dicen que \u00abEl Grupo Tabasco\u00bb que opera a MORENA a nivel nacional, respalda al minatitleco con todo y contra todos aun sobre Cuitl\u00e1huac Garc\u00eda\u2026<\/p>\n\n\n\n<p>Sobre todo porque tanto el secretario de Gobernaci\u00f3n, Ad\u00e1n Augusto L\u00f3pez Hern\u00e1ndez, la titular del SAT, Raquel Buenrostro y uno de los principales operadores de Palacio Nacional del Presidente, Andr\u00e9s Manuel L\u00f3pez Obrador, el director de Fondo Nacional del Fomento al Turismo, Javier May (Todos ellos del Grupo Tabasco en el poder, el grupo cercano de AMLO), han visto en Guti\u00e9rrez Luna, un operador eficiente de la 4T y con una efectiva labor de representaci\u00f3n popular en el Congreso de la Uni\u00f3n\u2026<\/p>\n\n\n\n<p>Estos personajes sostienen en CDMX un fuerte \u00abenfrentamiento\u00bb pol\u00edtico y de intereses con la titular de SENER, Roc\u00edo Nahle\u2026 Y m\u00e1s ahora, que Mario Delgado, l\u00edder nacional de MORENA, se ha declarado en privado como un operador de Sergio Guti\u00e9rrez para que este quede como candidato a gobernador en Veracruz en 2024\u2026 As\u00ed sea Claudia Sheinbaum la aspirante presidencial de MORENA\u2026 La lucha est\u00e1 con todo a favor del Minatitleco\u2026 Finalmente en pol\u00edtica, no hay amigos, s\u00f3lo intereses\u2026<\/p>\n\n\n\n<p>Adem\u00e1s Sergio Guti\u00e9rrez ha sabido ganarse la confianza de Ad\u00e1n Agusto L\u00f3pez\u2026 A qui\u00e9n L\u00f3pez Obrador le ha encargado la operaci\u00f3n en la c\u00e1mara de diputados federales con los legisladores de MORENA\u2026 El titular de SEGOB no s\u00f3lo opera con Ignacio Mier, el coordinador de la bancada, sino con el minatitleco, que se le ha metido con todo\u2026 Ya que todo lo que le han encargado, lo ha sacado a favor del gobierno federal, pese a las intrigas \u00abpalaciegas\u00bb de sus diputados veracruzanos\u2026<\/p>\n\n\n\n<p>Se dice que a Guti\u00e9rrez Luna le encargaron desde SEGOB trabajar en tres vertientes\u2026 La primera en adquirir un liderazgo entre sus pares, sin importar siglas o grupos parlamentarios, que se desempe\u00f1ar\u00e1 con un equilibrado papel como Presidente de la C\u00e1mara de Diputados\u2026 Misma que ha logrado al contar el apoyo hasta con hom\u00f3logos de oposici\u00f3n\u2026 La segunda que lo hiciera con conocimiento del Derecho parlamentario y como un soldado \u00abfiel\u00bb de la 4T, al construir y cabildear\u2026 Ha tenido sus \u00abencontronazos\u00bb pero ah\u00ed la lleva\u2026<\/p>\n\n\n\n<p>Ya que finalmente logr\u00f3 presentar en tribuna y presidir la sesi\u00f3n donde se aprob\u00f3 una reforma que permite interpretar el concepto de Propaganda Gubernamental, en periodo de veto por la Revocaci\u00f3n de Mandato, que para los intereses de la 4T, seg\u00fan abona a la Libertad de Expresi\u00f3n, de todos, incluyendo al Presidente\u2026 Ese quiz\u00e1s, fue el logro que m\u00e1s le aplaudieran en Gobernaci\u00f3n y en Palacio Nacional\u2026 A lo mejor hac\u00eda afuera queda minado, pero hac\u00eda adentro, se posiciona mejor que Nahle\u2026<\/p>\n\n\n\n<p>La \u00faltima vertiente encargada fue que fuera como un gestor. Interlocutor para que vincule m\u00e1s a la 4T con el pueblo y sus servidores p\u00fablicos para dar resultados.. Y el minatitleco lo hizo\u2026 En d\u00edas recientes temas como la caseta de Fort\u00edn (CAPUFE), la carta porte para los hombre-cami\u00f3n (SAT), los permisos para pescadores (CONAPESCA), la reforma al USICAMM de los maestros\u2026 Fueron acciones positivas que involucran a miles de familias de Veracruz\u2026 \u00bfEntonces?.. A qui\u00e9n apoyar\u00eda AMLO y el Grupo \u00abTabasco\u00bb\u2026 MINATITL\u00c1N ES UN \u00abED\u00c9N\u00bb..<\/p>\n","protected":false},"excerpt":{"rendered":"<p>Ricardo Ch\u00faaSale y Vale OJO\u2026 Muy buena acci\u00f3n de gobierno federal y municipales se vio en Veracruz.. Cuando los alcaldes de Alvarado y Boca del R\u00edo, Lizzette Alvarez y Juan Manuel Unanue, se reunieron con el director de centro SCT, Ram\u00f3n Alvarez Fontan, para ver el tema del puente veh\u00edcular de Boca del R\u00edo, que [&hellip;]<\/p>\n","protected":false},"author":2,"featured_media":0,"comment_status":"closed","ping_status":"closed","sticky":false,"template":"","format":"standard","meta":{"tdm_status":"","tdm_grid_status":"","footnotes":""},"categories":[70],"tags":[14118,1563,12686,17579,28095,1026,32552,13604,10353,3578,2117,16147],"class_list":{"0":"post-87399","1":"post","2":"type-post","3":"status-publish","4":"format-standard","6":"category-de-opinion","7":"tag-conapesca","8":"tag-cuitlahuac-garcia-jimenez","9":"tag-eric-cisneros","10":"tag-juan-manuel-unanue","11":"tag-lizzette-alvarez","12":"tag-morena","13":"tag-ramon-alvarez-fontan-4","14":"tag-ricardo-chua","15":"tag-ricardo-monreal","16":"tag-rocio-nahle","17":"tag-sct","18":"tag-sergio-gutierrez-luna"},"yoast_head":"<!-- This site is optimized with the Yoast SEO plugin v27.4 - https:\/\/yoast.com\/product\/yoast-seo-wordpress\/ -->\n<title>Trabajo mata grilla - Los pol\u00edticos Veracruz<\/title>\n<meta name=\"robots\" content=\"index, follow, max-snippet:-1, max-image-preview:large, max-video-preview:-1\" \/>\n<link rel=\"canonical\" href=\"https:\/\/lospoliticosveracruz.com\/?p=87399\" \/>\n<meta property=\"og:locale\" content=\"es_ES\" \/>\n<meta property=\"og:type\" content=\"article\" \/>\n<meta property=\"og:title\" content=\"Trabajo mata grilla - Los pol\u00edticos Veracruz\" \/>\n<meta property=\"og:description\" content=\"Ricardo Ch\u00faaSale y Vale OJO\u2026 Muy buena acci\u00f3n de gobierno federal y municipales se vio en Veracruz.. Cuando los alcaldes de Alvarado y Boca del R\u00edo, Lizzette Alvarez y Juan Manuel Unanue, se reunieron con el director de centro SCT, Ram\u00f3n Alvarez Fontan, para ver el tema del puente veh\u00edcular de Boca del R\u00edo, que [&hellip;]\" \/>\n<meta property=\"og:url\" content=\"https:\/\/lospoliticosveracruz.com\/?p=87399\" \/>\n<meta property=\"og:site_name\" content=\"Los pol\u00edticos Veracruz\" \/>\n<meta property=\"article:publisher\" content=\"https:\/\/www.facebook.com\/people\/Notimemes-de-los-Polticos\/61565672886568\/\" \/>\n<meta property=\"article:published_time\" content=\"2022-03-17T13:41:46+00:00\" \/>\n<meta property=\"article:modified_time\" content=\"2022-03-17T13:41:53+00:00\" \/>\n<meta property=\"og:image\" content=\"https:\/\/lospoliticosveracruz.com.mx\/wp-content\/uploads\/2021\/10\/WhatsApp-Image-2021-10-02-at-15.20.25-212x300.jpeg\" \/>\n<meta name=\"author\" content=\"Lo viste en Los Pol\u00edticos\" \/>\n<meta name=\"twitter:card\" content=\"summary_large_image\" \/>\n<meta name=\"twitter:creator\" content=\"@LosPoliticosVer\" \/>\n<meta name=\"twitter:site\" content=\"@LosPoliticosVer\" \/>\n<meta name=\"twitter:label1\" content=\"Escrito por\" \/>\n\t<meta name=\"twitter:data1\" content=\"Lo viste en Los Pol\u00edticos\" \/>\n\t<meta name=\"twitter:label2\" content=\"Tiempo de lectura\" \/>\n\t<meta name=\"twitter:data2\" content=\"6 minutos\" \/>\n<script type=\"application\/ld+json\" class=\"yoast-schema-graph\">{\"@context\":\"https:\\\/\\\/schema.org\",\"@graph\":[{\"@type\":\"Article\",\"@id\":\"https:\\\/\\\/lospoliticosveracruz.com\\\/?p=87399#article\",\"isPartOf\":{\"@id\":\"https:\\\/\\\/lospoliticosveracruz.com\\\/?p=87399\"},\"author\":{\"name\":\"Lo viste en Los Pol\u00edticos\",\"@id\":\"https:\\\/\\\/lospoliticosveracruz.com\\\/#\\\/schema\\\/person\\\/b8702bb0e538456e6efd07080bf2a4a2\"},\"headline\":\"Trabajo mata grilla\",\"datePublished\":\"2022-03-17T13:41:46+00:00\",\"dateModified\":\"2022-03-17T13:41:53+00:00\",\"mainEntityOfPage\":{\"@id\":\"https:\\\/\\\/lospoliticosveracruz.com\\\/?p=87399\"},\"wordCount\":1157,\"publisher\":{\"@id\":\"https:\\\/\\\/lospoliticosveracruz.com\\\/#organization\"},\"image\":{\"@id\":\"https:\\\/\\\/lospoliticosveracruz.com\\\/?p=87399#primaryimage\"},\"thumbnailUrl\":\"https:\\\/\\\/lospoliticosveracruz.com.mx\\\/wp-content\\\/uploads\\\/2021\\\/10\\\/WhatsApp-Image-2021-10-02-at-15.20.25-212x300.jpeg\",\"keywords\":[\"Conapesca\",\"Cuitl\u00e1huac Garc\u00eda Jim\u00e9nez\",\"Eric Cisneros\",\"Juan Manuel Unanue\",\"Lizzette Alvarez\",\"Morena\",\"Ram\u00f3n Alvarez Fontan\",\"Ricardo Ch\u00faa\",\"Ricardo Monreal\",\"Roc\u00edo Nahle\",\"SCT\",\"Sergio Guti\u00e9rrez Luna\"],\"articleSection\":[\"De Opini\u00f3n\"],\"inLanguage\":\"es\"},{\"@type\":\"WebPage\",\"@id\":\"https:\\\/\\\/lospoliticosveracruz.com\\\/?p=87399\",\"url\":\"https:\\\/\\\/lospoliticosveracruz.com\\\/?p=87399\",\"name\":\"Trabajo mata grilla - Los pol\u00edticos Veracruz\",\"isPartOf\":{\"@id\":\"https:\\\/\\\/lospoliticosveracruz.com\\\/#website\"},\"primaryImageOfPage\":{\"@id\":\"https:\\\/\\\/lospoliticosveracruz.com\\\/?p=87399#primaryimage\"},\"image\":{\"@id\":\"https:\\\/\\\/lospoliticosveracruz.com\\\/?p=87399#primaryimage\"},\"thumbnailUrl\":\"https:\\\/\\\/lospoliticosveracruz.com.mx\\\/wp-content\\\/uploads\\\/2021\\\/10\\\/WhatsApp-Image-2021-10-02-at-15.20.25-212x300.jpeg\",\"datePublished\":\"2022-03-17T13:41:46+00:00\",\"dateModified\":\"2022-03-17T13:41:53+00:00\",\"breadcrumb\":{\"@id\":\"https:\\\/\\\/lospoliticosveracruz.com\\\/?p=87399#breadcrumb\"},\"inLanguage\":\"es\",\"potentialAction\":[{\"@type\":\"ReadAction\",\"target\":[\"https:\\\/\\\/lospoliticosveracruz.com\\\/?p=87399\"]}]},{\"@type\":\"ImageObject\",\"inLanguage\":\"es\",\"@id\":\"https:\\\/\\\/lospoliticosveracruz.com\\\/?p=87399#primaryimage\",\"url\":\"https:\\\/\\\/lospoliticosveracruz.com.mx\\\/wp-content\\\/uploads\\\/2021\\\/10\\\/WhatsApp-Image-2021-10-02-at-15.20.25-212x300.jpeg\",\"contentUrl\":\"https:\\\/\\\/lospoliticosveracruz.com.mx\\\/wp-content\\\/uploads\\\/2021\\\/10\\\/WhatsApp-Image-2021-10-02-at-15.20.25-212x300.jpeg\"},{\"@type\":\"BreadcrumbList\",\"@id\":\"https:\\\/\\\/lospoliticosveracruz.com\\\/?p=87399#breadcrumb\",\"itemListElement\":[{\"@type\":\"ListItem\",\"position\":1,\"name\":\"Portada\",\"item\":\"https:\\\/\\\/lospoliticosveracruz.com\\\/\"},{\"@type\":\"ListItem\",\"position\":2,\"name\":\"Trabajo mata grilla\"}]},{\"@type\":\"WebSite\",\"@id\":\"https:\\\/\\\/lospoliticosveracruz.com\\\/#website\",\"url\":\"https:\\\/\\\/lospoliticosveracruz.com\\\/\",\"name\":\"Los pol\u00edticos Veracruz\",\"description\":\"\",\"publisher\":{\"@id\":\"https:\\\/\\\/lospoliticosveracruz.com\\\/#organization\"},\"potentialAction\":[{\"@type\":\"SearchAction\",\"target\":{\"@type\":\"EntryPoint\",\"urlTemplate\":\"https:\\\/\\\/lospoliticosveracruz.com\\\/?s={search_term_string}\"},\"query-input\":{\"@type\":\"PropertyValueSpecification\",\"valueRequired\":true,\"valueName\":\"search_term_string\"}}],\"inLanguage\":\"es\"},{\"@type\":\"Organization\",\"@id\":\"https:\\\/\\\/lospoliticosveracruz.com\\\/#organization\",\"name\":\"Los pol\u00edticos Veracruz\",\"url\":\"https:\\\/\\\/lospoliticosveracruz.com\\\/\",\"logo\":{\"@type\":\"ImageObject\",\"inLanguage\":\"es\",\"@id\":\"https:\\\/\\\/lospoliticosveracruz.com\\\/#\\\/schema\\\/logo\\\/image\\\/\",\"url\":\"https:\\\/\\\/lospoliticosveracruz.com\\\/wp-content\\\/uploads\\\/2025\\\/12\\\/Logo-Nuevo-LOS-POLITICOS-1.jpg\",\"contentUrl\":\"https:\\\/\\\/lospoliticosveracruz.com\\\/wp-content\\\/uploads\\\/2025\\\/12\\\/Logo-Nuevo-LOS-POLITICOS-1.jpg\",\"width\":260,\"height\":70,\"caption\":\"Los pol\u00edticos Veracruz\"},\"image\":{\"@id\":\"https:\\\/\\\/lospoliticosveracruz.com\\\/#\\\/schema\\\/logo\\\/image\\\/\"},\"sameAs\":[\"https:\\\/\\\/www.facebook.com\\\/people\\\/Notimemes-de-los-Polticos\\\/61565672886568\\\/\",\"https:\\\/\\\/x.com\\\/LosPoliticosVer\"]},{\"@type\":\"Person\",\"@id\":\"https:\\\/\\\/lospoliticosveracruz.com\\\/#\\\/schema\\\/person\\\/b8702bb0e538456e6efd07080bf2a4a2\",\"name\":\"Lo viste en Los Pol\u00edticos\",\"image\":{\"@type\":\"ImageObject\",\"inLanguage\":\"es\",\"@id\":\"https:\\\/\\\/secure.gravatar.com\\\/avatar\\\/3a8de04a2656d44082be478bd6c086daa447c4651605818287b9532d3d0bd435?s=96&d=mm&r=g\",\"url\":\"https:\\\/\\\/secure.gravatar.com\\\/avatar\\\/3a8de04a2656d44082be478bd6c086daa447c4651605818287b9532d3d0bd435?s=96&d=mm&r=g\",\"contentUrl\":\"https:\\\/\\\/secure.gravatar.com\\\/avatar\\\/3a8de04a2656d44082be478bd6c086daa447c4651605818287b9532d3d0bd435?s=96&d=mm&r=g\",\"caption\":\"Lo viste en Los Pol\u00edticos\"},\"url\":\"https:\\\/\\\/lospoliticosveracruz.com\\\/?author=2\"}]}<\/script>\n<!-- \/ Yoast SEO plugin. -->","yoast_head_json":{"title":"Trabajo mata grilla - Los pol\u00edticos Veracruz","robots":{"index":"index","follow":"follow","max-snippet":"max-snippet:-1","max-image-preview":"max-image-preview:large","max-video-preview":"max-video-preview:-1"},"canonical":"https:\/\/lospoliticosveracruz.com\/?p=87399","og_locale":"es_ES","og_type":"article","og_title":"Trabajo mata grilla - Los pol\u00edticos Veracruz","og_description":"Ricardo Ch\u00faaSale y Vale OJO\u2026 Muy buena acci\u00f3n de gobierno federal y municipales se vio en Veracruz.. Cuando los alcaldes de Alvarado y Boca del R\u00edo, Lizzette Alvarez y Juan Manuel Unanue, se reunieron con el director de centro SCT, Ram\u00f3n Alvarez Fontan, para ver el tema del puente veh\u00edcular de Boca del R\u00edo, que [&hellip;]","og_url":"https:\/\/lospoliticosveracruz.com\/?p=87399","og_site_name":"Los pol\u00edticos Veracruz","article_publisher":"https:\/\/www.facebook.com\/people\/Notimemes-de-los-Polticos\/61565672886568\/","article_published_time":"2022-03-17T13:41:46+00:00","article_modified_time":"2022-03-17T13:41:53+00:00","og_image":[{"url":"https:\/\/lospoliticosveracruz.com.mx\/wp-content\/uploads\/2021\/10\/WhatsApp-Image-2021-10-02-at-15.20.25-212x300.jpeg","type":"","width":"","height":""}],"author":"Lo viste en Los Pol\u00edticos","twitter_card":"summary_large_image","twitter_creator":"@LosPoliticosVer","twitter_site":"@LosPoliticosVer","twitter_misc":{"Escrito por":"Lo viste en Los Pol\u00edticos","Tiempo de lectura":"6 minutos"},"schema":{"@context":"https:\/\/schema.org","@graph":[{"@type":"Article","@id":"https:\/\/lospoliticosveracruz.com\/?p=87399#article","isPartOf":{"@id":"https:\/\/lospoliticosveracruz.com\/?p=87399"},"author":{"name":"Lo viste en Los Pol\u00edticos","@id":"https:\/\/lospoliticosveracruz.com\/#\/schema\/person\/b8702bb0e538456e6efd07080bf2a4a2"},"headline":"Trabajo mata grilla","datePublished":"2022-03-17T13:41:46+00:00","dateModified":"2022-03-17T13:41:53+00:00","mainEntityOfPage":{"@id":"https:\/\/lospoliticosveracruz.com\/?p=87399"},"wordCount":1157,"publisher":{"@id":"https:\/\/lospoliticosveracruz.com\/#organization"},"image":{"@id":"https:\/\/lospoliticosveracruz.com\/?p=87399#primaryimage"},"thumbnailUrl":"https:\/\/lospoliticosveracruz.com.mx\/wp-content\/uploads\/2021\/10\/WhatsApp-Image-2021-10-02-at-15.20.25-212x300.jpeg","keywords":["Conapesca","Cuitl\u00e1huac Garc\u00eda Jim\u00e9nez","Eric Cisneros","Juan Manuel Unanue","Lizzette Alvarez","Morena","Ram\u00f3n Alvarez Fontan","Ricardo Ch\u00faa","Ricardo Monreal","Roc\u00edo Nahle","SCT","Sergio Guti\u00e9rrez Luna"],"articleSection":["De Opini\u00f3n"],"inLanguage":"es"},{"@type":"WebPage","@id":"https:\/\/lospoliticosveracruz.com\/?p=87399","url":"https:\/\/lospoliticosveracruz.com\/?p=87399","name":"Trabajo mata grilla - Los pol\u00edticos Veracruz","isPartOf":{"@id":"https:\/\/lospoliticosveracruz.com\/#website"},"primaryImageOfPage":{"@id":"https:\/\/lospoliticosveracruz.com\/?p=87399#primaryimage"},"image":{"@id":"https:\/\/lospoliticosveracruz.com\/?p=87399#primaryimage"},"thumbnailUrl":"https:\/\/lospoliticosveracruz.com.mx\/wp-content\/uploads\/2021\/10\/WhatsApp-Image-2021-10-02-at-15.20.25-212x300.jpeg","datePublished":"2022-03-17T13:41:46+00:00","dateModified":"2022-03-17T13:41:53+00:00","breadcrumb":{"@id":"https:\/\/lospoliticosveracruz.com\/?p=87399#breadcrumb"},"inLanguage":"es","potentialAction":[{"@type":"ReadAction","target":["https:\/\/lospoliticosveracruz.com\/?p=87399"]}]},{"@type":"ImageObject","inLanguage":"es","@id":"https:\/\/lospoliticosveracruz.com\/?p=87399#primaryimage","url":"https:\/\/lospoliticosveracruz.com.mx\/wp-content\/uploads\/2021\/10\/WhatsApp-Image-2021-10-02-at-15.20.25-212x300.jpeg","contentUrl":"https:\/\/lospoliticosveracruz.com.mx\/wp-content\/uploads\/2021\/10\/WhatsApp-Image-2021-10-02-at-15.20.25-212x300.jpeg"},{"@type":"BreadcrumbList","@id":"https:\/\/lospoliticosveracruz.com\/?p=87399#breadcrumb","itemListElement":[{"@type":"ListItem","position":1,"name":"Portada","item":"https:\/\/lospoliticosveracruz.com\/"},{"@type":"ListItem","position":2,"name":"Trabajo mata grilla"}]},{"@type":"WebSite","@id":"https:\/\/lospoliticosveracruz.com\/#website","url":"https:\/\/lospoliticosveracruz.com\/","name":"Los pol\u00edticos Veracruz","description":"","publisher":{"@id":"https:\/\/lospoliticosveracruz.com\/#organization"},"potentialAction":[{"@type":"SearchAction","target":{"@type":"EntryPoint","urlTemplate":"https:\/\/lospoliticosveracruz.com\/?s={search_term_string}"},"query-input":{"@type":"PropertyValueSpecification","valueRequired":true,"valueName":"search_term_string"}}],"inLanguage":"es"},{"@type":"Organization","@id":"https:\/\/lospoliticosveracruz.com\/#organization","name":"Los pol\u00edticos Veracruz","url":"https:\/\/lospoliticosveracruz.com\/","logo":{"@type":"ImageObject","inLanguage":"es","@id":"https:\/\/lospoliticosveracruz.com\/#\/schema\/logo\/image\/","url":"https:\/\/lospoliticosveracruz.com\/wp-content\/uploads\/2025\/12\/Logo-Nuevo-LOS-POLITICOS-1.jpg","contentUrl":"https:\/\/lospoliticosveracruz.com\/wp-content\/uploads\/2025\/12\/Logo-Nuevo-LOS-POLITICOS-1.jpg","width":260,"height":70,"caption":"Los pol\u00edticos Veracruz"},"image":{"@id":"https:\/\/lospoliticosveracruz.com\/#\/schema\/logo\/image\/"},"sameAs":["https:\/\/www.facebook.com\/people\/Notimemes-de-los-Polticos\/61565672886568\/","https:\/\/x.com\/LosPoliticosVer"]},{"@type":"Person","@id":"https:\/\/lospoliticosveracruz.com\/#\/schema\/person\/b8702bb0e538456e6efd07080bf2a4a2","name":"Lo viste en Los Pol\u00edticos","image":{"@type":"ImageObject","inLanguage":"es","@id":"https:\/\/secure.gravatar.com\/avatar\/3a8de04a2656d44082be478bd6c086daa447c4651605818287b9532d3d0bd435?s=96&d=mm&r=g","url":"https:\/\/secure.gravatar.com\/avatar\/3a8de04a2656d44082be478bd6c086daa447c4651605818287b9532d3d0bd435?s=96&d=mm&r=g","contentUrl":"https:\/\/secure.gravatar.com\/avatar\/3a8de04a2656d44082be478bd6c086daa447c4651605818287b9532d3d0bd435?s=96&d=mm&r=g","caption":"Lo viste en Los Pol\u00edticos"},"url":"https:\/\/lospoliticosveracruz.com\/?author=2"}]}},"_links":{"self":[{"href":"https:\/\/lospoliticosveracruz.com\/index.php?rest_route=\/wp\/v2\/posts\/87399","targetHints":{"allow":["GET"]}}],"collection":[{"href":"https:\/\/lospoliticosveracruz.com\/index.php?rest_route=\/wp\/v2\/posts"}],"about":[{"href":"https:\/\/lospoliticosveracruz.com\/index.php?rest_route=\/wp\/v2\/types\/post"}],"author":[{"embeddable":true,"href":"https:\/\/lospoliticosveracruz.com\/index.php?rest_route=\/wp\/v2\/users\/2"}],"replies":[{"embeddable":true,"href":"https:\/\/lospoliticosveracruz.com\/index.php?rest_route=%2Fwp%2Fv2%2Fcomments&post=87399"}],"version-history":[{"count":1,"href":"https:\/\/lospoliticosveracruz.com\/index.php?rest_route=\/wp\/v2\/posts\/87399\/revisions"}],"predecessor-version":[{"id":87401,"href":"https:\/\/lospoliticosveracruz.com\/index.php?rest_route=\/wp\/v2\/posts\/87399\/revisions\/87401"}],"wp:attachment":[{"href":"https:\/\/lospoliticosveracruz.com\/index.php?rest_route=%2Fwp%2Fv2%2Fmedia&parent=87399"}],"wp:term":[{"taxonomy":"category","embeddable":true,"href":"https:\/\/lospoliticosveracruz.com\/index.php?rest_route=%2Fwp%2Fv2%2Fcategories&post=87399"},{"taxonomy":"post_tag","embeddable":true,"href":"https:\/\/lospoliticosveracruz.com\/index.php?rest_route=%2Fwp%2Fv2%2Ftags&post=87399"}],"curies":[{"name":"wp","href":"https:\/\/api.w.org\/{rel}","templated":true}]}}