{"id":87456,"date":"2022-03-18T07:57:31","date_gmt":"2022-03-18T13:57:31","guid":{"rendered":"https:\/\/lospoliticosveracruz.com.mx\/?p=87456"},"modified":"2022-03-18T07:57:38","modified_gmt":"2022-03-18T13:57:38","slug":"distractor","status":"publish","type":"post","link":"https:\/\/lospoliticosveracruz.com\/?p=87456","title":{"rendered":"Distractor"},"content":{"rendered":"\n<p><strong>Guadalupe H. Mar<br><\/strong><em>Mira Pol\u00edtica<\/em><\/p>\n\n\n\n<p>POR EL PALAZO\u2026Especialistas en temas jur\u00eddicos, que alguna, o algunas veces estuvieron en el servicio p\u00fablico y por ello tienen la vivencia o expertise de estar con Dios y con el Diablo, coinciden en que la persistencia del gobierno del estado por mantener encarcelado a Jos\u00e9 Manuel del R\u00edo Virgen, es una cortina de humo para distraer la atenci\u00f3n sobre el gran n\u00famero de personas que hab\u00edan sido encarceladas en Veracruz en la actual administraci\u00f3n estatal, por el ahora derogado o desaparecido delito de Ultrajes a la Autoridad.<\/p>\n\n\n\n<div class=\"wp-block-image\"><figure class=\"alignleft size-large is-resized\"><a href=\"https:\/\/lospoliticosveracruz.com.mx\/wp-content\/uploads\/2021\/10\/WhatsApp-Image-2021-10-02-at-15.20.25.jpeg\"><img loading=\"lazy\" decoding=\"async\" src=\"https:\/\/lospoliticosveracruz.com.mx\/wp-content\/uploads\/2021\/10\/WhatsApp-Image-2021-10-02-at-15.20.25-724x1024.jpeg\" alt=\"\" class=\"wp-image-80177\" width=\"350\" height=\"500\"\/><\/a><\/figure><\/div>\n\n\n\n<p><br>Del R\u00edo Virgen, en contra de quien se han enfilado las bater\u00edas de la Fiscal\u00eda General del estado de Veracruz, a\u00fan a costa de la poca credibilidad o confianza que a\u00fan tiene, es por la dimensi\u00f3n pol\u00edtica de sus amigos y defensores, ese distractor que cay\u00f3 como anillo al dedo al gobierno estatal veracruzano, que nada ha dicho, ni dir\u00e1, de los cientos de personas que finalmente quedar\u00e1n libres gracias a la determinaci\u00f3n de la Suprema Corte de Justicia de la Naci\u00f3n (SCJN), al declarar inconstitucional el Art\u00edculo 331, del C\u00f3digo Penal de la entidad veracruzana.<br>Y por si la determinaci\u00f3n de los ministros de la SCJN no hubiera sido suficiente, estableci\u00f3 que el beneficio de la desaparici\u00f3n del Art\u00edculo 331 del C\u00f3digo Penal veracruzano, tuviera retroactividad al 12 de marzo del 2021.<br>Para que usted amable lector dimensione el efecto que tendr\u00e1 la obligada desaparici\u00f3n del delito de Ultrajes a la Autoridad en el estado de Veracruz, se mencion\u00f3 en diversos medios de comunicaci\u00f3n de la rep\u00fablica mexicana, con datos de la FGEVER, que quedar\u00edan libres al menos mil personas detenidas en territorio veracruzano del 12 de marzo del 2021 al mismo mes de este 2022.<br>Una de las personas que ya qued\u00f3 en libertad por el beneficio de la obligada desaparici\u00f3n del delito de Ultrajes a la Autoridad, es la ex jefa de la Unidad de G\u00e9nero de la Fiscal\u00eda General del estado de Veracruz, Adriana \u00abN\u00bb, quien fuera encarcelada porque supuestamente les arroj\u00f3 su tel\u00e9fono celular a elementos policiacos.<br>Otro, es el cineasta C\u00e9sar Juli\u00e1n Herrera Viquez, preso por ultrajes a la autoridad desde agosto de 2021.<br>En estos d\u00edas, seguramente, se dar\u00e1 a conocer el avance de los procedimientos jur\u00eddicos para la liberaci\u00f3n de al menos 90 personas que el ex gobernador del estado Dante Alfonso Delgado Rannauro detect\u00f3 que hab\u00edan sufrido encarcelamiento por ese delito.<br>Precisamente para distraer la atenci\u00f3n sobre estas obligadas desapariciones, es que la Fiscal\u00eda General del estado de Veracruz ha enfilado sus bater\u00edas en contra de Jos\u00e9 Manuel del R\u00edo Virgen, para que sea el distractor del palazo que dio la Suprema Corte de Justicia de la Naci\u00f3n al gobierno y Congreso veracruzanos.<br><strong>YA BASTA \u2026<\/strong> Datos de la organizaci\u00f3n civil Art\u00edculo 19, del a\u00f1o dos mil a la fecha, suman 140 asesinatos de periodistas en M\u00e9xico, posiblemente relacionados con su labor y 23 desaparecidos.<br>En el sexenio de Vicente Fox Quesada fueron 22 los periodistas asesinados. En el sexenio de Felipe de Jes\u00fas Calder\u00f3n Hinojosa fueron 48 periodistas asesinados.<br>En el sexenio de Enrique Pe\u00f1a Nieto fueron 47 periodistas asesinados. En poco m\u00e1s de tres a\u00f1os del gobierno de Andr\u00e9s Manuel L\u00f3pez Obrador ya suman 30 los periodistas asesinados<br>El octavo periodista asesinado en lo que va de este a\u00f1o en nuestro pa\u00eds, fue Armando Linares L\u00f3pez en el estado de Michoac\u00e1n.<br><strong>Y LOS QUE FALTAN \u2026<\/strong> El pasado mi\u00e9rcoles 16 de marzo, el peri\u00f3dico digital Al Calor Pol\u00edtico.com, cumpli\u00f3 sus primeros 17 a\u00f1os de existencia, los mismos que ha sorteado diversas vicisitudes, algunas no gratas provenientes de quienes circunstancial y temporalmente est\u00e1n en alg\u00fan cargo p\u00fablico y creen que la pol\u00edtica es para servirse y no para servir.<br>Al Calor Pol\u00edtico.com, dirigido por el psic\u00f3logo Joaqu\u00edn A. Rosas Garc\u00e9s, se adelant\u00f3 hace 17 a\u00f1os a los tiempos, por ello hoy su consolidaci\u00f3n y constante crecimiento.<br>En este d\u00e9cimo s\u00e9ptimo aniversario, Al Calor Pol\u00edtico.com puntualiz\u00f3: \u00abNo hemos cedido ante la amenaza de corruptos que quieren ocultar la realidad. Los hombres y los cargos p\u00fablicos son transitorios, la verdad y los hechos son para siempre\u00bb, premisas que ha mantenido en sus primeros 17 a\u00f1os de existencia. Felicidades.<br>D\u00cdGALO SIN MIEDO \u2026 Al correo electr\u00f3nico guadalupehmar@yahoo.com<\/p>\n","protected":false},"excerpt":{"rendered":"<p>Guadalupe H. MarMira Pol\u00edtica POR EL PALAZO\u2026Especialistas en temas jur\u00eddicos, que alguna, o algunas veces estuvieron en el servicio p\u00fablico y por ello tienen la vivencia o expertise de estar con Dios y con el Diablo, coinciden en que la persistencia del gobierno del estado por mantener encarcelado a Jos\u00e9 Manuel del R\u00edo Virgen, es [&hellip;]<\/p>\n","protected":false},"author":2,"featured_media":0,"comment_status":"closed","ping_status":"closed","sticky":false,"template":"","format":"standard","meta":{"tdm_status":"","tdm_grid_status":"","footnotes":""},"categories":[70],"tags":[618,32566,4559,1606,32565,7909],"class_list":{"0":"post-87456","1":"post","2":"type-post","3":"status-publish","4":"format-standard","6":"category-de-opinion","7":"tag-andres-manuel-lopez-obrador","8":"tag-cesar-julian-herrera-viquez","9":"tag-dante-alfonso-delgado-rannauro","10":"tag-guadalupe-h-mar","11":"tag-joaquin-a-rosas-garces","12":"tag-jose-manuel-del-rio-virgen"},"yoast_head":"<!-- This site is optimized with the Yoast SEO plugin v27.4 - https:\/\/yoast.com\/product\/yoast-seo-wordpress\/ -->\n<title>Distractor - Los pol\u00edticos Veracruz<\/title>\n<meta name=\"robots\" content=\"index, follow, max-snippet:-1, max-image-preview:large, max-video-preview:-1\" \/>\n<link rel=\"canonical\" href=\"https:\/\/lospoliticosveracruz.com\/?p=87456\" \/>\n<meta property=\"og:locale\" content=\"es_ES\" \/>\n<meta property=\"og:type\" content=\"article\" \/>\n<meta property=\"og:title\" content=\"Distractor - Los pol\u00edticos Veracruz\" \/>\n<meta property=\"og:description\" content=\"Guadalupe H. MarMira Pol\u00edtica POR EL PALAZO\u2026Especialistas en temas jur\u00eddicos, que alguna, o algunas veces estuvieron en el servicio p\u00fablico y por ello tienen la vivencia o expertise de estar con Dios y con el Diablo, coinciden en que la persistencia del gobierno del estado por mantener encarcelado a Jos\u00e9 Manuel del R\u00edo Virgen, es [&hellip;]\" \/>\n<meta property=\"og:url\" content=\"https:\/\/lospoliticosveracruz.com\/?p=87456\" \/>\n<meta property=\"og:site_name\" content=\"Los pol\u00edticos Veracruz\" \/>\n<meta property=\"article:publisher\" content=\"https:\/\/www.facebook.com\/people\/Notimemes-de-los-Polticos\/61565672886568\/\" \/>\n<meta property=\"article:published_time\" content=\"2022-03-18T13:57:31+00:00\" \/>\n<meta property=\"article:modified_time\" content=\"2022-03-18T13:57:38+00:00\" \/>\n<meta property=\"og:image\" content=\"https:\/\/lospoliticosveracruz.com.mx\/wp-content\/uploads\/2021\/10\/WhatsApp-Image-2021-10-02-at-15.20.25-724x1024.jpeg\" \/>\n<meta name=\"author\" content=\"Lo viste en Los Pol\u00edticos\" \/>\n<meta name=\"twitter:card\" content=\"summary_large_image\" \/>\n<meta name=\"twitter:creator\" content=\"@LosPoliticosVer\" \/>\n<meta name=\"twitter:site\" content=\"@LosPoliticosVer\" \/>\n<meta name=\"twitter:label1\" content=\"Escrito por\" \/>\n\t<meta name=\"twitter:data1\" content=\"Lo viste en Los Pol\u00edticos\" \/>\n\t<meta name=\"twitter:label2\" content=\"Tiempo de lectura\" \/>\n\t<meta name=\"twitter:data2\" content=\"4 minutos\" \/>\n<script type=\"application\/ld+json\" class=\"yoast-schema-graph\">{\"@context\":\"https:\\\/\\\/schema.org\",\"@graph\":[{\"@type\":\"Article\",\"@id\":\"https:\\\/\\\/lospoliticosveracruz.com\\\/?p=87456#article\",\"isPartOf\":{\"@id\":\"https:\\\/\\\/lospoliticosveracruz.com\\\/?p=87456\"},\"author\":{\"name\":\"Lo viste en Los Pol\u00edticos\",\"@id\":\"https:\\\/\\\/lospoliticosveracruz.com\\\/#\\\/schema\\\/person\\\/b8702bb0e538456e6efd07080bf2a4a2\"},\"headline\":\"Distractor\",\"datePublished\":\"2022-03-18T13:57:31+00:00\",\"dateModified\":\"2022-03-18T13:57:38+00:00\",\"mainEntityOfPage\":{\"@id\":\"https:\\\/\\\/lospoliticosveracruz.com\\\/?p=87456\"},\"wordCount\":769,\"publisher\":{\"@id\":\"https:\\\/\\\/lospoliticosveracruz.com\\\/#organization\"},\"image\":{\"@id\":\"https:\\\/\\\/lospoliticosveracruz.com\\\/?p=87456#primaryimage\"},\"thumbnailUrl\":\"https:\\\/\\\/lospoliticosveracruz.com.mx\\\/wp-content\\\/uploads\\\/2021\\\/10\\\/WhatsApp-Image-2021-10-02-at-15.20.25-724x1024.jpeg\",\"keywords\":[\"Andr\u00e9s Manuel L\u00f3pez Obrador\",\"C\u00e9sar Juli\u00e1n Herrera Viquez\",\"Dante Alfonso Delgado Rannauro\",\"Guadalupe H. Mar\",\"Joaqu\u00edn A. Rosas Garc\u00e9s\",\"Jos\u00e9 Manuel del R\u00edo Virgen\"],\"articleSection\":[\"De Opini\u00f3n\"],\"inLanguage\":\"es\"},{\"@type\":\"WebPage\",\"@id\":\"https:\\\/\\\/lospoliticosveracruz.com\\\/?p=87456\",\"url\":\"https:\\\/\\\/lospoliticosveracruz.com\\\/?p=87456\",\"name\":\"Distractor - Los pol\u00edticos Veracruz\",\"isPartOf\":{\"@id\":\"https:\\\/\\\/lospoliticosveracruz.com\\\/#website\"},\"primaryImageOfPage\":{\"@id\":\"https:\\\/\\\/lospoliticosveracruz.com\\\/?p=87456#primaryimage\"},\"image\":{\"@id\":\"https:\\\/\\\/lospoliticosveracruz.com\\\/?p=87456#primaryimage\"},\"thumbnailUrl\":\"https:\\\/\\\/lospoliticosveracruz.com.mx\\\/wp-content\\\/uploads\\\/2021\\\/10\\\/WhatsApp-Image-2021-10-02-at-15.20.25-724x1024.jpeg\",\"datePublished\":\"2022-03-18T13:57:31+00:00\",\"dateModified\":\"2022-03-18T13:57:38+00:00\",\"breadcrumb\":{\"@id\":\"https:\\\/\\\/lospoliticosveracruz.com\\\/?p=87456#breadcrumb\"},\"inLanguage\":\"es\",\"potentialAction\":[{\"@type\":\"ReadAction\",\"target\":[\"https:\\\/\\\/lospoliticosveracruz.com\\\/?p=87456\"]}]},{\"@type\":\"ImageObject\",\"inLanguage\":\"es\",\"@id\":\"https:\\\/\\\/lospoliticosveracruz.com\\\/?p=87456#primaryimage\",\"url\":\"https:\\\/\\\/lospoliticosveracruz.com.mx\\\/wp-content\\\/uploads\\\/2021\\\/10\\\/WhatsApp-Image-2021-10-02-at-15.20.25-724x1024.jpeg\",\"contentUrl\":\"https:\\\/\\\/lospoliticosveracruz.com.mx\\\/wp-content\\\/uploads\\\/2021\\\/10\\\/WhatsApp-Image-2021-10-02-at-15.20.25-724x1024.jpeg\"},{\"@type\":\"BreadcrumbList\",\"@id\":\"https:\\\/\\\/lospoliticosveracruz.com\\\/?p=87456#breadcrumb\",\"itemListElement\":[{\"@type\":\"ListItem\",\"position\":1,\"name\":\"Portada\",\"item\":\"https:\\\/\\\/lospoliticosveracruz.com\\\/\"},{\"@type\":\"ListItem\",\"position\":2,\"name\":\"Distractor\"}]},{\"@type\":\"WebSite\",\"@id\":\"https:\\\/\\\/lospoliticosveracruz.com\\\/#website\",\"url\":\"https:\\\/\\\/lospoliticosveracruz.com\\\/\",\"name\":\"Los pol\u00edticos Veracruz\",\"description\":\"\",\"publisher\":{\"@id\":\"https:\\\/\\\/lospoliticosveracruz.com\\\/#organization\"},\"potentialAction\":[{\"@type\":\"SearchAction\",\"target\":{\"@type\":\"EntryPoint\",\"urlTemplate\":\"https:\\\/\\\/lospoliticosveracruz.com\\\/?s={search_term_string}\"},\"query-input\":{\"@type\":\"PropertyValueSpecification\",\"valueRequired\":true,\"valueName\":\"search_term_string\"}}],\"inLanguage\":\"es\"},{\"@type\":\"Organization\",\"@id\":\"https:\\\/\\\/lospoliticosveracruz.com\\\/#organization\",\"name\":\"Los pol\u00edticos Veracruz\",\"url\":\"https:\\\/\\\/lospoliticosveracruz.com\\\/\",\"logo\":{\"@type\":\"ImageObject\",\"inLanguage\":\"es\",\"@id\":\"https:\\\/\\\/lospoliticosveracruz.com\\\/#\\\/schema\\\/logo\\\/image\\\/\",\"url\":\"https:\\\/\\\/lospoliticosveracruz.com\\\/wp-content\\\/uploads\\\/2025\\\/12\\\/Logo-Nuevo-LOS-POLITICOS-1.jpg\",\"contentUrl\":\"https:\\\/\\\/lospoliticosveracruz.com\\\/wp-content\\\/uploads\\\/2025\\\/12\\\/Logo-Nuevo-LOS-POLITICOS-1.jpg\",\"width\":260,\"height\":70,\"caption\":\"Los pol\u00edticos Veracruz\"},\"image\":{\"@id\":\"https:\\\/\\\/lospoliticosveracruz.com\\\/#\\\/schema\\\/logo\\\/image\\\/\"},\"sameAs\":[\"https:\\\/\\\/www.facebook.com\\\/people\\\/Notimemes-de-los-Polticos\\\/61565672886568\\\/\",\"https:\\\/\\\/x.com\\\/LosPoliticosVer\"]},{\"@type\":\"Person\",\"@id\":\"https:\\\/\\\/lospoliticosveracruz.com\\\/#\\\/schema\\\/person\\\/b8702bb0e538456e6efd07080bf2a4a2\",\"name\":\"Lo viste en Los Pol\u00edticos\",\"image\":{\"@type\":\"ImageObject\",\"inLanguage\":\"es\",\"@id\":\"https:\\\/\\\/secure.gravatar.com\\\/avatar\\\/3a8de04a2656d44082be478bd6c086daa447c4651605818287b9532d3d0bd435?s=96&d=mm&r=g\",\"url\":\"https:\\\/\\\/secure.gravatar.com\\\/avatar\\\/3a8de04a2656d44082be478bd6c086daa447c4651605818287b9532d3d0bd435?s=96&d=mm&r=g\",\"contentUrl\":\"https:\\\/\\\/secure.gravatar.com\\\/avatar\\\/3a8de04a2656d44082be478bd6c086daa447c4651605818287b9532d3d0bd435?s=96&d=mm&r=g\",\"caption\":\"Lo viste en Los Pol\u00edticos\"},\"url\":\"https:\\\/\\\/lospoliticosveracruz.com\\\/?author=2\"}]}<\/script>\n<!-- \/ Yoast SEO plugin. -->","yoast_head_json":{"title":"Distractor - Los pol\u00edticos Veracruz","robots":{"index":"index","follow":"follow","max-snippet":"max-snippet:-1","max-image-preview":"max-image-preview:large","max-video-preview":"max-video-preview:-1"},"canonical":"https:\/\/lospoliticosveracruz.com\/?p=87456","og_locale":"es_ES","og_type":"article","og_title":"Distractor - Los pol\u00edticos Veracruz","og_description":"Guadalupe H. MarMira Pol\u00edtica POR EL PALAZO\u2026Especialistas en temas jur\u00eddicos, que alguna, o algunas veces estuvieron en el servicio p\u00fablico y por ello tienen la vivencia o expertise de estar con Dios y con el Diablo, coinciden en que la persistencia del gobierno del estado por mantener encarcelado a Jos\u00e9 Manuel del R\u00edo Virgen, es [&hellip;]","og_url":"https:\/\/lospoliticosveracruz.com\/?p=87456","og_site_name":"Los pol\u00edticos Veracruz","article_publisher":"https:\/\/www.facebook.com\/people\/Notimemes-de-los-Polticos\/61565672886568\/","article_published_time":"2022-03-18T13:57:31+00:00","article_modified_time":"2022-03-18T13:57:38+00:00","og_image":[{"url":"https:\/\/lospoliticosveracruz.com.mx\/wp-content\/uploads\/2021\/10\/WhatsApp-Image-2021-10-02-at-15.20.25-724x1024.jpeg","type":"","width":"","height":""}],"author":"Lo viste en Los Pol\u00edticos","twitter_card":"summary_large_image","twitter_creator":"@LosPoliticosVer","twitter_site":"@LosPoliticosVer","twitter_misc":{"Escrito por":"Lo viste en Los Pol\u00edticos","Tiempo de lectura":"4 minutos"},"schema":{"@context":"https:\/\/schema.org","@graph":[{"@type":"Article","@id":"https:\/\/lospoliticosveracruz.com\/?p=87456#article","isPartOf":{"@id":"https:\/\/lospoliticosveracruz.com\/?p=87456"},"author":{"name":"Lo viste en Los Pol\u00edticos","@id":"https:\/\/lospoliticosveracruz.com\/#\/schema\/person\/b8702bb0e538456e6efd07080bf2a4a2"},"headline":"Distractor","datePublished":"2022-03-18T13:57:31+00:00","dateModified":"2022-03-18T13:57:38+00:00","mainEntityOfPage":{"@id":"https:\/\/lospoliticosveracruz.com\/?p=87456"},"wordCount":769,"publisher":{"@id":"https:\/\/lospoliticosveracruz.com\/#organization"},"image":{"@id":"https:\/\/lospoliticosveracruz.com\/?p=87456#primaryimage"},"thumbnailUrl":"https:\/\/lospoliticosveracruz.com.mx\/wp-content\/uploads\/2021\/10\/WhatsApp-Image-2021-10-02-at-15.20.25-724x1024.jpeg","keywords":["Andr\u00e9s Manuel L\u00f3pez Obrador","C\u00e9sar Juli\u00e1n Herrera Viquez","Dante Alfonso Delgado Rannauro","Guadalupe H. Mar","Joaqu\u00edn A. Rosas Garc\u00e9s","Jos\u00e9 Manuel del R\u00edo Virgen"],"articleSection":["De Opini\u00f3n"],"inLanguage":"es"},{"@type":"WebPage","@id":"https:\/\/lospoliticosveracruz.com\/?p=87456","url":"https:\/\/lospoliticosveracruz.com\/?p=87456","name":"Distractor - Los pol\u00edticos Veracruz","isPartOf":{"@id":"https:\/\/lospoliticosveracruz.com\/#website"},"primaryImageOfPage":{"@id":"https:\/\/lospoliticosveracruz.com\/?p=87456#primaryimage"},"image":{"@id":"https:\/\/lospoliticosveracruz.com\/?p=87456#primaryimage"},"thumbnailUrl":"https:\/\/lospoliticosveracruz.com.mx\/wp-content\/uploads\/2021\/10\/WhatsApp-Image-2021-10-02-at-15.20.25-724x1024.jpeg","datePublished":"2022-03-18T13:57:31+00:00","dateModified":"2022-03-18T13:57:38+00:00","breadcrumb":{"@id":"https:\/\/lospoliticosveracruz.com\/?p=87456#breadcrumb"},"inLanguage":"es","potentialAction":[{"@type":"ReadAction","target":["https:\/\/lospoliticosveracruz.com\/?p=87456"]}]},{"@type":"ImageObject","inLanguage":"es","@id":"https:\/\/lospoliticosveracruz.com\/?p=87456#primaryimage","url":"https:\/\/lospoliticosveracruz.com.mx\/wp-content\/uploads\/2021\/10\/WhatsApp-Image-2021-10-02-at-15.20.25-724x1024.jpeg","contentUrl":"https:\/\/lospoliticosveracruz.com.mx\/wp-content\/uploads\/2021\/10\/WhatsApp-Image-2021-10-02-at-15.20.25-724x1024.jpeg"},{"@type":"BreadcrumbList","@id":"https:\/\/lospoliticosveracruz.com\/?p=87456#breadcrumb","itemListElement":[{"@type":"ListItem","position":1,"name":"Portada","item":"https:\/\/lospoliticosveracruz.com\/"},{"@type":"ListItem","position":2,"name":"Distractor"}]},{"@type":"WebSite","@id":"https:\/\/lospoliticosveracruz.com\/#website","url":"https:\/\/lospoliticosveracruz.com\/","name":"Los pol\u00edticos Veracruz","description":"","publisher":{"@id":"https:\/\/lospoliticosveracruz.com\/#organization"},"potentialAction":[{"@type":"SearchAction","target":{"@type":"EntryPoint","urlTemplate":"https:\/\/lospoliticosveracruz.com\/?s={search_term_string}"},"query-input":{"@type":"PropertyValueSpecification","valueRequired":true,"valueName":"search_term_string"}}],"inLanguage":"es"},{"@type":"Organization","@id":"https:\/\/lospoliticosveracruz.com\/#organization","name":"Los pol\u00edticos Veracruz","url":"https:\/\/lospoliticosveracruz.com\/","logo":{"@type":"ImageObject","inLanguage":"es","@id":"https:\/\/lospoliticosveracruz.com\/#\/schema\/logo\/image\/","url":"https:\/\/lospoliticosveracruz.com\/wp-content\/uploads\/2025\/12\/Logo-Nuevo-LOS-POLITICOS-1.jpg","contentUrl":"https:\/\/lospoliticosveracruz.com\/wp-content\/uploads\/2025\/12\/Logo-Nuevo-LOS-POLITICOS-1.jpg","width":260,"height":70,"caption":"Los pol\u00edticos Veracruz"},"image":{"@id":"https:\/\/lospoliticosveracruz.com\/#\/schema\/logo\/image\/"},"sameAs":["https:\/\/www.facebook.com\/people\/Notimemes-de-los-Polticos\/61565672886568\/","https:\/\/x.com\/LosPoliticosVer"]},{"@type":"Person","@id":"https:\/\/lospoliticosveracruz.com\/#\/schema\/person\/b8702bb0e538456e6efd07080bf2a4a2","name":"Lo viste en Los Pol\u00edticos","image":{"@type":"ImageObject","inLanguage":"es","@id":"https:\/\/secure.gravatar.com\/avatar\/3a8de04a2656d44082be478bd6c086daa447c4651605818287b9532d3d0bd435?s=96&d=mm&r=g","url":"https:\/\/secure.gravatar.com\/avatar\/3a8de04a2656d44082be478bd6c086daa447c4651605818287b9532d3d0bd435?s=96&d=mm&r=g","contentUrl":"https:\/\/secure.gravatar.com\/avatar\/3a8de04a2656d44082be478bd6c086daa447c4651605818287b9532d3d0bd435?s=96&d=mm&r=g","caption":"Lo viste en Los Pol\u00edticos"},"url":"https:\/\/lospoliticosveracruz.com\/?author=2"}]}},"_links":{"self":[{"href":"https:\/\/lospoliticosveracruz.com\/index.php?rest_route=\/wp\/v2\/posts\/87456","targetHints":{"allow":["GET"]}}],"collection":[{"href":"https:\/\/lospoliticosveracruz.com\/index.php?rest_route=\/wp\/v2\/posts"}],"about":[{"href":"https:\/\/lospoliticosveracruz.com\/index.php?rest_route=\/wp\/v2\/types\/post"}],"author":[{"embeddable":true,"href":"https:\/\/lospoliticosveracruz.com\/index.php?rest_route=\/wp\/v2\/users\/2"}],"replies":[{"embeddable":true,"href":"https:\/\/lospoliticosveracruz.com\/index.php?rest_route=%2Fwp%2Fv2%2Fcomments&post=87456"}],"version-history":[{"count":1,"href":"https:\/\/lospoliticosveracruz.com\/index.php?rest_route=\/wp\/v2\/posts\/87456\/revisions"}],"predecessor-version":[{"id":87457,"href":"https:\/\/lospoliticosveracruz.com\/index.php?rest_route=\/wp\/v2\/posts\/87456\/revisions\/87457"}],"wp:attachment":[{"href":"https:\/\/lospoliticosveracruz.com\/index.php?rest_route=%2Fwp%2Fv2%2Fmedia&parent=87456"}],"wp:term":[{"taxonomy":"category","embeddable":true,"href":"https:\/\/lospoliticosveracruz.com\/index.php?rest_route=%2Fwp%2Fv2%2Fcategories&post=87456"},{"taxonomy":"post_tag","embeddable":true,"href":"https:\/\/lospoliticosveracruz.com\/index.php?rest_route=%2Fwp%2Fv2%2Ftags&post=87456"}],"curies":[{"name":"wp","href":"https:\/\/api.w.org\/{rel}","templated":true}]}}