{"id":87562,"date":"2022-03-21T10:58:09","date_gmt":"2022-03-21T16:58:09","guid":{"rendered":"https:\/\/lospoliticosveracruz.com.mx\/?p=87562"},"modified":"2022-03-21T10:58:16","modified_gmt":"2022-03-21T16:58:16","slug":"los-funcionarios-pueden-promover-la-revocacion-de-mandato-de-amlo","status":"publish","type":"post","link":"https:\/\/lospoliticosveracruz.com\/?p=87562","title":{"rendered":"\u00bfLos funcionarios pueden promover la revocaci\u00f3n de mandato de AMLO?"},"content":{"rendered":"\n<p><\/p>\n\n\n\n<p><\/p>\n\n\n\n<p><strong>Alan Sayago Ram\u00edrez<\/strong><\/p>\n\n\n\n<p><\/p>\n\n\n\n<p>La revocaci\u00f3n de mandato ha tra\u00eddo a la mesa un gran debate, muchas veces con charlas muy acaloradas por discusiones apasionadas, debido que es el procedimiento mediante el cual los ciudadanos pueden destituir a trav\u00e9s de una votaci\u00f3n a un funcionario p\u00fablico antes de que expire el periodo para el cual fue elegido, este mecanismo democr\u00e1tico ha ocurrido en otras partes del mundo.<\/p>\n\n\n\n<p>La revocaci\u00f3n del mandato en la mayor\u00eda de veces suele reconocerse en las Constituciones, la cual tiene como destinatarios naturales a los funcionarios electos, en pa\u00edses como la Rep\u00fablica de China (Taiw\u00e1n), Venezuela, Ecuador y Bolivia, es aplicable este mecanismo en Estados Unidos, aunque solo es ejercido al mandato revocatorio, pero no a nivel presidencial.<\/p>\n\n\n\n<p>La revocaci\u00f3n del mandato tambi\u00e9n es llamada mandato revocatorio, refer\u00e9ndum revocatorio o recall- constituye un mecanismo de control pol\u00edtico de democracia directa, recordemos que existe la revocaci\u00f3n indirecta: es cuando la ciudadan\u00eda es convocada para ratificar la decisi\u00f3n de un \u00f3rgano estatal, de separar del cargo a un funcionario antes de concluir su periodo. En el otro caso la revocaci\u00f3n directa: es cuando la ciudadan\u00eda es convocada para decidir la separaci\u00f3n del cargo de un funcionario antes de concluir su periodo.<\/p>\n\n\n\n<p>En M\u00e9xico, la revocaci\u00f3n del mandato como mecanismo de control pol\u00edtico de democracia directa, se ha establecido en leyes locales de diversas entidades federativas fundamentado en el art\u00edculo 35 y el articulo115, fracci\u00f3n I, p\u00e1rrafo tercero de la Constituci\u00f3n Pol\u00edtica de los Estados Unidos Mexicanos y en la Ley reglamentaria federal de revocaci\u00f3n de mandato.<\/p>\n\n\n\n<p>Justo la \u00faltima ley mencionada fue publicada el 20 de diciembre de 2019, con la cual se reconoce el derecho pol\u00edtico de la ciudadan\u00eda a la revocaci\u00f3n de mandato y el pr\u00f3ximo 10 de abril de 2022, se realizar\u00e1 el primer ejercicio democr\u00e1tico ciudadano de votaci\u00f3n para la revocaci\u00f3n de mandato del Presidente de la Rep\u00fablica electo para el per\u00edodo constitucional 2018-2024.<\/p>\n\n\n\n<p>El Instituto Nacional Electoral (INE) llevar\u00e1 a cabo el Proceso de este ejercicio, sin duda este precedente en el pa\u00eds, ser\u00e1 la oportunidad para que la ciudadan\u00eda determine, con base en el desempe\u00f1o observado durante los primeros tres a\u00f1os del mandato, si el presidente de la Rep\u00fablica debe o no continuar en el cargo, a pesar de todo. Este debate se acalor\u00f3 debido al antecedente de la consulta popular previa, en el cual la interrogante fue como se elegir\u00eda la pregunta que se colocar\u00eda en la boleta.<\/p>\n\n\n\n<p>Lo verdaderamente preocupante no est\u00e1 en el debate ideol\u00f3gico sobre la revocaci\u00f3n, ni si eres fif\u00ed, chairo, conservador, neoliberal, oposici\u00f3n o de la cuarta transformaci\u00f3n, sino en el gasto excesivo de millones de pesos para este ejercicio, ya que somos un pa\u00eds con la democracia m\u00e1s cara del mundo esto no debe ser motivo de orgullo, entre otras cosas porque lo que tenemos no es una democracia plena sino un remedo de \u00e9sta.<\/p>\n\n\n\n<p>Pero lo m\u00e1s preocupante fue lo que se intent\u00f3 hacer el pasado 17 de marzo donde trav\u00e9s del Diario Oficial de la Federaci\u00f3n se decret\u00f3 la modificaci\u00f3n de la Ley General de Instituciones y Procedimientos Electorales, y la Ley Federal de Revocaci\u00f3n de Mandato.<br>Un decreto para que funcionarios p\u00fablicos, incluyendo al presidente, pudieran opinar y promover la consulta de revocaci\u00f3n de mandato, el decreto se\u00f1ala que \u201cno constituyen propaganda gubernamental las expresiones de las personas servidoras p\u00fablicas, las cuales se encuentran sujetas a los l\u00edmites establecidos en las leyes aplicables, adem\u00e1s que tampoco constituye propaganda gubernamental la informaci\u00f3n de inter\u00e9s p\u00fablico, tal como la establece la Ley General de Transparencia y Acceso a la Informaci\u00f3n P\u00fablica, que debe ser difundida bajo cualquier formato por las personas servidoras p\u00fablicas\u201d.<\/p>\n\n\n\n<p>Al otro d\u00eda la Sala Especializada del Tribunal Electoral del Poder Judicial de la Federaci\u00f3n (TEPJF) consider\u00f3 que, aunque el decreto que permite a servidores p\u00fablicos difundir propaganda esta vigente, pero para la revocaci\u00f3n de mandato y para los procesos electorales en marcha 2022 no aplica , debido que el art\u00edculo 105 de la Constituci\u00f3n Pol\u00edtica de los Estados Unidos Mexicanos la cual menciona que \u201cLas leyes electorales federal y locales deber\u00e1n promulgarse y publicarse por lo menos noventa d\u00edas antes de que inicie el proceso electoral en que vayan a aplicarse, y durante el mismo no podr\u00e1 haber modificaciones legales fundamentales.\u201d<\/p>\n\n\n\n<p>Esto puede ser un precedente debido que este decreto puede da\u00f1ar las elecciones de 2024, ya que pone en riesgo la equidad de futuros comicios en los cual la constituci\u00f3n establece como obligaci\u00f3n que los servidores p\u00fablicos deben ser neutrales durante procesos electorales\u201d gobernar con decretos puede causar un vac\u00edo debido que el problema del decreto es que carece de fundamentaci\u00f3n jur\u00eddica, es decir, no establece la norma jur\u00eddica constitucional o legal que justifique su expedici\u00f3n.<br>Alan Sayago Ram\u00edrez<br>Activista Social, licenciado en Derecho, Maestro en pol\u00edtica y gesti\u00f3n p\u00fablica.<br>Redes Sociales: @alansayagor<\/p>\n","protected":false},"excerpt":{"rendered":"<p>Alan Sayago Ram\u00edrez La revocaci\u00f3n de mandato ha tra\u00eddo a la mesa un gran debate, muchas veces con charlas muy acaloradas por discusiones apasionadas, debido que es el procedimiento mediante el cual los ciudadanos pueden destituir a trav\u00e9s de una votaci\u00f3n a un funcionario p\u00fablico antes de que expire el periodo para el cual fue [&hellip;]<\/p>\n","protected":false},"author":2,"featured_media":0,"comment_status":"closed","ping_status":"closed","sticky":false,"template":"","format":"standard","meta":{"tdm_status":"","tdm_grid_status":"","footnotes":""},"categories":[70],"tags":[618,1026,14240],"class_list":{"0":"post-87562","1":"post","2":"type-post","3":"status-publish","4":"format-standard","6":"category-de-opinion","7":"tag-andres-manuel-lopez-obrador","8":"tag-morena","9":"tag-revocacion-de-mandato"},"yoast_head":"<!-- This site is optimized with the Yoast SEO plugin v27.4 - https:\/\/yoast.com\/product\/yoast-seo-wordpress\/ -->\n<title>\u00bfLos funcionarios pueden promover la revocaci\u00f3n de mandato de AMLO? - Los pol\u00edticos Veracruz<\/title>\n<meta name=\"robots\" content=\"index, follow, max-snippet:-1, max-image-preview:large, max-video-preview:-1\" \/>\n<link rel=\"canonical\" href=\"https:\/\/lospoliticosveracruz.com\/?p=87562\" \/>\n<meta property=\"og:locale\" content=\"es_ES\" \/>\n<meta property=\"og:type\" content=\"article\" \/>\n<meta property=\"og:title\" content=\"\u00bfLos funcionarios pueden promover la revocaci\u00f3n de mandato de AMLO? - Los pol\u00edticos Veracruz\" \/>\n<meta property=\"og:description\" content=\"Alan Sayago Ram\u00edrez La revocaci\u00f3n de mandato ha tra\u00eddo a la mesa un gran debate, muchas veces con charlas muy acaloradas por discusiones apasionadas, debido que es el procedimiento mediante el cual los ciudadanos pueden destituir a trav\u00e9s de una votaci\u00f3n a un funcionario p\u00fablico antes de que expire el periodo para el cual fue [&hellip;]\" \/>\n<meta property=\"og:url\" content=\"https:\/\/lospoliticosveracruz.com\/?p=87562\" \/>\n<meta property=\"og:site_name\" content=\"Los pol\u00edticos Veracruz\" \/>\n<meta property=\"article:publisher\" content=\"https:\/\/www.facebook.com\/people\/Notimemes-de-los-Polticos\/61565672886568\/\" \/>\n<meta property=\"article:published_time\" content=\"2022-03-21T16:58:09+00:00\" \/>\n<meta property=\"article:modified_time\" content=\"2022-03-21T16:58:16+00:00\" \/>\n<meta property=\"og:image\" content=\"https:\/\/lospoliticosveracruz.com\/wp-content\/uploads\/2016\/07\/Logo-Dor.jpg\" \/>\n\t<meta property=\"og:image:width\" content=\"200\" \/>\n\t<meta property=\"og:image:height\" content=\"200\" \/>\n\t<meta property=\"og:image:type\" content=\"image\/jpeg\" \/>\n<meta name=\"author\" content=\"Lo viste en Los Pol\u00edticos\" \/>\n<meta name=\"twitter:card\" content=\"summary_large_image\" \/>\n<meta name=\"twitter:creator\" content=\"@LosPoliticosVer\" \/>\n<meta name=\"twitter:site\" content=\"@LosPoliticosVer\" \/>\n<meta name=\"twitter:label1\" content=\"Escrito por\" \/>\n\t<meta name=\"twitter:data1\" content=\"Lo viste en Los Pol\u00edticos\" \/>\n\t<meta name=\"twitter:label2\" content=\"Tiempo de lectura\" \/>\n\t<meta name=\"twitter:data2\" content=\"4 minutos\" \/>\n<script type=\"application\/ld+json\" class=\"yoast-schema-graph\">{\"@context\":\"https:\\\/\\\/schema.org\",\"@graph\":[{\"@type\":\"Article\",\"@id\":\"https:\\\/\\\/lospoliticosveracruz.com\\\/?p=87562#article\",\"isPartOf\":{\"@id\":\"https:\\\/\\\/lospoliticosveracruz.com\\\/?p=87562\"},\"author\":{\"name\":\"Lo viste en Los Pol\u00edticos\",\"@id\":\"https:\\\/\\\/lospoliticosveracruz.com\\\/#\\\/schema\\\/person\\\/b8702bb0e538456e6efd07080bf2a4a2\"},\"headline\":\"\u00bfLos funcionarios pueden promover la revocaci\u00f3n de mandato de AMLO?\",\"datePublished\":\"2022-03-21T16:58:09+00:00\",\"dateModified\":\"2022-03-21T16:58:16+00:00\",\"mainEntityOfPage\":{\"@id\":\"https:\\\/\\\/lospoliticosveracruz.com\\\/?p=87562\"},\"wordCount\":895,\"publisher\":{\"@id\":\"https:\\\/\\\/lospoliticosveracruz.com\\\/#organization\"},\"keywords\":[\"Andr\u00e9s Manuel L\u00f3pez Obrador\",\"Morena\",\"Revocaci\u00f3n de Mandato\"],\"articleSection\":[\"De Opini\u00f3n\"],\"inLanguage\":\"es\"},{\"@type\":\"WebPage\",\"@id\":\"https:\\\/\\\/lospoliticosveracruz.com\\\/?p=87562\",\"url\":\"https:\\\/\\\/lospoliticosveracruz.com\\\/?p=87562\",\"name\":\"\u00bfLos funcionarios pueden promover la revocaci\u00f3n de mandato de AMLO? - Los pol\u00edticos Veracruz\",\"isPartOf\":{\"@id\":\"https:\\\/\\\/lospoliticosveracruz.com\\\/#website\"},\"datePublished\":\"2022-03-21T16:58:09+00:00\",\"dateModified\":\"2022-03-21T16:58:16+00:00\",\"breadcrumb\":{\"@id\":\"https:\\\/\\\/lospoliticosveracruz.com\\\/?p=87562#breadcrumb\"},\"inLanguage\":\"es\",\"potentialAction\":[{\"@type\":\"ReadAction\",\"target\":[\"https:\\\/\\\/lospoliticosveracruz.com\\\/?p=87562\"]}]},{\"@type\":\"BreadcrumbList\",\"@id\":\"https:\\\/\\\/lospoliticosveracruz.com\\\/?p=87562#breadcrumb\",\"itemListElement\":[{\"@type\":\"ListItem\",\"position\":1,\"name\":\"Portada\",\"item\":\"https:\\\/\\\/lospoliticosveracruz.com\\\/\"},{\"@type\":\"ListItem\",\"position\":2,\"name\":\"\u00bfLos funcionarios pueden promover la revocaci\u00f3n de mandato de AMLO?\"}]},{\"@type\":\"WebSite\",\"@id\":\"https:\\\/\\\/lospoliticosveracruz.com\\\/#website\",\"url\":\"https:\\\/\\\/lospoliticosveracruz.com\\\/\",\"name\":\"Los pol\u00edticos Veracruz\",\"description\":\"\",\"publisher\":{\"@id\":\"https:\\\/\\\/lospoliticosveracruz.com\\\/#organization\"},\"potentialAction\":[{\"@type\":\"SearchAction\",\"target\":{\"@type\":\"EntryPoint\",\"urlTemplate\":\"https:\\\/\\\/lospoliticosveracruz.com\\\/?s={search_term_string}\"},\"query-input\":{\"@type\":\"PropertyValueSpecification\",\"valueRequired\":true,\"valueName\":\"search_term_string\"}}],\"inLanguage\":\"es\"},{\"@type\":\"Organization\",\"@id\":\"https:\\\/\\\/lospoliticosveracruz.com\\\/#organization\",\"name\":\"Los pol\u00edticos Veracruz\",\"url\":\"https:\\\/\\\/lospoliticosveracruz.com\\\/\",\"logo\":{\"@type\":\"ImageObject\",\"inLanguage\":\"es\",\"@id\":\"https:\\\/\\\/lospoliticosveracruz.com\\\/#\\\/schema\\\/logo\\\/image\\\/\",\"url\":\"https:\\\/\\\/lospoliticosveracruz.com\\\/wp-content\\\/uploads\\\/2025\\\/12\\\/Logo-Nuevo-LOS-POLITICOS-1.jpg\",\"contentUrl\":\"https:\\\/\\\/lospoliticosveracruz.com\\\/wp-content\\\/uploads\\\/2025\\\/12\\\/Logo-Nuevo-LOS-POLITICOS-1.jpg\",\"width\":260,\"height\":70,\"caption\":\"Los pol\u00edticos Veracruz\"},\"image\":{\"@id\":\"https:\\\/\\\/lospoliticosveracruz.com\\\/#\\\/schema\\\/logo\\\/image\\\/\"},\"sameAs\":[\"https:\\\/\\\/www.facebook.com\\\/people\\\/Notimemes-de-los-Polticos\\\/61565672886568\\\/\",\"https:\\\/\\\/x.com\\\/LosPoliticosVer\"]},{\"@type\":\"Person\",\"@id\":\"https:\\\/\\\/lospoliticosveracruz.com\\\/#\\\/schema\\\/person\\\/b8702bb0e538456e6efd07080bf2a4a2\",\"name\":\"Lo viste en Los Pol\u00edticos\",\"image\":{\"@type\":\"ImageObject\",\"inLanguage\":\"es\",\"@id\":\"https:\\\/\\\/secure.gravatar.com\\\/avatar\\\/3a8de04a2656d44082be478bd6c086daa447c4651605818287b9532d3d0bd435?s=96&d=mm&r=g\",\"url\":\"https:\\\/\\\/secure.gravatar.com\\\/avatar\\\/3a8de04a2656d44082be478bd6c086daa447c4651605818287b9532d3d0bd435?s=96&d=mm&r=g\",\"contentUrl\":\"https:\\\/\\\/secure.gravatar.com\\\/avatar\\\/3a8de04a2656d44082be478bd6c086daa447c4651605818287b9532d3d0bd435?s=96&d=mm&r=g\",\"caption\":\"Lo viste en Los Pol\u00edticos\"},\"url\":\"https:\\\/\\\/lospoliticosveracruz.com\\\/?author=2\"}]}<\/script>\n<!-- \/ Yoast SEO plugin. -->","yoast_head_json":{"title":"\u00bfLos funcionarios pueden promover la revocaci\u00f3n de mandato de AMLO? - Los pol\u00edticos Veracruz","robots":{"index":"index","follow":"follow","max-snippet":"max-snippet:-1","max-image-preview":"max-image-preview:large","max-video-preview":"max-video-preview:-1"},"canonical":"https:\/\/lospoliticosveracruz.com\/?p=87562","og_locale":"es_ES","og_type":"article","og_title":"\u00bfLos funcionarios pueden promover la revocaci\u00f3n de mandato de AMLO? - Los pol\u00edticos Veracruz","og_description":"Alan Sayago Ram\u00edrez La revocaci\u00f3n de mandato ha tra\u00eddo a la mesa un gran debate, muchas veces con charlas muy acaloradas por discusiones apasionadas, debido que es el procedimiento mediante el cual los ciudadanos pueden destituir a trav\u00e9s de una votaci\u00f3n a un funcionario p\u00fablico antes de que expire el periodo para el cual fue [&hellip;]","og_url":"https:\/\/lospoliticosveracruz.com\/?p=87562","og_site_name":"Los pol\u00edticos Veracruz","article_publisher":"https:\/\/www.facebook.com\/people\/Notimemes-de-los-Polticos\/61565672886568\/","article_published_time":"2022-03-21T16:58:09+00:00","article_modified_time":"2022-03-21T16:58:16+00:00","og_image":[{"width":200,"height":200,"url":"https:\/\/lospoliticosveracruz.com\/wp-content\/uploads\/2016\/07\/Logo-Dor.jpg","type":"image\/jpeg"}],"author":"Lo viste en Los Pol\u00edticos","twitter_card":"summary_large_image","twitter_creator":"@LosPoliticosVer","twitter_site":"@LosPoliticosVer","twitter_misc":{"Escrito por":"Lo viste en Los Pol\u00edticos","Tiempo de lectura":"4 minutos"},"schema":{"@context":"https:\/\/schema.org","@graph":[{"@type":"Article","@id":"https:\/\/lospoliticosveracruz.com\/?p=87562#article","isPartOf":{"@id":"https:\/\/lospoliticosveracruz.com\/?p=87562"},"author":{"name":"Lo viste en Los Pol\u00edticos","@id":"https:\/\/lospoliticosveracruz.com\/#\/schema\/person\/b8702bb0e538456e6efd07080bf2a4a2"},"headline":"\u00bfLos funcionarios pueden promover la revocaci\u00f3n de mandato de AMLO?","datePublished":"2022-03-21T16:58:09+00:00","dateModified":"2022-03-21T16:58:16+00:00","mainEntityOfPage":{"@id":"https:\/\/lospoliticosveracruz.com\/?p=87562"},"wordCount":895,"publisher":{"@id":"https:\/\/lospoliticosveracruz.com\/#organization"},"keywords":["Andr\u00e9s Manuel L\u00f3pez Obrador","Morena","Revocaci\u00f3n de Mandato"],"articleSection":["De Opini\u00f3n"],"inLanguage":"es"},{"@type":"WebPage","@id":"https:\/\/lospoliticosveracruz.com\/?p=87562","url":"https:\/\/lospoliticosveracruz.com\/?p=87562","name":"\u00bfLos funcionarios pueden promover la revocaci\u00f3n de mandato de AMLO? - Los pol\u00edticos Veracruz","isPartOf":{"@id":"https:\/\/lospoliticosveracruz.com\/#website"},"datePublished":"2022-03-21T16:58:09+00:00","dateModified":"2022-03-21T16:58:16+00:00","breadcrumb":{"@id":"https:\/\/lospoliticosveracruz.com\/?p=87562#breadcrumb"},"inLanguage":"es","potentialAction":[{"@type":"ReadAction","target":["https:\/\/lospoliticosveracruz.com\/?p=87562"]}]},{"@type":"BreadcrumbList","@id":"https:\/\/lospoliticosveracruz.com\/?p=87562#breadcrumb","itemListElement":[{"@type":"ListItem","position":1,"name":"Portada","item":"https:\/\/lospoliticosveracruz.com\/"},{"@type":"ListItem","position":2,"name":"\u00bfLos funcionarios pueden promover la revocaci\u00f3n de mandato de AMLO?"}]},{"@type":"WebSite","@id":"https:\/\/lospoliticosveracruz.com\/#website","url":"https:\/\/lospoliticosveracruz.com\/","name":"Los pol\u00edticos Veracruz","description":"","publisher":{"@id":"https:\/\/lospoliticosveracruz.com\/#organization"},"potentialAction":[{"@type":"SearchAction","target":{"@type":"EntryPoint","urlTemplate":"https:\/\/lospoliticosveracruz.com\/?s={search_term_string}"},"query-input":{"@type":"PropertyValueSpecification","valueRequired":true,"valueName":"search_term_string"}}],"inLanguage":"es"},{"@type":"Organization","@id":"https:\/\/lospoliticosveracruz.com\/#organization","name":"Los pol\u00edticos Veracruz","url":"https:\/\/lospoliticosveracruz.com\/","logo":{"@type":"ImageObject","inLanguage":"es","@id":"https:\/\/lospoliticosveracruz.com\/#\/schema\/logo\/image\/","url":"https:\/\/lospoliticosveracruz.com\/wp-content\/uploads\/2025\/12\/Logo-Nuevo-LOS-POLITICOS-1.jpg","contentUrl":"https:\/\/lospoliticosveracruz.com\/wp-content\/uploads\/2025\/12\/Logo-Nuevo-LOS-POLITICOS-1.jpg","width":260,"height":70,"caption":"Los pol\u00edticos Veracruz"},"image":{"@id":"https:\/\/lospoliticosveracruz.com\/#\/schema\/logo\/image\/"},"sameAs":["https:\/\/www.facebook.com\/people\/Notimemes-de-los-Polticos\/61565672886568\/","https:\/\/x.com\/LosPoliticosVer"]},{"@type":"Person","@id":"https:\/\/lospoliticosveracruz.com\/#\/schema\/person\/b8702bb0e538456e6efd07080bf2a4a2","name":"Lo viste en Los Pol\u00edticos","image":{"@type":"ImageObject","inLanguage":"es","@id":"https:\/\/secure.gravatar.com\/avatar\/3a8de04a2656d44082be478bd6c086daa447c4651605818287b9532d3d0bd435?s=96&d=mm&r=g","url":"https:\/\/secure.gravatar.com\/avatar\/3a8de04a2656d44082be478bd6c086daa447c4651605818287b9532d3d0bd435?s=96&d=mm&r=g","contentUrl":"https:\/\/secure.gravatar.com\/avatar\/3a8de04a2656d44082be478bd6c086daa447c4651605818287b9532d3d0bd435?s=96&d=mm&r=g","caption":"Lo viste en Los Pol\u00edticos"},"url":"https:\/\/lospoliticosveracruz.com\/?author=2"}]}},"_links":{"self":[{"href":"https:\/\/lospoliticosveracruz.com\/index.php?rest_route=\/wp\/v2\/posts\/87562","targetHints":{"allow":["GET"]}}],"collection":[{"href":"https:\/\/lospoliticosveracruz.com\/index.php?rest_route=\/wp\/v2\/posts"}],"about":[{"href":"https:\/\/lospoliticosveracruz.com\/index.php?rest_route=\/wp\/v2\/types\/post"}],"author":[{"embeddable":true,"href":"https:\/\/lospoliticosveracruz.com\/index.php?rest_route=\/wp\/v2\/users\/2"}],"replies":[{"embeddable":true,"href":"https:\/\/lospoliticosveracruz.com\/index.php?rest_route=%2Fwp%2Fv2%2Fcomments&post=87562"}],"version-history":[{"count":1,"href":"https:\/\/lospoliticosveracruz.com\/index.php?rest_route=\/wp\/v2\/posts\/87562\/revisions"}],"predecessor-version":[{"id":87564,"href":"https:\/\/lospoliticosveracruz.com\/index.php?rest_route=\/wp\/v2\/posts\/87562\/revisions\/87564"}],"wp:attachment":[{"href":"https:\/\/lospoliticosveracruz.com\/index.php?rest_route=%2Fwp%2Fv2%2Fmedia&parent=87562"}],"wp:term":[{"taxonomy":"category","embeddable":true,"href":"https:\/\/lospoliticosveracruz.com\/index.php?rest_route=%2Fwp%2Fv2%2Fcategories&post=87562"},{"taxonomy":"post_tag","embeddable":true,"href":"https:\/\/lospoliticosveracruz.com\/index.php?rest_route=%2Fwp%2Fv2%2Ftags&post=87562"}],"curies":[{"name":"wp","href":"https:\/\/api.w.org\/{rel}","templated":true}]}}