{"id":87574,"date":"2022-03-21T12:26:08","date_gmt":"2022-03-21T18:26:08","guid":{"rendered":"https:\/\/lospoliticosveracruz.com.mx\/?p=87574"},"modified":"2022-03-21T12:26:15","modified_gmt":"2022-03-21T18:26:15","slug":"ayuntamiento-de-orizaba-acosador","status":"publish","type":"post","link":"https:\/\/lospoliticosveracruz.com\/?p=87574","title":{"rendered":"Ayuntamiento de Orizaba, acosador"},"content":{"rendered":"\n<p><\/p>\n\n\n\n<p><strong>Ciudad de M\u00e9xico, 20 de marzo de 2022.<\/strong><\/p>\n\n\n\n<p><br>Las dos mujeres activistas rescatistas de animales heridos en situaci\u00f3n de calle contin\u00faan siendo acosadas por autoridades del Ayuntamiento de Orizaba, espec\u00edficamente del \u00e1rea jur\u00eddica y de la representante de la UMA en aquella localidad. Como se recordara en enero pasado el ayuntamiento oblig\u00f3 a estas mujeres a detener toda actividad caritativa para ayudar a animales abandonados.<br>Mediante enga\u00f1os y amenazas personal jur\u00eddico del ayuntamiento les hizo firmar un documento donde las mujeres rescatistas (madre e hija) estipulaban por voluntad propia dejar de realizar sus actividades altruistas a favor de los animales, incluso la representante de la UMA que en m\u00faltiples ocasiones se ha visto envuelta en problemas con animalistas por su actuar prepotente y quien a pesar de varias quejas a lo largo de varios a\u00f1os que lleva desempe\u00f1ando el cargo no ha sido cesada, se aperson\u00f3 en el domicilio de estas personas tambi\u00e9n con enga\u00f1os para hacer una supuesta supervisi\u00f3n de la situaci\u00f3n de los animales, todo ello derivado de la queja de un vecino violento que continuamente molesta a las mujeres.<br>Ante esta situaci\u00f3n activistas de diversas partes del estado, del pa\u00eds e internacionales realizaron una petici\u00f3n en la plataforma change.org para exhortar a las autoridades a frenar el acoso hacia estas mujeres que no est\u00e1n cometiendo ning\u00fan delito al ayudar a los animales, tambi\u00e9n se organiz\u00f3 una marcha pac\u00edfica y posterior a estas muestras de apoyo a favor de las rescatistas la titular de la UMA en aquella localidad volvi\u00f3 a apersonarse en el domicilio de las afectadas con intenciones acosadoras y manipuladoras, incluso patrullas y moto patrullas circularon de forma amedrentadora fuera del domicilio de las activistas por esas fechas de manera continua.<br>Este fin de semana un peri\u00f3dico local de Orizaba public\u00f3 una nota donde se menciona que las encargadas del Refugio Huellitas solicitaron al Ayuntamiento un plazo para desalojar el albergue ya que de no hacerlo se turnar\u00e1 el caso a la Fiscal\u00eda, \u00abEs lamentable que el ayuntamiento de nueva cuenta contin\u00faa el acoso hacia estas mujeres basados en sus artima\u00f1as y en la queja de un vecino que ejerce violencia hacia estas mujeres desde hace tiempo y el cual debe ser denunciado y castigado conforme a la ley, las compa\u00f1eras no solicitaron nada, las obligaron a firmar bajo amenaza de sacrificar a los perros, nos preguntamos si \u00bf las autoridades municipales no tienen trabajo qu\u00e9 hacer, un \u00edndice delictivo que disminuir como es el que tiene Orizaba, crear empleos, acceso a la salud y educaci\u00f3n?, est\u00e1n tan ocupados molestando en su domicilio a personas inocentes que no hacen m\u00e1s que ayudar a los animales, trabajo que las autoridades no hacen pues no hay un d\u00eda que no se conozca un caso de maltrato animal en aquella zona, lo reportamos y no sucede nada, entonces \u00bfpor qu\u00e9 no se dedican mejor a castigar y a acosar a esos maltratadores de animales , al vecino violento y ah\u00ed s\u00ed que llamen a la Fiscal\u00eda y dejen en paz a Deyanira y a su madre? se cuestionaron varios activistas protectores de animales en aquella zona quienes hicieron un llamado al alcalde orizabe\u00f1o para que act\u00fae y detenga el acoso encarnizado de su personal hacia estas mujeres .<br>En este sentido abogados pertenecientes a las asociaciones protectoras de animales que respaldan este caso, mencionaron que el d\u00eda que las autoridades llevaron el citatorio a la casa de las activistas , se encontraba presente una menor de edad que sufre ataques epil\u00e9pticos y que al ver a la polic\u00eda y al empleado municipal intimidando a su hermana y a su madre tuvo una crisis nerviosa y cay\u00f3 en depresi\u00f3n \u00bb mi hermanita ama a los animales , son su mejor medicina y terapia frente a sus crisis de epilepsia, cay\u00f3 en depresi\u00f3n y llora mucho de pensar que nos har\u00e1n algo las autoridades o que se llevar\u00e1n a sacrificar a los perros como nos dijeron en las amenazas\u00bb se\u00f1al\u00f3 la rescatista Deyanira Abigail L\u00f3pez Hern\u00e1ndez<br>Al respecto la vocera de Movimiento Consciencia (Fundaci\u00f3n Internacional por el Reconocimiento de la Consciencia y los Derechos de los Animales) a nivel nacional Leonora Ibarg\u00fcengoitia se\u00f1al\u00f3 que \u00bb Es muy delicado el actuar del ayuntamiento de Orizaba, acosa a dos mujeres solas, indefensas que no est\u00e1n cometiendo ning\u00fan delito al ayudar animales heridos , ponen en riesgo la salud de una menor de edad vulnerando el inter\u00e9s superior del ni\u00f1o ahora vemos que siguen declarando en los medios amenaz\u00e1ndolas con proceder ante la Fiscal\u00eda cuando no hay ning\u00fan delito en la labor que ellas hacen ,los animales que estas personas han socorrido siempre son llevados al veterinario para evitar zoonosis de lo cual hay registros fehacientes adem\u00e1s de estar de paso en lo que son adoptados, no hay ning\u00fan maltrato animal por el contrario son las autoridades quienes est\u00e1n incurriendo en varios delitos , estas autoridades en aras de demostrar a toda costa su poder exhiben una clara ignorancia de la ley y de las facultades que sus cargos tienen, se est\u00e1n excediendo y ya estamos viendo con nuestros abogados qu\u00e9 acciones legales tomaremos pues de entrada observamos violencia de g\u00e9nero, abuso de autoridad, todo ya est\u00e1 debidamente documentado, la coacci\u00f3n de la firma de un documento por el propio ayuntamiento nunca se hab\u00eda visto algo as\u00ed, la situaci\u00f3n del da\u00f1o causado a la menor de la edad, entre otras cosas, por lo que adem\u00e1s de que hemos hecho llegar una carta de este caso al Gobernador del Estado para que respalde a estas mujeres y a la ni\u00f1a ya tenemos preparada una denuncia hacia estas autoridades, la cual interpondremos de continuar este acoso que deber\u00eda darle verg\u00fcenza a una autoridad que se supone est\u00e1 para servir al pueblo no para ser un acosador de mujeres y de menores de edad.\u00bb<\/p>\n","protected":false},"excerpt":{"rendered":"<p>Ciudad de M\u00e9xico, 20 de marzo de 2022. Las dos mujeres activistas rescatistas de animales heridos en situaci\u00f3n de calle contin\u00faan siendo acosadas por autoridades del Ayuntamiento de Orizaba, espec\u00edficamente del \u00e1rea jur\u00eddica y de la representante de la UMA en aquella localidad. Como se recordara en enero pasado el ayuntamiento oblig\u00f3 a estas mujeres [&hellip;]<\/p>\n","protected":false},"author":2,"featured_media":0,"comment_status":"closed","ping_status":"closed","sticky":false,"template":"","format":"standard","meta":{"tdm_status":"","tdm_grid_status":"","footnotes":""},"categories":[6451],"tags":[1640,32590,32588,11904],"class_list":{"0":"post-87574","1":"post","2":"type-post","3":"status-publish","4":"format-standard","6":"category-historias_de_amigos","7":"tag-juan-manuel-diez-francos","8":"tag-refugio-huellitas","9":"tag-rescatistas-de-animales","10":"tag-uma"},"yoast_head":"<!-- This site is optimized with the Yoast SEO plugin v27.4 - https:\/\/yoast.com\/product\/yoast-seo-wordpress\/ -->\n<title>Ayuntamiento de Orizaba, acosador - Los pol\u00edticos Veracruz<\/title>\n<meta name=\"robots\" content=\"index, follow, max-snippet:-1, max-image-preview:large, max-video-preview:-1\" \/>\n<link rel=\"canonical\" href=\"https:\/\/lospoliticosveracruz.com\/?p=87574\" \/>\n<meta property=\"og:locale\" content=\"es_ES\" \/>\n<meta property=\"og:type\" content=\"article\" \/>\n<meta property=\"og:title\" content=\"Ayuntamiento de Orizaba, acosador - Los pol\u00edticos Veracruz\" \/>\n<meta property=\"og:description\" content=\"Ciudad de M\u00e9xico, 20 de marzo de 2022. Las dos mujeres activistas rescatistas de animales heridos en situaci\u00f3n de calle contin\u00faan siendo acosadas por autoridades del Ayuntamiento de Orizaba, espec\u00edficamente del \u00e1rea jur\u00eddica y de la representante de la UMA en aquella localidad. Como se recordara en enero pasado el ayuntamiento oblig\u00f3 a estas mujeres [&hellip;]\" \/>\n<meta property=\"og:url\" content=\"https:\/\/lospoliticosveracruz.com\/?p=87574\" \/>\n<meta property=\"og:site_name\" content=\"Los pol\u00edticos Veracruz\" \/>\n<meta property=\"article:publisher\" content=\"https:\/\/www.facebook.com\/people\/Notimemes-de-los-Polticos\/61565672886568\/\" \/>\n<meta property=\"article:published_time\" content=\"2022-03-21T18:26:08+00:00\" \/>\n<meta property=\"article:modified_time\" content=\"2022-03-21T18:26:15+00:00\" \/>\n<meta property=\"og:image\" content=\"https:\/\/lospoliticosveracruz.com\/wp-content\/uploads\/2016\/07\/Logo-Dor.jpg\" \/>\n\t<meta property=\"og:image:width\" content=\"200\" \/>\n\t<meta property=\"og:image:height\" content=\"200\" \/>\n\t<meta property=\"og:image:type\" content=\"image\/jpeg\" \/>\n<meta name=\"author\" content=\"Lo viste en Los Pol\u00edticos\" \/>\n<meta name=\"twitter:card\" content=\"summary_large_image\" \/>\n<meta name=\"twitter:creator\" content=\"@LosPoliticosVer\" \/>\n<meta name=\"twitter:site\" content=\"@LosPoliticosVer\" \/>\n<meta name=\"twitter:label1\" content=\"Escrito por\" \/>\n\t<meta name=\"twitter:data1\" content=\"Lo viste en Los Pol\u00edticos\" \/>\n\t<meta name=\"twitter:label2\" content=\"Tiempo de lectura\" \/>\n\t<meta name=\"twitter:data2\" content=\"5 minutos\" \/>\n<script type=\"application\/ld+json\" class=\"yoast-schema-graph\">{\"@context\":\"https:\\\/\\\/schema.org\",\"@graph\":[{\"@type\":\"Article\",\"@id\":\"https:\\\/\\\/lospoliticosveracruz.com\\\/?p=87574#article\",\"isPartOf\":{\"@id\":\"https:\\\/\\\/lospoliticosveracruz.com\\\/?p=87574\"},\"author\":{\"name\":\"Lo viste en Los Pol\u00edticos\",\"@id\":\"https:\\\/\\\/lospoliticosveracruz.com\\\/#\\\/schema\\\/person\\\/b8702bb0e538456e6efd07080bf2a4a2\"},\"headline\":\"Ayuntamiento de Orizaba, acosador\",\"datePublished\":\"2022-03-21T18:26:08+00:00\",\"dateModified\":\"2022-03-21T18:26:15+00:00\",\"mainEntityOfPage\":{\"@id\":\"https:\\\/\\\/lospoliticosveracruz.com\\\/?p=87574\"},\"wordCount\":1027,\"publisher\":{\"@id\":\"https:\\\/\\\/lospoliticosveracruz.com\\\/#organization\"},\"keywords\":[\"Juan Manuel Diez Francos\",\"Refugio Huellitas\",\"rescatistas de animales\",\"UMA\"],\"articleSection\":[\"Historias de Amigos\"],\"inLanguage\":\"es\"},{\"@type\":\"WebPage\",\"@id\":\"https:\\\/\\\/lospoliticosveracruz.com\\\/?p=87574\",\"url\":\"https:\\\/\\\/lospoliticosveracruz.com\\\/?p=87574\",\"name\":\"Ayuntamiento de Orizaba, acosador - Los pol\u00edticos Veracruz\",\"isPartOf\":{\"@id\":\"https:\\\/\\\/lospoliticosveracruz.com\\\/#website\"},\"datePublished\":\"2022-03-21T18:26:08+00:00\",\"dateModified\":\"2022-03-21T18:26:15+00:00\",\"breadcrumb\":{\"@id\":\"https:\\\/\\\/lospoliticosveracruz.com\\\/?p=87574#breadcrumb\"},\"inLanguage\":\"es\",\"potentialAction\":[{\"@type\":\"ReadAction\",\"target\":[\"https:\\\/\\\/lospoliticosveracruz.com\\\/?p=87574\"]}]},{\"@type\":\"BreadcrumbList\",\"@id\":\"https:\\\/\\\/lospoliticosveracruz.com\\\/?p=87574#breadcrumb\",\"itemListElement\":[{\"@type\":\"ListItem\",\"position\":1,\"name\":\"Portada\",\"item\":\"https:\\\/\\\/lospoliticosveracruz.com\\\/\"},{\"@type\":\"ListItem\",\"position\":2,\"name\":\"Ayuntamiento de Orizaba, acosador\"}]},{\"@type\":\"WebSite\",\"@id\":\"https:\\\/\\\/lospoliticosveracruz.com\\\/#website\",\"url\":\"https:\\\/\\\/lospoliticosveracruz.com\\\/\",\"name\":\"Los pol\u00edticos Veracruz\",\"description\":\"\",\"publisher\":{\"@id\":\"https:\\\/\\\/lospoliticosveracruz.com\\\/#organization\"},\"potentialAction\":[{\"@type\":\"SearchAction\",\"target\":{\"@type\":\"EntryPoint\",\"urlTemplate\":\"https:\\\/\\\/lospoliticosveracruz.com\\\/?s={search_term_string}\"},\"query-input\":{\"@type\":\"PropertyValueSpecification\",\"valueRequired\":true,\"valueName\":\"search_term_string\"}}],\"inLanguage\":\"es\"},{\"@type\":\"Organization\",\"@id\":\"https:\\\/\\\/lospoliticosveracruz.com\\\/#organization\",\"name\":\"Los pol\u00edticos Veracruz\",\"url\":\"https:\\\/\\\/lospoliticosveracruz.com\\\/\",\"logo\":{\"@type\":\"ImageObject\",\"inLanguage\":\"es\",\"@id\":\"https:\\\/\\\/lospoliticosveracruz.com\\\/#\\\/schema\\\/logo\\\/image\\\/\",\"url\":\"https:\\\/\\\/lospoliticosveracruz.com\\\/wp-content\\\/uploads\\\/2025\\\/12\\\/Logo-Nuevo-LOS-POLITICOS-1.jpg\",\"contentUrl\":\"https:\\\/\\\/lospoliticosveracruz.com\\\/wp-content\\\/uploads\\\/2025\\\/12\\\/Logo-Nuevo-LOS-POLITICOS-1.jpg\",\"width\":260,\"height\":70,\"caption\":\"Los pol\u00edticos Veracruz\"},\"image\":{\"@id\":\"https:\\\/\\\/lospoliticosveracruz.com\\\/#\\\/schema\\\/logo\\\/image\\\/\"},\"sameAs\":[\"https:\\\/\\\/www.facebook.com\\\/people\\\/Notimemes-de-los-Polticos\\\/61565672886568\\\/\",\"https:\\\/\\\/x.com\\\/LosPoliticosVer\"]},{\"@type\":\"Person\",\"@id\":\"https:\\\/\\\/lospoliticosveracruz.com\\\/#\\\/schema\\\/person\\\/b8702bb0e538456e6efd07080bf2a4a2\",\"name\":\"Lo viste en Los Pol\u00edticos\",\"image\":{\"@type\":\"ImageObject\",\"inLanguage\":\"es\",\"@id\":\"https:\\\/\\\/secure.gravatar.com\\\/avatar\\\/3a8de04a2656d44082be478bd6c086daa447c4651605818287b9532d3d0bd435?s=96&d=mm&r=g\",\"url\":\"https:\\\/\\\/secure.gravatar.com\\\/avatar\\\/3a8de04a2656d44082be478bd6c086daa447c4651605818287b9532d3d0bd435?s=96&d=mm&r=g\",\"contentUrl\":\"https:\\\/\\\/secure.gravatar.com\\\/avatar\\\/3a8de04a2656d44082be478bd6c086daa447c4651605818287b9532d3d0bd435?s=96&d=mm&r=g\",\"caption\":\"Lo viste en Los Pol\u00edticos\"},\"url\":\"https:\\\/\\\/lospoliticosveracruz.com\\\/?author=2\"}]}<\/script>\n<!-- \/ Yoast SEO plugin. -->","yoast_head_json":{"title":"Ayuntamiento de Orizaba, acosador - Los pol\u00edticos Veracruz","robots":{"index":"index","follow":"follow","max-snippet":"max-snippet:-1","max-image-preview":"max-image-preview:large","max-video-preview":"max-video-preview:-1"},"canonical":"https:\/\/lospoliticosveracruz.com\/?p=87574","og_locale":"es_ES","og_type":"article","og_title":"Ayuntamiento de Orizaba, acosador - Los pol\u00edticos Veracruz","og_description":"Ciudad de M\u00e9xico, 20 de marzo de 2022. Las dos mujeres activistas rescatistas de animales heridos en situaci\u00f3n de calle contin\u00faan siendo acosadas por autoridades del Ayuntamiento de Orizaba, espec\u00edficamente del \u00e1rea jur\u00eddica y de la representante de la UMA en aquella localidad. Como se recordara en enero pasado el ayuntamiento oblig\u00f3 a estas mujeres [&hellip;]","og_url":"https:\/\/lospoliticosveracruz.com\/?p=87574","og_site_name":"Los pol\u00edticos Veracruz","article_publisher":"https:\/\/www.facebook.com\/people\/Notimemes-de-los-Polticos\/61565672886568\/","article_published_time":"2022-03-21T18:26:08+00:00","article_modified_time":"2022-03-21T18:26:15+00:00","og_image":[{"width":200,"height":200,"url":"https:\/\/lospoliticosveracruz.com\/wp-content\/uploads\/2016\/07\/Logo-Dor.jpg","type":"image\/jpeg"}],"author":"Lo viste en Los Pol\u00edticos","twitter_card":"summary_large_image","twitter_creator":"@LosPoliticosVer","twitter_site":"@LosPoliticosVer","twitter_misc":{"Escrito por":"Lo viste en Los Pol\u00edticos","Tiempo de lectura":"5 minutos"},"schema":{"@context":"https:\/\/schema.org","@graph":[{"@type":"Article","@id":"https:\/\/lospoliticosveracruz.com\/?p=87574#article","isPartOf":{"@id":"https:\/\/lospoliticosveracruz.com\/?p=87574"},"author":{"name":"Lo viste en Los Pol\u00edticos","@id":"https:\/\/lospoliticosveracruz.com\/#\/schema\/person\/b8702bb0e538456e6efd07080bf2a4a2"},"headline":"Ayuntamiento de Orizaba, acosador","datePublished":"2022-03-21T18:26:08+00:00","dateModified":"2022-03-21T18:26:15+00:00","mainEntityOfPage":{"@id":"https:\/\/lospoliticosveracruz.com\/?p=87574"},"wordCount":1027,"publisher":{"@id":"https:\/\/lospoliticosveracruz.com\/#organization"},"keywords":["Juan Manuel Diez Francos","Refugio Huellitas","rescatistas de animales","UMA"],"articleSection":["Historias de Amigos"],"inLanguage":"es"},{"@type":"WebPage","@id":"https:\/\/lospoliticosveracruz.com\/?p=87574","url":"https:\/\/lospoliticosveracruz.com\/?p=87574","name":"Ayuntamiento de Orizaba, acosador - Los pol\u00edticos Veracruz","isPartOf":{"@id":"https:\/\/lospoliticosveracruz.com\/#website"},"datePublished":"2022-03-21T18:26:08+00:00","dateModified":"2022-03-21T18:26:15+00:00","breadcrumb":{"@id":"https:\/\/lospoliticosveracruz.com\/?p=87574#breadcrumb"},"inLanguage":"es","potentialAction":[{"@type":"ReadAction","target":["https:\/\/lospoliticosveracruz.com\/?p=87574"]}]},{"@type":"BreadcrumbList","@id":"https:\/\/lospoliticosveracruz.com\/?p=87574#breadcrumb","itemListElement":[{"@type":"ListItem","position":1,"name":"Portada","item":"https:\/\/lospoliticosveracruz.com\/"},{"@type":"ListItem","position":2,"name":"Ayuntamiento de Orizaba, acosador"}]},{"@type":"WebSite","@id":"https:\/\/lospoliticosveracruz.com\/#website","url":"https:\/\/lospoliticosveracruz.com\/","name":"Los pol\u00edticos Veracruz","description":"","publisher":{"@id":"https:\/\/lospoliticosveracruz.com\/#organization"},"potentialAction":[{"@type":"SearchAction","target":{"@type":"EntryPoint","urlTemplate":"https:\/\/lospoliticosveracruz.com\/?s={search_term_string}"},"query-input":{"@type":"PropertyValueSpecification","valueRequired":true,"valueName":"search_term_string"}}],"inLanguage":"es"},{"@type":"Organization","@id":"https:\/\/lospoliticosveracruz.com\/#organization","name":"Los pol\u00edticos Veracruz","url":"https:\/\/lospoliticosveracruz.com\/","logo":{"@type":"ImageObject","inLanguage":"es","@id":"https:\/\/lospoliticosveracruz.com\/#\/schema\/logo\/image\/","url":"https:\/\/lospoliticosveracruz.com\/wp-content\/uploads\/2025\/12\/Logo-Nuevo-LOS-POLITICOS-1.jpg","contentUrl":"https:\/\/lospoliticosveracruz.com\/wp-content\/uploads\/2025\/12\/Logo-Nuevo-LOS-POLITICOS-1.jpg","width":260,"height":70,"caption":"Los pol\u00edticos Veracruz"},"image":{"@id":"https:\/\/lospoliticosveracruz.com\/#\/schema\/logo\/image\/"},"sameAs":["https:\/\/www.facebook.com\/people\/Notimemes-de-los-Polticos\/61565672886568\/","https:\/\/x.com\/LosPoliticosVer"]},{"@type":"Person","@id":"https:\/\/lospoliticosveracruz.com\/#\/schema\/person\/b8702bb0e538456e6efd07080bf2a4a2","name":"Lo viste en Los Pol\u00edticos","image":{"@type":"ImageObject","inLanguage":"es","@id":"https:\/\/secure.gravatar.com\/avatar\/3a8de04a2656d44082be478bd6c086daa447c4651605818287b9532d3d0bd435?s=96&d=mm&r=g","url":"https:\/\/secure.gravatar.com\/avatar\/3a8de04a2656d44082be478bd6c086daa447c4651605818287b9532d3d0bd435?s=96&d=mm&r=g","contentUrl":"https:\/\/secure.gravatar.com\/avatar\/3a8de04a2656d44082be478bd6c086daa447c4651605818287b9532d3d0bd435?s=96&d=mm&r=g","caption":"Lo viste en Los Pol\u00edticos"},"url":"https:\/\/lospoliticosveracruz.com\/?author=2"}]}},"_links":{"self":[{"href":"https:\/\/lospoliticosveracruz.com\/index.php?rest_route=\/wp\/v2\/posts\/87574","targetHints":{"allow":["GET"]}}],"collection":[{"href":"https:\/\/lospoliticosveracruz.com\/index.php?rest_route=\/wp\/v2\/posts"}],"about":[{"href":"https:\/\/lospoliticosveracruz.com\/index.php?rest_route=\/wp\/v2\/types\/post"}],"author":[{"embeddable":true,"href":"https:\/\/lospoliticosveracruz.com\/index.php?rest_route=\/wp\/v2\/users\/2"}],"replies":[{"embeddable":true,"href":"https:\/\/lospoliticosveracruz.com\/index.php?rest_route=%2Fwp%2Fv2%2Fcomments&post=87574"}],"version-history":[{"count":1,"href":"https:\/\/lospoliticosveracruz.com\/index.php?rest_route=\/wp\/v2\/posts\/87574\/revisions"}],"predecessor-version":[{"id":87575,"href":"https:\/\/lospoliticosveracruz.com\/index.php?rest_route=\/wp\/v2\/posts\/87574\/revisions\/87575"}],"wp:attachment":[{"href":"https:\/\/lospoliticosveracruz.com\/index.php?rest_route=%2Fwp%2Fv2%2Fmedia&parent=87574"}],"wp:term":[{"taxonomy":"category","embeddable":true,"href":"https:\/\/lospoliticosveracruz.com\/index.php?rest_route=%2Fwp%2Fv2%2Fcategories&post=87574"},{"taxonomy":"post_tag","embeddable":true,"href":"https:\/\/lospoliticosveracruz.com\/index.php?rest_route=%2Fwp%2Fv2%2Ftags&post=87574"}],"curies":[{"name":"wp","href":"https:\/\/api.w.org\/{rel}","templated":true}]}}