{"id":87661,"date":"2022-03-23T08:14:21","date_gmt":"2022-03-23T14:14:21","guid":{"rendered":"https:\/\/lospoliticosveracruz.com.mx\/?p=87661"},"modified":"2022-03-23T08:19:22","modified_gmt":"2022-03-23T14:19:22","slug":"limpieza-en-el-snte","status":"publish","type":"post","link":"https:\/\/lospoliticosveracruz.com\/?p=87661","title":{"rendered":"Limpieza en el SNTE"},"content":{"rendered":"\n<p><\/p>\n\n\n\n<p><br><strong>Adriana Mu\u00f1oz Cabrera<\/strong><br><em>Sin Rencores<\/em><\/p>\n\n\n\n<p><\/p>\n\n\n\n<p>\u00abSeg\u00fan yo lo veo, si quieres el arco iris, tienes que aguantar la lluvia\u00bb. Dolly Parton.<br>&#8212;\/\/\/&#8212;<br>Fuera los l\u00edderes charros y desahuciados de la pol\u00edtica.<br>Esos, antes beneficiados del pasado en demas\u00eda y quienes hoy, \u00fanicamente representan pedazos de osamenta del dinosaurio que piensa, sue\u00f1a podr\u00e1 volver en 2024.<br>Hoy toda la base del SNTE pide un cese y pone un alto a la serie de corruptelas que han dado al traste con el verdadero magisterio.<\/p>\n\n\n\n<div class=\"wp-block-image\"><figure class=\"alignleft size-medium\"><a href=\"https:\/\/lospoliticosveracruz.com.mx\/wp-content\/uploads\/2021\/10\/WhatsApp-Image-2021-10-02-at-15.20.25.jpeg\"><img loading=\"lazy\" decoding=\"async\" width=\"212\" height=\"300\" src=\"https:\/\/lospoliticosveracruz.com.mx\/wp-content\/uploads\/2021\/10\/WhatsApp-Image-2021-10-02-at-15.20.25-212x300.jpeg\" alt=\"\" class=\"wp-image-80177\" srcset=\"https:\/\/lospoliticosveracruz.com\/wp-content\/uploads\/2021\/10\/WhatsApp-Image-2021-10-02-at-15.20.25-212x300.jpeg 212w, https:\/\/lospoliticosveracruz.com\/wp-content\/uploads\/2021\/10\/WhatsApp-Image-2021-10-02-at-15.20.25-724x1024.jpeg 724w, https:\/\/lospoliticosveracruz.com\/wp-content\/uploads\/2021\/10\/WhatsApp-Image-2021-10-02-at-15.20.25-768x1086.jpeg 768w, https:\/\/lospoliticosveracruz.com\/wp-content\/uploads\/2021\/10\/WhatsApp-Image-2021-10-02-at-15.20.25.jpeg 905w\" sizes=\"auto, (max-width: 212px) 100vw, 212px\" \/><\/a><\/figure><\/div>\n\n\n\n<p><br>Quien representa este cambio es justamente el maestro de Telesecundaria, originario del municipio de Coatzintla, Jorge Enrique Vel\u00e1squez P\u00e9rez quien representa la planilla color vino por la \u00abReivindicaci\u00f3n Democr\u00e1tica Magisterial\u00bb<br>Inici\u00f3 su campa\u00f1a interna el s\u00e1bado pasado con un claro mensaje de cero tolerancia a la corrupci\u00f3n y la unidad de las bases.<br>Hoy, los maestros afiliados a la Secci\u00f3n 32 del Sindicato Nacional de Trabajadores de la Educaci\u00f3n (SNTE), en Veracruz, realmente tienen opciones.<br>Acatando los lineamientos de la convocatoria emitida por la secci\u00f3n sindical, Vel\u00e1squez P\u00e9rez se present\u00f3 oficialmente como uno de los cinco aspirantes a la dirigencia y en ese marco lanz\u00f3 un llamado para que la elecci\u00f3n se d\u00e9 con piso parejo para todos los aspirantes.<br>En su mensaje, lament\u00f3 que durante estos \u00faltimos a\u00f1os la dirigencia sindical permitiera que la Secci\u00f3n 32 se viera afectada por la corrupci\u00f3n y los abusos, al mismo tiempo que se olvid\u00f3 de las verdaderas necesidades de los agremiados en activo y jubilados.<br>&#8212;\/\/\/\/&#8212;<br>NADA M\u00c1S\u2026<br>No saben donde est\u00e1n 12 millones de pesos ejercidos en 2021 al Comit\u00e9 Ejecutivo Seccional del SNTE, \u00abdinero que no puede ir a una cuenta particular\u00bb y la base por ello exige cuentas claras a los que est\u00e1n a punto de irse.<br>&#8212;\/\/\/&#8212;<br>PAZ EN EL EJIDO\u2026<br>Ahora si ag\u00e1rrense.<br>Los operadores de YSQ de la Cuenca del Papaloapan y la zona centro del Estado, han unido fuerzas, cosa que no es para ignorarse.<br>Tal y como lo public\u00f3 en sus redes sociales el secretario de Educaci\u00f3n, Zenyazen Escobar Garc\u00eda, la Copa Veracruz de Beisbol se traslad\u00f3 a Otatitlan para su etapa de semifinales.<br>Y ah\u00ed, en la tierra del \u00abCristo Negro\u00bb, tuvo como invitado al primer morenista de esa tierra, pues el titular de la SEV fue acompa\u00f1ado por el secretario de Gobierno, Eric Cisneros Burgos, con quien presenci\u00f3 el partido entre las novenas de Ignacio de la Llave y Tres Valles.<br>Las im\u00e1genes ya de entrada vienen a romper las versiones que han difundido los detractores de Morena quienes constantemente aseguran que el partido est\u00e1 dividido y fracturado as\u00ed como de qu\u00e9 hay disputas internas entre algunos secretarios de estado, particularmente entre los titulares de despacho denominados los #morenospuros como Cisneros y Zenyazen pues como se vio, los dos secretarios dieron otras se\u00f1ales.<br>&#8212;\/\/\/\/&#8211;<br>MU\u00c9RANSE DE ENVIDDDIA\u2026<br>Porque el encuentro no se qued\u00f3 ah\u00ed, pues cuenta nuestro chismos\u00edsisimo corresponsal que despu\u00e9s de ver el juego de pelota el encargado de la pol\u00edtica interna en el Estado invit\u00f3 a Zenyazen Escobar a echarse un \u00abtaco\u00bb junto a otros 10 alcaldes.<br>La reuni\u00f3n fue en casa de la mam\u00e1 del anfitri\u00f3n a donde adem\u00e1s de ediles de la Cuenca del Papaloapan tambi\u00e9n lleg\u00f3 la presidenta municipal de Vega de Alatorre, Milen Cuevas de Bastida, quien da la percepci\u00f3n que por la cercan\u00eda con el gobierno morenista en cualquier momento puede dejar el Partido Verde Ecologista (PVEM) como ya lo han hecho otros de sus hom\u00f3logos.<br>La reuni\u00f3n congreg\u00f3 a cerca de 40 invitados que degustaron cerdo a la cubana, tacos de guisados y tacos de cabeza de res, flan napolitano, aguas de Jamaica y de pi\u00f1a para cerrar con un mezcalito como digestivo.<br>El convivio dur\u00f3 casi tres horas lo que dista mucho de que lo dicen algunos insidiosos, que describen puras fantas\u00edas y cuya mente elucubra cada vez m\u00e1s y peor por falta de \u00absubsidios\u00bb<br>&#8212;-\/\/\/\/&#8212;<br>LA CONFORMACI\u00d3N\u2026<br>Del Consejo de Seguridad P\u00fablica Municipal y del Comit\u00e9 de Participaci\u00f3n Ciudadana de Boca del R\u00edo fue un acierto que se suma a las iniciativas del alcalde Juan Manuel Un\u00e1nue Abascal.<br>De manera importante hay que subrayar que la colaboraci\u00f3n y voluntad pol\u00edtica del gobierno del Estado se ve en este esfuerzo.<br>Adem\u00e1s, el oficio pol\u00edtico del panista es algo que tampoco se debe soslayar pues agradeci\u00f3 la participaci\u00f3n de los representantes de instituciones de seguridad p\u00fablica estatal como el Secretario Ejecutivo del Sistema y del Consejo Estatal de Seguridad P\u00fablica, Javier Rica\u00f1o Escobar quien previamente hizo un gran trabajo en Ceprevide y goza de una amistad con el actual ejecutivo desde los tiempos acad\u00e9micos as\u00ed como el Coordinador de Vinculaci\u00f3n con Consejos Municipales de Seguridad P\u00fablica y Comit\u00e9s de Participaci\u00f3n Ciudadana, Miguel \u00c1lvarez Dorantes.<br>\u00bfOtro acierto? Los ediles en pleno estuvieron presentes. Esto habla bien del presidente municipal albiazul que est\u00e1 dando muestras claras de tener una verdadera intenci\u00f3n de transitar de manera institucional y priorizando el di\u00e1logo, lo que resta de este sexenio y la mayor parte de su administraci\u00f3n.<br>Tanto as\u00ed que tendr\u00e1 todo el respaldo del Gobierno de Veracruz para el pr\u00f3ximo Salsafest 2022 donde se espera la presencia de grandes figuras de este g\u00e9nero musical.<br>&#8212;\/\/\/\/&#8212;<br>A LA VUELTA\u2026<br>De la esquina se encuentran las elecciones extraordinarias y no hay que quitar la atenci\u00f3n en estos municipios.<br>Se llevar\u00e1n a cabo el pr\u00f3ximo 27 de marzo en Chiconamel, Tlacotepec de Mej\u00eda, Amatitl\u00e1n y Jes\u00fas Carranza.<br>Ojal\u00e1 y los \u00e1nimos ya se calmen y eviten los militantes de todos los partidos que incurren, agredirse entre s\u00ed o de lo contrario de nada habr\u00e1 servido este ejercicio extra.<br>Al tiempo.<br>&#8212;\/\/\/&#8211;<br>SEGUIR\u00c1 LA MATA DANDO\u2026<br>El Gobierno de Veracruz interpondr\u00e1 denuncias contra ex funcionarios de las administraciones de Javier Duarte y Miguel \u00c1ngel Yunes por qu\u00e9 se presume colusi\u00f3n al no haber defendido al Estado de deudas y ahora hay sentencias de la SCJN y otros entes para realizar pagos obligatoriamente lo que lastima la econom\u00eda de Veracruz, advirti\u00f3 el gobernador Cuitl\u00e1huac Garc\u00eda Jim\u00e9nez.<br>Record\u00f3 que en 2018 se registr\u00f3 una deuda bancaria de 59 mil 654 millones de pesos y que hoy gracias a loas pagos por 6 mil 300 mdp ya est\u00e1 se encuentra en 53 mil 353 mdp.<br>De las \u00abcuentas de orden\u00bb, entre los que va la burs\u00e1tilizaci\u00f3n, se recibi\u00f3 un monto de 27 mil 553 mdp de los cuales se han pagado 5 mil 730 mdp y de lo que se estima fuera de balance fue de 38 mil 458 y a la fecha se han pagado 7 mil 608 mdp; el pago de todo lo anterior significa una merma de recursos para el Estado.<br>Ahora la Suprema Corte de Justicia de la Naci\u00f3n env\u00eda sentencias de pago que debe cubrir la presente administraci\u00f3n estatal y no existen siquiera las supervisiones efectivas de la obra o servicio que se reclama; todo comenz\u00f3 desde Fidel Herrera, cuando Javier Duarte \u00abera el funcionario estrella, desde ah\u00ed comenzaron a endeudar a Veracruz.\u00bb<br>\u00abC\u00f3mo no voy a seguir hablando de administraciones pasadas si nosotros seguimos pagando sus deudas, nos quitan recursos del pueblo, mismos que necesitamos para realizar acciones de Gobierno\u00bb, expres\u00f3 el mandatario.<br>Ah\u00ed est\u00e1 para quienes siempre lo critican por referirse a las consecuencias que ha derivado para Veracruz el pasado inmediato.<br>&#8211;\/\/\/&#8211;<br>Es mi\u00e9rcoles. Buena mitad de semana.<\/p>\n\n\n\n<p>e-mail: sinrencorespuntocom@gmail.com<\/p>\n","protected":false},"excerpt":{"rendered":"<p>Adriana Mu\u00f1oz CabreraSin Rencores \u00abSeg\u00fan yo lo veo, si quieres el arco iris, tienes que aguantar la lluvia\u00bb. Dolly Parton.&#8212;\/\/\/&#8212;Fuera los l\u00edderes charros y desahuciados de la pol\u00edtica.Esos, antes beneficiados del pasado en demas\u00eda y quienes hoy, \u00fanicamente representan pedazos de osamenta del dinosaurio que piensa, sue\u00f1a podr\u00e1 volver en 2024.Hoy toda la base del [&hellip;]<\/p>\n","protected":false},"author":2,"featured_media":0,"comment_status":"closed","ping_status":"closed","sticky":false,"template":"","format":"standard","meta":{"tdm_status":"","tdm_grid_status":"","footnotes":""},"categories":[70],"tags":[23135,32606,572,32604,12535,1026,32605,3883,195,12372],"class_list":{"0":"post-87661","1":"post","2":"type-post","3":"status-publish","4":"format-standard","6":"category-de-opinion","7":"tag-adriana-munoz","8":"tag-adriana-munoz-cabrera","9":"tag-coatzintla","10":"tag-jorge-enrique-velasquez-perez","11":"tag-juan-manuel-unanue-abascal","12":"tag-morena","13":"tag-seccion-32-del-sindicato-nacional-de-trabajadores-de-la-educacion","14":"tag-snte","15":"tag-veracruz","16":"tag-zenyazen-escobar-garcia"},"yoast_head":"<!-- This site is optimized with the Yoast SEO plugin v27.4 - https:\/\/yoast.com\/product\/yoast-seo-wordpress\/ -->\n<title>Limpieza en el SNTE - Los pol\u00edticos Veracruz<\/title>\n<meta name=\"robots\" content=\"index, follow, max-snippet:-1, max-image-preview:large, max-video-preview:-1\" \/>\n<link rel=\"canonical\" href=\"https:\/\/lospoliticosveracruz.com\/?p=87661\" \/>\n<meta property=\"og:locale\" content=\"es_ES\" \/>\n<meta property=\"og:type\" content=\"article\" \/>\n<meta property=\"og:title\" content=\"Limpieza en el SNTE - Los pol\u00edticos Veracruz\" \/>\n<meta property=\"og:description\" content=\"Adriana Mu\u00f1oz CabreraSin Rencores \u00abSeg\u00fan yo lo veo, si quieres el arco iris, tienes que aguantar la lluvia\u00bb. Dolly Parton.&#8212;\/\/\/&#8212;Fuera los l\u00edderes charros y desahuciados de la pol\u00edtica.Esos, antes beneficiados del pasado en demas\u00eda y quienes hoy, \u00fanicamente representan pedazos de osamenta del dinosaurio que piensa, sue\u00f1a podr\u00e1 volver en 2024.Hoy toda la base del [&hellip;]\" \/>\n<meta property=\"og:url\" content=\"https:\/\/lospoliticosveracruz.com\/?p=87661\" \/>\n<meta property=\"og:site_name\" content=\"Los pol\u00edticos Veracruz\" \/>\n<meta property=\"article:publisher\" content=\"https:\/\/www.facebook.com\/people\/Notimemes-de-los-Polticos\/61565672886568\/\" \/>\n<meta property=\"article:published_time\" content=\"2022-03-23T14:14:21+00:00\" \/>\n<meta property=\"article:modified_time\" content=\"2022-03-23T14:19:22+00:00\" \/>\n<meta property=\"og:image\" content=\"https:\/\/lospoliticosveracruz.com.mx\/wp-content\/uploads\/2021\/10\/WhatsApp-Image-2021-10-02-at-15.20.25-212x300.jpeg\" \/>\n<meta name=\"author\" content=\"Lo viste en Los Pol\u00edticos\" \/>\n<meta name=\"twitter:card\" content=\"summary_large_image\" \/>\n<meta name=\"twitter:creator\" content=\"@LosPoliticosVer\" \/>\n<meta name=\"twitter:site\" content=\"@LosPoliticosVer\" \/>\n<meta name=\"twitter:label1\" content=\"Escrito por\" \/>\n\t<meta name=\"twitter:data1\" content=\"Lo viste en Los Pol\u00edticos\" \/>\n\t<meta name=\"twitter:label2\" content=\"Tiempo de lectura\" \/>\n\t<meta name=\"twitter:data2\" content=\"6 minutos\" \/>\n<script type=\"application\/ld+json\" class=\"yoast-schema-graph\">{\"@context\":\"https:\\\/\\\/schema.org\",\"@graph\":[{\"@type\":\"Article\",\"@id\":\"https:\\\/\\\/lospoliticosveracruz.com\\\/?p=87661#article\",\"isPartOf\":{\"@id\":\"https:\\\/\\\/lospoliticosveracruz.com\\\/?p=87661\"},\"author\":{\"name\":\"Lo viste en Los Pol\u00edticos\",\"@id\":\"https:\\\/\\\/lospoliticosveracruz.com\\\/#\\\/schema\\\/person\\\/b8702bb0e538456e6efd07080bf2a4a2\"},\"headline\":\"Limpieza en el SNTE\",\"datePublished\":\"2022-03-23T14:14:21+00:00\",\"dateModified\":\"2022-03-23T14:19:22+00:00\",\"mainEntityOfPage\":{\"@id\":\"https:\\\/\\\/lospoliticosveracruz.com\\\/?p=87661\"},\"wordCount\":1283,\"publisher\":{\"@id\":\"https:\\\/\\\/lospoliticosveracruz.com\\\/#organization\"},\"image\":{\"@id\":\"https:\\\/\\\/lospoliticosveracruz.com\\\/?p=87661#primaryimage\"},\"thumbnailUrl\":\"https:\\\/\\\/lospoliticosveracruz.com.mx\\\/wp-content\\\/uploads\\\/2021\\\/10\\\/WhatsApp-Image-2021-10-02-at-15.20.25-212x300.jpeg\",\"keywords\":[\"Adriana Mu\u00f1oz\",\"Adriana Mu\u00f1oz Cabrera\",\"Coatzintla\",\"Jorge Enrique Vel\u00e1squez P\u00e9rez\",\"Juan Manuel Un\u00e1nue Abascal\",\"Morena\",\"Secci\u00f3n 32 del Sindicato Nacional de Trabajadores de la Educaci\u00f3n\",\"SNTE\",\"Veracruz\",\"Zenyazen Escobar Garc\u00eda\"],\"articleSection\":[\"De Opini\u00f3n\"],\"inLanguage\":\"es\"},{\"@type\":\"WebPage\",\"@id\":\"https:\\\/\\\/lospoliticosveracruz.com\\\/?p=87661\",\"url\":\"https:\\\/\\\/lospoliticosveracruz.com\\\/?p=87661\",\"name\":\"Limpieza en el SNTE - Los pol\u00edticos Veracruz\",\"isPartOf\":{\"@id\":\"https:\\\/\\\/lospoliticosveracruz.com\\\/#website\"},\"primaryImageOfPage\":{\"@id\":\"https:\\\/\\\/lospoliticosveracruz.com\\\/?p=87661#primaryimage\"},\"image\":{\"@id\":\"https:\\\/\\\/lospoliticosveracruz.com\\\/?p=87661#primaryimage\"},\"thumbnailUrl\":\"https:\\\/\\\/lospoliticosveracruz.com.mx\\\/wp-content\\\/uploads\\\/2021\\\/10\\\/WhatsApp-Image-2021-10-02-at-15.20.25-212x300.jpeg\",\"datePublished\":\"2022-03-23T14:14:21+00:00\",\"dateModified\":\"2022-03-23T14:19:22+00:00\",\"breadcrumb\":{\"@id\":\"https:\\\/\\\/lospoliticosveracruz.com\\\/?p=87661#breadcrumb\"},\"inLanguage\":\"es\",\"potentialAction\":[{\"@type\":\"ReadAction\",\"target\":[\"https:\\\/\\\/lospoliticosveracruz.com\\\/?p=87661\"]}]},{\"@type\":\"ImageObject\",\"inLanguage\":\"es\",\"@id\":\"https:\\\/\\\/lospoliticosveracruz.com\\\/?p=87661#primaryimage\",\"url\":\"https:\\\/\\\/lospoliticosveracruz.com.mx\\\/wp-content\\\/uploads\\\/2021\\\/10\\\/WhatsApp-Image-2021-10-02-at-15.20.25-212x300.jpeg\",\"contentUrl\":\"https:\\\/\\\/lospoliticosveracruz.com.mx\\\/wp-content\\\/uploads\\\/2021\\\/10\\\/WhatsApp-Image-2021-10-02-at-15.20.25-212x300.jpeg\"},{\"@type\":\"BreadcrumbList\",\"@id\":\"https:\\\/\\\/lospoliticosveracruz.com\\\/?p=87661#breadcrumb\",\"itemListElement\":[{\"@type\":\"ListItem\",\"position\":1,\"name\":\"Portada\",\"item\":\"https:\\\/\\\/lospoliticosveracruz.com\\\/\"},{\"@type\":\"ListItem\",\"position\":2,\"name\":\"Limpieza en el SNTE\"}]},{\"@type\":\"WebSite\",\"@id\":\"https:\\\/\\\/lospoliticosveracruz.com\\\/#website\",\"url\":\"https:\\\/\\\/lospoliticosveracruz.com\\\/\",\"name\":\"Los pol\u00edticos Veracruz\",\"description\":\"\",\"publisher\":{\"@id\":\"https:\\\/\\\/lospoliticosveracruz.com\\\/#organization\"},\"potentialAction\":[{\"@type\":\"SearchAction\",\"target\":{\"@type\":\"EntryPoint\",\"urlTemplate\":\"https:\\\/\\\/lospoliticosveracruz.com\\\/?s={search_term_string}\"},\"query-input\":{\"@type\":\"PropertyValueSpecification\",\"valueRequired\":true,\"valueName\":\"search_term_string\"}}],\"inLanguage\":\"es\"},{\"@type\":\"Organization\",\"@id\":\"https:\\\/\\\/lospoliticosveracruz.com\\\/#organization\",\"name\":\"Los pol\u00edticos Veracruz\",\"url\":\"https:\\\/\\\/lospoliticosveracruz.com\\\/\",\"logo\":{\"@type\":\"ImageObject\",\"inLanguage\":\"es\",\"@id\":\"https:\\\/\\\/lospoliticosveracruz.com\\\/#\\\/schema\\\/logo\\\/image\\\/\",\"url\":\"https:\\\/\\\/lospoliticosveracruz.com\\\/wp-content\\\/uploads\\\/2025\\\/12\\\/Logo-Nuevo-LOS-POLITICOS-1.jpg\",\"contentUrl\":\"https:\\\/\\\/lospoliticosveracruz.com\\\/wp-content\\\/uploads\\\/2025\\\/12\\\/Logo-Nuevo-LOS-POLITICOS-1.jpg\",\"width\":260,\"height\":70,\"caption\":\"Los pol\u00edticos Veracruz\"},\"image\":{\"@id\":\"https:\\\/\\\/lospoliticosveracruz.com\\\/#\\\/schema\\\/logo\\\/image\\\/\"},\"sameAs\":[\"https:\\\/\\\/www.facebook.com\\\/people\\\/Notimemes-de-los-Polticos\\\/61565672886568\\\/\",\"https:\\\/\\\/x.com\\\/LosPoliticosVer\"]},{\"@type\":\"Person\",\"@id\":\"https:\\\/\\\/lospoliticosveracruz.com\\\/#\\\/schema\\\/person\\\/b8702bb0e538456e6efd07080bf2a4a2\",\"name\":\"Lo viste en Los Pol\u00edticos\",\"image\":{\"@type\":\"ImageObject\",\"inLanguage\":\"es\",\"@id\":\"https:\\\/\\\/secure.gravatar.com\\\/avatar\\\/3a8de04a2656d44082be478bd6c086daa447c4651605818287b9532d3d0bd435?s=96&d=mm&r=g\",\"url\":\"https:\\\/\\\/secure.gravatar.com\\\/avatar\\\/3a8de04a2656d44082be478bd6c086daa447c4651605818287b9532d3d0bd435?s=96&d=mm&r=g\",\"contentUrl\":\"https:\\\/\\\/secure.gravatar.com\\\/avatar\\\/3a8de04a2656d44082be478bd6c086daa447c4651605818287b9532d3d0bd435?s=96&d=mm&r=g\",\"caption\":\"Lo viste en Los Pol\u00edticos\"},\"url\":\"https:\\\/\\\/lospoliticosveracruz.com\\\/?author=2\"}]}<\/script>\n<!-- \/ Yoast SEO plugin. -->","yoast_head_json":{"title":"Limpieza en el SNTE - Los pol\u00edticos Veracruz","robots":{"index":"index","follow":"follow","max-snippet":"max-snippet:-1","max-image-preview":"max-image-preview:large","max-video-preview":"max-video-preview:-1"},"canonical":"https:\/\/lospoliticosveracruz.com\/?p=87661","og_locale":"es_ES","og_type":"article","og_title":"Limpieza en el SNTE - Los pol\u00edticos Veracruz","og_description":"Adriana Mu\u00f1oz CabreraSin Rencores \u00abSeg\u00fan yo lo veo, si quieres el arco iris, tienes que aguantar la lluvia\u00bb. Dolly Parton.&#8212;\/\/\/&#8212;Fuera los l\u00edderes charros y desahuciados de la pol\u00edtica.Esos, antes beneficiados del pasado en demas\u00eda y quienes hoy, \u00fanicamente representan pedazos de osamenta del dinosaurio que piensa, sue\u00f1a podr\u00e1 volver en 2024.Hoy toda la base del [&hellip;]","og_url":"https:\/\/lospoliticosveracruz.com\/?p=87661","og_site_name":"Los pol\u00edticos Veracruz","article_publisher":"https:\/\/www.facebook.com\/people\/Notimemes-de-los-Polticos\/61565672886568\/","article_published_time":"2022-03-23T14:14:21+00:00","article_modified_time":"2022-03-23T14:19:22+00:00","og_image":[{"url":"https:\/\/lospoliticosveracruz.com.mx\/wp-content\/uploads\/2021\/10\/WhatsApp-Image-2021-10-02-at-15.20.25-212x300.jpeg","type":"","width":"","height":""}],"author":"Lo viste en Los Pol\u00edticos","twitter_card":"summary_large_image","twitter_creator":"@LosPoliticosVer","twitter_site":"@LosPoliticosVer","twitter_misc":{"Escrito por":"Lo viste en Los Pol\u00edticos","Tiempo de lectura":"6 minutos"},"schema":{"@context":"https:\/\/schema.org","@graph":[{"@type":"Article","@id":"https:\/\/lospoliticosveracruz.com\/?p=87661#article","isPartOf":{"@id":"https:\/\/lospoliticosveracruz.com\/?p=87661"},"author":{"name":"Lo viste en Los Pol\u00edticos","@id":"https:\/\/lospoliticosveracruz.com\/#\/schema\/person\/b8702bb0e538456e6efd07080bf2a4a2"},"headline":"Limpieza en el SNTE","datePublished":"2022-03-23T14:14:21+00:00","dateModified":"2022-03-23T14:19:22+00:00","mainEntityOfPage":{"@id":"https:\/\/lospoliticosveracruz.com\/?p=87661"},"wordCount":1283,"publisher":{"@id":"https:\/\/lospoliticosveracruz.com\/#organization"},"image":{"@id":"https:\/\/lospoliticosveracruz.com\/?p=87661#primaryimage"},"thumbnailUrl":"https:\/\/lospoliticosveracruz.com.mx\/wp-content\/uploads\/2021\/10\/WhatsApp-Image-2021-10-02-at-15.20.25-212x300.jpeg","keywords":["Adriana Mu\u00f1oz","Adriana Mu\u00f1oz Cabrera","Coatzintla","Jorge Enrique Vel\u00e1squez P\u00e9rez","Juan Manuel Un\u00e1nue Abascal","Morena","Secci\u00f3n 32 del Sindicato Nacional de Trabajadores de la Educaci\u00f3n","SNTE","Veracruz","Zenyazen Escobar Garc\u00eda"],"articleSection":["De Opini\u00f3n"],"inLanguage":"es"},{"@type":"WebPage","@id":"https:\/\/lospoliticosveracruz.com\/?p=87661","url":"https:\/\/lospoliticosveracruz.com\/?p=87661","name":"Limpieza en el SNTE - Los pol\u00edticos Veracruz","isPartOf":{"@id":"https:\/\/lospoliticosveracruz.com\/#website"},"primaryImageOfPage":{"@id":"https:\/\/lospoliticosveracruz.com\/?p=87661#primaryimage"},"image":{"@id":"https:\/\/lospoliticosveracruz.com\/?p=87661#primaryimage"},"thumbnailUrl":"https:\/\/lospoliticosveracruz.com.mx\/wp-content\/uploads\/2021\/10\/WhatsApp-Image-2021-10-02-at-15.20.25-212x300.jpeg","datePublished":"2022-03-23T14:14:21+00:00","dateModified":"2022-03-23T14:19:22+00:00","breadcrumb":{"@id":"https:\/\/lospoliticosveracruz.com\/?p=87661#breadcrumb"},"inLanguage":"es","potentialAction":[{"@type":"ReadAction","target":["https:\/\/lospoliticosveracruz.com\/?p=87661"]}]},{"@type":"ImageObject","inLanguage":"es","@id":"https:\/\/lospoliticosveracruz.com\/?p=87661#primaryimage","url":"https:\/\/lospoliticosveracruz.com.mx\/wp-content\/uploads\/2021\/10\/WhatsApp-Image-2021-10-02-at-15.20.25-212x300.jpeg","contentUrl":"https:\/\/lospoliticosveracruz.com.mx\/wp-content\/uploads\/2021\/10\/WhatsApp-Image-2021-10-02-at-15.20.25-212x300.jpeg"},{"@type":"BreadcrumbList","@id":"https:\/\/lospoliticosveracruz.com\/?p=87661#breadcrumb","itemListElement":[{"@type":"ListItem","position":1,"name":"Portada","item":"https:\/\/lospoliticosveracruz.com\/"},{"@type":"ListItem","position":2,"name":"Limpieza en el SNTE"}]},{"@type":"WebSite","@id":"https:\/\/lospoliticosveracruz.com\/#website","url":"https:\/\/lospoliticosveracruz.com\/","name":"Los pol\u00edticos Veracruz","description":"","publisher":{"@id":"https:\/\/lospoliticosveracruz.com\/#organization"},"potentialAction":[{"@type":"SearchAction","target":{"@type":"EntryPoint","urlTemplate":"https:\/\/lospoliticosveracruz.com\/?s={search_term_string}"},"query-input":{"@type":"PropertyValueSpecification","valueRequired":true,"valueName":"search_term_string"}}],"inLanguage":"es"},{"@type":"Organization","@id":"https:\/\/lospoliticosveracruz.com\/#organization","name":"Los pol\u00edticos Veracruz","url":"https:\/\/lospoliticosveracruz.com\/","logo":{"@type":"ImageObject","inLanguage":"es","@id":"https:\/\/lospoliticosveracruz.com\/#\/schema\/logo\/image\/","url":"https:\/\/lospoliticosveracruz.com\/wp-content\/uploads\/2025\/12\/Logo-Nuevo-LOS-POLITICOS-1.jpg","contentUrl":"https:\/\/lospoliticosveracruz.com\/wp-content\/uploads\/2025\/12\/Logo-Nuevo-LOS-POLITICOS-1.jpg","width":260,"height":70,"caption":"Los pol\u00edticos Veracruz"},"image":{"@id":"https:\/\/lospoliticosveracruz.com\/#\/schema\/logo\/image\/"},"sameAs":["https:\/\/www.facebook.com\/people\/Notimemes-de-los-Polticos\/61565672886568\/","https:\/\/x.com\/LosPoliticosVer"]},{"@type":"Person","@id":"https:\/\/lospoliticosveracruz.com\/#\/schema\/person\/b8702bb0e538456e6efd07080bf2a4a2","name":"Lo viste en Los Pol\u00edticos","image":{"@type":"ImageObject","inLanguage":"es","@id":"https:\/\/secure.gravatar.com\/avatar\/3a8de04a2656d44082be478bd6c086daa447c4651605818287b9532d3d0bd435?s=96&d=mm&r=g","url":"https:\/\/secure.gravatar.com\/avatar\/3a8de04a2656d44082be478bd6c086daa447c4651605818287b9532d3d0bd435?s=96&d=mm&r=g","contentUrl":"https:\/\/secure.gravatar.com\/avatar\/3a8de04a2656d44082be478bd6c086daa447c4651605818287b9532d3d0bd435?s=96&d=mm&r=g","caption":"Lo viste en Los Pol\u00edticos"},"url":"https:\/\/lospoliticosveracruz.com\/?author=2"}]}},"_links":{"self":[{"href":"https:\/\/lospoliticosveracruz.com\/index.php?rest_route=\/wp\/v2\/posts\/87661","targetHints":{"allow":["GET"]}}],"collection":[{"href":"https:\/\/lospoliticosveracruz.com\/index.php?rest_route=\/wp\/v2\/posts"}],"about":[{"href":"https:\/\/lospoliticosveracruz.com\/index.php?rest_route=\/wp\/v2\/types\/post"}],"author":[{"embeddable":true,"href":"https:\/\/lospoliticosveracruz.com\/index.php?rest_route=\/wp\/v2\/users\/2"}],"replies":[{"embeddable":true,"href":"https:\/\/lospoliticosveracruz.com\/index.php?rest_route=%2Fwp%2Fv2%2Fcomments&post=87661"}],"version-history":[{"count":2,"href":"https:\/\/lospoliticosveracruz.com\/index.php?rest_route=\/wp\/v2\/posts\/87661\/revisions"}],"predecessor-version":[{"id":87664,"href":"https:\/\/lospoliticosveracruz.com\/index.php?rest_route=\/wp\/v2\/posts\/87661\/revisions\/87664"}],"wp:attachment":[{"href":"https:\/\/lospoliticosveracruz.com\/index.php?rest_route=%2Fwp%2Fv2%2Fmedia&parent=87661"}],"wp:term":[{"taxonomy":"category","embeddable":true,"href":"https:\/\/lospoliticosveracruz.com\/index.php?rest_route=%2Fwp%2Fv2%2Fcategories&post=87661"},{"taxonomy":"post_tag","embeddable":true,"href":"https:\/\/lospoliticosveracruz.com\/index.php?rest_route=%2Fwp%2Fv2%2Ftags&post=87661"}],"curies":[{"name":"wp","href":"https:\/\/api.w.org\/{rel}","templated":true}]}}