{"id":87665,"date":"2022-03-23T10:07:11","date_gmt":"2022-03-23T16:07:11","guid":{"rendered":"https:\/\/lospoliticosveracruz.com.mx\/?p=87665"},"modified":"2022-03-23T10:07:42","modified_gmt":"2022-03-23T16:07:42","slug":"zeg-pierde-la-32","status":"publish","type":"post","link":"https:\/\/lospoliticosveracruz.com\/?p=87665","title":{"rendered":"ZEG pierde la 32"},"content":{"rendered":"\n<p><\/p>\n\n\n\n<p><br><strong>Ignacio Alvarez<\/strong><br><em>Pluma Negra<\/em><\/p>\n\n\n\n<p><\/p>\n\n\n\n<p>A ocho d\u00edas de la elecci\u00f3n, es ya un secreto a voces que el gobierno de Veracruz tiene las manos metidas en el proceso interno para elegir al nuevo secretario general de la Secci\u00f3n 32 del Sindicato Nacional de trabajadores de la educaci\u00f3n, en especial la Secretar\u00eda de Educaci\u00f3n de Veracruz a cargo de Zenyazen Escobar Garc\u00eda. que infiltr\u00f3 casi todas las planillas con personal de su confianza.<\/p>\n\n\n\n<p>Pues de las cinco planillas existentes debidamente registradas, cuatro de \u00e9stas tienen registrados a funcionarios que actualmente laboran en SEV. Tal es el caso de la maestra Roxana Mina, actual jefa de supervisores de la Direcci\u00f3n de Educaci\u00f3n Ind\u00edgena, por dar un ejemplo.<\/p>\n\n\n\n<p>Uno de los aciertos de los que hasta hoy manejan los destinos de la Secci\u00f3n 32 es el haber elegido a los integrantes de su planilla de manera democr\u00e1tica e incluyente de todo el estado, y es que el hoy candidato Daniel Covarrubias fue elegido por las bases en Misantla el pasado 12 de Marzo, un hecho hist\u00f3rico e in\u00e9dito para esta organizaci\u00f3n sindical, el evento sufri\u00f3 una descalificaci\u00f3n medi\u00e1tica brutal.<\/p>\n\n\n\n<p>Es por eso que la labor del famoso \u00abEquipo Pol\u00edtico\u00bb del extinto Juan Nicol\u00e1s Callejas Arroyo es tit\u00e1nica, pues expresan que \u00e9l patr\u00f3n no puede ser juez y parte de tan delicados temas laborales.<\/p>\n\n\n\n<p>La estrategia oficial es fracturar a la organizaci\u00f3n y pulverizar el voto de los 95 mil maestros para obtener una ventaja a favor de cualquiera de las tres salidas del titular de la SEV; Reivindicaci\u00f3n Democr\u00e1tica Magisterial de Enrique Vel\u00e1zquez P\u00e9rez, la Planilla Guinda de Diego Galdino P\u00e9rez activista de MORENA y el MMPV de Miguel P\u00e9rez Presa, organizaci\u00f3n a la que perteneci\u00f3 el actual secretario de Educaci\u00f3n.<\/p>\n\n\n\n<p>Como ariete alterno y comod\u00edn, se coloc\u00f3 a Wenceslao Vargas M\u00e1rquez que tendr\u00e1 una funci\u00f3n a\u00fan no definida; todos tienen la misi\u00f3n de arrancar la Secci\u00f3n 32 al Equipo Pol\u00edtico que esta vez no forma parte de las alianzas pol\u00edticas con el partido en el gobierno estatal.<\/p>\n\n\n\n<p>En esta grilla sindical la etiqueta que se mira desde afuera es la deslealtad, ya que nombres como el de Enrique Vel\u00e1zquez, Dulce Mar\u00eda Bauza, Paty Pe\u00f1a Recio, Tom\u00e1s Arrieta, todos fueron formados por Juan Nicol\u00e1s Callejas Arroyo y hoy traicionan al Equipo Pol\u00edtico.<\/p>\n\n\n\n<p>Habr\u00e1 que ver de qu\u00e9 cuero salen m\u00e1s correas el pr\u00f3ximo 1 de abril, que se realice la elecci\u00f3n para renovar la Secci\u00f3n 32 del SNTE en Veracruz, el resultado sin duda alguna, tendr\u00e1 un mensaje pol\u00edtico para el 2024.<\/p>\n\n\n\n<p>Desgracia en Soledad de Doblado<br>El pasado 16 de marzo, el Director Municipal de Protecci\u00f3n Civil, Samuel Garc\u00eda Sosa, junto con los seis elementos que formaban esa corporaci\u00f3n decidieron renunciar ante la alcaldes Aranxa Zamiti Sosa debido a la falta de equipo e importancia de la administraci\u00f3n local hacia esa \u00e1rea de gobierno, ayer 22 de marzo, un fatal accidente en la Iglesia evidenci\u00f3 el error de las autoridades locales con un saldo de un muerto y dos heridos.<\/p>\n\n\n\n<p>En el colapso de una marquesina de la iglesia La Virgen de la Candelaria, fue necesario pedir ayuda a personal de Protecci\u00f3n Civil de Camar\u00f3n de Tejeda que por obvias razones tard\u00f3 en llegar y fue demasiado tarde para salvar la vida de una persona, pero se atendieron a dos m\u00e1s que resultaron lesionadas .<\/p>\n\n\n\n<p>Ante la renuncia del equipo, la alcaldesa endos\u00f3 a la polic\u00eda municipal la tarea e protecci\u00f3n civil, sin contar con la capacitaci\u00f3n y sin el equipo necesario para atender contingencias, el comandante Julio Alarc\u00f3n acat\u00f3 la instrucci\u00f3n, son embargo, este martes se demostr\u00f3 que no funcion\u00f3 para una contingencia.<\/p>\n","protected":false},"excerpt":{"rendered":"<p>Ignacio AlvarezPluma Negra A ocho d\u00edas de la elecci\u00f3n, es ya un secreto a voces que el gobierno de Veracruz tiene las manos metidas en el proceso interno para elegir al nuevo secretario general de la Secci\u00f3n 32 del Sindicato Nacional de trabajadores de la educaci\u00f3n, en especial la Secretar\u00eda de Educaci\u00f3n de Veracruz a [&hellip;]<\/p>\n","protected":false},"author":2,"featured_media":0,"comment_status":"closed","ping_status":"closed","sticky":false,"template":"","format":"standard","meta":{"tdm_status":"","tdm_grid_status":"","footnotes":""},"categories":[70],"tags":[28674,377,32608,21829,32607,3883,12372],"class_list":{"0":"post-87665","1":"post","2":"type-post","3":"status-publish","4":"format-standard","6":"category-de-opinion","7":"tag-ignacio-alvarez","8":"tag-juan-nicolas-callejas-arroyo","9":"tag-roxana-mina","10":"tag-seccion-32-del-snte","11":"tag-sindicato-nacional-de-trabajadores-de-la-educacion","12":"tag-snte","13":"tag-zenyazen-escobar-garcia"},"yoast_head":"<!-- This site is optimized with the Yoast SEO plugin v27.4 - https:\/\/yoast.com\/product\/yoast-seo-wordpress\/ -->\n<title>ZEG pierde la 32 - Los pol\u00edticos Veracruz<\/title>\n<meta name=\"robots\" content=\"index, follow, max-snippet:-1, max-image-preview:large, max-video-preview:-1\" \/>\n<link rel=\"canonical\" href=\"https:\/\/lospoliticosveracruz.com\/?p=87665\" \/>\n<meta property=\"og:locale\" content=\"es_ES\" \/>\n<meta property=\"og:type\" content=\"article\" \/>\n<meta property=\"og:title\" content=\"ZEG pierde la 32 - Los pol\u00edticos Veracruz\" \/>\n<meta property=\"og:description\" content=\"Ignacio AlvarezPluma Negra A ocho d\u00edas de la elecci\u00f3n, es ya un secreto a voces que el gobierno de Veracruz tiene las manos metidas en el proceso interno para elegir al nuevo secretario general de la Secci\u00f3n 32 del Sindicato Nacional de trabajadores de la educaci\u00f3n, en especial la Secretar\u00eda de Educaci\u00f3n de Veracruz a [&hellip;]\" \/>\n<meta property=\"og:url\" content=\"https:\/\/lospoliticosveracruz.com\/?p=87665\" \/>\n<meta property=\"og:site_name\" content=\"Los pol\u00edticos Veracruz\" \/>\n<meta property=\"article:publisher\" content=\"https:\/\/www.facebook.com\/people\/Notimemes-de-los-Polticos\/61565672886568\/\" \/>\n<meta property=\"article:published_time\" content=\"2022-03-23T16:07:11+00:00\" \/>\n<meta property=\"article:modified_time\" content=\"2022-03-23T16:07:42+00:00\" \/>\n<meta property=\"og:image\" content=\"https:\/\/lospoliticosveracruz.com\/wp-content\/uploads\/2016\/07\/Logo-Dor.jpg\" \/>\n\t<meta property=\"og:image:width\" content=\"200\" \/>\n\t<meta property=\"og:image:height\" content=\"200\" \/>\n\t<meta property=\"og:image:type\" content=\"image\/jpeg\" \/>\n<meta name=\"author\" content=\"Lo viste en Los Pol\u00edticos\" \/>\n<meta name=\"twitter:card\" content=\"summary_large_image\" \/>\n<meta name=\"twitter:creator\" content=\"@LosPoliticosVer\" \/>\n<meta name=\"twitter:site\" content=\"@LosPoliticosVer\" \/>\n<meta name=\"twitter:label1\" content=\"Escrito por\" \/>\n\t<meta name=\"twitter:data1\" content=\"Lo viste en Los Pol\u00edticos\" \/>\n\t<meta name=\"twitter:label2\" content=\"Tiempo de lectura\" \/>\n\t<meta name=\"twitter:data2\" content=\"3 minutos\" \/>\n<script type=\"application\/ld+json\" class=\"yoast-schema-graph\">{\"@context\":\"https:\\\/\\\/schema.org\",\"@graph\":[{\"@type\":\"Article\",\"@id\":\"https:\\\/\\\/lospoliticosveracruz.com\\\/?p=87665#article\",\"isPartOf\":{\"@id\":\"https:\\\/\\\/lospoliticosveracruz.com\\\/?p=87665\"},\"author\":{\"name\":\"Lo viste en Los Pol\u00edticos\",\"@id\":\"https:\\\/\\\/lospoliticosveracruz.com\\\/#\\\/schema\\\/person\\\/b8702bb0e538456e6efd07080bf2a4a2\"},\"headline\":\"ZEG pierde la 32\",\"datePublished\":\"2022-03-23T16:07:11+00:00\",\"dateModified\":\"2022-03-23T16:07:42+00:00\",\"mainEntityOfPage\":{\"@id\":\"https:\\\/\\\/lospoliticosveracruz.com\\\/?p=87665\"},\"wordCount\":654,\"publisher\":{\"@id\":\"https:\\\/\\\/lospoliticosveracruz.com\\\/#organization\"},\"keywords\":[\"Ignacio Alvarez\",\"Juan Nicol\u00e1s Callejas Arroyo\",\"Roxana Mina\",\"Secci\u00f3n 32 del SNTE\",\"Sindicato Nacional de trabajadores de la educaci\u00f3n\",\"SNTE\",\"Zenyazen Escobar Garc\u00eda\"],\"articleSection\":[\"De Opini\u00f3n\"],\"inLanguage\":\"es\"},{\"@type\":\"WebPage\",\"@id\":\"https:\\\/\\\/lospoliticosveracruz.com\\\/?p=87665\",\"url\":\"https:\\\/\\\/lospoliticosveracruz.com\\\/?p=87665\",\"name\":\"ZEG pierde la 32 - Los pol\u00edticos Veracruz\",\"isPartOf\":{\"@id\":\"https:\\\/\\\/lospoliticosveracruz.com\\\/#website\"},\"datePublished\":\"2022-03-23T16:07:11+00:00\",\"dateModified\":\"2022-03-23T16:07:42+00:00\",\"breadcrumb\":{\"@id\":\"https:\\\/\\\/lospoliticosveracruz.com\\\/?p=87665#breadcrumb\"},\"inLanguage\":\"es\",\"potentialAction\":[{\"@type\":\"ReadAction\",\"target\":[\"https:\\\/\\\/lospoliticosveracruz.com\\\/?p=87665\"]}]},{\"@type\":\"BreadcrumbList\",\"@id\":\"https:\\\/\\\/lospoliticosveracruz.com\\\/?p=87665#breadcrumb\",\"itemListElement\":[{\"@type\":\"ListItem\",\"position\":1,\"name\":\"Portada\",\"item\":\"https:\\\/\\\/lospoliticosveracruz.com\\\/\"},{\"@type\":\"ListItem\",\"position\":2,\"name\":\"ZEG pierde la 32\"}]},{\"@type\":\"WebSite\",\"@id\":\"https:\\\/\\\/lospoliticosveracruz.com\\\/#website\",\"url\":\"https:\\\/\\\/lospoliticosveracruz.com\\\/\",\"name\":\"Los pol\u00edticos Veracruz\",\"description\":\"\",\"publisher\":{\"@id\":\"https:\\\/\\\/lospoliticosveracruz.com\\\/#organization\"},\"potentialAction\":[{\"@type\":\"SearchAction\",\"target\":{\"@type\":\"EntryPoint\",\"urlTemplate\":\"https:\\\/\\\/lospoliticosveracruz.com\\\/?s={search_term_string}\"},\"query-input\":{\"@type\":\"PropertyValueSpecification\",\"valueRequired\":true,\"valueName\":\"search_term_string\"}}],\"inLanguage\":\"es\"},{\"@type\":\"Organization\",\"@id\":\"https:\\\/\\\/lospoliticosveracruz.com\\\/#organization\",\"name\":\"Los pol\u00edticos Veracruz\",\"url\":\"https:\\\/\\\/lospoliticosveracruz.com\\\/\",\"logo\":{\"@type\":\"ImageObject\",\"inLanguage\":\"es\",\"@id\":\"https:\\\/\\\/lospoliticosveracruz.com\\\/#\\\/schema\\\/logo\\\/image\\\/\",\"url\":\"https:\\\/\\\/lospoliticosveracruz.com\\\/wp-content\\\/uploads\\\/2025\\\/12\\\/Logo-Nuevo-LOS-POLITICOS-1.jpg\",\"contentUrl\":\"https:\\\/\\\/lospoliticosveracruz.com\\\/wp-content\\\/uploads\\\/2025\\\/12\\\/Logo-Nuevo-LOS-POLITICOS-1.jpg\",\"width\":260,\"height\":70,\"caption\":\"Los pol\u00edticos Veracruz\"},\"image\":{\"@id\":\"https:\\\/\\\/lospoliticosveracruz.com\\\/#\\\/schema\\\/logo\\\/image\\\/\"},\"sameAs\":[\"https:\\\/\\\/www.facebook.com\\\/people\\\/Notimemes-de-los-Polticos\\\/61565672886568\\\/\",\"https:\\\/\\\/x.com\\\/LosPoliticosVer\"]},{\"@type\":\"Person\",\"@id\":\"https:\\\/\\\/lospoliticosveracruz.com\\\/#\\\/schema\\\/person\\\/b8702bb0e538456e6efd07080bf2a4a2\",\"name\":\"Lo viste en Los Pol\u00edticos\",\"image\":{\"@type\":\"ImageObject\",\"inLanguage\":\"es\",\"@id\":\"https:\\\/\\\/secure.gravatar.com\\\/avatar\\\/3a8de04a2656d44082be478bd6c086daa447c4651605818287b9532d3d0bd435?s=96&d=mm&r=g\",\"url\":\"https:\\\/\\\/secure.gravatar.com\\\/avatar\\\/3a8de04a2656d44082be478bd6c086daa447c4651605818287b9532d3d0bd435?s=96&d=mm&r=g\",\"contentUrl\":\"https:\\\/\\\/secure.gravatar.com\\\/avatar\\\/3a8de04a2656d44082be478bd6c086daa447c4651605818287b9532d3d0bd435?s=96&d=mm&r=g\",\"caption\":\"Lo viste en Los Pol\u00edticos\"},\"url\":\"https:\\\/\\\/lospoliticosveracruz.com\\\/?author=2\"}]}<\/script>\n<!-- \/ Yoast SEO plugin. -->","yoast_head_json":{"title":"ZEG pierde la 32 - Los pol\u00edticos Veracruz","robots":{"index":"index","follow":"follow","max-snippet":"max-snippet:-1","max-image-preview":"max-image-preview:large","max-video-preview":"max-video-preview:-1"},"canonical":"https:\/\/lospoliticosveracruz.com\/?p=87665","og_locale":"es_ES","og_type":"article","og_title":"ZEG pierde la 32 - Los pol\u00edticos Veracruz","og_description":"Ignacio AlvarezPluma Negra A ocho d\u00edas de la elecci\u00f3n, es ya un secreto a voces que el gobierno de Veracruz tiene las manos metidas en el proceso interno para elegir al nuevo secretario general de la Secci\u00f3n 32 del Sindicato Nacional de trabajadores de la educaci\u00f3n, en especial la Secretar\u00eda de Educaci\u00f3n de Veracruz a [&hellip;]","og_url":"https:\/\/lospoliticosveracruz.com\/?p=87665","og_site_name":"Los pol\u00edticos Veracruz","article_publisher":"https:\/\/www.facebook.com\/people\/Notimemes-de-los-Polticos\/61565672886568\/","article_published_time":"2022-03-23T16:07:11+00:00","article_modified_time":"2022-03-23T16:07:42+00:00","og_image":[{"width":200,"height":200,"url":"https:\/\/lospoliticosveracruz.com\/wp-content\/uploads\/2016\/07\/Logo-Dor.jpg","type":"image\/jpeg"}],"author":"Lo viste en Los Pol\u00edticos","twitter_card":"summary_large_image","twitter_creator":"@LosPoliticosVer","twitter_site":"@LosPoliticosVer","twitter_misc":{"Escrito por":"Lo viste en Los Pol\u00edticos","Tiempo de lectura":"3 minutos"},"schema":{"@context":"https:\/\/schema.org","@graph":[{"@type":"Article","@id":"https:\/\/lospoliticosveracruz.com\/?p=87665#article","isPartOf":{"@id":"https:\/\/lospoliticosveracruz.com\/?p=87665"},"author":{"name":"Lo viste en Los Pol\u00edticos","@id":"https:\/\/lospoliticosveracruz.com\/#\/schema\/person\/b8702bb0e538456e6efd07080bf2a4a2"},"headline":"ZEG pierde la 32","datePublished":"2022-03-23T16:07:11+00:00","dateModified":"2022-03-23T16:07:42+00:00","mainEntityOfPage":{"@id":"https:\/\/lospoliticosveracruz.com\/?p=87665"},"wordCount":654,"publisher":{"@id":"https:\/\/lospoliticosveracruz.com\/#organization"},"keywords":["Ignacio Alvarez","Juan Nicol\u00e1s Callejas Arroyo","Roxana Mina","Secci\u00f3n 32 del SNTE","Sindicato Nacional de trabajadores de la educaci\u00f3n","SNTE","Zenyazen Escobar Garc\u00eda"],"articleSection":["De Opini\u00f3n"],"inLanguage":"es"},{"@type":"WebPage","@id":"https:\/\/lospoliticosveracruz.com\/?p=87665","url":"https:\/\/lospoliticosveracruz.com\/?p=87665","name":"ZEG pierde la 32 - Los pol\u00edticos Veracruz","isPartOf":{"@id":"https:\/\/lospoliticosveracruz.com\/#website"},"datePublished":"2022-03-23T16:07:11+00:00","dateModified":"2022-03-23T16:07:42+00:00","breadcrumb":{"@id":"https:\/\/lospoliticosveracruz.com\/?p=87665#breadcrumb"},"inLanguage":"es","potentialAction":[{"@type":"ReadAction","target":["https:\/\/lospoliticosveracruz.com\/?p=87665"]}]},{"@type":"BreadcrumbList","@id":"https:\/\/lospoliticosveracruz.com\/?p=87665#breadcrumb","itemListElement":[{"@type":"ListItem","position":1,"name":"Portada","item":"https:\/\/lospoliticosveracruz.com\/"},{"@type":"ListItem","position":2,"name":"ZEG pierde la 32"}]},{"@type":"WebSite","@id":"https:\/\/lospoliticosveracruz.com\/#website","url":"https:\/\/lospoliticosveracruz.com\/","name":"Los pol\u00edticos Veracruz","description":"","publisher":{"@id":"https:\/\/lospoliticosveracruz.com\/#organization"},"potentialAction":[{"@type":"SearchAction","target":{"@type":"EntryPoint","urlTemplate":"https:\/\/lospoliticosveracruz.com\/?s={search_term_string}"},"query-input":{"@type":"PropertyValueSpecification","valueRequired":true,"valueName":"search_term_string"}}],"inLanguage":"es"},{"@type":"Organization","@id":"https:\/\/lospoliticosveracruz.com\/#organization","name":"Los pol\u00edticos Veracruz","url":"https:\/\/lospoliticosveracruz.com\/","logo":{"@type":"ImageObject","inLanguage":"es","@id":"https:\/\/lospoliticosveracruz.com\/#\/schema\/logo\/image\/","url":"https:\/\/lospoliticosveracruz.com\/wp-content\/uploads\/2025\/12\/Logo-Nuevo-LOS-POLITICOS-1.jpg","contentUrl":"https:\/\/lospoliticosveracruz.com\/wp-content\/uploads\/2025\/12\/Logo-Nuevo-LOS-POLITICOS-1.jpg","width":260,"height":70,"caption":"Los pol\u00edticos Veracruz"},"image":{"@id":"https:\/\/lospoliticosveracruz.com\/#\/schema\/logo\/image\/"},"sameAs":["https:\/\/www.facebook.com\/people\/Notimemes-de-los-Polticos\/61565672886568\/","https:\/\/x.com\/LosPoliticosVer"]},{"@type":"Person","@id":"https:\/\/lospoliticosveracruz.com\/#\/schema\/person\/b8702bb0e538456e6efd07080bf2a4a2","name":"Lo viste en Los Pol\u00edticos","image":{"@type":"ImageObject","inLanguage":"es","@id":"https:\/\/secure.gravatar.com\/avatar\/3a8de04a2656d44082be478bd6c086daa447c4651605818287b9532d3d0bd435?s=96&d=mm&r=g","url":"https:\/\/secure.gravatar.com\/avatar\/3a8de04a2656d44082be478bd6c086daa447c4651605818287b9532d3d0bd435?s=96&d=mm&r=g","contentUrl":"https:\/\/secure.gravatar.com\/avatar\/3a8de04a2656d44082be478bd6c086daa447c4651605818287b9532d3d0bd435?s=96&d=mm&r=g","caption":"Lo viste en Los Pol\u00edticos"},"url":"https:\/\/lospoliticosveracruz.com\/?author=2"}]}},"_links":{"self":[{"href":"https:\/\/lospoliticosveracruz.com\/index.php?rest_route=\/wp\/v2\/posts\/87665","targetHints":{"allow":["GET"]}}],"collection":[{"href":"https:\/\/lospoliticosveracruz.com\/index.php?rest_route=\/wp\/v2\/posts"}],"about":[{"href":"https:\/\/lospoliticosveracruz.com\/index.php?rest_route=\/wp\/v2\/types\/post"}],"author":[{"embeddable":true,"href":"https:\/\/lospoliticosveracruz.com\/index.php?rest_route=\/wp\/v2\/users\/2"}],"replies":[{"embeddable":true,"href":"https:\/\/lospoliticosveracruz.com\/index.php?rest_route=%2Fwp%2Fv2%2Fcomments&post=87665"}],"version-history":[{"count":2,"href":"https:\/\/lospoliticosveracruz.com\/index.php?rest_route=\/wp\/v2\/posts\/87665\/revisions"}],"predecessor-version":[{"id":87668,"href":"https:\/\/lospoliticosveracruz.com\/index.php?rest_route=\/wp\/v2\/posts\/87665\/revisions\/87668"}],"wp:attachment":[{"href":"https:\/\/lospoliticosveracruz.com\/index.php?rest_route=%2Fwp%2Fv2%2Fmedia&parent=87665"}],"wp:term":[{"taxonomy":"category","embeddable":true,"href":"https:\/\/lospoliticosveracruz.com\/index.php?rest_route=%2Fwp%2Fv2%2Fcategories&post=87665"},{"taxonomy":"post_tag","embeddable":true,"href":"https:\/\/lospoliticosveracruz.com\/index.php?rest_route=%2Fwp%2Fv2%2Ftags&post=87665"}],"curies":[{"name":"wp","href":"https:\/\/api.w.org\/{rel}","templated":true}]}}