{"id":87775,"date":"2022-03-25T07:59:40","date_gmt":"2022-03-25T13:59:40","guid":{"rendered":"https:\/\/lospoliticosveracruz.com.mx\/?p=87775"},"modified":"2022-03-25T07:59:44","modified_gmt":"2022-03-25T13:59:44","slug":"el-presente-de-cuic","status":"publish","type":"post","link":"https:\/\/lospoliticosveracruz.com\/?p=87775","title":{"rendered":"El presente de Cuic"},"content":{"rendered":"\n<p><\/p>\n\n\n\n<p><br><strong>Ricardo Ch\u00faa<\/strong><br><em>Sale y Vale<\/em><\/p>\n\n\n\n<p><\/p>\n\n\n\n<p>Despu\u00e9s que la propia Secretar\u00eda de la Defensa Nacional (SEDENA) le dio un \u00abrepaso\u00bb al gobierno de Cuitl\u00e1huac Garc\u00eda\u2026 Sobre los \u00edndices de delitos e inseguridad que vive Veracruz\u2026 Donde seg\u00fan el mandatario estatal se\u00f1ala que la entidad es un sitio ya donde los delitos van a la baja.. Donde la polic\u00eda combate al crimen y donde el crimen organizado, se ha ido \u00abmermando\u00bb\u2026 Se \u00abengalana\u00bb como si fuese \u00abBatman\u00bb, pero la realidad es que hoy, los robos est\u00e1n a la orden del d\u00eda y la ciudadan\u00eda se siente m\u00e1s insegura\u2026<\/p>\n\n\n\n<div class=\"wp-block-image\"><figure class=\"alignleft size-medium\"><a href=\"https:\/\/lospoliticosveracruz.com.mx\/wp-content\/uploads\/2021\/10\/Zacauilt.jpg\"><img decoding=\"async\" src=\"https:\/\/lospoliticosveracruz.com.mx\/wp-content\/uploads\/2021\/10\/Zacauilt-150x300.jpg\" alt=\"\" class=\"wp-image-80558\"\/><\/a><\/figure><\/div>\n\n\n\n<p>Pero para que no quede duda.. Es que en las encuestas publicadas ayer, mencionan que hoy se ubica a Veracruz, dentro de las 10 entidades m\u00e1s inseguras del pa\u00eds\u2026 Y que como gobernador s\u00f3lo tiene el 25 por ciento de aprobaci\u00f3n ciudadana en la entidad que gobierna hace casi 3 a\u00f1os 6 meses.. Lo cual lo coloca en el lugar n\u00famero 25 de los 32 gobernadores del pa\u00eds\u2026 Esto fue un \u00abgolpe\u00bb frontal a su gobierno\u2026 Debido a que la inseguridad es un tema transversal\u2026 Y no de una sola l\u00ednea\u2026<\/p>\n\n\n\n<p>A lo mejor al gobernador xalape\u00f1o, no le ha quedado claro, que esto no se resuelve con la militarizaci\u00f3n o simular dentro de la seguridad\u2026 Sino que realmente tiene que atenderse realmente el problema desde distintos puntos de vista y \u00e1mbitos de los problemas que sufre la ciudadan\u00eda en general en Veracruz\u2026 En unas zonas son asaltos, otros secuestros, robos de autos o casa habitaci\u00f3n o en algunas regiones el abigeato\u2026 Por eso, no se puede hablar de bajar los \u00edndices delictivos cuando no tiene siquiera un completo n\u00famero de polic\u00edas\u2026<\/p>\n\n\n\n<p>OJO todo esto sale de un an\u00e1lisis e informe propio de la SEDENA y ni modo que el gobernador veracruzano DESMIENTA al General Secretario.. Pero a estas alturas del partido\u2026 Si Cuitl\u00e1huac tiene abiertos frentes con senadores o ministros de la Suprema Corte de Justicia de la Naci\u00f3n, pues, ya se puede creer cualquier cosa\u2026 Y esto es algo palpable porque a pesar de que ha tomado decisiones anticonstitucionales\u2026 Le vale, las aplica y se \u00abecha para atr\u00e1s\u00bb cuando no puede m\u00e1s..<\/p>\n\n\n\n<p>S\u00f3lo para dar el ejemplo, de como no se atiende el tema de la inseguridad, desde su ra\u00edz\u2026 Hace tiempo anunciaron que los elementos de polic\u00eda estatal\u2026 Ya pueden acceder a cr\u00e9ditos de vivienda\u2026 Pero en la pasada Legislatura Local, que comandaba Juan Javier G\u00f3mez Cazar\u00edn, de MORENA, mandaron a la \u00abcongeladora\u00bb la iniciativa de ley y a los propios polic\u00edas\u2026 Una ley que les brindar\u00eda seguridad social a su familia\u2026 A Cazar\u00edn no le import\u00f3, si hoy un polic\u00eda saca un cr\u00e9dito y ma\u00f1ana cae en el cumplimiento de su deber\u2026 Qu\u00e9 va a pasar con su familia<\/p>\n\n\n\n<p>Sumado a todo eso\u2026 En Veracruz existe inseguridad porque tenemos lugares y regiones hostiles\u2026 Fraccionamientos que no tienen reconocimiento legal en sus municipios\u2026 Y los ayuntamientos que no pueden atraer inversiones porque eso es del pasado \u00abconservador\u00bb o del \u00abPRIAN\u00bb, entonces, como se puede generar empleos para abatir la inseguridad\u2026 No todos pueden acceder a los programas sociales de L\u00f3pez Obrador\u2026 El gobierno del Estado y los diputados locales de MORENA generan m\u00e1s condiciones para la inseguridad\u2026<\/p>\n\n\n\n<p>Si le seguimos sumando\u2026 Existe inseguridad porque tenemos centros de salud que piden a gritos que les den salud\u2026 Si un padre de familia no tiene acceso a un servicio de salud o no tiene dinero para pagar una medicina porque ya no hay \u00abseguro popular\u00bb, que har\u00e1 para salvar a su familia: Robar si es necesario\u2026 Adem\u00e1s no hay quien se sienta seguro de comprar una casa, un auto o poner un negocio estable, porque los \u00abpeque\u00f1os carteles\u00bb, como dice el gobernador, llegan y te piden \u00abcuota\u00bb\u2026 Y la SEDENA se lo hizo saber con estad\u00edsticas\u2026<\/p>\n\n\n\n<p>Por eso la pregunta es muy clara: \u00bfQu\u00e9 Veracruz es el que presume Cuitlahuac Garc\u00eda?\u2026 Este que le dijo la SEDENA o el de las \u00abcuentas alegres\u00bb que le quieren hacer creer a la ciudadan\u00eda\u2026 Por eso, la encuesta de \u00abMassive Caller\u00bb de la medici\u00f3n mensual de los gobernadores, dejando en el sitio 25 de aprobaci\u00f3n ciudadana al xalape\u00f1o\u2026 Est\u00e1 muy pegada a la realidad y esto demuestra que el gobernador de Veracruz, se est\u00e1 quedando s\u00f3lo\u2026 Ya que ese informe de \u00edndices de delitos lo hizo el Gobierno Federal, no los \u00abconservadores\u00bb\u2026<\/p>\n\n\n\n<p>Durante el bienio de Miguel \u00c1ngel Yunes, se se\u00f1alaba a menudo\u2026 Que despu\u00e9s de Javier Duarte y por la forma que termin\u00f3 su administraci\u00f3n cualquiera pod\u00eda ser gobernador\u2026 Pero nunca notaron que hasta Duarte ten\u00eda sus l\u00edmites\u2026 Hoy Cuitl\u00e1huac Garc\u00eda est\u00e1 m\u00e1s \u00abEMBELESADO\u00bb por crear una \u00abpantalla\u00bb para Andr\u00e9s Manuel L\u00f3pez Obrador, que quedar bien con la ciudadan\u00eda\u2026 Pero qu\u00e9 se puede esperar de alguien que prometi\u00f3 ERRADICAR el PASADO\u2026 Si el PASADO VIVE en su gobierno\u2026 EL QUE ENTENDIO\u2026 ENTENDI\u00d3.. AMEN\u2026<\/p>\n\n\n\n<p>EL BANCO DE PASO DE OVEJAS\u2026 Ante el rumor que se levant\u00f3 en la \u00abComarca\u00bb de Noemi y Alba V\u00e1ldez Alem\u00e1n\u2026 En P\u00e4so de Ovejas, el alcalde, Mario M\u00e1fara Ram\u00edrez, de MORENA, por la instalaci\u00f3n de un \u00abBanco del Bienestar\u00bb en pleno Portales de la Ciudad\u2026 Y como si le dijeran: \u00abc\u00f3rrele que ah\u00ed nos vienen\u00bb.. convoc\u00f3 a una urgente a sesi\u00f3n de cabildo para votar la instalaci\u00f3n de esta instituci\u00f3n, pese al malestar del pueblo\u2026 Donde de los 5 votantes, 4 fueron a favor y solo el voto del regidor de MC, Javier Ram\u00edrez Hern\u00e1ndez fue en contra\u2026<\/p>\n\n\n\n<p>Este edil molesto por la actitud de sus compa\u00f1eros ediles plasm\u00f3 su posicionamiento en su muro de Facebook para que los pasovenjes est\u00e9n enterados de lo que sucedi\u00f3\u2026 Pero que la manifestaci\u00f3n del pueblo puede revertir el punto de ubicaci\u00f3n\u2026 De su cuenta se lee: \u00abEn dicha sesi\u00f3n de cabildo propuse que se construyera el Banco frente a las oficinas del Registro Civil del palacio municipal para no afectar la fisonom\u00eda de la plaza de Los Hombres Ilustres\u00bb\u2026 Pero mandaron al regidor a \u00abfre\u00edr esp\u00e1rragos\u00bb\u2026<\/p>\n\n\n\n<p>As\u00ed que el alcalde sinti\u00e9ndose \u00abJuan Vargas\u00bb de la pel\u00edcula \u00abLa Ley de Herodes\u00bb, donde te chingas o te jodes\u2026 No import\u00f3 el clamor popular y por sus \u00abpistolas\u00bb impuso su decisi\u00f3n\u2026 Al parecer, al ser descubierto en su postura, pues, adelant\u00f3 una sesi\u00f3n de cabildo para permitir la construcci\u00f3n de tal Banco\u2026 Se ve que estaba \u00abenojao\u00bb el alcalde\u2026 Pero a\u00fan as\u00ed cumpli\u00f3 su capricho\u2026 Ojal\u00e1 la sensatez del delegado federal de Bienestar en Veracruz, Manuel Huerta, pueda redimir este asunto y evite m\u00e1s problemas al pueblo de Paso de Ovejas\u2026 TAN\u2026 TAN\u2026<\/p>\n","protected":false},"excerpt":{"rendered":"<p>Ricardo Ch\u00faaSale y Vale Despu\u00e9s que la propia Secretar\u00eda de la Defensa Nacional (SEDENA) le dio un \u00abrepaso\u00bb al gobierno de Cuitl\u00e1huac Garc\u00eda\u2026 Sobre los \u00edndices de delitos e inseguridad que vive Veracruz\u2026 Donde seg\u00fan el mandatario estatal se\u00f1ala que la entidad es un sitio ya donde los delitos van a la baja.. Donde la [&hellip;]<\/p>\n","protected":false},"author":2,"featured_media":0,"comment_status":"closed","ping_status":"closed","sticky":false,"template":"","format":"standard","meta":{"tdm_status":"","tdm_grid_status":"","footnotes":""},"categories":[70],"tags":[1563,12695,1026,761,195],"class_list":{"0":"post-87775","1":"post","2":"type-post","3":"status-publish","4":"format-standard","6":"category-de-opinion","7":"tag-cuitlahuac-garcia-jimenez","8":"tag-juan-javier-gomez-cazarin","9":"tag-morena","10":"tag-sedena","11":"tag-veracruz"},"yoast_head":"<!-- This site is optimized with the Yoast SEO plugin v27.4 - https:\/\/yoast.com\/product\/yoast-seo-wordpress\/ -->\n<title>El presente de Cuic - Los pol\u00edticos Veracruz<\/title>\n<meta name=\"robots\" content=\"index, follow, max-snippet:-1, max-image-preview:large, max-video-preview:-1\" \/>\n<link rel=\"canonical\" href=\"https:\/\/lospoliticosveracruz.com\/?p=87775\" \/>\n<meta property=\"og:locale\" content=\"es_ES\" \/>\n<meta property=\"og:type\" content=\"article\" \/>\n<meta property=\"og:title\" content=\"El presente de Cuic - Los pol\u00edticos Veracruz\" \/>\n<meta property=\"og:description\" content=\"Ricardo Ch\u00faaSale y Vale Despu\u00e9s que la propia Secretar\u00eda de la Defensa Nacional (SEDENA) le dio un \u00abrepaso\u00bb al gobierno de Cuitl\u00e1huac Garc\u00eda\u2026 Sobre los \u00edndices de delitos e inseguridad que vive Veracruz\u2026 Donde seg\u00fan el mandatario estatal se\u00f1ala que la entidad es un sitio ya donde los delitos van a la baja.. Donde la [&hellip;]\" \/>\n<meta property=\"og:url\" content=\"https:\/\/lospoliticosveracruz.com\/?p=87775\" \/>\n<meta property=\"og:site_name\" content=\"Los pol\u00edticos Veracruz\" \/>\n<meta property=\"article:publisher\" content=\"https:\/\/www.facebook.com\/people\/Notimemes-de-los-Polticos\/61565672886568\/\" \/>\n<meta property=\"article:published_time\" content=\"2022-03-25T13:59:40+00:00\" \/>\n<meta property=\"article:modified_time\" content=\"2022-03-25T13:59:44+00:00\" \/>\n<meta property=\"og:image\" content=\"https:\/\/lospoliticosveracruz.com.mx\/wp-content\/uploads\/2021\/10\/Zacauilt-150x300.jpg\" \/>\n<meta name=\"author\" content=\"Lo viste en Los Pol\u00edticos\" \/>\n<meta name=\"twitter:card\" content=\"summary_large_image\" \/>\n<meta name=\"twitter:creator\" content=\"@LosPoliticosVer\" \/>\n<meta name=\"twitter:site\" content=\"@LosPoliticosVer\" \/>\n<meta name=\"twitter:label1\" content=\"Escrito por\" \/>\n\t<meta name=\"twitter:data1\" content=\"Lo viste en Los Pol\u00edticos\" \/>\n\t<meta name=\"twitter:label2\" content=\"Tiempo de lectura\" \/>\n\t<meta name=\"twitter:data2\" content=\"6 minutos\" \/>\n<script type=\"application\/ld+json\" class=\"yoast-schema-graph\">{\"@context\":\"https:\\\/\\\/schema.org\",\"@graph\":[{\"@type\":\"Article\",\"@id\":\"https:\\\/\\\/lospoliticosveracruz.com\\\/?p=87775#article\",\"isPartOf\":{\"@id\":\"https:\\\/\\\/lospoliticosveracruz.com\\\/?p=87775\"},\"author\":{\"name\":\"Lo viste en Los Pol\u00edticos\",\"@id\":\"https:\\\/\\\/lospoliticosveracruz.com\\\/#\\\/schema\\\/person\\\/b8702bb0e538456e6efd07080bf2a4a2\"},\"headline\":\"El presente de Cuic\",\"datePublished\":\"2022-03-25T13:59:40+00:00\",\"dateModified\":\"2022-03-25T13:59:44+00:00\",\"mainEntityOfPage\":{\"@id\":\"https:\\\/\\\/lospoliticosveracruz.com\\\/?p=87775\"},\"wordCount\":1174,\"publisher\":{\"@id\":\"https:\\\/\\\/lospoliticosveracruz.com\\\/#organization\"},\"image\":{\"@id\":\"https:\\\/\\\/lospoliticosveracruz.com\\\/?p=87775#primaryimage\"},\"thumbnailUrl\":\"https:\\\/\\\/lospoliticosveracruz.com.mx\\\/wp-content\\\/uploads\\\/2021\\\/10\\\/Zacauilt-150x300.jpg\",\"keywords\":[\"Cuitl\u00e1huac Garc\u00eda Jim\u00e9nez\",\"Juan Javier G\u00f3mez Cazar\u00edn\",\"Morena\",\"Sedena\",\"Veracruz\"],\"articleSection\":[\"De Opini\u00f3n\"],\"inLanguage\":\"es\"},{\"@type\":\"WebPage\",\"@id\":\"https:\\\/\\\/lospoliticosveracruz.com\\\/?p=87775\",\"url\":\"https:\\\/\\\/lospoliticosveracruz.com\\\/?p=87775\",\"name\":\"El presente de Cuic - Los pol\u00edticos Veracruz\",\"isPartOf\":{\"@id\":\"https:\\\/\\\/lospoliticosveracruz.com\\\/#website\"},\"primaryImageOfPage\":{\"@id\":\"https:\\\/\\\/lospoliticosveracruz.com\\\/?p=87775#primaryimage\"},\"image\":{\"@id\":\"https:\\\/\\\/lospoliticosveracruz.com\\\/?p=87775#primaryimage\"},\"thumbnailUrl\":\"https:\\\/\\\/lospoliticosveracruz.com.mx\\\/wp-content\\\/uploads\\\/2021\\\/10\\\/Zacauilt-150x300.jpg\",\"datePublished\":\"2022-03-25T13:59:40+00:00\",\"dateModified\":\"2022-03-25T13:59:44+00:00\",\"breadcrumb\":{\"@id\":\"https:\\\/\\\/lospoliticosveracruz.com\\\/?p=87775#breadcrumb\"},\"inLanguage\":\"es\",\"potentialAction\":[{\"@type\":\"ReadAction\",\"target\":[\"https:\\\/\\\/lospoliticosveracruz.com\\\/?p=87775\"]}]},{\"@type\":\"ImageObject\",\"inLanguage\":\"es\",\"@id\":\"https:\\\/\\\/lospoliticosveracruz.com\\\/?p=87775#primaryimage\",\"url\":\"https:\\\/\\\/lospoliticosveracruz.com.mx\\\/wp-content\\\/uploads\\\/2021\\\/10\\\/Zacauilt-150x300.jpg\",\"contentUrl\":\"https:\\\/\\\/lospoliticosveracruz.com.mx\\\/wp-content\\\/uploads\\\/2021\\\/10\\\/Zacauilt-150x300.jpg\"},{\"@type\":\"BreadcrumbList\",\"@id\":\"https:\\\/\\\/lospoliticosveracruz.com\\\/?p=87775#breadcrumb\",\"itemListElement\":[{\"@type\":\"ListItem\",\"position\":1,\"name\":\"Portada\",\"item\":\"https:\\\/\\\/lospoliticosveracruz.com\\\/\"},{\"@type\":\"ListItem\",\"position\":2,\"name\":\"El presente de Cuic\"}]},{\"@type\":\"WebSite\",\"@id\":\"https:\\\/\\\/lospoliticosveracruz.com\\\/#website\",\"url\":\"https:\\\/\\\/lospoliticosveracruz.com\\\/\",\"name\":\"Los pol\u00edticos Veracruz\",\"description\":\"\",\"publisher\":{\"@id\":\"https:\\\/\\\/lospoliticosveracruz.com\\\/#organization\"},\"potentialAction\":[{\"@type\":\"SearchAction\",\"target\":{\"@type\":\"EntryPoint\",\"urlTemplate\":\"https:\\\/\\\/lospoliticosveracruz.com\\\/?s={search_term_string}\"},\"query-input\":{\"@type\":\"PropertyValueSpecification\",\"valueRequired\":true,\"valueName\":\"search_term_string\"}}],\"inLanguage\":\"es\"},{\"@type\":\"Organization\",\"@id\":\"https:\\\/\\\/lospoliticosveracruz.com\\\/#organization\",\"name\":\"Los pol\u00edticos Veracruz\",\"url\":\"https:\\\/\\\/lospoliticosveracruz.com\\\/\",\"logo\":{\"@type\":\"ImageObject\",\"inLanguage\":\"es\",\"@id\":\"https:\\\/\\\/lospoliticosveracruz.com\\\/#\\\/schema\\\/logo\\\/image\\\/\",\"url\":\"https:\\\/\\\/lospoliticosveracruz.com\\\/wp-content\\\/uploads\\\/2025\\\/12\\\/Logo-Nuevo-LOS-POLITICOS-1.jpg\",\"contentUrl\":\"https:\\\/\\\/lospoliticosveracruz.com\\\/wp-content\\\/uploads\\\/2025\\\/12\\\/Logo-Nuevo-LOS-POLITICOS-1.jpg\",\"width\":260,\"height\":70,\"caption\":\"Los pol\u00edticos Veracruz\"},\"image\":{\"@id\":\"https:\\\/\\\/lospoliticosveracruz.com\\\/#\\\/schema\\\/logo\\\/image\\\/\"},\"sameAs\":[\"https:\\\/\\\/www.facebook.com\\\/people\\\/Notimemes-de-los-Polticos\\\/61565672886568\\\/\",\"https:\\\/\\\/x.com\\\/LosPoliticosVer\"]},{\"@type\":\"Person\",\"@id\":\"https:\\\/\\\/lospoliticosveracruz.com\\\/#\\\/schema\\\/person\\\/b8702bb0e538456e6efd07080bf2a4a2\",\"name\":\"Lo viste en Los Pol\u00edticos\",\"image\":{\"@type\":\"ImageObject\",\"inLanguage\":\"es\",\"@id\":\"https:\\\/\\\/secure.gravatar.com\\\/avatar\\\/3a8de04a2656d44082be478bd6c086daa447c4651605818287b9532d3d0bd435?s=96&d=mm&r=g\",\"url\":\"https:\\\/\\\/secure.gravatar.com\\\/avatar\\\/3a8de04a2656d44082be478bd6c086daa447c4651605818287b9532d3d0bd435?s=96&d=mm&r=g\",\"contentUrl\":\"https:\\\/\\\/secure.gravatar.com\\\/avatar\\\/3a8de04a2656d44082be478bd6c086daa447c4651605818287b9532d3d0bd435?s=96&d=mm&r=g\",\"caption\":\"Lo viste en Los Pol\u00edticos\"},\"url\":\"https:\\\/\\\/lospoliticosveracruz.com\\\/?author=2\"}]}<\/script>\n<!-- \/ Yoast SEO plugin. -->","yoast_head_json":{"title":"El presente de Cuic - Los pol\u00edticos Veracruz","robots":{"index":"index","follow":"follow","max-snippet":"max-snippet:-1","max-image-preview":"max-image-preview:large","max-video-preview":"max-video-preview:-1"},"canonical":"https:\/\/lospoliticosveracruz.com\/?p=87775","og_locale":"es_ES","og_type":"article","og_title":"El presente de Cuic - Los pol\u00edticos Veracruz","og_description":"Ricardo Ch\u00faaSale y Vale Despu\u00e9s que la propia Secretar\u00eda de la Defensa Nacional (SEDENA) le dio un \u00abrepaso\u00bb al gobierno de Cuitl\u00e1huac Garc\u00eda\u2026 Sobre los \u00edndices de delitos e inseguridad que vive Veracruz\u2026 Donde seg\u00fan el mandatario estatal se\u00f1ala que la entidad es un sitio ya donde los delitos van a la baja.. Donde la [&hellip;]","og_url":"https:\/\/lospoliticosveracruz.com\/?p=87775","og_site_name":"Los pol\u00edticos Veracruz","article_publisher":"https:\/\/www.facebook.com\/people\/Notimemes-de-los-Polticos\/61565672886568\/","article_published_time":"2022-03-25T13:59:40+00:00","article_modified_time":"2022-03-25T13:59:44+00:00","og_image":[{"url":"https:\/\/lospoliticosveracruz.com.mx\/wp-content\/uploads\/2021\/10\/Zacauilt-150x300.jpg","type":"","width":"","height":""}],"author":"Lo viste en Los Pol\u00edticos","twitter_card":"summary_large_image","twitter_creator":"@LosPoliticosVer","twitter_site":"@LosPoliticosVer","twitter_misc":{"Escrito por":"Lo viste en Los Pol\u00edticos","Tiempo de lectura":"6 minutos"},"schema":{"@context":"https:\/\/schema.org","@graph":[{"@type":"Article","@id":"https:\/\/lospoliticosveracruz.com\/?p=87775#article","isPartOf":{"@id":"https:\/\/lospoliticosveracruz.com\/?p=87775"},"author":{"name":"Lo viste en Los Pol\u00edticos","@id":"https:\/\/lospoliticosveracruz.com\/#\/schema\/person\/b8702bb0e538456e6efd07080bf2a4a2"},"headline":"El presente de Cuic","datePublished":"2022-03-25T13:59:40+00:00","dateModified":"2022-03-25T13:59:44+00:00","mainEntityOfPage":{"@id":"https:\/\/lospoliticosveracruz.com\/?p=87775"},"wordCount":1174,"publisher":{"@id":"https:\/\/lospoliticosveracruz.com\/#organization"},"image":{"@id":"https:\/\/lospoliticosveracruz.com\/?p=87775#primaryimage"},"thumbnailUrl":"https:\/\/lospoliticosveracruz.com.mx\/wp-content\/uploads\/2021\/10\/Zacauilt-150x300.jpg","keywords":["Cuitl\u00e1huac Garc\u00eda Jim\u00e9nez","Juan Javier G\u00f3mez Cazar\u00edn","Morena","Sedena","Veracruz"],"articleSection":["De Opini\u00f3n"],"inLanguage":"es"},{"@type":"WebPage","@id":"https:\/\/lospoliticosveracruz.com\/?p=87775","url":"https:\/\/lospoliticosveracruz.com\/?p=87775","name":"El presente de Cuic - Los pol\u00edticos Veracruz","isPartOf":{"@id":"https:\/\/lospoliticosveracruz.com\/#website"},"primaryImageOfPage":{"@id":"https:\/\/lospoliticosveracruz.com\/?p=87775#primaryimage"},"image":{"@id":"https:\/\/lospoliticosveracruz.com\/?p=87775#primaryimage"},"thumbnailUrl":"https:\/\/lospoliticosveracruz.com.mx\/wp-content\/uploads\/2021\/10\/Zacauilt-150x300.jpg","datePublished":"2022-03-25T13:59:40+00:00","dateModified":"2022-03-25T13:59:44+00:00","breadcrumb":{"@id":"https:\/\/lospoliticosveracruz.com\/?p=87775#breadcrumb"},"inLanguage":"es","potentialAction":[{"@type":"ReadAction","target":["https:\/\/lospoliticosveracruz.com\/?p=87775"]}]},{"@type":"ImageObject","inLanguage":"es","@id":"https:\/\/lospoliticosveracruz.com\/?p=87775#primaryimage","url":"https:\/\/lospoliticosveracruz.com.mx\/wp-content\/uploads\/2021\/10\/Zacauilt-150x300.jpg","contentUrl":"https:\/\/lospoliticosveracruz.com.mx\/wp-content\/uploads\/2021\/10\/Zacauilt-150x300.jpg"},{"@type":"BreadcrumbList","@id":"https:\/\/lospoliticosveracruz.com\/?p=87775#breadcrumb","itemListElement":[{"@type":"ListItem","position":1,"name":"Portada","item":"https:\/\/lospoliticosveracruz.com\/"},{"@type":"ListItem","position":2,"name":"El presente de Cuic"}]},{"@type":"WebSite","@id":"https:\/\/lospoliticosveracruz.com\/#website","url":"https:\/\/lospoliticosveracruz.com\/","name":"Los pol\u00edticos Veracruz","description":"","publisher":{"@id":"https:\/\/lospoliticosveracruz.com\/#organization"},"potentialAction":[{"@type":"SearchAction","target":{"@type":"EntryPoint","urlTemplate":"https:\/\/lospoliticosveracruz.com\/?s={search_term_string}"},"query-input":{"@type":"PropertyValueSpecification","valueRequired":true,"valueName":"search_term_string"}}],"inLanguage":"es"},{"@type":"Organization","@id":"https:\/\/lospoliticosveracruz.com\/#organization","name":"Los pol\u00edticos Veracruz","url":"https:\/\/lospoliticosveracruz.com\/","logo":{"@type":"ImageObject","inLanguage":"es","@id":"https:\/\/lospoliticosveracruz.com\/#\/schema\/logo\/image\/","url":"https:\/\/lospoliticosveracruz.com\/wp-content\/uploads\/2025\/12\/Logo-Nuevo-LOS-POLITICOS-1.jpg","contentUrl":"https:\/\/lospoliticosveracruz.com\/wp-content\/uploads\/2025\/12\/Logo-Nuevo-LOS-POLITICOS-1.jpg","width":260,"height":70,"caption":"Los pol\u00edticos Veracruz"},"image":{"@id":"https:\/\/lospoliticosveracruz.com\/#\/schema\/logo\/image\/"},"sameAs":["https:\/\/www.facebook.com\/people\/Notimemes-de-los-Polticos\/61565672886568\/","https:\/\/x.com\/LosPoliticosVer"]},{"@type":"Person","@id":"https:\/\/lospoliticosveracruz.com\/#\/schema\/person\/b8702bb0e538456e6efd07080bf2a4a2","name":"Lo viste en Los Pol\u00edticos","image":{"@type":"ImageObject","inLanguage":"es","@id":"https:\/\/secure.gravatar.com\/avatar\/3a8de04a2656d44082be478bd6c086daa447c4651605818287b9532d3d0bd435?s=96&d=mm&r=g","url":"https:\/\/secure.gravatar.com\/avatar\/3a8de04a2656d44082be478bd6c086daa447c4651605818287b9532d3d0bd435?s=96&d=mm&r=g","contentUrl":"https:\/\/secure.gravatar.com\/avatar\/3a8de04a2656d44082be478bd6c086daa447c4651605818287b9532d3d0bd435?s=96&d=mm&r=g","caption":"Lo viste en Los Pol\u00edticos"},"url":"https:\/\/lospoliticosveracruz.com\/?author=2"}]}},"_links":{"self":[{"href":"https:\/\/lospoliticosveracruz.com\/index.php?rest_route=\/wp\/v2\/posts\/87775","targetHints":{"allow":["GET"]}}],"collection":[{"href":"https:\/\/lospoliticosveracruz.com\/index.php?rest_route=\/wp\/v2\/posts"}],"about":[{"href":"https:\/\/lospoliticosveracruz.com\/index.php?rest_route=\/wp\/v2\/types\/post"}],"author":[{"embeddable":true,"href":"https:\/\/lospoliticosveracruz.com\/index.php?rest_route=\/wp\/v2\/users\/2"}],"replies":[{"embeddable":true,"href":"https:\/\/lospoliticosveracruz.com\/index.php?rest_route=%2Fwp%2Fv2%2Fcomments&post=87775"}],"version-history":[{"count":1,"href":"https:\/\/lospoliticosveracruz.com\/index.php?rest_route=\/wp\/v2\/posts\/87775\/revisions"}],"predecessor-version":[{"id":87777,"href":"https:\/\/lospoliticosveracruz.com\/index.php?rest_route=\/wp\/v2\/posts\/87775\/revisions\/87777"}],"wp:attachment":[{"href":"https:\/\/lospoliticosveracruz.com\/index.php?rest_route=%2Fwp%2Fv2%2Fmedia&parent=87775"}],"wp:term":[{"taxonomy":"category","embeddable":true,"href":"https:\/\/lospoliticosveracruz.com\/index.php?rest_route=%2Fwp%2Fv2%2Fcategories&post=87775"},{"taxonomy":"post_tag","embeddable":true,"href":"https:\/\/lospoliticosveracruz.com\/index.php?rest_route=%2Fwp%2Fv2%2Ftags&post=87775"}],"curies":[{"name":"wp","href":"https:\/\/api.w.org\/{rel}","templated":true}]}}