{"id":87960,"date":"2022-03-29T16:47:53","date_gmt":"2022-03-29T22:47:53","guid":{"rendered":"https:\/\/lospoliticosveracruz.com.mx\/?p=87960"},"modified":"2022-03-29T16:50:29","modified_gmt":"2022-03-29T22:50:29","slug":"el-diablo-viene-por-todos","status":"publish","type":"post","link":"https:\/\/lospoliticosveracruz.com\/?p=87960","title":{"rendered":"El diablo viene por todos"},"content":{"rendered":"\n<p><strong>Jorge Arturo Rodr\u00edguez<\/strong><\/p>\n\n\n\n<p><em>Tierra de Babel<br><\/em><\/p>\n\n\n\n<p><\/p>\n\n\n\n<p>\u201cLa s\u00e1tira es el arma m\u00e1s eficaz contra el poder: el poder no soporta el humor, ni siquiera los gobernantes que se llaman democr\u00e1ticos, porque la risa libera al hombre de sus miedos.\u201d (Dario Fo)<\/p>\n\n\n\n<p>A palo dado ni Dios lo quita, pero dicen que \u201csi alguien te pega en una mejilla, ofr\u00e9cele tambi\u00e9n la otra; y si alguien te quita la capa, d\u00e9jale que se lleve tambi\u00e9n tu camisa. A cualquiera que te pida algo, d\u00e1selo, y al que te quite lo que es tuyo, no se lo reclames. Hagan ustedes con los dem\u00e1s como quieren que los dem\u00e1s hagan con ustedes.\u201d Creo que se entiende, por lo tanto, de lo que se trata es de perdonar. Vaya, pedir disculpas y sigamos viviendo, arrepentirse y ya, asunto arreglado. \u00bfQui\u00e9nes lo hacen al pie de la letra? \u00bfPor eso estamos como estamos?<\/p>\n\n\n\n<div class=\"wp-block-image\"><figure class=\"alignleft size-full is-resized\"><a href=\"https:\/\/lospoliticosveracruz.com.mx\/wp-content\/uploads\/2021\/10\/Zacauilt.jpg\"><img decoding=\"async\" src=\"https:\/\/lospoliticosveracruz.com.mx\/wp-content\/uploads\/2021\/10\/Zacauilt.jpg\" alt=\"\" class=\"wp-image-80558\" height=\"500\"\/><\/a><\/figure><\/div>\n\n\n\n<p><br>Como saben, Will Smth cachete\u00f3, abofete\u00f3, le plant\u00f3 un \u201cquitamoco\u201d a Cris Rock en la pasada entrega de los Oscar, y pos nada, se armaron los memes y las posiciones en pro y en contra de tal actitud de Smith; incluso hubo abstenciones y, la verdad, tambi\u00e9n a quienes les vali\u00f3 madres, pero que el espect\u00e1culo siguiera. Porque eso da diversi\u00f3n, alegr\u00eda y felicidad pa\u2019 los que sufrimos y no tenemos ni pa\u2019 la canasta b\u00e1sica; que el show debe seguir, as\u00ed sea de actores consagrados o de pol\u00edticos de cualquier nivel. Vaya, que no nos dejen sin escuchar y ver pendejadas, que la vida es dif\u00edcil de por s\u00ed pa\u2019 andar malgastando nuestro tiempo en reflexiones, creaciones y literatura con mucho grado de dificultad para el cerebro con que contamos, pues ya se est\u00e1 siendo tarde y tenemos que sobrevivir al paso. No hay tiempo para la espiritualidad y mucho menos para detenerse a perdonar, nom\u00e1s a disculparse y dar p\u00e9sames. Quien se muri\u00f3, se muri\u00f3. Quienes seguimos, pos a ver como chingaos nos va. Seamos realistas.<br>El chiste es que Denzel Washington le coment\u00f3 a Smith poco antes de recibir la estatuilla del Oscar: \u201cTen cuidado. En tu momento m\u00e1s alto es cuando el diablo viene por vos\u201d. Y pos el diablo siempre anda suelto, y ahora en la Semana Santa pr\u00f3xima, mucho m\u00e1s.<br>Pero no tengamos miedo, porque el subsecretario de Prevenci\u00f3n y Promoci\u00f3n de la Salud, Hugo L\u00f3pez-Gatell, advirti\u00f3 que todav\u00eda queda \u201cun remanso\u201d de la epidemia, pero no se deben de confiar y llam\u00f3 a la poblaci\u00f3n a vacunarse contra el coronavirus o a aplicarse un refuerzo. Lo dijo eufem\u00edsticamente as\u00ed: \u201cTenemos un remanso en el curso de la epidemia. Tenemos nueve semanas consecutivas donde ha estado disminuyendo la cantidad de personas que enferman de covid-19, las personas que ingresan a los hospitales son menos y est\u00e1n pr\u00e1cticamente vac\u00edas las unidades covid\u201d. O lo que es lo mismo, una remanso de paz\u2026 \u00a1Mocos! Para que entendamos.<br>\u00a1Nuestro poeta de la pandemia Covid-19! O sea, parafraseando aquellas palabras que \u201cdespu\u00e9s de la tormenta viene la paz\u201d, digamos: \u201cDespu\u00e9s de la pandemia, viene el remanso\u201d. \u00a1Genial!<br>A encomendarse a Dios, por si las dudas, porque la carne es d\u00e9bil.<\/p>\n\n\n\n<p><strong>Los d\u00edas y los temas<br><\/strong>El pasado 21 de marzo fue el D\u00eda Mundial de S\u00edndrome de Down, el D\u00eda Mundial de la Poes\u00eda, pero casi nadie dio cuenta de ello. Bueno, as\u00ed somos. De lo que s\u00ed estuvieron al tanto fue del inicio de la primavera, el aniversario del natalicio de Benito Ju\u00e1rez, la inauguraci\u00f3n del AIFA y seguramente cumplea\u00f1os vaya a usted a saber de quienes.<br>\u00bfQu\u00e9 decir? Por mi parte les comparto lo siguiente. Del antipoeta Nicanor Parra:<\/p>\n\n\n\n<p>\u2026Y AS\u00cd FUE COMO LO CONVIRTIERON<br>De un tonto \u00fatil de izquierda<\/p>\n\n\n\n<h2 class=\"wp-block-heading\">En tonto in\u00fatil de derecha.<\/h2>\n\n\n\n<p>La izquierda y la derecha unidas<br>jam\u00e1s ser\u00e1n vencidas.<\/p>\n\n\n\n<hr class=\"wp-block-separator\"\/>\n\n\n\n<p>De R. J. Crespo:<\/p>\n\n\n\n<p>\u201c\u00bfQu\u00e9 es eternidad?\u201d, dec\u00eda<br>un cura, que predicaba,<br>las ideas farfullaba<br>y las cosas repet\u00eda.<br>\u201c\u00bfQu\u00e9 es eternidad?\u201d, gritando<br>cinco veces pregunt\u00f3,<br>y una mujer respondi\u00f3:<br>\u201cNuestro cura predicando\u201d.<\/p>\n\n\n\n<pre class=\"wp-block-code\"><code>Imag\u00ednense la ma\u00f1anera\u2026<\/code><\/pre>\n\n\n\n<p>De cinismo y anexas<\/p>\n\n\n\n<p>Mi amigo Neftal\u00ed Urbina D\u00edaz, reconocido periodista, me dio un sape y me mand\u00f3 lo siguiente, pues de Tabasco somos, \u00bfo no Amlo? En 33 aniversario de su muerte, recordamos a Francisco Jos\u00e9 Hern\u00e1ndez Mandujano, conocido por su nombre art\u00edstico Chico Che (Villahermosa, 7 de diciembre de 1945 \u2013 Coyoac\u00e1n, Ciudad de M\u00e9xico, 29 de marzo de 1989), fue un m\u00fasico, cantante y compositor mexicano. Su nombre art\u00edstico deriv\u00f3 de los hipocor\u00edsticos usados en el espa\u00f1ol hablado en Tabasco: \u201cChico\u201d, por Francisco, y \u201cChe\u201d, por Jos\u00e9. \u201cQu\u00e9 culpa tiene la estaca\u2026\u201d<br>Ah\u00ed se ven.<\/p>\n","protected":false},"excerpt":{"rendered":"<p>Jorge Arturo Rodr\u00edguez Tierra de Babel \u201cLa s\u00e1tira es el arma m\u00e1s eficaz contra el poder: el poder no soporta el humor, ni siquiera los gobernantes que se llaman democr\u00e1ticos, porque la risa libera al hombre de sus miedos.\u201d (Dario Fo) A palo dado ni Dios lo quita, pero dicen que \u201csi alguien te pega [&hellip;]<\/p>\n","protected":false},"author":2,"featured_media":0,"comment_status":"closed","ping_status":"closed","sticky":false,"template":"","format":"standard","meta":{"tdm_status":"","tdm_grid_status":"","footnotes":""},"categories":[70],"tags":[26577,32699,18765,11243,29404,90],"class_list":{"0":"post-87960","1":"post","2":"type-post","3":"status-publish","4":"format-standard","6":"category-de-opinion","7":"tag-covid-19-2","8":"tag-cris-rock","9":"tag-denzel-washington","10":"tag-dia-mundial-de-la-poesia","11":"tag-hugo-lopez-gatell-2","12":"tag-salud"},"yoast_head":"<!-- This site is optimized with the Yoast SEO plugin v27.4 - https:\/\/yoast.com\/product\/yoast-seo-wordpress\/ -->\n<title>El diablo viene por todos - Los pol\u00edticos Veracruz<\/title>\n<meta name=\"robots\" content=\"index, follow, max-snippet:-1, max-image-preview:large, max-video-preview:-1\" \/>\n<link rel=\"canonical\" href=\"https:\/\/lospoliticosveracruz.com\/?p=87960\" \/>\n<meta property=\"og:locale\" content=\"es_ES\" \/>\n<meta property=\"og:type\" content=\"article\" \/>\n<meta property=\"og:title\" content=\"El diablo viene por todos - Los pol\u00edticos Veracruz\" \/>\n<meta property=\"og:description\" content=\"Jorge Arturo Rodr\u00edguez Tierra de Babel \u201cLa s\u00e1tira es el arma m\u00e1s eficaz contra el poder: el poder no soporta el humor, ni siquiera los gobernantes que se llaman democr\u00e1ticos, porque la risa libera al hombre de sus miedos.\u201d (Dario Fo) A palo dado ni Dios lo quita, pero dicen que \u201csi alguien te pega [&hellip;]\" \/>\n<meta property=\"og:url\" content=\"https:\/\/lospoliticosveracruz.com\/?p=87960\" \/>\n<meta property=\"og:site_name\" content=\"Los pol\u00edticos Veracruz\" \/>\n<meta property=\"article:publisher\" content=\"https:\/\/www.facebook.com\/people\/Notimemes-de-los-Polticos\/61565672886568\/\" \/>\n<meta property=\"article:published_time\" content=\"2022-03-29T22:47:53+00:00\" \/>\n<meta property=\"article:modified_time\" content=\"2022-03-29T22:50:29+00:00\" \/>\n<meta property=\"og:image\" content=\"https:\/\/lospoliticosveracruz.com.mx\/wp-content\/uploads\/2021\/10\/Zacauilt.jpg\" \/>\n<meta name=\"author\" content=\"Lo viste en Los Pol\u00edticos\" \/>\n<meta name=\"twitter:card\" content=\"summary_large_image\" \/>\n<meta name=\"twitter:creator\" content=\"@LosPoliticosVer\" \/>\n<meta name=\"twitter:site\" content=\"@LosPoliticosVer\" \/>\n<meta name=\"twitter:label1\" content=\"Escrito por\" \/>\n\t<meta name=\"twitter:data1\" content=\"Lo viste en Los Pol\u00edticos\" \/>\n\t<meta name=\"twitter:label2\" content=\"Tiempo de lectura\" \/>\n\t<meta name=\"twitter:data2\" content=\"4 minutos\" \/>\n<script type=\"application\/ld+json\" class=\"yoast-schema-graph\">{\"@context\":\"https:\\\/\\\/schema.org\",\"@graph\":[{\"@type\":\"Article\",\"@id\":\"https:\\\/\\\/lospoliticosveracruz.com\\\/?p=87960#article\",\"isPartOf\":{\"@id\":\"https:\\\/\\\/lospoliticosveracruz.com\\\/?p=87960\"},\"author\":{\"name\":\"Lo viste en Los Pol\u00edticos\",\"@id\":\"https:\\\/\\\/lospoliticosveracruz.com\\\/#\\\/schema\\\/person\\\/b8702bb0e538456e6efd07080bf2a4a2\"},\"headline\":\"El diablo viene por todos\",\"datePublished\":\"2022-03-29T22:47:53+00:00\",\"dateModified\":\"2022-03-29T22:50:29+00:00\",\"mainEntityOfPage\":{\"@id\":\"https:\\\/\\\/lospoliticosveracruz.com\\\/?p=87960\"},\"wordCount\":809,\"publisher\":{\"@id\":\"https:\\\/\\\/lospoliticosveracruz.com\\\/#organization\"},\"image\":{\"@id\":\"https:\\\/\\\/lospoliticosveracruz.com\\\/?p=87960#primaryimage\"},\"thumbnailUrl\":\"https:\\\/\\\/lospoliticosveracruz.com.mx\\\/wp-content\\\/uploads\\\/2021\\\/10\\\/Zacauilt.jpg\",\"keywords\":[\"Covid-19\",\"Cris Rock\",\"Denzel Washington\",\"D\u00eda Mundial de la Poes\u00eda\",\"Hugo L\u00f3pez-Gatell\",\"Salud\"],\"articleSection\":[\"De Opini\u00f3n\"],\"inLanguage\":\"es\"},{\"@type\":\"WebPage\",\"@id\":\"https:\\\/\\\/lospoliticosveracruz.com\\\/?p=87960\",\"url\":\"https:\\\/\\\/lospoliticosveracruz.com\\\/?p=87960\",\"name\":\"El diablo viene por todos - Los pol\u00edticos Veracruz\",\"isPartOf\":{\"@id\":\"https:\\\/\\\/lospoliticosveracruz.com\\\/#website\"},\"primaryImageOfPage\":{\"@id\":\"https:\\\/\\\/lospoliticosveracruz.com\\\/?p=87960#primaryimage\"},\"image\":{\"@id\":\"https:\\\/\\\/lospoliticosveracruz.com\\\/?p=87960#primaryimage\"},\"thumbnailUrl\":\"https:\\\/\\\/lospoliticosveracruz.com.mx\\\/wp-content\\\/uploads\\\/2021\\\/10\\\/Zacauilt.jpg\",\"datePublished\":\"2022-03-29T22:47:53+00:00\",\"dateModified\":\"2022-03-29T22:50:29+00:00\",\"breadcrumb\":{\"@id\":\"https:\\\/\\\/lospoliticosveracruz.com\\\/?p=87960#breadcrumb\"},\"inLanguage\":\"es\",\"potentialAction\":[{\"@type\":\"ReadAction\",\"target\":[\"https:\\\/\\\/lospoliticosveracruz.com\\\/?p=87960\"]}]},{\"@type\":\"ImageObject\",\"inLanguage\":\"es\",\"@id\":\"https:\\\/\\\/lospoliticosveracruz.com\\\/?p=87960#primaryimage\",\"url\":\"https:\\\/\\\/lospoliticosveracruz.com.mx\\\/wp-content\\\/uploads\\\/2021\\\/10\\\/Zacauilt.jpg\",\"contentUrl\":\"https:\\\/\\\/lospoliticosveracruz.com.mx\\\/wp-content\\\/uploads\\\/2021\\\/10\\\/Zacauilt.jpg\"},{\"@type\":\"BreadcrumbList\",\"@id\":\"https:\\\/\\\/lospoliticosveracruz.com\\\/?p=87960#breadcrumb\",\"itemListElement\":[{\"@type\":\"ListItem\",\"position\":1,\"name\":\"Portada\",\"item\":\"https:\\\/\\\/lospoliticosveracruz.com\\\/\"},{\"@type\":\"ListItem\",\"position\":2,\"name\":\"El diablo viene por todos\"}]},{\"@type\":\"WebSite\",\"@id\":\"https:\\\/\\\/lospoliticosveracruz.com\\\/#website\",\"url\":\"https:\\\/\\\/lospoliticosveracruz.com\\\/\",\"name\":\"Los pol\u00edticos Veracruz\",\"description\":\"\",\"publisher\":{\"@id\":\"https:\\\/\\\/lospoliticosveracruz.com\\\/#organization\"},\"potentialAction\":[{\"@type\":\"SearchAction\",\"target\":{\"@type\":\"EntryPoint\",\"urlTemplate\":\"https:\\\/\\\/lospoliticosveracruz.com\\\/?s={search_term_string}\"},\"query-input\":{\"@type\":\"PropertyValueSpecification\",\"valueRequired\":true,\"valueName\":\"search_term_string\"}}],\"inLanguage\":\"es\"},{\"@type\":\"Organization\",\"@id\":\"https:\\\/\\\/lospoliticosveracruz.com\\\/#organization\",\"name\":\"Los pol\u00edticos Veracruz\",\"url\":\"https:\\\/\\\/lospoliticosveracruz.com\\\/\",\"logo\":{\"@type\":\"ImageObject\",\"inLanguage\":\"es\",\"@id\":\"https:\\\/\\\/lospoliticosveracruz.com\\\/#\\\/schema\\\/logo\\\/image\\\/\",\"url\":\"https:\\\/\\\/lospoliticosveracruz.com\\\/wp-content\\\/uploads\\\/2025\\\/12\\\/Logo-Nuevo-LOS-POLITICOS-1.jpg\",\"contentUrl\":\"https:\\\/\\\/lospoliticosveracruz.com\\\/wp-content\\\/uploads\\\/2025\\\/12\\\/Logo-Nuevo-LOS-POLITICOS-1.jpg\",\"width\":260,\"height\":70,\"caption\":\"Los pol\u00edticos Veracruz\"},\"image\":{\"@id\":\"https:\\\/\\\/lospoliticosveracruz.com\\\/#\\\/schema\\\/logo\\\/image\\\/\"},\"sameAs\":[\"https:\\\/\\\/www.facebook.com\\\/people\\\/Notimemes-de-los-Polticos\\\/61565672886568\\\/\",\"https:\\\/\\\/x.com\\\/LosPoliticosVer\"]},{\"@type\":\"Person\",\"@id\":\"https:\\\/\\\/lospoliticosveracruz.com\\\/#\\\/schema\\\/person\\\/b8702bb0e538456e6efd07080bf2a4a2\",\"name\":\"Lo viste en Los Pol\u00edticos\",\"image\":{\"@type\":\"ImageObject\",\"inLanguage\":\"es\",\"@id\":\"https:\\\/\\\/secure.gravatar.com\\\/avatar\\\/3a8de04a2656d44082be478bd6c086daa447c4651605818287b9532d3d0bd435?s=96&d=mm&r=g\",\"url\":\"https:\\\/\\\/secure.gravatar.com\\\/avatar\\\/3a8de04a2656d44082be478bd6c086daa447c4651605818287b9532d3d0bd435?s=96&d=mm&r=g\",\"contentUrl\":\"https:\\\/\\\/secure.gravatar.com\\\/avatar\\\/3a8de04a2656d44082be478bd6c086daa447c4651605818287b9532d3d0bd435?s=96&d=mm&r=g\",\"caption\":\"Lo viste en Los Pol\u00edticos\"},\"url\":\"https:\\\/\\\/lospoliticosveracruz.com\\\/?author=2\"}]}<\/script>\n<!-- \/ Yoast SEO plugin. -->","yoast_head_json":{"title":"El diablo viene por todos - Los pol\u00edticos Veracruz","robots":{"index":"index","follow":"follow","max-snippet":"max-snippet:-1","max-image-preview":"max-image-preview:large","max-video-preview":"max-video-preview:-1"},"canonical":"https:\/\/lospoliticosveracruz.com\/?p=87960","og_locale":"es_ES","og_type":"article","og_title":"El diablo viene por todos - Los pol\u00edticos Veracruz","og_description":"Jorge Arturo Rodr\u00edguez Tierra de Babel \u201cLa s\u00e1tira es el arma m\u00e1s eficaz contra el poder: el poder no soporta el humor, ni siquiera los gobernantes que se llaman democr\u00e1ticos, porque la risa libera al hombre de sus miedos.\u201d (Dario Fo) A palo dado ni Dios lo quita, pero dicen que \u201csi alguien te pega [&hellip;]","og_url":"https:\/\/lospoliticosveracruz.com\/?p=87960","og_site_name":"Los pol\u00edticos Veracruz","article_publisher":"https:\/\/www.facebook.com\/people\/Notimemes-de-los-Polticos\/61565672886568\/","article_published_time":"2022-03-29T22:47:53+00:00","article_modified_time":"2022-03-29T22:50:29+00:00","og_image":[{"url":"https:\/\/lospoliticosveracruz.com.mx\/wp-content\/uploads\/2021\/10\/Zacauilt.jpg","type":"","width":"","height":""}],"author":"Lo viste en Los Pol\u00edticos","twitter_card":"summary_large_image","twitter_creator":"@LosPoliticosVer","twitter_site":"@LosPoliticosVer","twitter_misc":{"Escrito por":"Lo viste en Los Pol\u00edticos","Tiempo de lectura":"4 minutos"},"schema":{"@context":"https:\/\/schema.org","@graph":[{"@type":"Article","@id":"https:\/\/lospoliticosveracruz.com\/?p=87960#article","isPartOf":{"@id":"https:\/\/lospoliticosveracruz.com\/?p=87960"},"author":{"name":"Lo viste en Los Pol\u00edticos","@id":"https:\/\/lospoliticosveracruz.com\/#\/schema\/person\/b8702bb0e538456e6efd07080bf2a4a2"},"headline":"El diablo viene por todos","datePublished":"2022-03-29T22:47:53+00:00","dateModified":"2022-03-29T22:50:29+00:00","mainEntityOfPage":{"@id":"https:\/\/lospoliticosveracruz.com\/?p=87960"},"wordCount":809,"publisher":{"@id":"https:\/\/lospoliticosveracruz.com\/#organization"},"image":{"@id":"https:\/\/lospoliticosveracruz.com\/?p=87960#primaryimage"},"thumbnailUrl":"https:\/\/lospoliticosveracruz.com.mx\/wp-content\/uploads\/2021\/10\/Zacauilt.jpg","keywords":["Covid-19","Cris Rock","Denzel Washington","D\u00eda Mundial de la Poes\u00eda","Hugo L\u00f3pez-Gatell","Salud"],"articleSection":["De Opini\u00f3n"],"inLanguage":"es"},{"@type":"WebPage","@id":"https:\/\/lospoliticosveracruz.com\/?p=87960","url":"https:\/\/lospoliticosveracruz.com\/?p=87960","name":"El diablo viene por todos - Los pol\u00edticos Veracruz","isPartOf":{"@id":"https:\/\/lospoliticosveracruz.com\/#website"},"primaryImageOfPage":{"@id":"https:\/\/lospoliticosveracruz.com\/?p=87960#primaryimage"},"image":{"@id":"https:\/\/lospoliticosveracruz.com\/?p=87960#primaryimage"},"thumbnailUrl":"https:\/\/lospoliticosveracruz.com.mx\/wp-content\/uploads\/2021\/10\/Zacauilt.jpg","datePublished":"2022-03-29T22:47:53+00:00","dateModified":"2022-03-29T22:50:29+00:00","breadcrumb":{"@id":"https:\/\/lospoliticosveracruz.com\/?p=87960#breadcrumb"},"inLanguage":"es","potentialAction":[{"@type":"ReadAction","target":["https:\/\/lospoliticosveracruz.com\/?p=87960"]}]},{"@type":"ImageObject","inLanguage":"es","@id":"https:\/\/lospoliticosveracruz.com\/?p=87960#primaryimage","url":"https:\/\/lospoliticosveracruz.com.mx\/wp-content\/uploads\/2021\/10\/Zacauilt.jpg","contentUrl":"https:\/\/lospoliticosveracruz.com.mx\/wp-content\/uploads\/2021\/10\/Zacauilt.jpg"},{"@type":"BreadcrumbList","@id":"https:\/\/lospoliticosveracruz.com\/?p=87960#breadcrumb","itemListElement":[{"@type":"ListItem","position":1,"name":"Portada","item":"https:\/\/lospoliticosveracruz.com\/"},{"@type":"ListItem","position":2,"name":"El diablo viene por todos"}]},{"@type":"WebSite","@id":"https:\/\/lospoliticosveracruz.com\/#website","url":"https:\/\/lospoliticosveracruz.com\/","name":"Los pol\u00edticos Veracruz","description":"","publisher":{"@id":"https:\/\/lospoliticosveracruz.com\/#organization"},"potentialAction":[{"@type":"SearchAction","target":{"@type":"EntryPoint","urlTemplate":"https:\/\/lospoliticosveracruz.com\/?s={search_term_string}"},"query-input":{"@type":"PropertyValueSpecification","valueRequired":true,"valueName":"search_term_string"}}],"inLanguage":"es"},{"@type":"Organization","@id":"https:\/\/lospoliticosveracruz.com\/#organization","name":"Los pol\u00edticos Veracruz","url":"https:\/\/lospoliticosveracruz.com\/","logo":{"@type":"ImageObject","inLanguage":"es","@id":"https:\/\/lospoliticosveracruz.com\/#\/schema\/logo\/image\/","url":"https:\/\/lospoliticosveracruz.com\/wp-content\/uploads\/2025\/12\/Logo-Nuevo-LOS-POLITICOS-1.jpg","contentUrl":"https:\/\/lospoliticosveracruz.com\/wp-content\/uploads\/2025\/12\/Logo-Nuevo-LOS-POLITICOS-1.jpg","width":260,"height":70,"caption":"Los pol\u00edticos Veracruz"},"image":{"@id":"https:\/\/lospoliticosveracruz.com\/#\/schema\/logo\/image\/"},"sameAs":["https:\/\/www.facebook.com\/people\/Notimemes-de-los-Polticos\/61565672886568\/","https:\/\/x.com\/LosPoliticosVer"]},{"@type":"Person","@id":"https:\/\/lospoliticosveracruz.com\/#\/schema\/person\/b8702bb0e538456e6efd07080bf2a4a2","name":"Lo viste en Los Pol\u00edticos","image":{"@type":"ImageObject","inLanguage":"es","@id":"https:\/\/secure.gravatar.com\/avatar\/3a8de04a2656d44082be478bd6c086daa447c4651605818287b9532d3d0bd435?s=96&d=mm&r=g","url":"https:\/\/secure.gravatar.com\/avatar\/3a8de04a2656d44082be478bd6c086daa447c4651605818287b9532d3d0bd435?s=96&d=mm&r=g","contentUrl":"https:\/\/secure.gravatar.com\/avatar\/3a8de04a2656d44082be478bd6c086daa447c4651605818287b9532d3d0bd435?s=96&d=mm&r=g","caption":"Lo viste en Los Pol\u00edticos"},"url":"https:\/\/lospoliticosveracruz.com\/?author=2"}]}},"_links":{"self":[{"href":"https:\/\/lospoliticosveracruz.com\/index.php?rest_route=\/wp\/v2\/posts\/87960","targetHints":{"allow":["GET"]}}],"collection":[{"href":"https:\/\/lospoliticosveracruz.com\/index.php?rest_route=\/wp\/v2\/posts"}],"about":[{"href":"https:\/\/lospoliticosveracruz.com\/index.php?rest_route=\/wp\/v2\/types\/post"}],"author":[{"embeddable":true,"href":"https:\/\/lospoliticosveracruz.com\/index.php?rest_route=\/wp\/v2\/users\/2"}],"replies":[{"embeddable":true,"href":"https:\/\/lospoliticosveracruz.com\/index.php?rest_route=%2Fwp%2Fv2%2Fcomments&post=87960"}],"version-history":[{"count":1,"href":"https:\/\/lospoliticosveracruz.com\/index.php?rest_route=\/wp\/v2\/posts\/87960\/revisions"}],"predecessor-version":[{"id":87962,"href":"https:\/\/lospoliticosveracruz.com\/index.php?rest_route=\/wp\/v2\/posts\/87960\/revisions\/87962"}],"wp:attachment":[{"href":"https:\/\/lospoliticosveracruz.com\/index.php?rest_route=%2Fwp%2Fv2%2Fmedia&parent=87960"}],"wp:term":[{"taxonomy":"category","embeddable":true,"href":"https:\/\/lospoliticosveracruz.com\/index.php?rest_route=%2Fwp%2Fv2%2Fcategories&post=87960"},{"taxonomy":"post_tag","embeddable":true,"href":"https:\/\/lospoliticosveracruz.com\/index.php?rest_route=%2Fwp%2Fv2%2Ftags&post=87960"}],"curies":[{"name":"wp","href":"https:\/\/api.w.org\/{rel}","templated":true}]}}