{"id":87975,"date":"2022-03-30T08:00:11","date_gmt":"2022-03-30T14:00:11","guid":{"rendered":"https:\/\/lospoliticosveracruz.com.mx\/?p=87975"},"modified":"2022-03-30T08:00:21","modified_gmt":"2022-03-30T14:00:21","slug":"avanza-pvem-al-2024","status":"publish","type":"post","link":"https:\/\/lospoliticosveracruz.com\/?p=87975","title":{"rendered":"Avanza PVEM al 2024"},"content":{"rendered":"\n<p><\/p>\n\n\n\n<p><strong>Ignacio Alvarez<\/strong><br><em>Pluma Negra<\/em><br><\/p>\n\n\n\n<p>Desde el CEN del Partido Verde, los titulares de la Secretar\u00eda de Organizaci\u00f3n, Javier Herrera Borunda en mancuerna con el Secretario de Elecciones, el senador oaxaque\u00f1o, Ra\u00fal Bola\u00f1os Cue no dejan de operar con discreci\u00f3n, en los siete estados de la Tercera Circunscripci\u00f3n Electoral, Herrera envi\u00f3 a Carlos Marcelo Ruiz S\u00e1nchez al vecino estado de Oaxaca para operar junto con Jos\u00e9 Estefan y todo el equipo Verde en alianza con MORENA pero con la sana distancia que no ponga en riesgo la autonom\u00eda partidista para el 2024.<\/p>\n\n\n\n<p>El pasado domingo ya se dieron los primeros resultados con el triunfo del Partido Verde en cuatro de las siete alcald\u00edas en disputa en municipios que celebraron elecciones extraordinarias en Oaxaca, m\u00e1s de la mitad se las llev\u00f3 el Verde.<\/p>\n\n\n\n<p>En Oaxaca y Quintana Roo se renovar\u00e1n las gubernaturas el pr\u00f3ximo 5 de junio, en alianza con MORENA y el PT bajo la coalici\u00f3n Juntos Hacemos Historia.<\/p>\n\n\n\n<p>En la operaci\u00f3n pol\u00edtica del Senador Bola\u00f1os Cue, con el dirigente en Oaxaca del PVEM, Jos\u00e9 Estefan, las huestes veracruzanas de los refuerzos enviados por Javier Herrera, marcan la diferencia con el resto de los partidos, al menos en el primer ensayo que fue la extraordinaria de siete municipios. Faltan las dos grandes elecciones por los gobiernos estatales que se convierten en diques electorales para la Presidencial del 2024.<\/p>\n\n\n\n<p><strong>Negra Sentencia<\/strong><\/p>\n\n\n\n<p>Desde la c\u00e1rcel por el derogado delito de ultrajes a la autoridad, el candidato del PT a la alcald\u00eda de Jes\u00fas Carranza, Pasiano Rueda Canseco venci\u00f3 al candidato de MORENA, Alfredo Pacheco, los resultados de una clara diferencia que ya no se puede revertir, no cayeron nada bien en las huestes de MORENA y menos del gobierno, ayer mismo, el Secretario de Gobierno, sentenci\u00f3 en entrevista que el candidato ganador no podr\u00e1 tomar protesta el 1 de julio.<\/p>\n\n\n\n<p>Apenas hace una semana, el delegado de MORENA con funciones de dirigente, habr\u00eda sostenido que los cuatro municipios en disputa en la extraordinaria eran para su partido, si embargo, la decisi\u00f3n ciudadana los limit\u00f3 a la m\u00e1s peque\u00f1a de las localidades en juego.<\/p>\n\n\n\n<p>Las declaraciones de hace una semana del encargado de la dirigencia y las de ayer del secretario de Gobierno, suenan a posturas pol\u00edticas que se alejan de la democracia postelectoral que establece que se debe respetar al ganador.<\/p>\n\n\n\n<p>Por lo pronto, se mantiene la incertidumbre ya que Jesus Carranza era el \u00fanico municipio que les interesaba MORENA y lo perdieron por 436 votos, desde el poder es posible que el ganador no pueda tomar protesta.<\/p>\n\n\n\n<p>Y aunque el gobernador Cuitl\u00e1huac Garc\u00eda Jim\u00e9nez declar\u00f3 este martes que los resultados son claros, tambi\u00e9n dijo que los perdedores est\u00e1n en su derecho de impugnar.<\/p>\n\n\n\n<p>En tanto, el dirigente estatal del PT, Vicente Aguilar se mantiene en un silencio extra\u00f1o ante la negra sentencia para Pasiano Rueda.<\/p>\n","protected":false},"excerpt":{"rendered":"<p>Ignacio AlvarezPluma Negra Desde el CEN del Partido Verde, los titulares de la Secretar\u00eda de Organizaci\u00f3n, Javier Herrera Borunda en mancuerna con el Secretario de Elecciones, el senador oaxaque\u00f1o, Ra\u00fal Bola\u00f1os Cue no dejan de operar con discreci\u00f3n, en los siete estados de la Tercera Circunscripci\u00f3n Electoral, Herrera envi\u00f3 a Carlos Marcelo Ruiz S\u00e1nchez al [&hellip;]<\/p>\n","protected":false},"author":2,"featured_media":0,"comment_status":"closed","ping_status":"closed","sticky":false,"template":"","format":"standard","meta":{"tdm_status":"","tdm_grid_status":"","footnotes":""},"categories":[70],"tags":[17123,28674,1124,6855,1026,1215,32706,2289,264,195],"class_list":{"0":"post-87975","1":"post","2":"type-post","3":"status-publish","4":"format-standard","6":"category-de-opinion","7":"tag-carlos-marcelo-ruiz-sanchez","8":"tag-ignacio-alvarez","9":"tag-javier-herrera-borunda","10":"tag-jesus-carranza","11":"tag-morena","12":"tag-oaxaca","13":"tag-pasiano-rueda-canseco","14":"tag-pt","15":"tag-pvem","16":"tag-veracruz"},"yoast_head":"<!-- This site is optimized with the Yoast SEO plugin v27.4 - https:\/\/yoast.com\/product\/yoast-seo-wordpress\/ -->\n<title>Avanza PVEM al 2024 - Los pol\u00edticos Veracruz<\/title>\n<meta name=\"robots\" content=\"index, follow, max-snippet:-1, max-image-preview:large, max-video-preview:-1\" \/>\n<link rel=\"canonical\" href=\"https:\/\/lospoliticosveracruz.com\/?p=87975\" \/>\n<meta property=\"og:locale\" content=\"es_ES\" \/>\n<meta property=\"og:type\" content=\"article\" \/>\n<meta property=\"og:title\" content=\"Avanza PVEM al 2024 - Los pol\u00edticos Veracruz\" \/>\n<meta property=\"og:description\" content=\"Ignacio AlvarezPluma Negra Desde el CEN del Partido Verde, los titulares de la Secretar\u00eda de Organizaci\u00f3n, Javier Herrera Borunda en mancuerna con el Secretario de Elecciones, el senador oaxaque\u00f1o, Ra\u00fal Bola\u00f1os Cue no dejan de operar con discreci\u00f3n, en los siete estados de la Tercera Circunscripci\u00f3n Electoral, Herrera envi\u00f3 a Carlos Marcelo Ruiz S\u00e1nchez al [&hellip;]\" \/>\n<meta property=\"og:url\" content=\"https:\/\/lospoliticosveracruz.com\/?p=87975\" \/>\n<meta property=\"og:site_name\" content=\"Los pol\u00edticos Veracruz\" \/>\n<meta property=\"article:publisher\" content=\"https:\/\/www.facebook.com\/people\/Notimemes-de-los-Polticos\/61565672886568\/\" \/>\n<meta property=\"article:published_time\" content=\"2022-03-30T14:00:11+00:00\" \/>\n<meta property=\"article:modified_time\" content=\"2022-03-30T14:00:21+00:00\" \/>\n<meta property=\"og:image\" content=\"https:\/\/lospoliticosveracruz.com\/wp-content\/uploads\/2016\/07\/Logo-Dor.jpg\" \/>\n\t<meta property=\"og:image:width\" content=\"200\" \/>\n\t<meta property=\"og:image:height\" content=\"200\" \/>\n\t<meta property=\"og:image:type\" content=\"image\/jpeg\" \/>\n<meta name=\"author\" content=\"Lo viste en Los Pol\u00edticos\" \/>\n<meta name=\"twitter:card\" content=\"summary_large_image\" \/>\n<meta name=\"twitter:creator\" content=\"@LosPoliticosVer\" \/>\n<meta name=\"twitter:site\" content=\"@LosPoliticosVer\" \/>\n<meta name=\"twitter:label1\" content=\"Escrito por\" \/>\n\t<meta name=\"twitter:data1\" content=\"Lo viste en Los Pol\u00edticos\" \/>\n\t<meta name=\"twitter:label2\" content=\"Tiempo de lectura\" \/>\n\t<meta name=\"twitter:data2\" content=\"2 minutos\" \/>\n<script type=\"application\/ld+json\" class=\"yoast-schema-graph\">{\"@context\":\"https:\\\/\\\/schema.org\",\"@graph\":[{\"@type\":\"Article\",\"@id\":\"https:\\\/\\\/lospoliticosveracruz.com\\\/?p=87975#article\",\"isPartOf\":{\"@id\":\"https:\\\/\\\/lospoliticosveracruz.com\\\/?p=87975\"},\"author\":{\"name\":\"Lo viste en Los Pol\u00edticos\",\"@id\":\"https:\\\/\\\/lospoliticosveracruz.com\\\/#\\\/schema\\\/person\\\/b8702bb0e538456e6efd07080bf2a4a2\"},\"headline\":\"Avanza PVEM al 2024\",\"datePublished\":\"2022-03-30T14:00:11+00:00\",\"dateModified\":\"2022-03-30T14:00:21+00:00\",\"mainEntityOfPage\":{\"@id\":\"https:\\\/\\\/lospoliticosveracruz.com\\\/?p=87975\"},\"wordCount\":502,\"publisher\":{\"@id\":\"https:\\\/\\\/lospoliticosveracruz.com\\\/#organization\"},\"keywords\":[\"Carlos Marcelo Ruiz S\u00e1nchez\",\"Ignacio Alvarez\",\"Javier Herrera Borunda\",\"Jes\u00fas Carranza\",\"Morena\",\"Oaxaca\",\"Pasiano Rueda Canseco\",\"PT\",\"PVEM\",\"Veracruz\"],\"articleSection\":[\"De Opini\u00f3n\"],\"inLanguage\":\"es\"},{\"@type\":\"WebPage\",\"@id\":\"https:\\\/\\\/lospoliticosveracruz.com\\\/?p=87975\",\"url\":\"https:\\\/\\\/lospoliticosveracruz.com\\\/?p=87975\",\"name\":\"Avanza PVEM al 2024 - Los pol\u00edticos Veracruz\",\"isPartOf\":{\"@id\":\"https:\\\/\\\/lospoliticosveracruz.com\\\/#website\"},\"datePublished\":\"2022-03-30T14:00:11+00:00\",\"dateModified\":\"2022-03-30T14:00:21+00:00\",\"breadcrumb\":{\"@id\":\"https:\\\/\\\/lospoliticosveracruz.com\\\/?p=87975#breadcrumb\"},\"inLanguage\":\"es\",\"potentialAction\":[{\"@type\":\"ReadAction\",\"target\":[\"https:\\\/\\\/lospoliticosveracruz.com\\\/?p=87975\"]}]},{\"@type\":\"BreadcrumbList\",\"@id\":\"https:\\\/\\\/lospoliticosveracruz.com\\\/?p=87975#breadcrumb\",\"itemListElement\":[{\"@type\":\"ListItem\",\"position\":1,\"name\":\"Portada\",\"item\":\"https:\\\/\\\/lospoliticosveracruz.com\\\/\"},{\"@type\":\"ListItem\",\"position\":2,\"name\":\"Avanza PVEM al 2024\"}]},{\"@type\":\"WebSite\",\"@id\":\"https:\\\/\\\/lospoliticosveracruz.com\\\/#website\",\"url\":\"https:\\\/\\\/lospoliticosveracruz.com\\\/\",\"name\":\"Los pol\u00edticos Veracruz\",\"description\":\"\",\"publisher\":{\"@id\":\"https:\\\/\\\/lospoliticosveracruz.com\\\/#organization\"},\"potentialAction\":[{\"@type\":\"SearchAction\",\"target\":{\"@type\":\"EntryPoint\",\"urlTemplate\":\"https:\\\/\\\/lospoliticosveracruz.com\\\/?s={search_term_string}\"},\"query-input\":{\"@type\":\"PropertyValueSpecification\",\"valueRequired\":true,\"valueName\":\"search_term_string\"}}],\"inLanguage\":\"es\"},{\"@type\":\"Organization\",\"@id\":\"https:\\\/\\\/lospoliticosveracruz.com\\\/#organization\",\"name\":\"Los pol\u00edticos Veracruz\",\"url\":\"https:\\\/\\\/lospoliticosveracruz.com\\\/\",\"logo\":{\"@type\":\"ImageObject\",\"inLanguage\":\"es\",\"@id\":\"https:\\\/\\\/lospoliticosveracruz.com\\\/#\\\/schema\\\/logo\\\/image\\\/\",\"url\":\"https:\\\/\\\/lospoliticosveracruz.com\\\/wp-content\\\/uploads\\\/2025\\\/12\\\/Logo-Nuevo-LOS-POLITICOS-1.jpg\",\"contentUrl\":\"https:\\\/\\\/lospoliticosveracruz.com\\\/wp-content\\\/uploads\\\/2025\\\/12\\\/Logo-Nuevo-LOS-POLITICOS-1.jpg\",\"width\":260,\"height\":70,\"caption\":\"Los pol\u00edticos Veracruz\"},\"image\":{\"@id\":\"https:\\\/\\\/lospoliticosveracruz.com\\\/#\\\/schema\\\/logo\\\/image\\\/\"},\"sameAs\":[\"https:\\\/\\\/www.facebook.com\\\/people\\\/Notimemes-de-los-Polticos\\\/61565672886568\\\/\",\"https:\\\/\\\/x.com\\\/LosPoliticosVer\"]},{\"@type\":\"Person\",\"@id\":\"https:\\\/\\\/lospoliticosveracruz.com\\\/#\\\/schema\\\/person\\\/b8702bb0e538456e6efd07080bf2a4a2\",\"name\":\"Lo viste en Los Pol\u00edticos\",\"image\":{\"@type\":\"ImageObject\",\"inLanguage\":\"es\",\"@id\":\"https:\\\/\\\/secure.gravatar.com\\\/avatar\\\/3a8de04a2656d44082be478bd6c086daa447c4651605818287b9532d3d0bd435?s=96&d=mm&r=g\",\"url\":\"https:\\\/\\\/secure.gravatar.com\\\/avatar\\\/3a8de04a2656d44082be478bd6c086daa447c4651605818287b9532d3d0bd435?s=96&d=mm&r=g\",\"contentUrl\":\"https:\\\/\\\/secure.gravatar.com\\\/avatar\\\/3a8de04a2656d44082be478bd6c086daa447c4651605818287b9532d3d0bd435?s=96&d=mm&r=g\",\"caption\":\"Lo viste en Los Pol\u00edticos\"},\"url\":\"https:\\\/\\\/lospoliticosveracruz.com\\\/?author=2\"}]}<\/script>\n<!-- \/ Yoast SEO plugin. -->","yoast_head_json":{"title":"Avanza PVEM al 2024 - Los pol\u00edticos Veracruz","robots":{"index":"index","follow":"follow","max-snippet":"max-snippet:-1","max-image-preview":"max-image-preview:large","max-video-preview":"max-video-preview:-1"},"canonical":"https:\/\/lospoliticosveracruz.com\/?p=87975","og_locale":"es_ES","og_type":"article","og_title":"Avanza PVEM al 2024 - Los pol\u00edticos Veracruz","og_description":"Ignacio AlvarezPluma Negra Desde el CEN del Partido Verde, los titulares de la Secretar\u00eda de Organizaci\u00f3n, Javier Herrera Borunda en mancuerna con el Secretario de Elecciones, el senador oaxaque\u00f1o, Ra\u00fal Bola\u00f1os Cue no dejan de operar con discreci\u00f3n, en los siete estados de la Tercera Circunscripci\u00f3n Electoral, Herrera envi\u00f3 a Carlos Marcelo Ruiz S\u00e1nchez al [&hellip;]","og_url":"https:\/\/lospoliticosveracruz.com\/?p=87975","og_site_name":"Los pol\u00edticos Veracruz","article_publisher":"https:\/\/www.facebook.com\/people\/Notimemes-de-los-Polticos\/61565672886568\/","article_published_time":"2022-03-30T14:00:11+00:00","article_modified_time":"2022-03-30T14:00:21+00:00","og_image":[{"width":200,"height":200,"url":"https:\/\/lospoliticosveracruz.com\/wp-content\/uploads\/2016\/07\/Logo-Dor.jpg","type":"image\/jpeg"}],"author":"Lo viste en Los Pol\u00edticos","twitter_card":"summary_large_image","twitter_creator":"@LosPoliticosVer","twitter_site":"@LosPoliticosVer","twitter_misc":{"Escrito por":"Lo viste en Los Pol\u00edticos","Tiempo de lectura":"2 minutos"},"schema":{"@context":"https:\/\/schema.org","@graph":[{"@type":"Article","@id":"https:\/\/lospoliticosveracruz.com\/?p=87975#article","isPartOf":{"@id":"https:\/\/lospoliticosveracruz.com\/?p=87975"},"author":{"name":"Lo viste en Los Pol\u00edticos","@id":"https:\/\/lospoliticosveracruz.com\/#\/schema\/person\/b8702bb0e538456e6efd07080bf2a4a2"},"headline":"Avanza PVEM al 2024","datePublished":"2022-03-30T14:00:11+00:00","dateModified":"2022-03-30T14:00:21+00:00","mainEntityOfPage":{"@id":"https:\/\/lospoliticosveracruz.com\/?p=87975"},"wordCount":502,"publisher":{"@id":"https:\/\/lospoliticosveracruz.com\/#organization"},"keywords":["Carlos Marcelo Ruiz S\u00e1nchez","Ignacio Alvarez","Javier Herrera Borunda","Jes\u00fas Carranza","Morena","Oaxaca","Pasiano Rueda Canseco","PT","PVEM","Veracruz"],"articleSection":["De Opini\u00f3n"],"inLanguage":"es"},{"@type":"WebPage","@id":"https:\/\/lospoliticosveracruz.com\/?p=87975","url":"https:\/\/lospoliticosveracruz.com\/?p=87975","name":"Avanza PVEM al 2024 - Los pol\u00edticos Veracruz","isPartOf":{"@id":"https:\/\/lospoliticosveracruz.com\/#website"},"datePublished":"2022-03-30T14:00:11+00:00","dateModified":"2022-03-30T14:00:21+00:00","breadcrumb":{"@id":"https:\/\/lospoliticosveracruz.com\/?p=87975#breadcrumb"},"inLanguage":"es","potentialAction":[{"@type":"ReadAction","target":["https:\/\/lospoliticosveracruz.com\/?p=87975"]}]},{"@type":"BreadcrumbList","@id":"https:\/\/lospoliticosveracruz.com\/?p=87975#breadcrumb","itemListElement":[{"@type":"ListItem","position":1,"name":"Portada","item":"https:\/\/lospoliticosveracruz.com\/"},{"@type":"ListItem","position":2,"name":"Avanza PVEM al 2024"}]},{"@type":"WebSite","@id":"https:\/\/lospoliticosveracruz.com\/#website","url":"https:\/\/lospoliticosveracruz.com\/","name":"Los pol\u00edticos Veracruz","description":"","publisher":{"@id":"https:\/\/lospoliticosveracruz.com\/#organization"},"potentialAction":[{"@type":"SearchAction","target":{"@type":"EntryPoint","urlTemplate":"https:\/\/lospoliticosveracruz.com\/?s={search_term_string}"},"query-input":{"@type":"PropertyValueSpecification","valueRequired":true,"valueName":"search_term_string"}}],"inLanguage":"es"},{"@type":"Organization","@id":"https:\/\/lospoliticosveracruz.com\/#organization","name":"Los pol\u00edticos Veracruz","url":"https:\/\/lospoliticosveracruz.com\/","logo":{"@type":"ImageObject","inLanguage":"es","@id":"https:\/\/lospoliticosveracruz.com\/#\/schema\/logo\/image\/","url":"https:\/\/lospoliticosveracruz.com\/wp-content\/uploads\/2025\/12\/Logo-Nuevo-LOS-POLITICOS-1.jpg","contentUrl":"https:\/\/lospoliticosveracruz.com\/wp-content\/uploads\/2025\/12\/Logo-Nuevo-LOS-POLITICOS-1.jpg","width":260,"height":70,"caption":"Los pol\u00edticos Veracruz"},"image":{"@id":"https:\/\/lospoliticosveracruz.com\/#\/schema\/logo\/image\/"},"sameAs":["https:\/\/www.facebook.com\/people\/Notimemes-de-los-Polticos\/61565672886568\/","https:\/\/x.com\/LosPoliticosVer"]},{"@type":"Person","@id":"https:\/\/lospoliticosveracruz.com\/#\/schema\/person\/b8702bb0e538456e6efd07080bf2a4a2","name":"Lo viste en Los Pol\u00edticos","image":{"@type":"ImageObject","inLanguage":"es","@id":"https:\/\/secure.gravatar.com\/avatar\/3a8de04a2656d44082be478bd6c086daa447c4651605818287b9532d3d0bd435?s=96&d=mm&r=g","url":"https:\/\/secure.gravatar.com\/avatar\/3a8de04a2656d44082be478bd6c086daa447c4651605818287b9532d3d0bd435?s=96&d=mm&r=g","contentUrl":"https:\/\/secure.gravatar.com\/avatar\/3a8de04a2656d44082be478bd6c086daa447c4651605818287b9532d3d0bd435?s=96&d=mm&r=g","caption":"Lo viste en Los Pol\u00edticos"},"url":"https:\/\/lospoliticosveracruz.com\/?author=2"}]}},"_links":{"self":[{"href":"https:\/\/lospoliticosveracruz.com\/index.php?rest_route=\/wp\/v2\/posts\/87975","targetHints":{"allow":["GET"]}}],"collection":[{"href":"https:\/\/lospoliticosveracruz.com\/index.php?rest_route=\/wp\/v2\/posts"}],"about":[{"href":"https:\/\/lospoliticosveracruz.com\/index.php?rest_route=\/wp\/v2\/types\/post"}],"author":[{"embeddable":true,"href":"https:\/\/lospoliticosveracruz.com\/index.php?rest_route=\/wp\/v2\/users\/2"}],"replies":[{"embeddable":true,"href":"https:\/\/lospoliticosveracruz.com\/index.php?rest_route=%2Fwp%2Fv2%2Fcomments&post=87975"}],"version-history":[{"count":1,"href":"https:\/\/lospoliticosveracruz.com\/index.php?rest_route=\/wp\/v2\/posts\/87975\/revisions"}],"predecessor-version":[{"id":87977,"href":"https:\/\/lospoliticosveracruz.com\/index.php?rest_route=\/wp\/v2\/posts\/87975\/revisions\/87977"}],"wp:attachment":[{"href":"https:\/\/lospoliticosveracruz.com\/index.php?rest_route=%2Fwp%2Fv2%2Fmedia&parent=87975"}],"wp:term":[{"taxonomy":"category","embeddable":true,"href":"https:\/\/lospoliticosveracruz.com\/index.php?rest_route=%2Fwp%2Fv2%2Fcategories&post=87975"},{"taxonomy":"post_tag","embeddable":true,"href":"https:\/\/lospoliticosveracruz.com\/index.php?rest_route=%2Fwp%2Fv2%2Ftags&post=87975"}],"curies":[{"name":"wp","href":"https:\/\/api.w.org\/{rel}","templated":true}]}}