{"id":88214,"date":"2022-04-05T08:57:44","date_gmt":"2022-04-05T13:57:44","guid":{"rendered":"https:\/\/lospoliticosveracruz.com.mx\/?p=88214"},"modified":"2022-04-05T08:57:59","modified_gmt":"2022-04-05T13:57:59","slug":"el-tren-maya-y-el-desarrollo-del-sureste-mexicano","status":"publish","type":"post","link":"https:\/\/lospoliticosveracruz.com\/?p=88214","title":{"rendered":"El tren maya y el desarrollo del sureste mexicano"},"content":{"rendered":"\n<p><\/p>\n\n\n\n<p><br><strong>Yair Ademar Dom\u00ednguez<\/strong><br><em>Punto y Coma<\/em><\/p>\n\n\n\n<p>Como hijo del sureste mexicano, orgullosamente nacido en Coatzacoalcos, me interesan mucho los proyectos de desarrollo para esta regi\u00f3n del pa\u00eds, particularmente el del Corredor Trans\u00edstmico que traer\u00e1 grandes beneficios entre Salina Cruz, Oaxaca y nuestro querido Puerto M\u00e9xico. Pero tambi\u00e9n, el proyecto del Tren Maya, una obra que detonar\u00e1, como nunca, la regi\u00f3n del sur-sureste mexicano.<\/p>\n\n\n\n<p>Como lo ha dicho ya el propio presidente Andr\u00e9s Manuel L\u00f3pez Obrador y los responsables del proyecto, la existencia de una red ferroviaria tiene efectos positivos en la econom\u00eda de un pa\u00eds, producto del servicio de carga eficiente, as\u00ed como de los procesos y operaciones, que generan empleos en otros sectores.<\/p>\n\n\n\n<p>Seg\u00fan la Asociaci\u00f3n Americana de Ferrocarriles, un empleo directo en el sector ferroviario apoya la creaci\u00f3n de m\u00e1s de un trabajo en otros sectores relacionados. Algunos de los sectores industriales que son impulsados a medida que se invierte en la industria son, por referir algunos, el almacenaje, los servicios de renta y arrendamiento, la venta de productos, los servicios financieros y de alimentos, la generaci\u00f3n de infraestructura el\u00e9ctrica, entre otros.<\/p>\n\n\n\n<p>El Instituto de Estudios Sobre Econom\u00edas Regionales de la Universidad de Towson ha calculado que por los 147 mil empleos directos que genera la industria ferrocarrilera en Estados Unidos, se han creado 474 mil empleos indirectos y 497 mil inducidos, lo que representa m\u00e1s de un mill\u00f3n de empleos. Esto representa el efecto multiplicador antes mencionado.<\/p>\n\n\n\n<p>Los efectos directos creados por la construcci\u00f3n y operaci\u00f3n del transporte f\u00e9rreo se encuentran, entre otros, el empleo del personal de construcci\u00f3n y ejecuci\u00f3n del servicio para pasajeros y carga y el equipo de gesti\u00f3n asociado, as\u00ed como el valor a\u00f1adido de estas actividades. Existen otros efectos indirectos creados por las cadenas de producci\u00f3n y los inducidos, que reflejan la derrama econ\u00f3mica de los trabajadores que tienen ingresos por la industria ferroviaria.<\/p>\n\n\n\n<p>La vocaci\u00f3n del proyecto del Tren Maya es social, no s\u00f3lo por los miles de empleos que est\u00e1 generando en su desarrollo, tambi\u00e9n porque ser\u00e1 un medio de comunicaci\u00f3n que detonar\u00e1 el turismo de la regi\u00f3n. Los estados beneficiados de manera directa ser\u00e1n Tabasco, Chiapas, Campeche, Yucat\u00e1n y Quintana Roo, pero al final el beneficio ser\u00e1 para todo el pa\u00eds.<\/p>\n\n\n\n<p>En su visi\u00f3n, el presidente Andr\u00e9s Manuel L\u00f3pez Obrador ha pensado en un proyecto que una la pen\u00ednsula de Yucat\u00e1n con el desarrollo del pa\u00eds, porque esa entidad siempre se ha visto como otro pa\u00eds, como una entidad aislada del desarrollo del resto de la naci\u00f3n.<\/p>\n\n\n\n<p>Esta entidad, al lado de Tabasco y Chiapas, vivir\u00e1 una gran reactivaci\u00f3n econ\u00f3mica, que les permitir\u00e1 impulsar su desarrollo social y cultural. La vocaci\u00f3n de este proyecto, que implica mil 500 kil\u00f3metros de v\u00edas f\u00e9rreas, 19 estaciones y 12 paraderos.<\/p>\n\n\n\n<p>Al lado del aeropuerto Felipe \u00c1ngeles, ya inaugurado y el desarrollo del corredor del Istmo de Tehuantepec, el plan del Tren Maya, permitir\u00e1 acortar la brecha existente en el desarrollo de nuestro pa\u00eds.<\/p>\n\n\n\n<p>\u201cSi con el tren logramos que se incremente la afluencia tur\u00edstica, esto va a significar empleos, trabajo, bienestar para Palenque y para otros estados del sureste. Es un programa de reordenamiento urbano porque por donde va a pasar el tren en las estaciones se va a poner orden en cuanto a desarrollo urbano\u201d, ha dicho el jefe de las instituciones del pa\u00eds.<\/p>\n\n\n\n<p>Tiene raz\u00f3n, porque son los turistas extranjeros los que m\u00e1s divisas dejan a nuestro pa\u00eds. Con este proyecto los turistas no s\u00f3lo llegar\u00e1n a Canc\u00fan, porque tendr\u00e1n oportunidad de moverse por todo el sureste del pa\u00eds, de una manera r\u00e1pida, segura y efectiva. Los mexicanos estamos siendo testigos de hechos in\u00e9ditos de desarrollo para nuestro pa\u00eds.<\/p>\n\n\n\n<p><em>Comentarios: Facebook Yair Ademar Dominguez Twitter @YairAdemar<\/em><\/p>\n","protected":false},"excerpt":{"rendered":"<p>Yair Ademar Dom\u00ednguezPunto y Coma Como hijo del sureste mexicano, orgullosamente nacido en Coatzacoalcos, me interesan mucho los proyectos de desarrollo para esta regi\u00f3n del pa\u00eds, particularmente el del Corredor Trans\u00edstmico que traer\u00e1 grandes beneficios entre Salina Cruz, Oaxaca y nuestro querido Puerto M\u00e9xico. Pero tambi\u00e9n, el proyecto del Tren Maya, una obra que detonar\u00e1, [&hellip;]<\/p>\n","protected":false},"author":2,"featured_media":0,"comment_status":"closed","ping_status":"closed","sticky":false,"template":"","format":"standard","meta":{"tdm_status":"","tdm_grid_status":"","footnotes":""},"categories":[70],"tags":[618,1026,13466,195,20652],"class_list":{"0":"post-88214","1":"post","2":"type-post","3":"status-publish","4":"format-standard","6":"category-de-opinion","7":"tag-andres-manuel-lopez-obrador","8":"tag-morena","9":"tag-tren-maya","10":"tag-veracruz","11":"tag-yair-ademar-dominguez"},"yoast_head":"<!-- This site is optimized with the Yoast SEO plugin v27.4 - https:\/\/yoast.com\/product\/yoast-seo-wordpress\/ -->\n<title>El tren maya y el desarrollo del sureste mexicano - Los pol\u00edticos Veracruz<\/title>\n<meta name=\"robots\" content=\"index, follow, max-snippet:-1, max-image-preview:large, max-video-preview:-1\" \/>\n<link rel=\"canonical\" href=\"https:\/\/lospoliticosveracruz.com\/?p=88214\" \/>\n<meta property=\"og:locale\" content=\"es_ES\" \/>\n<meta property=\"og:type\" content=\"article\" \/>\n<meta property=\"og:title\" content=\"El tren maya y el desarrollo del sureste mexicano - Los pol\u00edticos Veracruz\" \/>\n<meta property=\"og:description\" content=\"Yair Ademar Dom\u00ednguezPunto y Coma Como hijo del sureste mexicano, orgullosamente nacido en Coatzacoalcos, me interesan mucho los proyectos de desarrollo para esta regi\u00f3n del pa\u00eds, particularmente el del Corredor Trans\u00edstmico que traer\u00e1 grandes beneficios entre Salina Cruz, Oaxaca y nuestro querido Puerto M\u00e9xico. Pero tambi\u00e9n, el proyecto del Tren Maya, una obra que detonar\u00e1, [&hellip;]\" \/>\n<meta property=\"og:url\" content=\"https:\/\/lospoliticosveracruz.com\/?p=88214\" \/>\n<meta property=\"og:site_name\" content=\"Los pol\u00edticos Veracruz\" \/>\n<meta property=\"article:publisher\" content=\"https:\/\/www.facebook.com\/people\/Notimemes-de-los-Polticos\/61565672886568\/\" \/>\n<meta property=\"article:published_time\" content=\"2022-04-05T13:57:44+00:00\" \/>\n<meta property=\"article:modified_time\" content=\"2022-04-05T13:57:59+00:00\" \/>\n<meta property=\"og:image\" content=\"https:\/\/lospoliticosveracruz.com\/wp-content\/uploads\/2016\/07\/Logo-Dor.jpg\" \/>\n\t<meta property=\"og:image:width\" content=\"200\" \/>\n\t<meta property=\"og:image:height\" content=\"200\" \/>\n\t<meta property=\"og:image:type\" content=\"image\/jpeg\" \/>\n<meta name=\"author\" content=\"Lo viste en Los Pol\u00edticos\" \/>\n<meta name=\"twitter:card\" content=\"summary_large_image\" \/>\n<meta name=\"twitter:creator\" content=\"@LosPoliticosVer\" \/>\n<meta name=\"twitter:site\" content=\"@LosPoliticosVer\" \/>\n<meta name=\"twitter:label1\" content=\"Escrito por\" \/>\n\t<meta name=\"twitter:data1\" content=\"Lo viste en Los Pol\u00edticos\" \/>\n\t<meta name=\"twitter:label2\" content=\"Tiempo de lectura\" \/>\n\t<meta name=\"twitter:data2\" content=\"3 minutos\" \/>\n<script type=\"application\/ld+json\" class=\"yoast-schema-graph\">{\"@context\":\"https:\\\/\\\/schema.org\",\"@graph\":[{\"@type\":\"Article\",\"@id\":\"https:\\\/\\\/lospoliticosveracruz.com\\\/?p=88214#article\",\"isPartOf\":{\"@id\":\"https:\\\/\\\/lospoliticosveracruz.com\\\/?p=88214\"},\"author\":{\"name\":\"Lo viste en Los Pol\u00edticos\",\"@id\":\"https:\\\/\\\/lospoliticosveracruz.com\\\/#\\\/schema\\\/person\\\/b8702bb0e538456e6efd07080bf2a4a2\"},\"headline\":\"El tren maya y el desarrollo del sureste mexicano\",\"datePublished\":\"2022-04-05T13:57:44+00:00\",\"dateModified\":\"2022-04-05T13:57:59+00:00\",\"mainEntityOfPage\":{\"@id\":\"https:\\\/\\\/lospoliticosveracruz.com\\\/?p=88214\"},\"wordCount\":684,\"publisher\":{\"@id\":\"https:\\\/\\\/lospoliticosveracruz.com\\\/#organization\"},\"keywords\":[\"Andr\u00e9s Manuel L\u00f3pez Obrador\",\"Morena\",\"Tren Maya\",\"Veracruz\",\"Yair Ademar Dom\u00ednguez\"],\"articleSection\":[\"De Opini\u00f3n\"],\"inLanguage\":\"es\"},{\"@type\":\"WebPage\",\"@id\":\"https:\\\/\\\/lospoliticosveracruz.com\\\/?p=88214\",\"url\":\"https:\\\/\\\/lospoliticosveracruz.com\\\/?p=88214\",\"name\":\"El tren maya y el desarrollo del sureste mexicano - Los pol\u00edticos Veracruz\",\"isPartOf\":{\"@id\":\"https:\\\/\\\/lospoliticosveracruz.com\\\/#website\"},\"datePublished\":\"2022-04-05T13:57:44+00:00\",\"dateModified\":\"2022-04-05T13:57:59+00:00\",\"breadcrumb\":{\"@id\":\"https:\\\/\\\/lospoliticosveracruz.com\\\/?p=88214#breadcrumb\"},\"inLanguage\":\"es\",\"potentialAction\":[{\"@type\":\"ReadAction\",\"target\":[\"https:\\\/\\\/lospoliticosveracruz.com\\\/?p=88214\"]}]},{\"@type\":\"BreadcrumbList\",\"@id\":\"https:\\\/\\\/lospoliticosveracruz.com\\\/?p=88214#breadcrumb\",\"itemListElement\":[{\"@type\":\"ListItem\",\"position\":1,\"name\":\"Portada\",\"item\":\"https:\\\/\\\/lospoliticosveracruz.com\\\/\"},{\"@type\":\"ListItem\",\"position\":2,\"name\":\"El tren maya y el desarrollo del sureste mexicano\"}]},{\"@type\":\"WebSite\",\"@id\":\"https:\\\/\\\/lospoliticosveracruz.com\\\/#website\",\"url\":\"https:\\\/\\\/lospoliticosveracruz.com\\\/\",\"name\":\"Los pol\u00edticos Veracruz\",\"description\":\"\",\"publisher\":{\"@id\":\"https:\\\/\\\/lospoliticosveracruz.com\\\/#organization\"},\"potentialAction\":[{\"@type\":\"SearchAction\",\"target\":{\"@type\":\"EntryPoint\",\"urlTemplate\":\"https:\\\/\\\/lospoliticosveracruz.com\\\/?s={search_term_string}\"},\"query-input\":{\"@type\":\"PropertyValueSpecification\",\"valueRequired\":true,\"valueName\":\"search_term_string\"}}],\"inLanguage\":\"es\"},{\"@type\":\"Organization\",\"@id\":\"https:\\\/\\\/lospoliticosveracruz.com\\\/#organization\",\"name\":\"Los pol\u00edticos Veracruz\",\"url\":\"https:\\\/\\\/lospoliticosveracruz.com\\\/\",\"logo\":{\"@type\":\"ImageObject\",\"inLanguage\":\"es\",\"@id\":\"https:\\\/\\\/lospoliticosveracruz.com\\\/#\\\/schema\\\/logo\\\/image\\\/\",\"url\":\"https:\\\/\\\/lospoliticosveracruz.com\\\/wp-content\\\/uploads\\\/2025\\\/12\\\/Logo-Nuevo-LOS-POLITICOS-1.jpg\",\"contentUrl\":\"https:\\\/\\\/lospoliticosveracruz.com\\\/wp-content\\\/uploads\\\/2025\\\/12\\\/Logo-Nuevo-LOS-POLITICOS-1.jpg\",\"width\":260,\"height\":70,\"caption\":\"Los pol\u00edticos Veracruz\"},\"image\":{\"@id\":\"https:\\\/\\\/lospoliticosveracruz.com\\\/#\\\/schema\\\/logo\\\/image\\\/\"},\"sameAs\":[\"https:\\\/\\\/www.facebook.com\\\/people\\\/Notimemes-de-los-Polticos\\\/61565672886568\\\/\",\"https:\\\/\\\/x.com\\\/LosPoliticosVer\"]},{\"@type\":\"Person\",\"@id\":\"https:\\\/\\\/lospoliticosveracruz.com\\\/#\\\/schema\\\/person\\\/b8702bb0e538456e6efd07080bf2a4a2\",\"name\":\"Lo viste en Los Pol\u00edticos\",\"image\":{\"@type\":\"ImageObject\",\"inLanguage\":\"es\",\"@id\":\"https:\\\/\\\/secure.gravatar.com\\\/avatar\\\/3a8de04a2656d44082be478bd6c086daa447c4651605818287b9532d3d0bd435?s=96&d=mm&r=g\",\"url\":\"https:\\\/\\\/secure.gravatar.com\\\/avatar\\\/3a8de04a2656d44082be478bd6c086daa447c4651605818287b9532d3d0bd435?s=96&d=mm&r=g\",\"contentUrl\":\"https:\\\/\\\/secure.gravatar.com\\\/avatar\\\/3a8de04a2656d44082be478bd6c086daa447c4651605818287b9532d3d0bd435?s=96&d=mm&r=g\",\"caption\":\"Lo viste en Los Pol\u00edticos\"},\"url\":\"https:\\\/\\\/lospoliticosveracruz.com\\\/?author=2\"}]}<\/script>\n<!-- \/ Yoast SEO plugin. -->","yoast_head_json":{"title":"El tren maya y el desarrollo del sureste mexicano - Los pol\u00edticos Veracruz","robots":{"index":"index","follow":"follow","max-snippet":"max-snippet:-1","max-image-preview":"max-image-preview:large","max-video-preview":"max-video-preview:-1"},"canonical":"https:\/\/lospoliticosveracruz.com\/?p=88214","og_locale":"es_ES","og_type":"article","og_title":"El tren maya y el desarrollo del sureste mexicano - Los pol\u00edticos Veracruz","og_description":"Yair Ademar Dom\u00ednguezPunto y Coma Como hijo del sureste mexicano, orgullosamente nacido en Coatzacoalcos, me interesan mucho los proyectos de desarrollo para esta regi\u00f3n del pa\u00eds, particularmente el del Corredor Trans\u00edstmico que traer\u00e1 grandes beneficios entre Salina Cruz, Oaxaca y nuestro querido Puerto M\u00e9xico. Pero tambi\u00e9n, el proyecto del Tren Maya, una obra que detonar\u00e1, [&hellip;]","og_url":"https:\/\/lospoliticosveracruz.com\/?p=88214","og_site_name":"Los pol\u00edticos Veracruz","article_publisher":"https:\/\/www.facebook.com\/people\/Notimemes-de-los-Polticos\/61565672886568\/","article_published_time":"2022-04-05T13:57:44+00:00","article_modified_time":"2022-04-05T13:57:59+00:00","og_image":[{"width":200,"height":200,"url":"https:\/\/lospoliticosveracruz.com\/wp-content\/uploads\/2016\/07\/Logo-Dor.jpg","type":"image\/jpeg"}],"author":"Lo viste en Los Pol\u00edticos","twitter_card":"summary_large_image","twitter_creator":"@LosPoliticosVer","twitter_site":"@LosPoliticosVer","twitter_misc":{"Escrito por":"Lo viste en Los Pol\u00edticos","Tiempo de lectura":"3 minutos"},"schema":{"@context":"https:\/\/schema.org","@graph":[{"@type":"Article","@id":"https:\/\/lospoliticosveracruz.com\/?p=88214#article","isPartOf":{"@id":"https:\/\/lospoliticosveracruz.com\/?p=88214"},"author":{"name":"Lo viste en Los Pol\u00edticos","@id":"https:\/\/lospoliticosveracruz.com\/#\/schema\/person\/b8702bb0e538456e6efd07080bf2a4a2"},"headline":"El tren maya y el desarrollo del sureste mexicano","datePublished":"2022-04-05T13:57:44+00:00","dateModified":"2022-04-05T13:57:59+00:00","mainEntityOfPage":{"@id":"https:\/\/lospoliticosveracruz.com\/?p=88214"},"wordCount":684,"publisher":{"@id":"https:\/\/lospoliticosveracruz.com\/#organization"},"keywords":["Andr\u00e9s Manuel L\u00f3pez Obrador","Morena","Tren Maya","Veracruz","Yair Ademar Dom\u00ednguez"],"articleSection":["De Opini\u00f3n"],"inLanguage":"es"},{"@type":"WebPage","@id":"https:\/\/lospoliticosveracruz.com\/?p=88214","url":"https:\/\/lospoliticosveracruz.com\/?p=88214","name":"El tren maya y el desarrollo del sureste mexicano - Los pol\u00edticos Veracruz","isPartOf":{"@id":"https:\/\/lospoliticosveracruz.com\/#website"},"datePublished":"2022-04-05T13:57:44+00:00","dateModified":"2022-04-05T13:57:59+00:00","breadcrumb":{"@id":"https:\/\/lospoliticosveracruz.com\/?p=88214#breadcrumb"},"inLanguage":"es","potentialAction":[{"@type":"ReadAction","target":["https:\/\/lospoliticosveracruz.com\/?p=88214"]}]},{"@type":"BreadcrumbList","@id":"https:\/\/lospoliticosveracruz.com\/?p=88214#breadcrumb","itemListElement":[{"@type":"ListItem","position":1,"name":"Portada","item":"https:\/\/lospoliticosveracruz.com\/"},{"@type":"ListItem","position":2,"name":"El tren maya y el desarrollo del sureste mexicano"}]},{"@type":"WebSite","@id":"https:\/\/lospoliticosveracruz.com\/#website","url":"https:\/\/lospoliticosveracruz.com\/","name":"Los pol\u00edticos Veracruz","description":"","publisher":{"@id":"https:\/\/lospoliticosveracruz.com\/#organization"},"potentialAction":[{"@type":"SearchAction","target":{"@type":"EntryPoint","urlTemplate":"https:\/\/lospoliticosveracruz.com\/?s={search_term_string}"},"query-input":{"@type":"PropertyValueSpecification","valueRequired":true,"valueName":"search_term_string"}}],"inLanguage":"es"},{"@type":"Organization","@id":"https:\/\/lospoliticosveracruz.com\/#organization","name":"Los pol\u00edticos Veracruz","url":"https:\/\/lospoliticosveracruz.com\/","logo":{"@type":"ImageObject","inLanguage":"es","@id":"https:\/\/lospoliticosveracruz.com\/#\/schema\/logo\/image\/","url":"https:\/\/lospoliticosveracruz.com\/wp-content\/uploads\/2025\/12\/Logo-Nuevo-LOS-POLITICOS-1.jpg","contentUrl":"https:\/\/lospoliticosveracruz.com\/wp-content\/uploads\/2025\/12\/Logo-Nuevo-LOS-POLITICOS-1.jpg","width":260,"height":70,"caption":"Los pol\u00edticos Veracruz"},"image":{"@id":"https:\/\/lospoliticosveracruz.com\/#\/schema\/logo\/image\/"},"sameAs":["https:\/\/www.facebook.com\/people\/Notimemes-de-los-Polticos\/61565672886568\/","https:\/\/x.com\/LosPoliticosVer"]},{"@type":"Person","@id":"https:\/\/lospoliticosveracruz.com\/#\/schema\/person\/b8702bb0e538456e6efd07080bf2a4a2","name":"Lo viste en Los Pol\u00edticos","image":{"@type":"ImageObject","inLanguage":"es","@id":"https:\/\/secure.gravatar.com\/avatar\/3a8de04a2656d44082be478bd6c086daa447c4651605818287b9532d3d0bd435?s=96&d=mm&r=g","url":"https:\/\/secure.gravatar.com\/avatar\/3a8de04a2656d44082be478bd6c086daa447c4651605818287b9532d3d0bd435?s=96&d=mm&r=g","contentUrl":"https:\/\/secure.gravatar.com\/avatar\/3a8de04a2656d44082be478bd6c086daa447c4651605818287b9532d3d0bd435?s=96&d=mm&r=g","caption":"Lo viste en Los Pol\u00edticos"},"url":"https:\/\/lospoliticosveracruz.com\/?author=2"}]}},"_links":{"self":[{"href":"https:\/\/lospoliticosveracruz.com\/index.php?rest_route=\/wp\/v2\/posts\/88214","targetHints":{"allow":["GET"]}}],"collection":[{"href":"https:\/\/lospoliticosveracruz.com\/index.php?rest_route=\/wp\/v2\/posts"}],"about":[{"href":"https:\/\/lospoliticosveracruz.com\/index.php?rest_route=\/wp\/v2\/types\/post"}],"author":[{"embeddable":true,"href":"https:\/\/lospoliticosveracruz.com\/index.php?rest_route=\/wp\/v2\/users\/2"}],"replies":[{"embeddable":true,"href":"https:\/\/lospoliticosveracruz.com\/index.php?rest_route=%2Fwp%2Fv2%2Fcomments&post=88214"}],"version-history":[{"count":1,"href":"https:\/\/lospoliticosveracruz.com\/index.php?rest_route=\/wp\/v2\/posts\/88214\/revisions"}],"predecessor-version":[{"id":88216,"href":"https:\/\/lospoliticosveracruz.com\/index.php?rest_route=\/wp\/v2\/posts\/88214\/revisions\/88216"}],"wp:attachment":[{"href":"https:\/\/lospoliticosveracruz.com\/index.php?rest_route=%2Fwp%2Fv2%2Fmedia&parent=88214"}],"wp:term":[{"taxonomy":"category","embeddable":true,"href":"https:\/\/lospoliticosveracruz.com\/index.php?rest_route=%2Fwp%2Fv2%2Fcategories&post=88214"},{"taxonomy":"post_tag","embeddable":true,"href":"https:\/\/lospoliticosveracruz.com\/index.php?rest_route=%2Fwp%2Fv2%2Ftags&post=88214"}],"curies":[{"name":"wp","href":"https:\/\/api.w.org\/{rel}","templated":true}]}}